{"id":3014,"date":"2024-10-31T19:43:41","date_gmt":"2024-10-31T17:43:41","guid":{"rendered":"https:\/\/propertybook.ro\/blog\/apartament-luminos-cu-2-camere-pe-bulevardul-ion-mihalache-455-mp-utili-balcon-inchis\/"},"modified":"2024-10-31T19:43:41","modified_gmt":"2024-10-31T17:43:41","slug":"apartament-luminos-cu-2-camere-pe-bulevardul-ion-mihalache-455-mp-utili-balcon-inchis","status":"publish","type":"post","link":"https:\/\/propertybook.ro\/blog\/apartament-luminos-cu-2-camere-pe-bulevardul-ion-mihalache-455-mp-utili-balcon-inchis\/","title":{"rendered":"Apartament luminos cu 2 camere pe Bulevardul Ion Mihalache \u2013 45,5 mp utili, balcon \u00eenchis!"},"content":{"rendered":"\n<!-- ngfb content-buttons begin -->\n<!-- generated on 2026-05-02T04:18:44+00:00 -->\n<div class=\"ngfb-content-buttons\">\n<div class=\"ngfb-buttons en_US\">\n<!-- Email Button --><div class=\"css-button email-button\">\n  <a href=\"mailto:?subject=Share:%20Apartament%20luminos%20cu%202%20camere%20pe%20Bulevardul%20Ion%20Mihalache%20%E2%80%93%2045%2C5%20mp%20utili%2C%20balcon%20%C3%AEnchis%21&body=Bucure%C8%99ti%2C%20Domenii%20-%20Apartament%20cu%202%20camere%20situat%20pe%20Bulevardul%20Ion%20Mihalache%2C%20av%C3%A2nd%20o%20suprafa%C8%9B%C4%83%20util%C4%83%20de%2045%2C5%20metri%20p%C4%83tra%C8%9Bi%20%C8%99i%20un%20balcon%20%C3%AEnchis%20de%205%20metri.%20Locuin%C8%9Ba%20este%20complet%20mobilat%C4%83%20%C8%99i%20utilat%C4%83%2C%20situat%C4%83%20la%20etajul%207%20%C3%AEntr-un%20bloc%20construit%20%C3%AEn%201962%2C%20oferind%20un%20spa%C8%9Biu%20confortabil%20%C8%99i%20acces%20la%20facilit%C4%83%C8%9Bi.%20O%20oportunitate%20excelent%C4%83%20pentru%20cei%20care%20caut%C4%83%20un%20c%C4%83min%20%C3%AEntr-o%20zon%C4%83%20central%C4%83.%0D%0A%0D%0AShared%20from%20https:\/\/propertybook.ro\/blog\/apartament-luminos-cu-2-camere-pe-bulevardul-ion-mihalache-455-mp-utili-balcon-inchis\/%0D%0A\">\n    <span class=\"ngfb-icon\">\n      <svg xmlns=\"http:\/\/www.w3.org\/2000\/svg\" width=\"9\" height=\"9\" viewBox=\"0 0 28 28\">\n        <path d=\"M20.11 26.147c-2.335 1.05-4.36 1.4-7.124 1.4C6.524 27.548.84 22.916.84 15.284.84 7.343 6.602.45 15.4.45c6.854 0 11.8 4.7 11.8 11.252 0 5.684-3.193 9.265-7.398 9.3-1.83 0-3.153-.934-3.347-2.997h-.077c-1.208 1.986-2.96 2.997-5.023 2.997-2.532 0-4.36-1.868-4.36-5.062 0-4.75 3.503-9.07 9.11-9.07 1.713 0 3.7.4 4.6.972l-1.17 7.203c-.387 2.298-.115 3.3 1 3.4 1.674 0 3.774-2.102 3.774-6.58 0-5.06-3.27-8.994-9.304-8.994C9.05 2.87 3.83 7.545 3.83 14.97c0 6.5 4.2 10.2 10 10.202 1.987 0 4.09-.43 5.647-1.245l.634 2.22zM16.647 10.1c-.31-.078-.7-.155-1.207-.155-2.572 0-4.596 2.53-4.596 5.53 0 1.5.7 2.4 1.9 2.4 1.44 0 2.96-1.83 3.31-4.088l.592-3.72z\" \/>\n      <\/svg>\n    <\/span>\n    <span class=\"ngfb-text\"><\/span>\n  <\/a>\n<\/div><\/div><!-- .ngfb-buttons.en_US -->\n<\/div><!-- .ngfb-content-buttons -->\n<!-- ngfb content-buttons end -->\n\n\n<!-- ngfb schema image for pinterest pin it button -->\n<div class=\"ngfb-schema-image-for-pinterest\" style=\"display:none;\">\n<img loading=\"lazy\" decoding=\"async\" src=\"https:\/\/propertybook.ro\/blog\/wp-content\/uploads\/2024\/10\/11021762.webp\" width=\"0\" height=\"0\" style=\"width:0;height:0;\" data-pin-description=\"Bucure\u0219ti, Domenii - Apartament cu 2 camere situat pe Bulevardul Ion Mihalache, av&acirc;nd o suprafa\u021b\u0103 util\u0103 de 45,5 metri p\u0103tra\u021bi \u0219i un balcon &icirc;nchis de 5 metri. Locuin\u021ba este complet mobilat\u0103 \u0219i utilat\u0103, situat\u0103 la etajul 7 &icirc;ntr-un bloc construit &icirc;n 1962, oferind un spa\u021biu confortabil \u0219i acces la...\" alt=\"\"\/>\n<\/div><!-- .ngfb-schema-image-for-pinterest -->\n\n<figure class=\"wp-block-image size-large\"><img decoding=\"async\" src=\"https:\/\/cdn.propertybook.ro\/svn_residentialist\/11021762.webp\" alt=\"\" \/><\/figure>\n<ul>\n<li><a href=\"\/bucuresti\/\">Imobiliare Bucure\u0219ti<\/a><\/li>\n<li><a href=\"\/bucuresti\/apartamente-vanzare\/\">Apartamente de vanzare Bucure\u0219ti<\/a><\/li>\n<li><a href=\"\/bucuresti\/apartamente-vanzare\/2-camere\/\">Apartamente cu 2 camere de vanzare Bucure\u0219ti<\/a><\/li>\n<li><a href=\"\/bucuresti\/apartamente-vanzare\/domenii\/2-camere\/\">Apartamente cu 2 camere de vanzare Domenii, Bucure\u0219ti<\/a><\/li>\n<\/ul>\n<p><a href=\"\/bucuresti\/imobiliare-163-11021762-vanzare-apartament-2-camere-in-sector-1-zona-1-mai\/\" class=\"pb-listing-action\">Detaliile proprietatii<\/a><\/p>\n<p><h2 class=\"wp-block-heading\">Descoper\u0103 un Apartament Ideal pe Bulevardul Ion Mihalache<\/h2>\n<p>Dac\u0103 e\u0219ti \u00een c\u0103utarea unei locuin\u021be care s\u0103 \u00eembine confortul cu un amplasament perfect, un apartament cu 2 camere situat pe Bulevardul Ion Mihalache ar putea fi alegerea ideal\u0103. Cu o suprafa\u021b\u0103 util\u0103 de 45,5 metri p\u0103tra\u021bi \u0219i un balcon \u00eenchis de 5 metri, acest apartament ofer\u0103 nu doar un spa\u021biu plin de lumin\u0103, ci \u0219i o priveli\u0219te pl\u0103cut\u0103 asupra ora\u0219ului.<\/p>\n<p>#<\/p>\n<h2 class=\"wp-block-heading\">Design \u0219i Comfort<\/h2>\n<p>Piesele de mobilier moderne \u0219i utilit\u0103\u021bile de ultim\u0103 genera\u021bie completeaz\u0103 atmosfera primitoare a locuin\u021bei. Fiecare detaliu a fost ales cu grij\u0103 pentru a crea un mediu de trai care s\u0103 r\u0103spund\u0103 nevoilor tale. Fie c\u0103 \u00ee\u021bi dore\u0219ti un loc unde s\u0103 te relaxezi dup\u0103 o zi aglomerat\u0103 sau un spa\u021biu confortabil unde s\u0103-\u021bi \u00eent\u00e2lne\u0219ti prietenii, acest apartament este dotat pentru a-i satisface pe cei mai exigen\u021bi.<\/p>\n<p>#<\/p>\n<h2 class=\"wp-block-heading\">Loca\u021bie Avantajoas\u0103<\/h2>\n<p>Loca\u021bia pe Bulevardul Ion Mihalache este una dintre cele mai c\u0103utate din ora\u0219, av\u00e2nd acces facil la transportul public \u0219i la numeroase magazine, restaurante \u0219i parcuri. Vei avea tot ce \u00ee\u021bi dore\u0219ti la doar c\u00e2\u021biva pa\u0219i distan\u021b\u0103, f\u0103c\u00e2nd astfel via\u021ba de zi cu zi mai u\u0219oar\u0103 \u0219i mai pl\u0103cut\u0103.<\/p>\n<p>#<\/p>\n<h2 class=\"wp-block-heading\">Construc\u021bie \u0219i Siguran\u021b\u0103<\/h2>\n<p>Apartamentul se afl\u0103 la etajul 7 al unui bloc construit \u00een anul 1962, ceea ce \u00ee\u021bi ofer\u0103 at\u00e2t o priveli\u0219te deosebit\u0103, c\u00e2t \u0219i un nivel de siguran\u021b\u0103. Cl\u0103direa a fost \u00eentre\u021binut\u0103 corespunz\u0103tor, iar structura sa rezistent\u0103 \u00ee\u021bi va asigura lini\u0219tea de care ai nevoie.<\/p>\n<p>#<\/p>\n<h2 class=\"wp-block-heading\">Concluzie<\/h2>\n<p>Acest apartament de pe Bulevardul Ion Mihalache reprezint\u0103 o oportunitate excelent\u0103 de a fi parte dintr-o comunitate vibrant\u0103, \u00een inima ora\u0219ului. Fie c\u0103 e\u0219ti un profesionist t\u00e2n\u0103r, o familie sau un pensionar, acest spa\u021biu este cu siguran\u021b\u0103 unul care merit\u0103 explorat. Nu rata ocazia de a viziona aceast\u0103 proprietate \u00eenc\u00e2nt\u0103toare; s-ar putea s\u0103 g\u0103se\u0219ti locul perfect pe care s\u0103-l nume\u0219ti \u201eacas\u0103\u201d!<\/p>\n<p><a href=\"\/bucuresti\/imobiliare-163-11021762-vanzare-apartament-2-camere-in-sector-1-zona-1-mai\/\" class=\"pb-listing-action\">Stabileste o vizionare<\/a><\/p>\n<ul>\n<li><a href=\"\/bucuresti\/\">Imobiliare Bucure\u0219ti<\/a><\/li>\n<li><a href=\"\/bucuresti\/apartamente-vanzare\/\">Apartamente de vanzare Bucure\u0219ti<\/a><\/li>\n<li><a href=\"\/bucuresti\/apartamente-vanzare\/2-camere\/\">Apartamente cu 2 camere de vanzare Bucure\u0219ti<\/a><\/li>\n<li><a href=\"\/bucuresti\/apartamente-vanzare\/domenii\/2-camere\/\">Apartamente cu 2 camere de vanzare Domenii, Bucure\u0219ti<\/a><\/li>\n<\/ul>\n\n<!-- ngfb content-buttons begin -->\n<!-- generated on 2026-05-02T04:18:44+00:00 -->\n<div class=\"ngfb-content-buttons\">\n<div class=\"ngfb-buttons en_US\">\n<!-- Email Button --><div class=\"css-button email-button\">\n  <a href=\"mailto:?subject=Share:%20Apartament%20luminos%20cu%202%20camere%20pe%20Bulevardul%20Ion%20Mihalache%20%E2%80%93%2045%2C5%20mp%20utili%2C%20balcon%20%C3%AEnchis%21&body=Bucure%C8%99ti%2C%20Domenii%20-%20Apartament%20cu%202%20camere%20situat%20pe%20Bulevardul%20Ion%20Mihalache%2C%20av%C3%A2nd%20o%20suprafa%C8%9B%C4%83%20util%C4%83%20de%2045%2C5%20metri%20p%C4%83tra%C8%9Bi%20%C8%99i%20un%20balcon%20%C3%AEnchis%20de%205%20metri.%20Locuin%C8%9Ba%20este%20complet%20mobilat%C4%83%20%C8%99i%20utilat%C4%83%2C%20situat%C4%83%20la%20etajul%207%20%C3%AEntr-un%20bloc%20construit%20%C3%AEn%201962%2C%20oferind%20un%20spa%C8%9Biu%20confortabil%20%C8%99i%20acces%20la%20facilit%C4%83%C8%9Bi.%20O%20oportunitate%20excelent%C4%83%20pentru%20cei%20care%20caut%C4%83%20un%20c%C4%83min%20%C3%AEntr-o%20zon%C4%83%20central%C4%83.%0D%0A%0D%0AShared%20from%20https:\/\/propertybook.ro\/blog\/apartament-luminos-cu-2-camere-pe-bulevardul-ion-mihalache-455-mp-utili-balcon-inchis\/%0D%0A\">\n    <span class=\"ngfb-icon\">\n      <svg xmlns=\"http:\/\/www.w3.org\/2000\/svg\" width=\"9\" height=\"9\" viewBox=\"0 0 28 28\">\n        <path d=\"M20.11 26.147c-2.335 1.05-4.36 1.4-7.124 1.4C6.524 27.548.84 22.916.84 15.284.84 7.343 6.602.45 15.4.45c6.854 0 11.8 4.7 11.8 11.252 0 5.684-3.193 9.265-7.398 9.3-1.83 0-3.153-.934-3.347-2.997h-.077c-1.208 1.986-2.96 2.997-5.023 2.997-2.532 0-4.36-1.868-4.36-5.062 0-4.75 3.503-9.07 9.11-9.07 1.713 0 3.7.4 4.6.972l-1.17 7.203c-.387 2.298-.115 3.3 1 3.4 1.674 0 3.774-2.102 3.774-6.58 0-5.06-3.27-8.994-9.304-8.994C9.05 2.87 3.83 7.545 3.83 14.97c0 6.5 4.2 10.2 10 10.202 1.987 0 4.09-.43 5.647-1.245l.634 2.22zM16.647 10.1c-.31-.078-.7-.155-1.207-.155-2.572 0-4.596 2.53-4.596 5.53 0 1.5.7 2.4 1.9 2.4 1.44 0 2.96-1.83 3.31-4.088l.592-3.72z\" \/>\n      <\/svg>\n    <\/span>\n    <span class=\"ngfb-text\"><\/span>\n  <\/a>\n<\/div><\/div><!-- .ngfb-buttons.en_US -->\n<\/div><!-- .ngfb-content-buttons -->\n<!-- ngfb content-buttons end -->\n\n","protected":false},"excerpt":{"rendered":"<p>Bucure\u0219ti, Domenii &#8211; Apartament cu 2 camere situat pe Bulevardul Ion Mihalache, av\u00e2nd o suprafa\u021b\u0103 util\u0103 de 45,5 metri p\u0103tra\u021bi \u0219i un balcon \u00eenchis de 5 metri. Locuin\u021ba este complet mobilat\u0103 \u0219i utilat\u0103, situat\u0103 la etajul 7 \u00eentr-un bloc construit \u00een 1962, oferind un spa\u021biu confortabil \u0219i acces la facilit\u0103\u021bi. O oportunitate excelent\u0103 pentru cei care caut\u0103 un c\u0103min \u00eentr-o zon\u0103 central\u0103.<\/p>\n","protected":false},"author":8,"featured_media":3013,"comment_status":"open","ping_status":"open","sticky":false,"template":"","format":"standard","meta":{"footnotes":""},"categories":[52,49,47],"tags":[62,214,74,89,68,259,205,70],"class_list":["post-3014","post","type-post","status-publish","format-standard","has-post-thumbnail","hentry","category-apartamente-de-vanzare-bucuresti","category-oferte-imobiliare-bucuresti","category-oferte","tag-2-camere","tag-an-const-1962","tag-balcon","tag-bucuresti","tag-decomandat","tag-domenii","tag-etaj-7-8","tag-parchet"],"_links":{"self":[{"href":"https:\/\/propertybook.ro\/blog\/wp-json\/wp\/v2\/posts\/3014","targetHints":{"allow":["GET"]}}],"collection":[{"href":"https:\/\/propertybook.ro\/blog\/wp-json\/wp\/v2\/posts"}],"about":[{"href":"https:\/\/propertybook.ro\/blog\/wp-json\/wp\/v2\/types\/post"}],"author":[{"embeddable":true,"href":"https:\/\/propertybook.ro\/blog\/wp-json\/wp\/v2\/users\/8"}],"replies":[{"embeddable":true,"href":"https:\/\/propertybook.ro\/blog\/wp-json\/wp\/v2\/comments?post=3014"}],"version-history":[{"count":0,"href":"https:\/\/propertybook.ro\/blog\/wp-json\/wp\/v2\/posts\/3014\/revisions"}],"wp:featuredmedia":[{"embeddable":true,"href":"https:\/\/propertybook.ro\/blog\/wp-json\/wp\/v2\/media\/3013"}],"wp:attachment":[{"href":"https:\/\/propertybook.ro\/blog\/wp-json\/wp\/v2\/media?parent=3014"}],"wp:term":[{"taxonomy":"category","embeddable":true,"href":"https:\/\/propertybook.ro\/blog\/wp-json\/wp\/v2\/categories?post=3014"},{"taxonomy":"post_tag","embeddable":true,"href":"https:\/\/propertybook.ro\/blog\/wp-json\/wp\/v2\/tags?post=3014"}],"curies":[{"name":"wp","href":"https:\/\/api.w.org\/{rel}","templated":true}]}}