{"id":3048,"date":"2024-11-04T13:43:30","date_gmt":"2024-11-04T11:43:30","guid":{"rendered":"https:\/\/propertybook.ro\/blog\/proprietate-impresionanta-in-zona-decebal-bucuresti-eleganta-confort-si-potential-de-investitie\/"},"modified":"2024-11-04T13:43:30","modified_gmt":"2024-11-04T11:43:30","slug":"proprietate-impresionanta-in-zona-decebal-bucuresti-eleganta-confort-si-potential-de-investitie","status":"publish","type":"post","link":"https:\/\/propertybook.ro\/blog\/proprietate-impresionanta-in-zona-decebal-bucuresti-eleganta-confort-si-potential-de-investitie\/","title":{"rendered":"Proprietate impresionant\u0103 \u00een zona Decebal, Bucure\u0219ti: Elegan\u021b\u0103, confort \u0219i poten\u021bial de investi\u021bie"},"content":{"rendered":"\n<!-- ngfb content-buttons begin -->\n<!-- generated on 2026-04-28T13:36:48+00:00 -->\n<div class=\"ngfb-content-buttons\">\n<div class=\"ngfb-buttons en_US\">\n<!-- Email Button --><div class=\"css-button email-button\">\n  <a href=\"mailto:?subject=Share:%20Proprietate%20impresionant%C4%83%20%C3%AEn%20zona%20Decebal%2C%20Bucure%C8%99ti%3A%20Elegan%C8%9B%C4%83%2C%20confort%20%C8%99i%20poten%C8%9Bial%20de%20investi%C8%9Bie&body=Bucure%C8%99ti%2C%20Centrul%20Civic%20-%20Proprietate%20impresionant%C4%83%20situat%C4%83%20%C3%AEn%20zona%20Decebal%2C%20Bucure%C8%99ti%2C%20cu%20teren%20de%20295%20mp%20%C8%99i%20313%20mp%20utili.%20Imobil%20D%2BP%2BE%2BM%2C%20cu%20garaj%20%C8%99i%20curte%20de%20184%20mp.%20Finisaje%20de%20calitate%2C%20buc%C4%83t%C4%83rie%20complet%20utilat%C4%83%2C%20feronerie%20PVC%20Rehau.%20Sistem%20de%20%C3%AEnc%C4%83lzire%20centralizat%2C%20aer%20condi%C8%9Bionat%20%C3%AEn%20fiecare%20camer%C4%83%2C%20securitate%20avansat%C4%83.%20Ideal%20pentru%20locuit%20sau%20investitie%2C%20av%C3%A2nd%20acces%20facil%20la%20restaurante%20%C8%99i%20transport.%20Ofer%C4%83%20poten%C8%9Bial%20excelent%20de%20apreciere%20a%20valorii.%0D%0A%0D%0AShared%20from%20https:\/\/propertybook.ro\/blog\/proprietate-impresionanta-in-zona-decebal-bucuresti-eleganta-confort-si-potential-de-investitie\/%0D%0A\">\n    <span class=\"ngfb-icon\">\n      <svg xmlns=\"http:\/\/www.w3.org\/2000\/svg\" width=\"9\" height=\"9\" viewBox=\"0 0 28 28\">\n        <path d=\"M20.11 26.147c-2.335 1.05-4.36 1.4-7.124 1.4C6.524 27.548.84 22.916.84 15.284.84 7.343 6.602.45 15.4.45c6.854 0 11.8 4.7 11.8 11.252 0 5.684-3.193 9.265-7.398 9.3-1.83 0-3.153-.934-3.347-2.997h-.077c-1.208 1.986-2.96 2.997-5.023 2.997-2.532 0-4.36-1.868-4.36-5.062 0-4.75 3.503-9.07 9.11-9.07 1.713 0 3.7.4 4.6.972l-1.17 7.203c-.387 2.298-.115 3.3 1 3.4 1.674 0 3.774-2.102 3.774-6.58 0-5.06-3.27-8.994-9.304-8.994C9.05 2.87 3.83 7.545 3.83 14.97c0 6.5 4.2 10.2 10 10.202 1.987 0 4.09-.43 5.647-1.245l.634 2.22zM16.647 10.1c-.31-.078-.7-.155-1.207-.155-2.572 0-4.596 2.53-4.596 5.53 0 1.5.7 2.4 1.9 2.4 1.44 0 2.96-1.83 3.31-4.088l.592-3.72z\" \/>\n      <\/svg>\n    <\/span>\n    <span class=\"ngfb-text\"><\/span>\n  <\/a>\n<\/div><\/div><!-- .ngfb-buttons.en_US -->\n<\/div><!-- .ngfb-content-buttons -->\n<!-- ngfb content-buttons end -->\n\n\n<!-- ngfb schema image for pinterest pin it button -->\n<div class=\"ngfb-schema-image-for-pinterest\" style=\"display:none;\">\n<img loading=\"lazy\" decoding=\"async\" src=\"https:\/\/propertybook.ro\/blog\/wp-content\/uploads\/2024\/11\/22004387.webp\" width=\"0\" height=\"0\" style=\"width:0;height:0;\" data-pin-description=\"Bucure\u0219ti, Centrul Civic - Proprietate impresionant\u0103 situat\u0103 &icirc;n zona Decebal, Bucure\u0219ti, cu teren de 295 mp \u0219i 313 mp utili. Imobil D+P+E+M, cu garaj \u0219i curte de 184 mp. Finisaje de calitate, buc\u0103t\u0103rie complet utilat\u0103, feronerie PVC Rehau. Sistem de &icirc;nc\u0103lzire centralizat, aer condi\u021bionat &icirc;n...\" alt=\"\"\/>\n<\/div><!-- .ngfb-schema-image-for-pinterest -->\n\n<figure class=\"wp-block-image size-large\"><img decoding=\"async\" src=\"https:\/\/cdn.propertybook.ro\/svn_residentialist\/22004387.webp\" alt=\"\" \/><\/figure>\n<ul>\n<li><a href=\"\/bucuresti\/\">Imobiliare Bucure\u0219ti<\/a><\/li>\n<li><a href=\"\/bucuresti\/case-vanzare\/\">Case de vanzare Bucure\u0219ti<\/a><\/li>\n<li><a href=\"\/bucuresti\/case-vanzare\/5-camere\/\">Case cu 5 camere de vanzare Bucure\u0219ti<\/a><\/li>\n<li><a href=\"\/bucuresti\/case-vanzare\/centrul_civic\/5-camere\/\">Case cu 5 camere de vanzare Centrul Civic, Bucure\u0219ti<\/a><\/li>\n<\/ul>\n<p><a href=\"\/bucuresti\/imobiliare-163-22004387-vanzare-casa-5-camere-in-sector-3-zona-decebal\/\" class=\"pb-listing-action\">Detaliile proprietatii<\/a><\/p>\n<p><h2 class=\"wp-block-heading\">Descoper\u0103 proprietatea ideal\u0103 \u00een zona Decebal, Bucure\u0219ti<\/h2>\n<p>Dac\u0103 e\u0219ti \u00een c\u0103utarea unei locuin\u021be care combin\u0103 elegan\u021ba, spa\u021biul \u0219i confortul, o proprietate situat\u0103 \u00een prestigioasa zon\u0103 Decebal din Bucure\u0219ti ar putea fi exact ceea ce \u00ee\u021bi dore\u0219ti. Aceast\u0103 vil\u0103 impresionant\u0103 se desf\u0103\u0219oar\u0103 pe o suprafa\u021b\u0103 total\u0103 de 313 mp utili, fiind construit\u0103 pe un teren de 295 mp, \u0219i ofer\u0103 un mediu primitor \u0219i modern pentru \u00eentreaga familie.<\/p>\n<p>#<\/p>\n<h2 class=\"wp-block-heading\">Detalii despre proprietate<\/h2>\n<p>Imobilul se prezint\u0103 pe un regim de \u00een\u0103l\u021bime D+P+E+M, ceea ce \u00eei confer\u0103 un aspect atractiv \u0219i func\u021bional. \u00cen plus, exist\u0103 un al doilea corp individual \u00een aceea\u0219i curte, care include o anex\u0103 \u0219i un garaj, sporind astfel posibilit\u0103\u021bile de utilizare a spa\u021biului. Curtea de 184 mp este perfect\u0103 pentru momente de relaxare sau activit\u0103\u021bi \u00een aer liber, fiind \u00eengrijit\u0103 \u0219i dotat\u0103 cu spa\u021bii verzi care invit\u0103 la petrecerea timpului \u00een natur\u0103.<\/p>\n<p>#<\/p>\n<h2 class=\"wp-block-heading\">Finisaje de calitate \u0219i dot\u0103ri moderne<\/h2>\n<p>Interiorul acestei locuin\u021be a fost conceput cu aten\u021bie la detalii, la standarde \u00eenalte. U\u0219ile de interior din lemn stratificat de stejar \u0219i pardoseala din parchet masiv din aceea\u0219i esen\u021b\u0103 aduc un aer cald \u0219i sofisticat fiec\u0103rei camere. Buc\u0103t\u0103ria, situat\u0103 la demisol, este complet utilat\u0103, oferind un spa\u021biu modern \u0219i func\u021bional ideal pentru pasiona\u021bii de g\u0103tit.<\/p>\n<p>Feroneria este de asemenea la cele mai bune standarde: feronerie PVC Rehau \u0219i termopane LowE asigur\u0103 o lumin\u0103 natural\u0103 abundent\u0103 care l\u0103rge\u0219te vizual spa\u021biile, cre\u00e2nd un ambient pl\u0103cut \u0219i primitor. De asemenea, sistemul de \u00eenc\u0103lzire centralizat pe gaz, de 55KW, asigur\u0103 confort termic \u00een timpul sezonului rece, iar unit\u0103\u021bile de aer condi\u021bionat din fiecare camer\u0103 garanteaz\u0103 r\u0103coare \u00een zilele toride de var\u0103.<\/p>\n<p>#<\/p>\n<h2 class=\"wp-block-heading\">Siguran\u021b\u0103 \u0219i confort<\/h2>\n<p>Proprietatea este dotat\u0103 cu un garaj cu u\u0219\u0103 ac\u021bionat\u0103 electric, facilit\u00e2nd accesul \u0219i oferind siguran\u021b\u0103. Pentru confortul locatarilor, sunt disponibile \u0219i locuri de parcare suplimentare. De asemenea, sistemul de securitate cu alarm\u0103 adaug\u0103 un plus de lini\u0219te \u0219i siguran\u021b\u0103, omogeniz\u00e2ndu-se cu celelalte dot\u0103ri moderne ale imobilului.<\/p>\n<p>#<\/p>\n<h2 class=\"wp-block-heading\">O oportunitate excelent\u0103<\/h2>\n<p>Aceast\u0103 proprietate nu este doar o cas\u0103; reprezint\u0103 o oportunitate excelent\u0103 de investi\u021bie. Situat\u0103 \u00een zona Decebal, aceasta se bucur\u0103 de un acces facil la o multitudine de restaurante, cafenele, centre comerciale \u0219i facilit\u0103\u021bi de transport, ceea ce o face ideal\u0103 at\u00e2t pentru locuit, c\u00e2t \u0219i pentru \u00eenchiriere. <\/p>\n<p>\u00cen concluzie, dac\u0103 e\u0219ti \u00een c\u0103utarea unui loc unde elegan\u021ba \u0219i confortul se \u00eent\u00e2lnesc, aceast\u0103 proprietate din zona Decebal este cu siguran\u021b\u0103 o op\u021biune de luat \u00een considerare. Nu rata ocazia de a programa o vizionare \u0219i de a explora tot ce are de oferit aceast\u0103 vil\u0103 unic\u0103!<\/p>\n<p><a href=\"\/bucuresti\/imobiliare-163-22004387-vanzare-casa-5-camere-in-sector-3-zona-decebal\/\" class=\"pb-listing-action\">Stabileste o vizionare<\/a><\/p>\n<ul>\n<li><a href=\"\/bucuresti\/\">Imobiliare Bucure\u0219ti<\/a><\/li>\n<li><a href=\"\/bucuresti\/case-vanzare\/\">Case de vanzare Bucure\u0219ti<\/a><\/li>\n<li><a href=\"\/bucuresti\/case-vanzare\/5-camere\/\">Case cu 5 camere de vanzare Bucure\u0219ti<\/a><\/li>\n<li><a href=\"\/bucuresti\/case-vanzare\/centrul_civic\/5-camere\/\">Case cu 5 camere de vanzare Centrul Civic, Bucure\u0219ti<\/a><\/li>\n<\/ul>\n\n<!-- ngfb content-buttons begin -->\n<!-- generated on 2026-04-28T13:36:48+00:00 -->\n<div class=\"ngfb-content-buttons\">\n<div class=\"ngfb-buttons en_US\">\n<!-- Email Button --><div class=\"css-button email-button\">\n  <a href=\"mailto:?subject=Share:%20Proprietate%20impresionant%C4%83%20%C3%AEn%20zona%20Decebal%2C%20Bucure%C8%99ti%3A%20Elegan%C8%9B%C4%83%2C%20confort%20%C8%99i%20poten%C8%9Bial%20de%20investi%C8%9Bie&body=Bucure%C8%99ti%2C%20Centrul%20Civic%20-%20Proprietate%20impresionant%C4%83%20situat%C4%83%20%C3%AEn%20zona%20Decebal%2C%20Bucure%C8%99ti%2C%20cu%20teren%20de%20295%20mp%20%C8%99i%20313%20mp%20utili.%20Imobil%20D%2BP%2BE%2BM%2C%20cu%20garaj%20%C8%99i%20curte%20de%20184%20mp.%20Finisaje%20de%20calitate%2C%20buc%C4%83t%C4%83rie%20complet%20utilat%C4%83%2C%20feronerie%20PVC%20Rehau.%20Sistem%20de%20%C3%AEnc%C4%83lzire%20centralizat%2C%20aer%20condi%C8%9Bionat%20%C3%AEn%20fiecare%20camer%C4%83%2C%20securitate%20avansat%C4%83.%20Ideal%20pentru%20locuit%20sau%20investitie%2C%20av%C3%A2nd%20acces%20facil%20la%20restaurante%20%C8%99i%20transport.%20Ofer%C4%83%20poten%C8%9Bial%20excelent%20de%20apreciere%20a%20valorii.%0D%0A%0D%0AShared%20from%20https:\/\/propertybook.ro\/blog\/proprietate-impresionanta-in-zona-decebal-bucuresti-eleganta-confort-si-potential-de-investitie\/%0D%0A\">\n    <span class=\"ngfb-icon\">\n      <svg xmlns=\"http:\/\/www.w3.org\/2000\/svg\" width=\"9\" height=\"9\" viewBox=\"0 0 28 28\">\n        <path d=\"M20.11 26.147c-2.335 1.05-4.36 1.4-7.124 1.4C6.524 27.548.84 22.916.84 15.284.84 7.343 6.602.45 15.4.45c6.854 0 11.8 4.7 11.8 11.252 0 5.684-3.193 9.265-7.398 9.3-1.83 0-3.153-.934-3.347-2.997h-.077c-1.208 1.986-2.96 2.997-5.023 2.997-2.532 0-4.36-1.868-4.36-5.062 0-4.75 3.503-9.07 9.11-9.07 1.713 0 3.7.4 4.6.972l-1.17 7.203c-.387 2.298-.115 3.3 1 3.4 1.674 0 3.774-2.102 3.774-6.58 0-5.06-3.27-8.994-9.304-8.994C9.05 2.87 3.83 7.545 3.83 14.97c0 6.5 4.2 10.2 10 10.202 1.987 0 4.09-.43 5.647-1.245l.634 2.22zM16.647 10.1c-.31-.078-.7-.155-1.207-.155-2.572 0-4.596 2.53-4.596 5.53 0 1.5.7 2.4 1.9 2.4 1.44 0 2.96-1.83 3.31-4.088l.592-3.72z\" \/>\n      <\/svg>\n    <\/span>\n    <span class=\"ngfb-text\"><\/span>\n  <\/a>\n<\/div><\/div><!-- .ngfb-buttons.en_US -->\n<\/div><!-- .ngfb-content-buttons -->\n<!-- ngfb content-buttons end -->\n\n","protected":false},"excerpt":{"rendered":"<p>Bucure\u0219ti, Centrul Civic &#8211; Proprietate impresionant\u0103 situat\u0103 \u00een zona Decebal, Bucure\u0219ti, cu teren de 295 mp \u0219i 313 mp utili. Imobil D+P+E+M, cu garaj \u0219i curte de 184 mp. Finisaje de calitate, buc\u0103t\u0103rie complet utilat\u0103, feronerie PVC Rehau. Sistem de \u00eenc\u0103lzire centralizat, aer condi\u021bionat \u00een fiecare camer\u0103, securitate avansat\u0103. Ideal pentru locuit sau investitie, av\u00e2nd acces facil la restaurante \u0219i transport. Ofer\u0103 poten\u021bial excelent de apreciere a valorii.<\/p>\n","protected":false},"author":8,"featured_media":3047,"comment_status":"open","ping_status":"open","sticky":false,"template":"","format":"standard","meta":{"footnotes":""},"categories":[49,53,47],"tags":[142,198,89,90,70,85],"class_list":["post-3048","post","type-post","status-publish","format-standard","has-post-thumbnail","hentry","category-oferte-imobiliare-bucuresti","category-case-de-vanzare-bucuresti","category-oferte","tag-5-camere","tag-an-const-1940","tag-bucuresti","tag-centrul-civic","tag-parchet","tag-termopane"],"_links":{"self":[{"href":"https:\/\/propertybook.ro\/blog\/wp-json\/wp\/v2\/posts\/3048","targetHints":{"allow":["GET"]}}],"collection":[{"href":"https:\/\/propertybook.ro\/blog\/wp-json\/wp\/v2\/posts"}],"about":[{"href":"https:\/\/propertybook.ro\/blog\/wp-json\/wp\/v2\/types\/post"}],"author":[{"embeddable":true,"href":"https:\/\/propertybook.ro\/blog\/wp-json\/wp\/v2\/users\/8"}],"replies":[{"embeddable":true,"href":"https:\/\/propertybook.ro\/blog\/wp-json\/wp\/v2\/comments?post=3048"}],"version-history":[{"count":0,"href":"https:\/\/propertybook.ro\/blog\/wp-json\/wp\/v2\/posts\/3048\/revisions"}],"wp:featuredmedia":[{"embeddable":true,"href":"https:\/\/propertybook.ro\/blog\/wp-json\/wp\/v2\/media\/3047"}],"wp:attachment":[{"href":"https:\/\/propertybook.ro\/blog\/wp-json\/wp\/v2\/media?parent=3048"}],"wp:term":[{"taxonomy":"category","embeddable":true,"href":"https:\/\/propertybook.ro\/blog\/wp-json\/wp\/v2\/categories?post=3048"},{"taxonomy":"post_tag","embeddable":true,"href":"https:\/\/propertybook.ro\/blog\/wp-json\/wp\/v2\/tags?post=3048"}],"curies":[{"name":"wp","href":"https:\/\/api.w.org\/{rel}","templated":true}]}}