{"id":3226,"date":"2024-11-14T17:43:47","date_gmt":"2024-11-14T15:43:47","guid":{"rendered":"https:\/\/propertybook.ro\/blog\/vila-cu-farmec-istoric-in-cartierul-tineretului-spatiu-versatil-si-amplasare-excelenta\/"},"modified":"2024-11-14T17:43:47","modified_gmt":"2024-11-14T15:43:47","slug":"vila-cu-farmec-istoric-in-cartierul-tineretului-spatiu-versatil-si-amplasare-excelenta","status":"publish","type":"post","link":"https:\/\/propertybook.ro\/blog\/vila-cu-farmec-istoric-in-cartierul-tineretului-spatiu-versatil-si-amplasare-excelenta\/","title":{"rendered":"Vila cu Farmec Istoric \u00een Cartierul Tineretului \u2013 Spa\u021biu Versatil \u0219i Amplasare Excelent\u0103"},"content":{"rendered":"\n<!-- ngfb content-buttons begin -->\n<!-- generated on 2026-04-30T12:19:06+00:00 -->\n<div class=\"ngfb-content-buttons\">\n<div class=\"ngfb-buttons en_US\">\n<!-- Email Button --><div class=\"css-button email-button\">\n  <a href=\"mailto:?subject=Share:%20Vila%20cu%20Farmec%20Istoric%20%C3%AEn%20Cartierul%20Tineretului%20%E2%80%93%20Spa%C8%9Biu%20Versatil%20%C8%99i%20Amplasare%20Excelent%C4%83&body=Bucure%C8%99ti%20-%20Vila%20cu%20farmec%20istoric%2C%20situat%C4%83%20%C3%AEn%20cartierul%20Tineretului%2C%20ofer%C4%83%204%20camere%20luminoase%2C%20un%20demisol%20%C8%99i%20parter%20%C3%AEnalt%2C%20av%C3%A2nd%20o%20suprafa%C8%9B%C4%83%20util%C4%83%20de%20100%20mp%20%C8%99i%20teren%20de%20100%20mp.%20Beneficiaz%C4%83%20de%20o%20central%C4%83%20termic%C4%83%20proprie%20%C8%99i%20un%20front%20stradal%20de%2012%20metri.%20Proximitatea%20fa%C8%9B%C4%83%20de%20metrou%20%C8%99i%20parc%2C%20al%C4%83turi%20de%20versatilitatea%20utiliz%C4%83rii%2C%20o%20fac%20ideal%C4%83%20pentru%20birouri%20sau%20locuin%C8%9Be.%0D%0A%0D%0AShared%20from%20https:\/\/propertybook.ro\/blog\/vila-cu-farmec-istoric-in-cartierul-tineretului-spatiu-versatil-si-amplasare-excelenta\/%0D%0A\">\n    <span class=\"ngfb-icon\">\n      <svg xmlns=\"http:\/\/www.w3.org\/2000\/svg\" width=\"9\" height=\"9\" viewBox=\"0 0 28 28\">\n        <path d=\"M20.11 26.147c-2.335 1.05-4.36 1.4-7.124 1.4C6.524 27.548.84 22.916.84 15.284.84 7.343 6.602.45 15.4.45c6.854 0 11.8 4.7 11.8 11.252 0 5.684-3.193 9.265-7.398 9.3-1.83 0-3.153-.934-3.347-2.997h-.077c-1.208 1.986-2.96 2.997-5.023 2.997-2.532 0-4.36-1.868-4.36-5.062 0-4.75 3.503-9.07 9.11-9.07 1.713 0 3.7.4 4.6.972l-1.17 7.203c-.387 2.298-.115 3.3 1 3.4 1.674 0 3.774-2.102 3.774-6.58 0-5.06-3.27-8.994-9.304-8.994C9.05 2.87 3.83 7.545 3.83 14.97c0 6.5 4.2 10.2 10 10.202 1.987 0 4.09-.43 5.647-1.245l.634 2.22zM16.647 10.1c-.31-.078-.7-.155-1.207-.155-2.572 0-4.596 2.53-4.596 5.53 0 1.5.7 2.4 1.9 2.4 1.44 0 2.96-1.83 3.31-4.088l.592-3.72z\" \/>\n      <\/svg>\n    <\/span>\n    <span class=\"ngfb-text\"><\/span>\n  <\/a>\n<\/div><\/div><!-- .ngfb-buttons.en_US -->\n<\/div><!-- .ngfb-content-buttons -->\n<!-- ngfb content-buttons end -->\n\n\n<!-- ngfb schema image for pinterest pin it button -->\n<div class=\"ngfb-schema-image-for-pinterest\" style=\"display:none;\">\n<img loading=\"lazy\" decoding=\"async\" src=\"https:\/\/propertybook.ro\/blog\/wp-content\/uploads\/2024\/11\/22004436.webp\" width=\"0\" height=\"0\" style=\"width:0;height:0;\" data-pin-description=\"Bucure\u0219ti - Vila cu farmec istoric, situat\u0103 &icirc;n cartierul Tineretului, ofer\u0103 4 camere luminoase, un demisol \u0219i parter &icirc;nalt, av&acirc;nd o suprafa\u021b\u0103 util\u0103 de 100 mp \u0219i teren de 100 mp. Beneficiaz\u0103 de o central\u0103 termic\u0103 proprie \u0219i un front stradal de 12 metri. Proximitatea fa\u021b\u0103 de metrou \u0219i parc...\" alt=\"\"\/>\n<\/div><!-- .ngfb-schema-image-for-pinterest -->\n\n<figure class=\"wp-block-image size-large\"><img decoding=\"async\" src=\"https:\/\/cdn.propertybook.ro\/svn_residentialist\/22004436.webp\" alt=\"\" \/><\/figure>\n<ul>\n<li><a href=\"\/bucuresti\/\">Imobiliare Bucure\u0219ti<\/a><\/li>\n<li><a href=\"\/bucuresti\/case-vanzare\/4-camere\/\">Case cu 4 camere de vanzare Bucure\u0219ti<\/a><\/li>\n<\/ul>\n<p><a href=\"\/bucuresti\/imobiliare-163-22004436-de-vanzare-casa-4-camere-in-sector-4-zona-tineretului\/\" class=\"pb-listing-action\">Detaliile proprietatii<\/a><\/p>\n<p><h2 class=\"wp-block-heading\">Descoper\u0103 Farmecul Istoric al Vilei din Cartierul Tineretului<\/h2>\n<p>\u00cen inima Bucure\u0219tiului, \u00een zona linistit\u0103 a cartierului Tineretului, se afl\u0103 o vil\u0103 ce eman\u0103 o atmosfer\u0103 istoric\u0103 \u0219i totodat\u0103 modern\u0103. Beneficiind de o amplasare excelent\u0103, aceast\u0103 proprietate atr\u0103g\u0103toare reprezint\u0103 o oportunitate unic\u0103 at\u00e2t pentru cei care caut\u0103 un c\u0103min de vis, c\u00e2t \u0219i pentru cei interesa\u021bi de un spa\u021biu de birou adaptabil \u0219i func\u021bional.<\/p>\n<p>#<\/p>\n<h2 class=\"wp-block-heading\">Loca\u021bie Ideal\u0103<\/h2>\n<p>Situat\u0103 pe o strad\u0103 lini\u0219tit\u0103, vila ofer\u0103 acces rapid la sta\u021bia de metrou Tineretului \u0219i la Parcul Tineretului, ceea ce o face perfect\u0103 pentru a beneficia de toate avantajele vie\u021bii urbane. Proximitatea fa\u021b\u0103 de Bulevardul Dimitrie Cantemir ofer\u0103 un plus de comoditate, fiind aproape de zone comerciale, restaurante \u0219i unit\u0103\u021bi de \u00eenv\u0103\u021b\u0103m\u00e2nt, activit\u0103\u021bi care \u00eembog\u0103\u021besc via\u021ba cotidian\u0103.<\/p>\n<p>#<\/p>\n<h2 class=\"wp-block-heading\">Detalii Ale Propriet\u0103\u021bii<\/h2>\n<p>Vila dispune de o compartimentare eficient\u0103, format\u0103 din demisol \u0219i parter \u00eenalt, cu un total de 4 camere luminoase. Suprafa\u021ba util\u0103 de 100 mp este optim \u00eemp\u0103r\u021bit\u0103, oferind maxim de func\u021bionalitate pentru diverse utiliz\u0103ri. \u00cen plus, anexa utilizat\u0103 \u00een prezent ca sal\u0103 de \u00eent\u00e2lniri deschide posibilit\u0103\u021bi pentru crearea unui spa\u021biu colaborativ, ideal pentru \u00eent\u00e2lniri de afaceri sau brainstorming-uri creative.<\/p>\n<p>Pe l\u00e2ng\u0103 interiorul primitor, se consider\u0103 un avantaj \u0219i suprafa\u021ba de teren de 100 mp, care este \u00eemprejmuit\u0103, permi\u021b\u00e2nd amenajarea unui spa\u021biu verde privat, perfect pentru reducerea stresului din via\u021ba cotidian\u0103 sau pentru extindere, \u00een func\u021bie de nevoile viitorului proprietar.<\/p>\n<p>#<\/p>\n<h2 class=\"wp-block-heading\">Facilit\u0103\u021bi \u0219i Confort<\/h2>\n<p>Vila este dotat\u0103 cu o central\u0103 termic\u0103 proprie, asigur\u00e2nd eficien\u021b\u0103 \u0219i confort termic pe tot parcursul anului. Astfel, locatarii vor beneficia de condi\u021bii optime indiferent de anotimp.<\/p>\n<p>#<\/p>\n<h2 class=\"wp-block-heading\">Versatilitate \u0219i Poten\u021bial<\/h2>\n<p>Aceast\u0103 proprietate unic\u0103 ofer\u0103 posibilit\u0103\u021bi variate de utilizare. Fie ca optezi pentru un spa\u021biu de birou elegant, unde creativitatea \u0219i productivitatea sunt \u00eencurajate, fie ca alegi s\u0103 transformi vila \u00eentr-un c\u0103min cald \u0219i primitor, aceast\u0103 vil\u0103 promite s\u0103 fie un loc unde visele devin realitate.<\/p>\n<p>#<\/p>\n<h2 class=\"wp-block-heading\">O Oportunitate Unic\u0103<\/h2>\n<p>Dac\u0103 e\u0219ti \u00een c\u0103utarea unui imobil care combin\u0103 elegan\u021ba arhitecturii postbelice cu avantajele unei loca\u021bii centrale \u0219i versatile, aceast\u0103 vil\u0103 din Cartierul Tineretului merit\u0103 toat\u0103 aten\u021bia ta. Detaliile \u0219i caracteristicile acestei propriet\u0103\u021bi sunt cu adev\u0103rat atr\u0103g\u0103toare, iar oportunitatea de a o viziona este un pas esen\u021bial pentru a descoperi toate aspectele sale remarcabile.<\/p>\n<p>\u00cen concluzie, indiferent de scopul utiliz\u0103rii, aceast\u0103 vil\u0103 este un exemplu de rafinament \u0219i func\u021bionalitate. Nu rata ocazia de a experimenta farmecul s\u0103u istoric \u0219i poten\u021bialul nelimitat pe care \u00eel ofer\u0103!<\/p>\n<p><a href=\"\/bucuresti\/imobiliare-163-22004436-de-vanzare-casa-4-camere-in-sector-4-zona-tineretului\/\" class=\"pb-listing-action\">Stabileste o vizionare<\/a><\/p>\n<ul>\n<li><a href=\"\/bucuresti\/\">Imobiliare Bucure\u0219ti<\/a><\/li>\n<li><a href=\"\/bucuresti\/case-vanzare\/4-camere\/\">Case cu 4 camere de vanzare Bucure\u0219ti<\/a><\/li>\n<\/ul>\n\n<!-- ngfb content-buttons begin -->\n<!-- generated on 2026-04-30T12:19:06+00:00 -->\n<div class=\"ngfb-content-buttons\">\n<div class=\"ngfb-buttons en_US\">\n<!-- Email Button --><div class=\"css-button email-button\">\n  <a href=\"mailto:?subject=Share:%20Vila%20cu%20Farmec%20Istoric%20%C3%AEn%20Cartierul%20Tineretului%20%E2%80%93%20Spa%C8%9Biu%20Versatil%20%C8%99i%20Amplasare%20Excelent%C4%83&body=Bucure%C8%99ti%20-%20Vila%20cu%20farmec%20istoric%2C%20situat%C4%83%20%C3%AEn%20cartierul%20Tineretului%2C%20ofer%C4%83%204%20camere%20luminoase%2C%20un%20demisol%20%C8%99i%20parter%20%C3%AEnalt%2C%20av%C3%A2nd%20o%20suprafa%C8%9B%C4%83%20util%C4%83%20de%20100%20mp%20%C8%99i%20teren%20de%20100%20mp.%20Beneficiaz%C4%83%20de%20o%20central%C4%83%20termic%C4%83%20proprie%20%C8%99i%20un%20front%20stradal%20de%2012%20metri.%20Proximitatea%20fa%C8%9B%C4%83%20de%20metrou%20%C8%99i%20parc%2C%20al%C4%83turi%20de%20versatilitatea%20utiliz%C4%83rii%2C%20o%20fac%20ideal%C4%83%20pentru%20birouri%20sau%20locuin%C8%9Be.%0D%0A%0D%0AShared%20from%20https:\/\/propertybook.ro\/blog\/vila-cu-farmec-istoric-in-cartierul-tineretului-spatiu-versatil-si-amplasare-excelenta\/%0D%0A\">\n    <span class=\"ngfb-icon\">\n      <svg xmlns=\"http:\/\/www.w3.org\/2000\/svg\" width=\"9\" height=\"9\" viewBox=\"0 0 28 28\">\n        <path d=\"M20.11 26.147c-2.335 1.05-4.36 1.4-7.124 1.4C6.524 27.548.84 22.916.84 15.284.84 7.343 6.602.45 15.4.45c6.854 0 11.8 4.7 11.8 11.252 0 5.684-3.193 9.265-7.398 9.3-1.83 0-3.153-.934-3.347-2.997h-.077c-1.208 1.986-2.96 2.997-5.023 2.997-2.532 0-4.36-1.868-4.36-5.062 0-4.75 3.503-9.07 9.11-9.07 1.713 0 3.7.4 4.6.972l-1.17 7.203c-.387 2.298-.115 3.3 1 3.4 1.674 0 3.774-2.102 3.774-6.58 0-5.06-3.27-8.994-9.304-8.994C9.05 2.87 3.83 7.545 3.83 14.97c0 6.5 4.2 10.2 10 10.202 1.987 0 4.09-.43 5.647-1.245l.634 2.22zM16.647 10.1c-.31-.078-.7-.155-1.207-.155-2.572 0-4.596 2.53-4.596 5.53 0 1.5.7 2.4 1.9 2.4 1.44 0 2.96-1.83 3.31-4.088l.592-3.72z\" \/>\n      <\/svg>\n    <\/span>\n    <span class=\"ngfb-text\"><\/span>\n  <\/a>\n<\/div><\/div><!-- .ngfb-buttons.en_US -->\n<\/div><!-- .ngfb-content-buttons -->\n<!-- ngfb content-buttons end -->\n\n","protected":false},"excerpt":{"rendered":"<p>Bucure\u0219ti &#8211; Vila cu farmec istoric, situat\u0103 \u00een cartierul Tineretului, ofer\u0103 4 camere luminoase, un demisol \u0219i parter \u00eenalt, av\u00e2nd o suprafa\u021b\u0103 util\u0103 de 100 mp \u0219i teren de 100 mp. Beneficiaz\u0103 de o central\u0103 termic\u0103 proprie \u0219i un front stradal de 12 metri. Proximitatea fa\u021b\u0103 de metrou \u0219i parc, al\u0103turi de versatilitatea utiliz\u0103rii, o fac ideal\u0103 pentru birouri sau locuin\u021be.<\/p>\n","protected":false},"author":8,"featured_media":3225,"comment_status":"open","ping_status":"open","sticky":false,"template":"","format":"standard","meta":{"footnotes":""},"categories":[49,53,47],"tags":[93,293,89,70,85],"class_list":["post-3226","post","type-post","status-publish","format-standard","has-post-thumbnail","hentry","category-oferte-imobiliare-bucuresti","category-case-de-vanzare-bucuresti","category-oferte","tag-4-camere","tag-an-const-1949","tag-bucuresti","tag-parchet","tag-termopane"],"_links":{"self":[{"href":"https:\/\/propertybook.ro\/blog\/wp-json\/wp\/v2\/posts\/3226","targetHints":{"allow":["GET"]}}],"collection":[{"href":"https:\/\/propertybook.ro\/blog\/wp-json\/wp\/v2\/posts"}],"about":[{"href":"https:\/\/propertybook.ro\/blog\/wp-json\/wp\/v2\/types\/post"}],"author":[{"embeddable":true,"href":"https:\/\/propertybook.ro\/blog\/wp-json\/wp\/v2\/users\/8"}],"replies":[{"embeddable":true,"href":"https:\/\/propertybook.ro\/blog\/wp-json\/wp\/v2\/comments?post=3226"}],"version-history":[{"count":0,"href":"https:\/\/propertybook.ro\/blog\/wp-json\/wp\/v2\/posts\/3226\/revisions"}],"wp:featuredmedia":[{"embeddable":true,"href":"https:\/\/propertybook.ro\/blog\/wp-json\/wp\/v2\/media\/3225"}],"wp:attachment":[{"href":"https:\/\/propertybook.ro\/blog\/wp-json\/wp\/v2\/media?parent=3226"}],"wp:term":[{"taxonomy":"category","embeddable":true,"href":"https:\/\/propertybook.ro\/blog\/wp-json\/wp\/v2\/categories?post=3226"},{"taxonomy":"post_tag","embeddable":true,"href":"https:\/\/propertybook.ro\/blog\/wp-json\/wp\/v2\/tags?post=3226"}],"curies":[{"name":"wp","href":"https:\/\/api.w.org\/{rel}","templated":true}]}}