{"id":3652,"date":"2024-12-20T13:43:15","date_gmt":"2024-12-20T11:43:15","guid":{"rendered":"https:\/\/propertybook.ro\/blog\/apartament-cu-1-camera-in-cartier-manastur-etaj-3-complet-mobilat-si-utilat\/"},"modified":"2024-12-20T13:43:15","modified_gmt":"2024-12-20T11:43:15","slug":"apartament-cu-1-camera-in-cartier-manastur-etaj-3-complet-mobilat-si-utilat","status":"publish","type":"post","link":"https:\/\/propertybook.ro\/blog\/apartament-cu-1-camera-in-cartier-manastur-etaj-3-complet-mobilat-si-utilat\/","title":{"rendered":"Apartament cu 1 camer\u0103 \u00een Cartier M\u0103n\u0103\u015ftur, etaj 3, complet mobilat \u0219i utilat!"},"content":{"rendered":"\n<!-- ngfb content-buttons begin -->\n<!-- generated on 2026-04-25T13:32:07+00:00 -->\n<div class=\"ngfb-content-buttons\">\n<div class=\"ngfb-buttons en_US\">\n<!-- Email Button --><div class=\"css-button email-button\">\n  <a href=\"mailto:?subject=Share:%20Apartament%20cu%201%20camer%C4%83%20%C3%AEn%20Cartier%20M%C4%83n%C4%83%C5%9Ftur%2C%20etaj%203%2C%20complet%20mobilat%20%C8%99i%20utilat%21&body=Cluj-Napoca%2C%20M%C4%83n%C4%83%C8%99tur%20-%20Apartament%20cu%201%20camer%C4%83%20%C3%AEn%20Cartierul%20M%C4%83n%C4%83%C5%9Ftur%2C%20situat%20la%20etajul%203%20din%2010%2C%20cu%20lift.%20Suprafa%C8%9Ba%20total%C4%83%20este%20de%2031%20mp%2C%20plus%20balcon%20%C3%AEnchis%20de%204%20mp.%20Compartimentarea%20include%3A%20buc%C4%83t%C4%83rie%2C%20camer%C4%83%2C%20baie%20%C8%99i%20hol.%20Finisajele%20constau%20%C3%AEn%20pere%C8%9Bi%20cu%20vopsea%20lavabil%C4%83%2C%20parchet%20laminat%2C%20u%C8%99%C4%83%20metalic%C4%83%20la%20intrare%20%C8%99i%20u%C8%99i%20interioare%20din%20lemn.%20Confortul%20termic%20este%20asigurat%20de%20central%C4%83%20proprie%2C%20apartamentul%20fiind%20complet%20mobilat%20%C8%99i%20utilat.%0D%0A%0D%0AShared%20from%20https:\/\/propertybook.ro\/blog\/apartament-cu-1-camera-in-cartier-manastur-etaj-3-complet-mobilat-si-utilat\/%0D%0A\">\n    <span class=\"ngfb-icon\">\n      <svg xmlns=\"http:\/\/www.w3.org\/2000\/svg\" width=\"9\" height=\"9\" viewBox=\"0 0 28 28\">\n        <path d=\"M20.11 26.147c-2.335 1.05-4.36 1.4-7.124 1.4C6.524 27.548.84 22.916.84 15.284.84 7.343 6.602.45 15.4.45c6.854 0 11.8 4.7 11.8 11.252 0 5.684-3.193 9.265-7.398 9.3-1.83 0-3.153-.934-3.347-2.997h-.077c-1.208 1.986-2.96 2.997-5.023 2.997-2.532 0-4.36-1.868-4.36-5.062 0-4.75 3.503-9.07 9.11-9.07 1.713 0 3.7.4 4.6.972l-1.17 7.203c-.387 2.298-.115 3.3 1 3.4 1.674 0 3.774-2.102 3.774-6.58 0-5.06-3.27-8.994-9.304-8.994C9.05 2.87 3.83 7.545 3.83 14.97c0 6.5 4.2 10.2 10 10.202 1.987 0 4.09-.43 5.647-1.245l.634 2.22zM16.647 10.1c-.31-.078-.7-.155-1.207-.155-2.572 0-4.596 2.53-4.596 5.53 0 1.5.7 2.4 1.9 2.4 1.44 0 2.96-1.83 3.31-4.088l.592-3.72z\" \/>\n      <\/svg>\n    <\/span>\n    <span class=\"ngfb-text\"><\/span>\n  <\/a>\n<\/div><\/div><!-- .ngfb-buttons.en_US -->\n<\/div><!-- .ngfb-content-buttons -->\n<!-- ngfb content-buttons end -->\n\n\n<!-- ngfb schema image for pinterest pin it button -->\n<div class=\"ngfb-schema-image-for-pinterest\" style=\"display:none;\">\n<img loading=\"lazy\" decoding=\"async\" src=\"https:\/\/propertybook.ro\/blog\/wp-content\/uploads\/2024\/12\/149560.webp\" width=\"0\" height=\"0\" style=\"width:0;height:0;\" data-pin-description=\"Cluj-Napoca, M\u0103n\u0103\u0219tur - Apartament cu 1 camer\u0103 &icirc;n Cartierul M\u0103n\u0103\u015ftur, situat la etajul 3 din 10, cu lift. Suprafa\u021ba total\u0103 este de 31 mp, plus balcon &icirc;nchis de 4 mp. Compartimentarea include: buc\u0103t\u0103rie, camer\u0103, baie \u0219i hol. Finisajele constau &icirc;n pere\u021bi cu vopsea lavabil\u0103, parchet laminat, u\u0219\u0103...\" alt=\"\"\/>\n<\/div><!-- .ngfb-schema-image-for-pinterest -->\n\n<figure class=\"wp-block-image size-large\"><img decoding=\"async\" src=\"https:\/\/cdn.propertybook.ro\/napoca_imobiliare\/149560.webp\" alt=\"\" \/><\/figure>\n<ul>\n<li><a href=\"\/cluj-napoca\/\">Imobiliare Cluj-Napoca<\/a><\/li>\n<li><a href=\"\/cluj-napoca\/apartamente-vanzare\/\">Apartamente de vanzare Cluj-Napoca<\/a><\/li>\n<li><a href=\"\/cluj-napoca\/garsoniere-vanzare\/\">Garsoniere de vanzare Cluj-Napoca<\/a><\/li>\n<li><a href=\"\/cluj-napoca\/garsoniere-vanzare\/manastur\/\">Garsoniere de vanzare M\u0103n\u0103\u0219tur, Cluj-Napoca<\/a><\/li>\n<\/ul>\n<p><a href=\"\/cluj-napoca\/imobiliare-25-149560-se-vinde-apartament-o-camera-in-manastur\/\" class=\"pb-listing-action\">Detaliile proprietatii<\/a><\/p>\n<p><h2 class=\"wp-block-heading\">Descoper\u0103 Apartamentul Ideal \u00een Cartierul M\u0103n\u0103\u0219tur<\/h2>\n<p>Dac\u0103 e\u0219ti \u00een c\u0103utarea unui apartament confortabil \u0219i accesibil \u00eentr-o zon\u0103 bine conectat\u0103, apartamentul cu o camer\u0103 din Cartierul M\u0103n\u0103\u0219tur ar putea fi exact ceea ce \u00ee\u021bi dore\u0219ti. Situat la etajul 3 al unui bloc modern cu 10 etaje, acest imobil ofer\u0103 at\u00e2t facilit\u0103\u021bi necesare pentru un trai pl\u0103cut, c\u00e2t \u0219i un acces facil la mijloacele de transport \u00een comun.<\/p>\n<p>#<\/p>\n<h2 class=\"wp-block-heading\">Detalii despre apartament<\/h2>\n<p>Cu o suprafa\u021b\u0103 total\u0103 de 31 mp, apartamentul dispune de un balcon \u00eenchis de aproximativ 4 mp, ideal pentru a te bucura de dimine\u021bile \u00eensorite sau serile r\u0103coroase. Compartimentarea este func\u021bional\u0103, oferind un spa\u021biu generos care include o camer\u0103 primitoare, o buc\u0103t\u0103rie utilat\u0103, o baie modern\u0103 \u0219i un hol bine structurat.<\/p>\n<p>#<\/p>\n<h2 class=\"wp-block-heading\">Finisaje moderne<\/h2>\n<p>Apartamentul este dotat cu finisaje de calitate, eviden\u021biate prin:<\/p>\n<p>&#8211; Pere\u021bi cu vopsea lavabil\u0103, care adaug\u0103 un aspect curat \u0219i luminos.<\/p>\n<p>&#8211; Parchet laminat, ce confer\u0103 un confort sporit \u0219i o atmosfer\u0103 cald\u0103.<\/p>\n<p>&#8211; U\u0219\u0103 metalic\u0103 la intrare pentru o extra siguran\u021b\u0103.<\/p>\n<p>&#8211; U\u0219i interioare din lemn, care completeaz\u0103 estetica modern\u0103 a locuin\u021bei.<\/p>\n<p>#<\/p>\n<h2 class=\"wp-block-heading\">Confort termic<\/h2>\n<p>Unul dintre avantajele acestui apartament este confortul termic asigurat de centrala proprie. Astfel, vei putea controla temperatura \u00een locuin\u021b\u0103 conform preferin\u021belor tale, ceea ce \u00ee\u021bi va aduce un plus de confort pe timpul sezonului rece.<\/p>\n<p>#<\/p>\n<h2 class=\"wp-block-heading\">Loca\u021bie \u0219i accesibilitate<\/h2>\n<p>Cartierul M\u0103n\u0103\u0219tur este cunoscut pentru via\u021ba sa vibrant\u0103 \u0219i pentru oferta variat\u0103 de servicii. \u00cen apropiere, vei g\u0103si diverse magazine, restaurante \u0219i parcuri, perfect pentru relaxare sau petrecerea timpului liber. De asemenea, proximitatea mijloacelor de transport \u00een comun \u00ee\u021bi va facilita deplas\u0103rile c\u0103tre alte zone ale ora\u0219ului.<\/p>\n<p>#<\/p>\n<h2 class=\"wp-block-heading\">\u00cen concluzie<\/h2>\n<p>Acest apartament cu o camer\u0103 din Cartierul M\u0103n\u0103\u0219tur nu este doar o locuin\u021b\u0103, ci un spa\u021biu unde te po\u021bi bucura de confort \u0219i accesibilitate. Fie c\u0103 e\u0219ti la \u00eenceput de drum sau cau\u021bi un loc mai mic pentru a te bucura de intimitate, acest apartament merit\u0103 cu siguran\u021b\u0103 luat \u00een considerare. Dac\u0103 e\u0219ti interesat s\u0103 descoperi mai multe detalii sau s\u0103 programezi o vizionare, nu ezita s\u0103 explorezi aceast\u0103 oportunitate.<\/p>\n<p><a href=\"\/cluj-napoca\/imobiliare-25-149560-se-vinde-apartament-o-camera-in-manastur\/\" class=\"pb-listing-action\">Stabileste o vizionare<\/a><\/p>\n<ul>\n<li><a href=\"\/cluj-napoca\/\">Imobiliare Cluj-Napoca<\/a><\/li>\n<li><a href=\"\/cluj-napoca\/apartamente-vanzare\/\">Apartamente de vanzare Cluj-Napoca<\/a><\/li>\n<li><a href=\"\/cluj-napoca\/garsoniere-vanzare\/\">Garsoniere de vanzare Cluj-Napoca<\/a><\/li>\n<li><a href=\"\/cluj-napoca\/garsoniere-vanzare\/manastur\/\">Garsoniere de vanzare M\u0103n\u0103\u0219tur, Cluj-Napoca<\/a><\/li>\n<\/ul>\n\n<!-- ngfb content-buttons begin -->\n<!-- generated on 2026-04-25T13:32:07+00:00 -->\n<div class=\"ngfb-content-buttons\">\n<div class=\"ngfb-buttons en_US\">\n<!-- Email Button --><div class=\"css-button email-button\">\n  <a href=\"mailto:?subject=Share:%20Apartament%20cu%201%20camer%C4%83%20%C3%AEn%20Cartier%20M%C4%83n%C4%83%C5%9Ftur%2C%20etaj%203%2C%20complet%20mobilat%20%C8%99i%20utilat%21&body=Cluj-Napoca%2C%20M%C4%83n%C4%83%C8%99tur%20-%20Apartament%20cu%201%20camer%C4%83%20%C3%AEn%20Cartierul%20M%C4%83n%C4%83%C5%9Ftur%2C%20situat%20la%20etajul%203%20din%2010%2C%20cu%20lift.%20Suprafa%C8%9Ba%20total%C4%83%20este%20de%2031%20mp%2C%20plus%20balcon%20%C3%AEnchis%20de%204%20mp.%20Compartimentarea%20include%3A%20buc%C4%83t%C4%83rie%2C%20camer%C4%83%2C%20baie%20%C8%99i%20hol.%20Finisajele%20constau%20%C3%AEn%20pere%C8%9Bi%20cu%20vopsea%20lavabil%C4%83%2C%20parchet%20laminat%2C%20u%C8%99%C4%83%20metalic%C4%83%20la%20intrare%20%C8%99i%20u%C8%99i%20interioare%20din%20lemn.%20Confortul%20termic%20este%20asigurat%20de%20central%C4%83%20proprie%2C%20apartamentul%20fiind%20complet%20mobilat%20%C8%99i%20utilat.%0D%0A%0D%0AShared%20from%20https:\/\/propertybook.ro\/blog\/apartament-cu-1-camera-in-cartier-manastur-etaj-3-complet-mobilat-si-utilat\/%0D%0A\">\n    <span class=\"ngfb-icon\">\n      <svg xmlns=\"http:\/\/www.w3.org\/2000\/svg\" width=\"9\" height=\"9\" viewBox=\"0 0 28 28\">\n        <path d=\"M20.11 26.147c-2.335 1.05-4.36 1.4-7.124 1.4C6.524 27.548.84 22.916.84 15.284.84 7.343 6.602.45 15.4.45c6.854 0 11.8 4.7 11.8 11.252 0 5.684-3.193 9.265-7.398 9.3-1.83 0-3.153-.934-3.347-2.997h-.077c-1.208 1.986-2.96 2.997-5.023 2.997-2.532 0-4.36-1.868-4.36-5.062 0-4.75 3.503-9.07 9.11-9.07 1.713 0 3.7.4 4.6.972l-1.17 7.203c-.387 2.298-.115 3.3 1 3.4 1.674 0 3.774-2.102 3.774-6.58 0-5.06-3.27-8.994-9.304-8.994C9.05 2.87 3.83 7.545 3.83 14.97c0 6.5 4.2 10.2 10 10.202 1.987 0 4.09-.43 5.647-1.245l.634 2.22zM16.647 10.1c-.31-.078-.7-.155-1.207-.155-2.572 0-4.596 2.53-4.596 5.53 0 1.5.7 2.4 1.9 2.4 1.44 0 2.96-1.83 3.31-4.088l.592-3.72z\" \/>\n      <\/svg>\n    <\/span>\n    <span class=\"ngfb-text\"><\/span>\n  <\/a>\n<\/div><\/div><!-- .ngfb-buttons.en_US -->\n<\/div><!-- .ngfb-content-buttons -->\n<!-- ngfb content-buttons end -->\n\n","protected":false},"excerpt":{"rendered":"<p>Cluj-Napoca, M\u0103n\u0103\u0219tur &#8211; Apartament cu 1 camer\u0103 \u00een Cartierul M\u0103n\u0103\u015ftur, situat la etajul 3 din 10, cu lift. Suprafa\u021ba total\u0103 este de 31 mp, plus balcon \u00eenchis de 4 mp. Compartimentarea include: buc\u0103t\u0103rie, camer\u0103, baie \u0219i hol. Finisajele constau \u00een pere\u021bi cu vopsea lavabil\u0103, parchet laminat, u\u0219\u0103 metalic\u0103 la intrare \u0219i u\u0219i interioare din lemn. Confortul termic este asigurat de central\u0103 proprie, apartamentul fiind complet mobilat \u0219i utilat.<\/p>\n","protected":false},"author":8,"featured_media":3651,"comment_status":"open","ping_status":"open","sticky":false,"template":"","format":"standard","meta":{"footnotes":""},"categories":[50,48,47],"tags":[102,74,65,91,68,167,123,70],"class_list":["post-3652","post","type-post","status-publish","format-standard","has-post-thumbnail","hentry","category-apartamente-de-vanzare-in-cluj-napoca","category-oferte-imobiliare-in-cluj-napoca","category-oferte","tag-1-camera","tag-balcon","tag-centrala-termica","tag-cluj-napoca","tag-decomandat","tag-etaj-3-10","tag-manastur","tag-parchet"],"_links":{"self":[{"href":"https:\/\/propertybook.ro\/blog\/wp-json\/wp\/v2\/posts\/3652","targetHints":{"allow":["GET"]}}],"collection":[{"href":"https:\/\/propertybook.ro\/blog\/wp-json\/wp\/v2\/posts"}],"about":[{"href":"https:\/\/propertybook.ro\/blog\/wp-json\/wp\/v2\/types\/post"}],"author":[{"embeddable":true,"href":"https:\/\/propertybook.ro\/blog\/wp-json\/wp\/v2\/users\/8"}],"replies":[{"embeddable":true,"href":"https:\/\/propertybook.ro\/blog\/wp-json\/wp\/v2\/comments?post=3652"}],"version-history":[{"count":0,"href":"https:\/\/propertybook.ro\/blog\/wp-json\/wp\/v2\/posts\/3652\/revisions"}],"wp:featuredmedia":[{"embeddable":true,"href":"https:\/\/propertybook.ro\/blog\/wp-json\/wp\/v2\/media\/3651"}],"wp:attachment":[{"href":"https:\/\/propertybook.ro\/blog\/wp-json\/wp\/v2\/media?parent=3652"}],"wp:term":[{"taxonomy":"category","embeddable":true,"href":"https:\/\/propertybook.ro\/blog\/wp-json\/wp\/v2\/categories?post=3652"},{"taxonomy":"post_tag","embeddable":true,"href":"https:\/\/propertybook.ro\/blog\/wp-json\/wp\/v2\/tags?post=3652"}],"curies":[{"name":"wp","href":"https:\/\/api.w.org\/{rel}","templated":true}]}}