{"id":3660,"date":"2024-12-23T19:43:19","date_gmt":"2024-12-23T17:43:19","guid":{"rendered":"https:\/\/propertybook.ro\/blog\/apartament-decomandat-cu-2-camere-in-cartierul-manastur-ideal-pentru-investitie-sau-locuinta\/"},"modified":"2024-12-23T19:43:19","modified_gmt":"2024-12-23T17:43:19","slug":"apartament-decomandat-cu-2-camere-in-cartierul-manastur-ideal-pentru-investitie-sau-locuinta","status":"publish","type":"post","link":"https:\/\/propertybook.ro\/blog\/apartament-decomandat-cu-2-camere-in-cartierul-manastur-ideal-pentru-investitie-sau-locuinta\/","title":{"rendered":"Apartament Decomandat cu 2 Camere \u00een Cartierul M\u0103n\u0103\u0219tur &#8211; Ideal pentru Investi\u021bie sau Locuin\u021b\u0103!"},"content":{"rendered":"\n<!-- ngfb content-buttons begin -->\n<!-- generated on 2026-04-27T16:52:18+00:00 -->\n<div class=\"ngfb-content-buttons\">\n<div class=\"ngfb-buttons en_US\">\n<!-- Email Button --><div class=\"css-button email-button\">\n  <a href=\"mailto:?subject=Share:%20Apartament%20Decomandat%20cu%202%20Camere%20%C3%AEn%20Cartierul%20M%C4%83n%C4%83%C8%99tur%20%26%238211%3B%20Ideal%20pentru%20Investi%C8%9Bie%20sau%20Locuin%C8%9B%C4%83%21&body=Cluj-Napoca%2C%20M%C4%83n%C4%83%C8%99tur%20-%20Apartament%20cu%202%20camere%20decomandat%20%C3%AEn%20cartierul%20M%C4%83n%C4%83%C8%99tur%2C%20situat%20la%20etajul%201%20al%20unui%20imobil%20reabilitat%20termic.%20Suprafa%C8%9Ba%20util%C4%83%20este%20de%2041%20mp%2C%20compartimentat%20%C3%AEn%3A%20living%20open%20space%20cu%20buc%C4%83t%C4%83rie%2C%20dormitor%2C%20baie%2C%20hol%20%C8%99i%20balcon.%20Finisaje%20moderne%2C%20inclusiv%20pere%C8%9Bi%20vopsi%C8%9Bi%2C%20parchet%20laminat%20%C8%99i%20feronerie%20din%20PVC.%20Ideal%20at%C3%A2t%20pentru%20locuin%C8%9B%C4%83%2C%20c%C3%A2t%20%C8%99i%20pentru%20investi%C8%9Bie%2C%20datorit%C4%83%20zonei%20c%C4%83utate%20%C8%99i%20a%20proximit%C4%83%C8%9Bii%20de%20facilit%C4%83%C8%9Bi.%0D%0A%0D%0AShared%20from%20https:\/\/propertybook.ro\/blog\/apartament-decomandat-cu-2-camere-in-cartierul-manastur-ideal-pentru-investitie-sau-locuinta\/%0D%0A\">\n    <span class=\"ngfb-icon\">\n      <svg xmlns=\"http:\/\/www.w3.org\/2000\/svg\" width=\"9\" height=\"9\" viewBox=\"0 0 28 28\">\n        <path d=\"M20.11 26.147c-2.335 1.05-4.36 1.4-7.124 1.4C6.524 27.548.84 22.916.84 15.284.84 7.343 6.602.45 15.4.45c6.854 0 11.8 4.7 11.8 11.252 0 5.684-3.193 9.265-7.398 9.3-1.83 0-3.153-.934-3.347-2.997h-.077c-1.208 1.986-2.96 2.997-5.023 2.997-2.532 0-4.36-1.868-4.36-5.062 0-4.75 3.503-9.07 9.11-9.07 1.713 0 3.7.4 4.6.972l-1.17 7.203c-.387 2.298-.115 3.3 1 3.4 1.674 0 3.774-2.102 3.774-6.58 0-5.06-3.27-8.994-9.304-8.994C9.05 2.87 3.83 7.545 3.83 14.97c0 6.5 4.2 10.2 10 10.202 1.987 0 4.09-.43 5.647-1.245l.634 2.22zM16.647 10.1c-.31-.078-.7-.155-1.207-.155-2.572 0-4.596 2.53-4.596 5.53 0 1.5.7 2.4 1.9 2.4 1.44 0 2.96-1.83 3.31-4.088l.592-3.72z\" \/>\n      <\/svg>\n    <\/span>\n    <span class=\"ngfb-text\"><\/span>\n  <\/a>\n<\/div><\/div><!-- .ngfb-buttons.en_US -->\n<\/div><!-- .ngfb-content-buttons -->\n<!-- ngfb content-buttons end -->\n\n\n<!-- ngfb schema image for pinterest pin it button -->\n<div class=\"ngfb-schema-image-for-pinterest\" style=\"display:none;\">\n<img loading=\"lazy\" decoding=\"async\" src=\"https:\/\/propertybook.ro\/blog\/wp-content\/uploads\/2024\/12\/145389.webp\" width=\"0\" height=\"0\" style=\"width:0;height:0;\" data-pin-description=\"Cluj-Napoca, M\u0103n\u0103\u0219tur - Apartament cu 2 camere decomandat &icirc;n cartierul M\u0103n\u0103\u0219tur, situat la etajul 1 al unui imobil reabilitat termic. Suprafa\u021ba util\u0103 este de 41 mp, compartimentat &icirc;n: living open space cu buc\u0103t\u0103rie, dormitor, baie, hol \u0219i balcon. Finisaje moderne, inclusiv pere\u021bi vopsi\u021bi...\" alt=\"\"\/>\n<\/div><!-- .ngfb-schema-image-for-pinterest -->\n\n<figure class=\"wp-block-image size-large\"><img decoding=\"async\" src=\"https:\/\/cdn.propertybook.ro\/napoca_imobiliare\/145389.webp\" alt=\"\" \/><\/figure>\n<ul>\n<li><a href=\"\/cluj-napoca\/\">Imobiliare Cluj-Napoca<\/a><\/li>\n<li><a href=\"\/cluj-napoca\/apartamente-vanzare\/\">Apartamente de vanzare Cluj-Napoca<\/a><\/li>\n<li><a href=\"\/cluj-napoca\/apartamente-vanzare\/2-camere\/\">Apartamente cu 2 camere de vanzare Cluj-Napoca<\/a><\/li>\n<li><a href=\"\/cluj-napoca\/apartamente-vanzare\/manastur\/2-camere\/\">Apartamente cu 2 camere de vanzare M\u0103n\u0103\u0219tur, Cluj-Napoca<\/a><\/li>\n<\/ul>\n<p><a href=\"\/cluj-napoca\/imobiliare-25-145389-de-vanzare-apartament-2-camere-in-manastur\/\" class=\"pb-listing-action\">Detaliile proprietatii<\/a><\/p>\n<p><h2 class=\"wp-block-heading\">G\u0103se\u0219te-\u021bi c\u0103minul ideal \u00een cartierul M\u0103n\u0103\u015ftur!<\/h2>\n<p>Dac\u0103 e\u0219ti \u00een c\u0103utarea unui apartament care s\u0103 combine confortul, accesibilitatea \u0219i un ambient pl\u0103cut, atunci acest apartament cu 2 camere din cartierul M\u0103n\u0103\u015ftur poate fi exact ceea ce \u00ee\u021bi dore\u0219ti. Situat \u00eentr-o zon\u0103 vibrant\u0103 \u0219i c\u0103utat\u0103, acest apartament reabilitat termic se afl\u0103 la etajul 1 al unui imobil cu 10 nivele, oferind o atmosfer\u0103 primitoare \u0219i acces facil la toate facilit\u0103\u021bile necesare unei vie\u021bi moderne.<\/p>\n<p><h2 class=\"wp-block-heading\">Amenaj\u0103ri moderne \u0219i func\u021bionale<\/h2>\n<p>Cu o suprafa\u021b\u0103 util\u0103 de 41 mp, apartamentul beneficiaz\u0103 de o compartimentare bine g\u00e2ndit\u0103, ideal\u0103 pentru un stil de via\u021b\u0103 activ. La intrare, te \u00eent\u00e2mpin\u0103 un hol care duce spre un living generos, ce se deschide c\u0103tre o buc\u0103t\u0103rie modern\u0103. Acest spa\u021biu open space este perfect pentru petrecerea timpului \u00een familie sau cu prietenii. Dormitorul, separat, \u00ee\u021bi ofer\u0103 intimitatea de care ai nevoie, iar baia este dotat\u0103 cu gresie \u0219i faian\u021b\u0103 moderne, aduc\u00e2nd un aer proasp\u0103t.<\/p>\n<p><h2 class=\"wp-block-heading\">Loca\u021bie excelent\u0103<\/h2>\n<p>Un alt avantaj esen\u021bial al acestui apartament este loca\u021bia sa. Aflat \u00een apropierea unor spa\u021bii de joac\u0103 pentru copii, farmacii \u0219i mijloace de transport \u00een comun, acesta este ideal pentru familii sau pentru cei care doresc s\u0103 se deplaseze u\u0219or prin ora\u0219. Zonele verzi din \u00eemprejurimi contribuie la un stil de via\u021b\u0103 s\u0103n\u0103tos, oferind locuri perfecte pentru plimb\u0103ri sau relaxare \u00een aer liber.<\/p>\n<p><h2 class=\"wp-block-heading\">Finisaje de calitate<\/h2>\n<p>Finisajele apartamentului sunt o combina\u021bie perfect\u0103 \u00eentre modern \u0219i clasic, cre\u00e2nd un ambient c\u0103lduros \u0219i primitor. Peretii sunt vopsi\u021bi cu vopsea lavabil\u0103, iar pardoseala din parchet laminat adaug\u0103 o not\u0103 de elegan\u021b\u0103. Feroneria din PVC \u0219i u\u0219a metalic\u0103 de la intrare asigur\u0103 at\u00e2t confort, c\u00e2t \u0219i siguran\u021b\u0103, iar u\u0219ile din interior din lemn completeaz\u0103 aspectul estetic al apartamentului.<\/p>\n<p><h2 class=\"wp-block-heading\">Ideal pentru investi\u021bie<\/h2>\n<p>Fie c\u0103 e\u0219ti \u00een c\u0103utarea unui nou c\u0103min sau vrei s\u0103 investe\u0219ti \u00eentr-o proprietate cu poten\u021bial de \u00eenchiriere, acest apartament reprezint\u0103 o alegere excelent\u0103. Datorit\u0103 suprafetei sale, a compartiment\u0103rii func\u021bionale \u0219i a pozi\u021biei strategice, aceasta poate deveni rapid o surs\u0103 de venit pasiv sau un loc confortabil \u00een care s\u0103 \u00ee\u021bi cl\u0103de\u0219ti amintiri frumoase al\u0103turi de cei dragi.<\/p>\n<h2 class=\"wp-block-heading\">Concluzie<\/h2>\n<p>A\u0219adar, nu rata ocazia de a descoperi acest apartament cu 2 camere din cartierul M\u0103n\u0103\u015ftur, care \u00eembin\u0103 toate elementele necesare pentru o via\u021b\u0103 confortabil\u0103 \u0219i pl\u0103cut\u0103. Dac\u0103 e\u0219ti interesat s\u0103 vezi acest apartament sau dore\u0219ti mai multe detalii, nu ezita s\u0103 programezi o vizionare. Aici, visul t\u0103u de a avea un c\u0103min perfect poate deveni realitate!<\/p>\n<p><a href=\"\/cluj-napoca\/imobiliare-25-145389-de-vanzare-apartament-2-camere-in-manastur\/\" class=\"pb-listing-action\">Stabileste o vizionare<\/a><\/p>\n<ul>\n<li><a href=\"\/cluj-napoca\/\">Imobiliare Cluj-Napoca<\/a><\/li>\n<li><a href=\"\/cluj-napoca\/apartamente-vanzare\/\">Apartamente de vanzare Cluj-Napoca<\/a><\/li>\n<li><a href=\"\/cluj-napoca\/apartamente-vanzare\/2-camere\/\">Apartamente cu 2 camere de vanzare Cluj-Napoca<\/a><\/li>\n<li><a href=\"\/cluj-napoca\/apartamente-vanzare\/manastur\/2-camere\/\">Apartamente cu 2 camere de vanzare M\u0103n\u0103\u0219tur, Cluj-Napoca<\/a><\/li>\n<\/ul>\n\n<!-- ngfb content-buttons begin -->\n<!-- generated on 2026-04-27T16:52:18+00:00 -->\n<div class=\"ngfb-content-buttons\">\n<div class=\"ngfb-buttons en_US\">\n<!-- Email Button --><div class=\"css-button email-button\">\n  <a href=\"mailto:?subject=Share:%20Apartament%20Decomandat%20cu%202%20Camere%20%C3%AEn%20Cartierul%20M%C4%83n%C4%83%C8%99tur%20%26%238211%3B%20Ideal%20pentru%20Investi%C8%9Bie%20sau%20Locuin%C8%9B%C4%83%21&body=Cluj-Napoca%2C%20M%C4%83n%C4%83%C8%99tur%20-%20Apartament%20cu%202%20camere%20decomandat%20%C3%AEn%20cartierul%20M%C4%83n%C4%83%C8%99tur%2C%20situat%20la%20etajul%201%20al%20unui%20imobil%20reabilitat%20termic.%20Suprafa%C8%9Ba%20util%C4%83%20este%20de%2041%20mp%2C%20compartimentat%20%C3%AEn%3A%20living%20open%20space%20cu%20buc%C4%83t%C4%83rie%2C%20dormitor%2C%20baie%2C%20hol%20%C8%99i%20balcon.%20Finisaje%20moderne%2C%20inclusiv%20pere%C8%9Bi%20vopsi%C8%9Bi%2C%20parchet%20laminat%20%C8%99i%20feronerie%20din%20PVC.%20Ideal%20at%C3%A2t%20pentru%20locuin%C8%9B%C4%83%2C%20c%C3%A2t%20%C8%99i%20pentru%20investi%C8%9Bie%2C%20datorit%C4%83%20zonei%20c%C4%83utate%20%C8%99i%20a%20proximit%C4%83%C8%9Bii%20de%20facilit%C4%83%C8%9Bi.%0D%0A%0D%0AShared%20from%20https:\/\/propertybook.ro\/blog\/apartament-decomandat-cu-2-camere-in-cartierul-manastur-ideal-pentru-investitie-sau-locuinta\/%0D%0A\">\n    <span class=\"ngfb-icon\">\n      <svg xmlns=\"http:\/\/www.w3.org\/2000\/svg\" width=\"9\" height=\"9\" viewBox=\"0 0 28 28\">\n        <path d=\"M20.11 26.147c-2.335 1.05-4.36 1.4-7.124 1.4C6.524 27.548.84 22.916.84 15.284.84 7.343 6.602.45 15.4.45c6.854 0 11.8 4.7 11.8 11.252 0 5.684-3.193 9.265-7.398 9.3-1.83 0-3.153-.934-3.347-2.997h-.077c-1.208 1.986-2.96 2.997-5.023 2.997-2.532 0-4.36-1.868-4.36-5.062 0-4.75 3.503-9.07 9.11-9.07 1.713 0 3.7.4 4.6.972l-1.17 7.203c-.387 2.298-.115 3.3 1 3.4 1.674 0 3.774-2.102 3.774-6.58 0-5.06-3.27-8.994-9.304-8.994C9.05 2.87 3.83 7.545 3.83 14.97c0 6.5 4.2 10.2 10 10.202 1.987 0 4.09-.43 5.647-1.245l.634 2.22zM16.647 10.1c-.31-.078-.7-.155-1.207-.155-2.572 0-4.596 2.53-4.596 5.53 0 1.5.7 2.4 1.9 2.4 1.44 0 2.96-1.83 3.31-4.088l.592-3.72z\" \/>\n      <\/svg>\n    <\/span>\n    <span class=\"ngfb-text\"><\/span>\n  <\/a>\n<\/div><\/div><!-- .ngfb-buttons.en_US -->\n<\/div><!-- .ngfb-content-buttons -->\n<!-- ngfb content-buttons end -->\n\n","protected":false},"excerpt":{"rendered":"<p>Cluj-Napoca, M\u0103n\u0103\u0219tur &#8211; Apartament cu 2 camere decomandat \u00een cartierul M\u0103n\u0103\u0219tur, situat la etajul 1 al unui imobil reabilitat termic. Suprafa\u021ba util\u0103 este de 41 mp, compartimentat \u00een: living open space cu buc\u0103t\u0103rie, dormitor, baie, hol \u0219i balcon. Finisaje moderne, inclusiv pere\u021bi vopsi\u021bi, parchet laminat \u0219i feronerie din PVC. Ideal at\u00e2t pentru locuin\u021b\u0103, c\u00e2t \u0219i pentru investi\u021bie, datorit\u0103 zonei c\u0103utate \u0219i a proximit\u0103\u021bii de facilit\u0103\u021bi.<\/p>\n","protected":false},"author":8,"featured_media":3659,"comment_status":"open","ping_status":"open","sticky":false,"template":"","format":"standard","meta":{"footnotes":""},"categories":[50,48,47],"tags":[62,74,91,68,126,123,70],"class_list":["post-3660","post","type-post","status-publish","format-standard","has-post-thumbnail","hentry","category-apartamente-de-vanzare-in-cluj-napoca","category-oferte-imobiliare-in-cluj-napoca","category-oferte","tag-2-camere","tag-balcon","tag-cluj-napoca","tag-decomandat","tag-etaj-1-10","tag-manastur","tag-parchet"],"_links":{"self":[{"href":"https:\/\/propertybook.ro\/blog\/wp-json\/wp\/v2\/posts\/3660","targetHints":{"allow":["GET"]}}],"collection":[{"href":"https:\/\/propertybook.ro\/blog\/wp-json\/wp\/v2\/posts"}],"about":[{"href":"https:\/\/propertybook.ro\/blog\/wp-json\/wp\/v2\/types\/post"}],"author":[{"embeddable":true,"href":"https:\/\/propertybook.ro\/blog\/wp-json\/wp\/v2\/users\/8"}],"replies":[{"embeddable":true,"href":"https:\/\/propertybook.ro\/blog\/wp-json\/wp\/v2\/comments?post=3660"}],"version-history":[{"count":0,"href":"https:\/\/propertybook.ro\/blog\/wp-json\/wp\/v2\/posts\/3660\/revisions"}],"wp:featuredmedia":[{"embeddable":true,"href":"https:\/\/propertybook.ro\/blog\/wp-json\/wp\/v2\/media\/3659"}],"wp:attachment":[{"href":"https:\/\/propertybook.ro\/blog\/wp-json\/wp\/v2\/media?parent=3660"}],"wp:term":[{"taxonomy":"category","embeddable":true,"href":"https:\/\/propertybook.ro\/blog\/wp-json\/wp\/v2\/categories?post=3660"},{"taxonomy":"post_tag","embeddable":true,"href":"https:\/\/propertybook.ro\/blog\/wp-json\/wp\/v2\/tags?post=3660"}],"curies":[{"name":"wp","href":"https:\/\/api.w.org\/{rel}","templated":true}]}}