{"id":3734,"date":"2025-01-08T17:43:25","date_gmt":"2025-01-08T15:43:25","guid":{"rendered":"https:\/\/propertybook.ro\/blog\/iti-doresti-un-apartament-cu-2-camere-in-cartierul-manastur-descopera-oferta-ideala\/"},"modified":"2025-01-08T17:43:25","modified_gmt":"2025-01-08T15:43:25","slug":"iti-doresti-un-apartament-cu-2-camere-in-cartierul-manastur-descopera-oferta-ideala","status":"publish","type":"post","link":"https:\/\/propertybook.ro\/blog\/iti-doresti-un-apartament-cu-2-camere-in-cartierul-manastur-descopera-oferta-ideala\/","title":{"rendered":"\u00ce\u021bi dore\u0219ti un apartament cu 2 camere \u00een Cartierul M\u0103n\u0103\u0219tur? Descoper\u0103 oferta ideal\u0103!"},"content":{"rendered":"\n<!-- ngfb content-buttons begin -->\n<!-- generated on 2026-04-26T05:15:18+00:00 -->\n<div class=\"ngfb-content-buttons\">\n<div class=\"ngfb-buttons en_US\">\n<!-- Email Button --><div class=\"css-button email-button\">\n  <a href=\"mailto:?subject=Share:%20%C3%8E%C8%9Bi%20dore%C8%99ti%20un%20apartament%20cu%202%20camere%20%C3%AEn%20Cartierul%20M%C4%83n%C4%83%C8%99tur%3F%20Descoper%C4%83%20oferta%20ideal%C4%83%21&body=Cluj-Napoca%2C%20M%C4%83n%C4%83%C8%99tur%20-%20Apartament%20cu%202%20camere%20decomandate%2C%20situat%20%C3%AEn%20Cartierul%20M%C4%83n%C4%83stur%2C%20Zona%20Mehedin%C8%9Bi.%20Cu%20o%20suprafat%C4%83%20util%C4%83%20de%2053%20mp%2C%20este%20ideal%20pentru%20investi%C8%9Bie%20sau%20locuin%C8%9B%C4%83%2C%20av%C3%A2nd%20%C3%AEn%20apropiere%20zone%20verzi%2C%20locuri%20de%20joac%C4%83%2C%20supermarketuri%2C%20%C8%99coli%20%C8%99i%20transport%20%C3%AEn%20comun.%20Amplasat%20la%20etajul%206%20din%2010%2C%20apartamentul%20dispune%20de%20buc%C4%83t%C4%83rie%2C%20baie%2C%20balcon%2C%20central%C4%83%20termic%C4%83%20proprie%20%C8%99i%20se%20vinde%20par%C8%9Bial%20mobilat%20%C8%99i%20utilat.%20Dotat%20cu%20lift%20%C8%99i%20interfon.%0D%0A%0D%0AShared%20from%20https:\/\/propertybook.ro\/blog\/iti-doresti-un-apartament-cu-2-camere-in-cartierul-manastur-descopera-oferta-ideala\/%0D%0A\">\n    <span class=\"ngfb-icon\">\n      <svg xmlns=\"http:\/\/www.w3.org\/2000\/svg\" width=\"9\" height=\"9\" viewBox=\"0 0 28 28\">\n        <path d=\"M20.11 26.147c-2.335 1.05-4.36 1.4-7.124 1.4C6.524 27.548.84 22.916.84 15.284.84 7.343 6.602.45 15.4.45c6.854 0 11.8 4.7 11.8 11.252 0 5.684-3.193 9.265-7.398 9.3-1.83 0-3.153-.934-3.347-2.997h-.077c-1.208 1.986-2.96 2.997-5.023 2.997-2.532 0-4.36-1.868-4.36-5.062 0-4.75 3.503-9.07 9.11-9.07 1.713 0 3.7.4 4.6.972l-1.17 7.203c-.387 2.298-.115 3.3 1 3.4 1.674 0 3.774-2.102 3.774-6.58 0-5.06-3.27-8.994-9.304-8.994C9.05 2.87 3.83 7.545 3.83 14.97c0 6.5 4.2 10.2 10 10.202 1.987 0 4.09-.43 5.647-1.245l.634 2.22zM16.647 10.1c-.31-.078-.7-.155-1.207-.155-2.572 0-4.596 2.53-4.596 5.53 0 1.5.7 2.4 1.9 2.4 1.44 0 2.96-1.83 3.31-4.088l.592-3.72z\" \/>\n      <\/svg>\n    <\/span>\n    <span class=\"ngfb-text\"><\/span>\n  <\/a>\n<\/div><\/div><!-- .ngfb-buttons.en_US -->\n<\/div><!-- .ngfb-content-buttons -->\n<!-- ngfb content-buttons end -->\n\n\n<!-- ngfb schema image for pinterest pin it button -->\n<div class=\"ngfb-schema-image-for-pinterest\" style=\"display:none;\">\n<img loading=\"lazy\" decoding=\"async\" src=\"https:\/\/propertybook.ro\/blog\/wp-content\/uploads\/2025\/01\/149676.webp\" width=\"0\" height=\"0\" style=\"width:0;height:0;\" data-pin-description=\"Cluj-Napoca, M\u0103n\u0103\u0219tur - Apartament cu 2 camere decomandate, situat &icirc;n Cartierul M\u0103n\u0103stur, Zona Mehedin\u021bi. Cu o suprafat\u0103 util\u0103 de 53 mp, este ideal pentru investi\u021bie sau locuin\u021b\u0103, av&acirc;nd &icirc;n apropiere zone verzi, locuri de joac\u0103, supermarketuri, \u0219coli \u0219i transport &icirc;n comun. Amplasat la etajul 6...\" alt=\"\"\/>\n<\/div><!-- .ngfb-schema-image-for-pinterest -->\n\n<figure class=\"wp-block-image size-large\"><img decoding=\"async\" src=\"https:\/\/cdn.propertybook.ro\/napoca_imobiliare\/149676.webp\" alt=\"\" \/><\/figure>\n<ul>\n<li><a href=\"\/cluj-napoca\/\">Imobiliare Cluj-Napoca<\/a><\/li>\n<li><a href=\"\/cluj-napoca\/apartamente-vanzare\/\">Apartamente de vanzare Cluj-Napoca<\/a><\/li>\n<li><a href=\"\/cluj-napoca\/apartamente-vanzare\/2-camere\/\">Apartamente cu 2 camere de vanzare Cluj-Napoca<\/a><\/li>\n<li><a href=\"\/cluj-napoca\/apartamente-vanzare\/manastur\/2-camere\/\">Apartamente cu 2 camere de vanzare M\u0103n\u0103\u0219tur, Cluj-Napoca<\/a><\/li>\n<\/ul>\n<p><a href=\"\/cluj-napoca\/imobiliare-25-149676-de-vanzare-apartament-2-camere-in-manastur\/\" class=\"pb-listing-action\">Detaliile proprietatii<\/a><\/p>\n<p><h2 class=\"wp-block-heading\">Apartament cu 2 camere de v\u00e2nzare \u00een Cartierul M\u0103n\u0103\u015ftur \u2013 Zona Mehedin\u021bi<\/h2>\n<p>Dac\u0103 e\u0219ti \u00een c\u0103utarea unui nou c\u0103min sau a unei oportunit\u0103\u021bi de investi\u021bie \u00een Cluj-Napoca, un apartament cu 2 camere decomandat \u00een cartierul M\u0103n\u0103\u015ftur ar putea fi alegerea perfect\u0103. Aceast\u0103 proprietate, situat\u0103 la etajul 6 al unui imobil cu 10 nivele, \u00eembin\u0103 confortul urban cu accesibilitatea la diverse facilit\u0103\u021bi.<\/p>\n<p>#<\/p>\n<h2 class=\"wp-block-heading\">Descrierea Apartamentului<\/h2>\n<p>Cu o suprafa\u021b\u0103 util\u0103 de 53 mp, apartamentul este compartimentat eficient pentru a oferi un spa\u021biu optim de locuit. Cele dou\u0103 camere decomandate asigur\u0103 intimitate \u0219i flexibilitate, ideal pentru o familie sau pentru a fi folosit ca investi\u021bie pentru \u00eenchiriere. \u00cen plus, apartamentul dispune de o buc\u0103t\u0103rie practic\u0103, o baie func\u021bional\u0103 \u0219i un balcon unde te po\u021bi relaxa la soare.<\/p>\n<p>#<\/p>\n<h2 class=\"wp-block-heading\">Finisaje \u0219i Confort<\/h2>\n<p>Apartamentul este dotat cu finisaje moderne \u0219i bine \u00eentre\u021binute. Pardoseala cu parchet laminat ofer\u0103 un aspect cald \u0219i primitor, iar pere\u021bii vopsi\u021bi cu lavabil\u0103 contribuie la un ambient luminos. U\u0219ile interioare din lemn adaug\u0103 un plus de elegan\u021b\u0103, iar u\u0219a de la intrare metalic\u0103 asigur\u0103 securitate.<\/p>\n<p>Un alt avantaj al acestui apartament este sistemul de \u00eenc\u0103lzire, care este asigurat de o central\u0103 termic\u0103 proprie, oferind astfel un control optim al consumului energetic \u0219i confort \u00een sezonul rece.<\/p>\n<p>#<\/p>\n<h2 class=\"wp-block-heading\">Loca\u021bie Avantajoas\u0103<\/h2>\n<p>Cartierul M\u0103n\u0103\u015ftur este cunoscut pentru atmosfera prietenoas\u0103 \u0219i pentru proximitatea fa\u021b\u0103 de numeroase facilit\u0103\u021bi. \u00cen apropiere, vei g\u0103si zone verzi ideale pentru plimb\u0103ri \u0219i joac\u0103, locuri de joac\u0103 pentru copii, s\u0103li de sport, supermarketuri, precum \u0219i institu\u021bii de \u00eenv\u0103\u021b\u0103m\u00e2nt, inclusiv \u0219coli \u0219i gr\u0103dini\u021be. Accesul la mijloacele de transport \u00een comun este facil, ceea ce face din aceast\u0103 loca\u021bie una foarte c\u0103utat\u0103.<\/p>\n<p>#<\/p>\n<h2 class=\"wp-block-heading\">Potrivit pentru Investi\u021bie sau Locuin\u021b\u0103<\/h2>\n<p>Acest apartament se prezint\u0103 ca o oportunitate excelent\u0103, at\u00e2t pentru cei care caut\u0103 un nou spa\u021biu de locuit, c\u00e2t \u0219i pentru investitori. Datorit\u0103 amplas\u0103rii sale strategice \u0219i a facilit\u0103\u021bilor din zon\u0103, poate fi \u00eenchiriat cu u\u0219urin\u021b\u0103, gener\u00e2nd astfel un venit pasiv.<\/p>\n<p>\u00cen concluzie, un apartament cu 2 camere decomandat \u00een Cartierul M\u0103n\u0103\u015ftur, Zona Mehedin\u021bi, reprezint\u0103 o alegere inspirat\u0103 pentru cei care doresc s\u0103 se bucure de confortul urban, f\u0103r\u0103 a renun\u021ba la natur\u0103 \u0219i accesibilitatea. Dac\u0103 e\u0219ti interesat de aceast\u0103 proprietate sau vrei s\u0103 afli mai multe detalii, este timpul s\u0103 planifici o vizionare!<\/p>\n<p><a href=\"\/cluj-napoca\/imobiliare-25-149676-de-vanzare-apartament-2-camere-in-manastur\/\" class=\"pb-listing-action\">Stabileste o vizionare<\/a><\/p>\n<ul>\n<li><a href=\"\/cluj-napoca\/\">Imobiliare Cluj-Napoca<\/a><\/li>\n<li><a href=\"\/cluj-napoca\/apartamente-vanzare\/\">Apartamente de vanzare Cluj-Napoca<\/a><\/li>\n<li><a href=\"\/cluj-napoca\/apartamente-vanzare\/2-camere\/\">Apartamente cu 2 camere de vanzare Cluj-Napoca<\/a><\/li>\n<li><a href=\"\/cluj-napoca\/apartamente-vanzare\/manastur\/2-camere\/\">Apartamente cu 2 camere de vanzare M\u0103n\u0103\u0219tur, Cluj-Napoca<\/a><\/li>\n<\/ul>\n\n<!-- ngfb content-buttons begin -->\n<!-- generated on 2026-04-26T05:15:18+00:00 -->\n<div class=\"ngfb-content-buttons\">\n<div class=\"ngfb-buttons en_US\">\n<!-- Email Button --><div class=\"css-button email-button\">\n  <a href=\"mailto:?subject=Share:%20%C3%8E%C8%9Bi%20dore%C8%99ti%20un%20apartament%20cu%202%20camere%20%C3%AEn%20Cartierul%20M%C4%83n%C4%83%C8%99tur%3F%20Descoper%C4%83%20oferta%20ideal%C4%83%21&body=Cluj-Napoca%2C%20M%C4%83n%C4%83%C8%99tur%20-%20Apartament%20cu%202%20camere%20decomandate%2C%20situat%20%C3%AEn%20Cartierul%20M%C4%83n%C4%83stur%2C%20Zona%20Mehedin%C8%9Bi.%20Cu%20o%20suprafat%C4%83%20util%C4%83%20de%2053%20mp%2C%20este%20ideal%20pentru%20investi%C8%9Bie%20sau%20locuin%C8%9B%C4%83%2C%20av%C3%A2nd%20%C3%AEn%20apropiere%20zone%20verzi%2C%20locuri%20de%20joac%C4%83%2C%20supermarketuri%2C%20%C8%99coli%20%C8%99i%20transport%20%C3%AEn%20comun.%20Amplasat%20la%20etajul%206%20din%2010%2C%20apartamentul%20dispune%20de%20buc%C4%83t%C4%83rie%2C%20baie%2C%20balcon%2C%20central%C4%83%20termic%C4%83%20proprie%20%C8%99i%20se%20vinde%20par%C8%9Bial%20mobilat%20%C8%99i%20utilat.%20Dotat%20cu%20lift%20%C8%99i%20interfon.%0D%0A%0D%0AShared%20from%20https:\/\/propertybook.ro\/blog\/iti-doresti-un-apartament-cu-2-camere-in-cartierul-manastur-descopera-oferta-ideala\/%0D%0A\">\n    <span class=\"ngfb-icon\">\n      <svg xmlns=\"http:\/\/www.w3.org\/2000\/svg\" width=\"9\" height=\"9\" viewBox=\"0 0 28 28\">\n        <path d=\"M20.11 26.147c-2.335 1.05-4.36 1.4-7.124 1.4C6.524 27.548.84 22.916.84 15.284.84 7.343 6.602.45 15.4.45c6.854 0 11.8 4.7 11.8 11.252 0 5.684-3.193 9.265-7.398 9.3-1.83 0-3.153-.934-3.347-2.997h-.077c-1.208 1.986-2.96 2.997-5.023 2.997-2.532 0-4.36-1.868-4.36-5.062 0-4.75 3.503-9.07 9.11-9.07 1.713 0 3.7.4 4.6.972l-1.17 7.203c-.387 2.298-.115 3.3 1 3.4 1.674 0 3.774-2.102 3.774-6.58 0-5.06-3.27-8.994-9.304-8.994C9.05 2.87 3.83 7.545 3.83 14.97c0 6.5 4.2 10.2 10 10.202 1.987 0 4.09-.43 5.647-1.245l.634 2.22zM16.647 10.1c-.31-.078-.7-.155-1.207-.155-2.572 0-4.596 2.53-4.596 5.53 0 1.5.7 2.4 1.9 2.4 1.44 0 2.96-1.83 3.31-4.088l.592-3.72z\" \/>\n      <\/svg>\n    <\/span>\n    <span class=\"ngfb-text\"><\/span>\n  <\/a>\n<\/div><\/div><!-- .ngfb-buttons.en_US -->\n<\/div><!-- .ngfb-content-buttons -->\n<!-- ngfb content-buttons end -->\n\n","protected":false},"excerpt":{"rendered":"<p>Cluj-Napoca, M\u0103n\u0103\u0219tur &#8211; Apartament cu 2 camere decomandate, situat \u00een Cartierul M\u0103n\u0103stur, Zona Mehedin\u021bi. Cu o suprafat\u0103 util\u0103 de 53 mp, este ideal pentru investi\u021bie sau locuin\u021b\u0103, av\u00e2nd \u00een apropiere zone verzi, locuri de joac\u0103, supermarketuri, \u0219coli \u0219i transport \u00een comun. Amplasat la etajul 6 din 10, apartamentul dispune de buc\u0103t\u0103rie, baie, balcon, central\u0103 termic\u0103 proprie \u0219i se vinde par\u021bial mobilat \u0219i utilat. Dotat cu lift \u0219i interfon.<\/p>\n","protected":false},"author":8,"featured_media":3733,"comment_status":"open","ping_status":"open","sticky":false,"template":"","format":"standard","meta":{"footnotes":""},"categories":[50,48,47],"tags":[62,74,65,91,68,153,123,70],"class_list":["post-3734","post","type-post","status-publish","format-standard","has-post-thumbnail","hentry","category-apartamente-de-vanzare-in-cluj-napoca","category-oferte-imobiliare-in-cluj-napoca","category-oferte","tag-2-camere","tag-balcon","tag-centrala-termica","tag-cluj-napoca","tag-decomandat","tag-etaj-6-10","tag-manastur","tag-parchet"],"_links":{"self":[{"href":"https:\/\/propertybook.ro\/blog\/wp-json\/wp\/v2\/posts\/3734","targetHints":{"allow":["GET"]}}],"collection":[{"href":"https:\/\/propertybook.ro\/blog\/wp-json\/wp\/v2\/posts"}],"about":[{"href":"https:\/\/propertybook.ro\/blog\/wp-json\/wp\/v2\/types\/post"}],"author":[{"embeddable":true,"href":"https:\/\/propertybook.ro\/blog\/wp-json\/wp\/v2\/users\/8"}],"replies":[{"embeddable":true,"href":"https:\/\/propertybook.ro\/blog\/wp-json\/wp\/v2\/comments?post=3734"}],"version-history":[{"count":0,"href":"https:\/\/propertybook.ro\/blog\/wp-json\/wp\/v2\/posts\/3734\/revisions"}],"wp:featuredmedia":[{"embeddable":true,"href":"https:\/\/propertybook.ro\/blog\/wp-json\/wp\/v2\/media\/3733"}],"wp:attachment":[{"href":"https:\/\/propertybook.ro\/blog\/wp-json\/wp\/v2\/media?parent=3734"}],"wp:term":[{"taxonomy":"category","embeddable":true,"href":"https:\/\/propertybook.ro\/blog\/wp-json\/wp\/v2\/categories?post=3734"},{"taxonomy":"post_tag","embeddable":true,"href":"https:\/\/propertybook.ro\/blog\/wp-json\/wp\/v2\/tags?post=3734"}],"curies":[{"name":"wp","href":"https:\/\/api.w.org\/{rel}","templated":true}]}}