{"id":3748,"date":"2025-01-09T17:43:11","date_gmt":"2025-01-09T15:43:11","guid":{"rendered":"https:\/\/propertybook.ro\/blog\/aplica-ti-visul-apartament-decomandat-cu-3-camere-in-zona-linistita-a-cartierului-manastur-cluj-napoca\/"},"modified":"2025-01-09T17:43:11","modified_gmt":"2025-01-09T15:43:11","slug":"aplica-ti-visul-apartament-decomandat-cu-3-camere-in-zona-linistita-a-cartierului-manastur-cluj-napoca","status":"publish","type":"post","link":"https:\/\/propertybook.ro\/blog\/aplica-ti-visul-apartament-decomandat-cu-3-camere-in-zona-linistita-a-cartierului-manastur-cluj-napoca\/","title":{"rendered":"Aplic\u0103-\u021bi visul! Apartament decomandat cu 3 camere \u00een zona lini\u0219tit\u0103 a cartierului M\u0103n\u0103\u0219tur, Cluj-Napoca"},"content":{"rendered":"\n<!-- ngfb content-buttons begin -->\n<!-- generated on 2026-04-30T07:38:29+00:00 -->\n<div class=\"ngfb-content-buttons\">\n<div class=\"ngfb-buttons en_US\">\n<!-- Email Button --><div class=\"css-button email-button\">\n  <a href=\"mailto:?subject=Share:%20Aplic%C4%83-%C8%9Bi%20visul%21%20Apartament%20decomandat%20cu%203%20camere%20%C3%AEn%20zona%20lini%C8%99tit%C4%83%20a%20cartierului%20M%C4%83n%C4%83%C8%99tur%2C%20Cluj-Napoca&body=Cluj-Napoca%2C%20M%C4%83n%C4%83%C8%99tur%20-%20Apartament%20cu%203%20camere%20decomandate%20de%20v%C3%A2nzare%20%C3%AEn%20cartierul%20M%C4%83n%C4%83%C8%99tur%2C%20Cluj-Napoca.%20Situat%20la%20etajul%202%20al%20unui%20imobil%20cu%208%20etaje%2C%20are%20o%20suprafa%C8%9B%C4%83%20util%C4%83%20de%2076%20mp%2C%202%20b%C4%83i%2C%203%20balcoane%20%C8%99i%20finisaje%20clasice.%20Beneficiaz%C4%83%20de%20central%C4%83%20termic%C4%83%20proprie%20%C8%99i%20se%20afl%C4%83%20%C3%AEntr-o%20zon%C4%83%20lini%C8%99tit%C4%83%2C%20cu%20acces%20rapid%20la%20puncte%20de%20interes%20precum%20s%C4%83li%20de%20fitness%20%C8%99i%20centre%20comerciale.%0D%0A%0D%0AShared%20from%20https:\/\/propertybook.ro\/blog\/aplica-ti-visul-apartament-decomandat-cu-3-camere-in-zona-linistita-a-cartierului-manastur-cluj-napoca\/%0D%0A\">\n    <span class=\"ngfb-icon\">\n      <svg xmlns=\"http:\/\/www.w3.org\/2000\/svg\" width=\"9\" height=\"9\" viewBox=\"0 0 28 28\">\n        <path d=\"M20.11 26.147c-2.335 1.05-4.36 1.4-7.124 1.4C6.524 27.548.84 22.916.84 15.284.84 7.343 6.602.45 15.4.45c6.854 0 11.8 4.7 11.8 11.252 0 5.684-3.193 9.265-7.398 9.3-1.83 0-3.153-.934-3.347-2.997h-.077c-1.208 1.986-2.96 2.997-5.023 2.997-2.532 0-4.36-1.868-4.36-5.062 0-4.75 3.503-9.07 9.11-9.07 1.713 0 3.7.4 4.6.972l-1.17 7.203c-.387 2.298-.115 3.3 1 3.4 1.674 0 3.774-2.102 3.774-6.58 0-5.06-3.27-8.994-9.304-8.994C9.05 2.87 3.83 7.545 3.83 14.97c0 6.5 4.2 10.2 10 10.202 1.987 0 4.09-.43 5.647-1.245l.634 2.22zM16.647 10.1c-.31-.078-.7-.155-1.207-.155-2.572 0-4.596 2.53-4.596 5.53 0 1.5.7 2.4 1.9 2.4 1.44 0 2.96-1.83 3.31-4.088l.592-3.72z\" \/>\n      <\/svg>\n    <\/span>\n    <span class=\"ngfb-text\"><\/span>\n  <\/a>\n<\/div><\/div><!-- .ngfb-buttons.en_US -->\n<\/div><!-- .ngfb-content-buttons -->\n<!-- ngfb content-buttons end -->\n\n\n<!-- ngfb schema image for pinterest pin it button -->\n<div class=\"ngfb-schema-image-for-pinterest\" style=\"display:none;\">\n<img loading=\"lazy\" decoding=\"async\" src=\"https:\/\/propertybook.ro\/blog\/wp-content\/uploads\/2025\/01\/145906.webp\" width=\"0\" height=\"0\" style=\"width:0;height:0;\" data-pin-description=\"Cluj-Napoca, M\u0103n\u0103\u0219tur - Apartament cu 3 camere decomandate de v&acirc;nzare &icirc;n cartierul M\u0103n\u0103\u0219tur, Cluj-Napoca. Situat la etajul 2 al unui imobil cu 8 etaje, are o suprafa\u021b\u0103 util\u0103 de 76 mp, 2 b\u0103i, 3 balcoane \u0219i finisaje clasice. Beneficiaz\u0103 de central\u0103 termic\u0103 proprie \u0219i se afl\u0103 &icirc;ntr-o zon\u0103 lini\u0219tit\u0103...\" alt=\"\"\/>\n<\/div><!-- .ngfb-schema-image-for-pinterest -->\n\n<figure class=\"wp-block-image size-large\"><img decoding=\"async\" src=\"https:\/\/cdn.propertybook.ro\/napoca_imobiliare\/145906.webp\" alt=\"\" \/><\/figure>\n<ul>\n<li><a href=\"\/cluj-napoca\/\">Imobiliare Cluj-Napoca<\/a><\/li>\n<li><a href=\"\/cluj-napoca\/apartamente-vanzare\/\">Apartamente de vanzare Cluj-Napoca<\/a><\/li>\n<li><a href=\"\/cluj-napoca\/apartamente-vanzare\/3-camere\/\">Apartamente cu 3 camere de vanzare Cluj-Napoca<\/a><\/li>\n<li><a href=\"\/cluj-napoca\/apartamente-vanzare\/manastur\/3-camere\/\">Apartamente cu 3 camere de vanzare M\u0103n\u0103\u0219tur, Cluj-Napoca<\/a><\/li>\n<\/ul>\n<p><a href=\"\/cluj-napoca\/imobiliare-25-145906-se-vinde-apartament-3-camere-in-manastur\/\" class=\"pb-listing-action\">Detaliile proprietatii<\/a><\/p>\n<p><h2 class=\"wp-block-heading\">Descoper\u0103 Comfortul unui Apartament cu 3 Camere \u00een Zona Calvaria, Cluj-Napoca<\/h2>\n<p>Dac\u0103 e\u0219ti \u00een c\u0103utarea unui nou acas\u0103 \u00een inima Clujului, te invit\u0103m s\u0103 explorezi aceast\u0103 oportunitate unic\u0103: un apartament cu 3 camere, situat \u00een cartierul Manastur, \u00een zona linistit\u0103 \u0219i pitoreasc\u0103 a Calvariei.<\/p>\n<p>#<\/p>\n<h2 class=\"wp-block-heading\">Detalii despre proprietate<\/h2>\n<p>Acest apartament generos, cu o suprafa\u021b\u0103 util\u0103 de 76 mp, se afl\u0103 la etajul 2 al unui imobil cu 8 etaje. Structura bine g\u00e2ndit\u0103 a locuin\u021bei \u00ee\u021bi ofer\u0103 3 camere decomandate, o buc\u0103t\u0103rie spa\u021bioas\u0103, 2 b\u0103i, un hol \u0219i o c\u0103mar\u0103, plus 3 balcoane (2 dintre ele fiind \u00eenchise).<\/p>\n<p>#<\/p>\n<h2 class=\"wp-block-heading\">Confort \u0219i Func\u021bionalitate<\/h2>\n<p>Unul dintre cele mai atr\u0103g\u0103toare aspecte ale acestui apartament sunt finisajele clasice, care adaug\u0103 un farmec aparte. Pardoseala cu parchet laminat confer\u0103 un aspect modern \u0219i c\u0103lduros, iar pere\u021bii vopsi\u021bi cu lavabil\u0103 asigur\u0103 un ambient pl\u0103cut \u0219i curat. \u00cen b\u0103i \u0219i \u00een buc\u0103t\u0103rie, g\u0103se\u0219ti gresie \u0219i faian\u021b\u0103, care sunt nu doar estetice, ci \u0219i u\u0219or de \u00eentre\u021binut.<\/p>\n<p>Feroneria din PVC pentru feronerie este un alt avantaj important, asigur\u00e2nd at\u00e2t izola\u021bia fonic\u0103, c\u00e2t \u0219i pe cea termic\u0103. U\u0219ile interioare din lemn completeaz\u0103 imaginea unei locuin\u021be ce \u00eembin\u0103 confortul cu elegan\u021ba.<\/p>\n<p>#<\/p>\n<h2 class=\"wp-block-heading\">Confort Termic<\/h2>\n<p>\u00cen ceea ce prive\u0219te confortul termic, apartamentul este dotat cu central\u0103 termic\u0103 proprie, care \u00ee\u021bi va oferi confortul necesar \u00een sezonul rece. Astfel, \u00ee\u021bi po\u021bi controla eficient temperatura din locuin\u021b\u0103, asigur\u00e2ndu-te c\u0103 tu \u0219i familia voastr\u0103 v\u0103 sim\u021bi\u021bi \u00een permanen\u021b\u0103 bine.<\/p>\n<p>#<\/p>\n<h2 class=\"wp-block-heading\">Loca\u021bie Ideal\u0103<\/h2>\n<p>Un alt punct forte al acestei propriet\u0103\u021bi este loca\u021bia sa strategic\u0103. Situat \u00eentr-o zon\u0103 retras\u0103 \u0219i lini\u0219tit\u0103, apartamentul beneficiaz\u0103 totodat\u0103 de un acces rapid la principalele artere ale ora\u0219ului. \u00cen imediata apropiere, vei g\u0103si s\u0103li de fitness, centre comerciale, \u0219coli \u0219i spa\u021bii verzi, ceea ce face ca via\u021ba de zi cu zi s\u0103 fie mult mai pl\u0103cut\u0103 \u0219i convenabil\u0103.<\/p>\n<p><h2 class=\"wp-block-heading\">\u00cencheiere<\/h2>\n<p>Acest apartament cu 3 camere din zona Calvaria reprezint\u0103 o alegere excelent\u0103 pentru cei care caut\u0103 un c\u0103min confortabil \u0219i bine situat \u00een Cluj-Napoca. Fie c\u0103 este vorba despre o familie care \u00ee\u0219i dore\u0219te mai mult spa\u021biu sau un cuplu care apreciaz\u0103 confortul \u0219i accesibilitatea, acesta este locul perfect pentru a \u00eencepe un nou capitol.<\/p>\n<p>Dac\u0103 te-ai \u00eendr\u0103gostit de aceast\u0103 proprietate, nu ezita s\u0103 programezi o vizionare. Vei fi cu siguran\u021b\u0103 impresionat de ce are de oferit!<\/p>\n<p><a href=\"\/cluj-napoca\/imobiliare-25-145906-se-vinde-apartament-3-camere-in-manastur\/\" class=\"pb-listing-action\">Stabileste o vizionare<\/a><\/p>\n<ul>\n<li><a href=\"\/cluj-napoca\/\">Imobiliare Cluj-Napoca<\/a><\/li>\n<li><a href=\"\/cluj-napoca\/apartamente-vanzare\/\">Apartamente de vanzare Cluj-Napoca<\/a><\/li>\n<li><a href=\"\/cluj-napoca\/apartamente-vanzare\/3-camere\/\">Apartamente cu 3 camere de vanzare Cluj-Napoca<\/a><\/li>\n<li><a href=\"\/cluj-napoca\/apartamente-vanzare\/manastur\/3-camere\/\">Apartamente cu 3 camere de vanzare M\u0103n\u0103\u0219tur, Cluj-Napoca<\/a><\/li>\n<\/ul>\n\n<!-- ngfb content-buttons begin -->\n<!-- generated on 2026-04-30T07:38:29+00:00 -->\n<div class=\"ngfb-content-buttons\">\n<div class=\"ngfb-buttons en_US\">\n<!-- Email Button --><div class=\"css-button email-button\">\n  <a href=\"mailto:?subject=Share:%20Aplic%C4%83-%C8%9Bi%20visul%21%20Apartament%20decomandat%20cu%203%20camere%20%C3%AEn%20zona%20lini%C8%99tit%C4%83%20a%20cartierului%20M%C4%83n%C4%83%C8%99tur%2C%20Cluj-Napoca&body=Cluj-Napoca%2C%20M%C4%83n%C4%83%C8%99tur%20-%20Apartament%20cu%203%20camere%20decomandate%20de%20v%C3%A2nzare%20%C3%AEn%20cartierul%20M%C4%83n%C4%83%C8%99tur%2C%20Cluj-Napoca.%20Situat%20la%20etajul%202%20al%20unui%20imobil%20cu%208%20etaje%2C%20are%20o%20suprafa%C8%9B%C4%83%20util%C4%83%20de%2076%20mp%2C%202%20b%C4%83i%2C%203%20balcoane%20%C8%99i%20finisaje%20clasice.%20Beneficiaz%C4%83%20de%20central%C4%83%20termic%C4%83%20proprie%20%C8%99i%20se%20afl%C4%83%20%C3%AEntr-o%20zon%C4%83%20lini%C8%99tit%C4%83%2C%20cu%20acces%20rapid%20la%20puncte%20de%20interes%20precum%20s%C4%83li%20de%20fitness%20%C8%99i%20centre%20comerciale.%0D%0A%0D%0AShared%20from%20https:\/\/propertybook.ro\/blog\/aplica-ti-visul-apartament-decomandat-cu-3-camere-in-zona-linistita-a-cartierului-manastur-cluj-napoca\/%0D%0A\">\n    <span class=\"ngfb-icon\">\n      <svg xmlns=\"http:\/\/www.w3.org\/2000\/svg\" width=\"9\" height=\"9\" viewBox=\"0 0 28 28\">\n        <path d=\"M20.11 26.147c-2.335 1.05-4.36 1.4-7.124 1.4C6.524 27.548.84 22.916.84 15.284.84 7.343 6.602.45 15.4.45c6.854 0 11.8 4.7 11.8 11.252 0 5.684-3.193 9.265-7.398 9.3-1.83 0-3.153-.934-3.347-2.997h-.077c-1.208 1.986-2.96 2.997-5.023 2.997-2.532 0-4.36-1.868-4.36-5.062 0-4.75 3.503-9.07 9.11-9.07 1.713 0 3.7.4 4.6.972l-1.17 7.203c-.387 2.298-.115 3.3 1 3.4 1.674 0 3.774-2.102 3.774-6.58 0-5.06-3.27-8.994-9.304-8.994C9.05 2.87 3.83 7.545 3.83 14.97c0 6.5 4.2 10.2 10 10.202 1.987 0 4.09-.43 5.647-1.245l.634 2.22zM16.647 10.1c-.31-.078-.7-.155-1.207-.155-2.572 0-4.596 2.53-4.596 5.53 0 1.5.7 2.4 1.9 2.4 1.44 0 2.96-1.83 3.31-4.088l.592-3.72z\" \/>\n      <\/svg>\n    <\/span>\n    <span class=\"ngfb-text\"><\/span>\n  <\/a>\n<\/div><\/div><!-- .ngfb-buttons.en_US -->\n<\/div><!-- .ngfb-content-buttons -->\n<!-- ngfb content-buttons end -->\n\n","protected":false},"excerpt":{"rendered":"<p>Cluj-Napoca, M\u0103n\u0103\u0219tur &#8211; Apartament cu 3 camere decomandate de v\u00e2nzare \u00een cartierul M\u0103n\u0103\u0219tur, Cluj-Napoca. Situat la etajul 2 al unui imobil cu 8 etaje, are o suprafa\u021b\u0103 util\u0103 de 76 mp, 2 b\u0103i, 3 balcoane \u0219i finisaje clasice. Beneficiaz\u0103 de central\u0103 termic\u0103 proprie \u0219i se afl\u0103 \u00eentr-o zon\u0103 lini\u0219tit\u0103, cu acces rapid la puncte de interes precum s\u0103li de fitness \u0219i centre comerciale.<\/p>\n","protected":false},"author":8,"featured_media":3747,"comment_status":"open","ping_status":"open","sticky":false,"template":"","format":"standard","meta":{"footnotes":""},"categories":[50,48,47],"tags":[239,55,65,91,68,158,123,70],"class_list":["post-3748","post","type-post","status-publish","format-standard","has-post-thumbnail","hentry","category-apartamente-de-vanzare-in-cluj-napoca","category-oferte-imobiliare-in-cluj-napoca","category-oferte","tag-3-balcoane","tag-3-camere","tag-centrala-termica","tag-cluj-napoca","tag-decomandat","tag-etaj-2-8","tag-manastur","tag-parchet"],"_links":{"self":[{"href":"https:\/\/propertybook.ro\/blog\/wp-json\/wp\/v2\/posts\/3748","targetHints":{"allow":["GET"]}}],"collection":[{"href":"https:\/\/propertybook.ro\/blog\/wp-json\/wp\/v2\/posts"}],"about":[{"href":"https:\/\/propertybook.ro\/blog\/wp-json\/wp\/v2\/types\/post"}],"author":[{"embeddable":true,"href":"https:\/\/propertybook.ro\/blog\/wp-json\/wp\/v2\/users\/8"}],"replies":[{"embeddable":true,"href":"https:\/\/propertybook.ro\/blog\/wp-json\/wp\/v2\/comments?post=3748"}],"version-history":[{"count":0,"href":"https:\/\/propertybook.ro\/blog\/wp-json\/wp\/v2\/posts\/3748\/revisions"}],"wp:featuredmedia":[{"embeddable":true,"href":"https:\/\/propertybook.ro\/blog\/wp-json\/wp\/v2\/media\/3747"}],"wp:attachment":[{"href":"https:\/\/propertybook.ro\/blog\/wp-json\/wp\/v2\/media?parent=3748"}],"wp:term":[{"taxonomy":"category","embeddable":true,"href":"https:\/\/propertybook.ro\/blog\/wp-json\/wp\/v2\/categories?post=3748"},{"taxonomy":"post_tag","embeddable":true,"href":"https:\/\/propertybook.ro\/blog\/wp-json\/wp\/v2\/tags?post=3748"}],"curies":[{"name":"wp","href":"https:\/\/api.w.org\/{rel}","templated":true}]}}