{"id":3771,"date":"2025-01-13T13:44:01","date_gmt":"2025-01-13T11:44:01","guid":{"rendered":"https:\/\/propertybook.ro\/blog\/vila-deosebita-cu-arhitectura-clasica-ideala-pentru-doua-familii-in-apropierea-parcului-popa-soare\/"},"modified":"2025-01-13T13:44:01","modified_gmt":"2025-01-13T11:44:01","slug":"vila-deosebita-cu-arhitectura-clasica-ideala-pentru-doua-familii-in-apropierea-parcului-popa-soare","status":"publish","type":"post","link":"https:\/\/propertybook.ro\/blog\/vila-deosebita-cu-arhitectura-clasica-ideala-pentru-doua-familii-in-apropierea-parcului-popa-soare\/","title":{"rendered":"Vila deosebit\u0103 cu arhitectur\u0103 clasic\u0103, ideal\u0103 pentru dou\u0103 familii, \u00een apropierea Parcului Popa Soare"},"content":{"rendered":"\n<!-- ngfb content-buttons begin -->\n<!-- generated on 2026-04-27T08:46:21+00:00 -->\n<div class=\"ngfb-content-buttons\">\n<div class=\"ngfb-buttons en_US\">\n<!-- Email Button --><div class=\"css-button email-button\">\n  <a href=\"mailto:?subject=Share:%20Vila%20deosebit%C4%83%20cu%20arhitectur%C4%83%20clasic%C4%83%2C%20ideal%C4%83%20pentru%20dou%C4%83%20familii%2C%20%C3%AEn%20apropierea%20Parcului%20Popa%20Soare&body=Bucure%C8%99ti%20-%20Vila%20superb%C4%83%2C%20proiectat%C4%83%20de%20arhitectul%20Octav%20Doicescu%20%C3%AEn%201936%2C%20se%20afl%C4%83%20pe%20un%20teren%20de%20568%20mp.%20Dispune%20de%20D%2BP%2B1%2BM%2C%20av%C3%A2nd%20dou%C4%83%20unit%C4%83%C8%9Bi%20locative%20separate%2C%20cu%20livinguri%20spa%C8%9Bioase%2C%20dormitoare%2C%20b%C4%83i%20%C8%99i%20terase.%20La%20subsol%2C%20se%20g%C4%83se%C8%99te%20o%20cram%C4%83%20de%2094%20mp.%20Necesit%C4%83%20renovare%2C%20p%C4%83str%C3%A2nd%20elemente%20classic%20de%20decor.%20Aproape%20de%20Parcul%20Popa%20Soare%20%C8%99i%20alte%20institu%C8%9Bii%20culturale.%20Vizionarea%20se%20face%20pe%20baz%C4%83%20de%20acord%20prealabil.%0D%0A%0D%0AShared%20from%20https:\/\/propertybook.ro\/blog\/vila-deosebita-cu-arhitectura-clasica-ideala-pentru-doua-familii-in-apropierea-parcului-popa-soare\/%0D%0A\">\n    <span class=\"ngfb-icon\">\n      <svg xmlns=\"http:\/\/www.w3.org\/2000\/svg\" width=\"9\" height=\"9\" viewBox=\"0 0 28 28\">\n        <path d=\"M20.11 26.147c-2.335 1.05-4.36 1.4-7.124 1.4C6.524 27.548.84 22.916.84 15.284.84 7.343 6.602.45 15.4.45c6.854 0 11.8 4.7 11.8 11.252 0 5.684-3.193 9.265-7.398 9.3-1.83 0-3.153-.934-3.347-2.997h-.077c-1.208 1.986-2.96 2.997-5.023 2.997-2.532 0-4.36-1.868-4.36-5.062 0-4.75 3.503-9.07 9.11-9.07 1.713 0 3.7.4 4.6.972l-1.17 7.203c-.387 2.298-.115 3.3 1 3.4 1.674 0 3.774-2.102 3.774-6.58 0-5.06-3.27-8.994-9.304-8.994C9.05 2.87 3.83 7.545 3.83 14.97c0 6.5 4.2 10.2 10 10.202 1.987 0 4.09-.43 5.647-1.245l.634 2.22zM16.647 10.1c-.31-.078-.7-.155-1.207-.155-2.572 0-4.596 2.53-4.596 5.53 0 1.5.7 2.4 1.9 2.4 1.44 0 2.96-1.83 3.31-4.088l.592-3.72z\" \/>\n      <\/svg>\n    <\/span>\n    <span class=\"ngfb-text\"><\/span>\n  <\/a>\n<\/div><\/div><!-- .ngfb-buttons.en_US -->\n<\/div><!-- .ngfb-content-buttons -->\n<!-- ngfb content-buttons end -->\n\n\n<!-- ngfb schema image for pinterest pin it button -->\n<div class=\"ngfb-schema-image-for-pinterest\" style=\"display:none;\">\n<img loading=\"lazy\" decoding=\"async\" src=\"https:\/\/propertybook.ro\/blog\/wp-content\/uploads\/2025\/01\/22000668.webp\" width=\"0\" height=\"0\" style=\"width:0;height:0;\" data-pin-description=\"Bucure\u0219ti - Vila superb\u0103, proiectat\u0103 de arhitectul Octav Doicescu &icirc;n 1936, se afl\u0103 pe un teren de 568 mp. Dispune de D+P+1+M, av&acirc;nd dou\u0103 unit\u0103\u021bi locative separate, cu livinguri spa\u021bioase, dormitoare, b\u0103i \u0219i terase. La subsol, se g\u0103se\u0219te o cram\u0103 de 94 mp. Necesit\u0103 renovare, p\u0103str&acirc;nd elemente...\" alt=\"\"\/>\n<\/div><!-- .ngfb-schema-image-for-pinterest -->\n\n<figure class=\"wp-block-image size-large\"><img decoding=\"async\" src=\"https:\/\/cdn.propertybook.ro\/svn_residentialist\/22000668.webp\" alt=\"\" \/><\/figure>\n<ul>\n<li><a href=\"\/bucuresti\/\">Imobiliare Bucure\u0219ti<\/a><\/li>\n<li><a href=\"\/bucuresti\/case-vanzare\/8-camere\/\">Case cu 8 camere de vanzare Bucure\u0219ti<\/a><\/li>\n<\/ul>\n<p><a href=\"\/bucuresti\/imobiliare-163-22000668-de-vanzare-casa-8-camere-in-sector-1-zona-universitate-s1-\/\" class=\"pb-listing-action\">Detaliile proprietatii<\/a><\/p>\n<p><h2 class=\"wp-block-heading\">O Bijuterie Arhitectural\u0103 \u00een Inima Bucure\u0219tiului: O Vil\u0103 cu Istorie \u0219i Poten\u021bial<\/h2>\n<p>Situat\u0103 \u00eentr-o zon\u0103 deosebit\u0103 din Bucure\u0219ti, aceast\u0103 vil\u0103 impresionant\u0103, construit\u0103 \u00een 1936, reprezint\u0103 o adev\u0103rat\u0103 comoar\u0103 arhitectural\u0103. Proiectat\u0103 de renumitul arhitect Octav Doicescu, cunoscut pentru contribu\u021biile sale la bogata mo\u0219tenire arhitectural\u0103 a Rom\u00e2niei, vila \u00eembin\u0103 elemente clasice cu un poten\u021bial imens de renovare \u0219i modernizare.<\/p>\n<p><h2 class=\"wp-block-heading\">Caracteristici Generale<\/h2>\n<p>Vila este amplasat\u0103 pe un teren generos de 568 mp \u0219i se desf\u0103\u0219oar\u0103 pe patru niveluri: demisol, parter, etaj \u0219i mansard\u0103. Aceast\u0103 structur\u0103 bine g\u00e2ndit\u0103 a fost conceput\u0103 pentru a g\u0103zdui dou\u0103 familii, fiecare av\u00e2nd acces la propriul spa\u021biu de locuit. Cu o suprafa\u021b\u0103 total\u0103 de aproximativ 140 mp pe fiecare nivel, imobilul ofer\u0103 un ambient generos \u0219i confortabil.<\/p>\n<p><h2 class=\"wp-block-heading\">Spa\u021bii Interioare<\/h2>\n<p>Fiecare etaj al vilei este compartimentat cu un living extrem de spa\u021bios, care include dou\u0103 camere cu o suprafa\u021b\u0103 total\u0103 de 50 mp. De asemenea, vila dispune de trei dormitoare, dou\u0103 b\u0103i, o buc\u0103t\u0103rie \u0219i diverse spa\u021bii de depozitare. Terasele de la parter, cu dimensiuni de 17, 7 \u0219i 8 mp, precum \u0219i terasa de la etaj, de 8 mp, ofer\u0103 locuri ideale pentru relaxare \u0219i convivialitate.<\/p>\n<p>Un element deosebit al acestei propriet\u0103\u021bi este crama de la demisol, cu o suprafa\u021b\u0103 util\u0103 de 94 mp \u0219i o \u00een\u0103l\u021bime de 4 m, ce poate fi adaptat\u0103 pentru diverse func\u021bionalit\u0103\u021bi.<\/p>\n<p><h2 class=\"wp-block-heading\">Detalii Tehnice<\/h2>\n<p>Vila este dotat\u0103 cu un sistem de \u00eenc\u0103lzire prev\u0103zut ini\u021bial cu central\u0103 pe c\u0103rbuni, care a fost ulterior adaptat pentru gaze naturale, asigur\u00e2nd astfel un confort termic optim. Structura sa din beton armat garanteaz\u0103 durabilitate \u0219i siguran\u021b\u0103, oferind \u00een acela\u0219i timp posibilitatea de a moderniza interiorul conform preferin\u021belor actuale.<\/p>\n<p><h2 class=\"wp-block-heading\">Elementele de Mare Valorare<\/h2>\n<p>Un alt aspect impresionant al vilei este conservarea detaliilor arhitecturale originale, inclusiv geamurile cu deschidere glisant\u0103, care adaug\u0103 un farmec aparte locuin\u021bei. Aceste elemente clasice sunt o dovad\u0103 a istoriei \u0219i mo\u0219tenirii culturale a Rom\u00e2niei \u0219i pot fi integrate armonios \u00een conceptele de design contemporan.<\/p>\n<p><h2 class=\"wp-block-heading\">Loca\u021bie Privilegiat\u0103<\/h2>\n<p>Vila se afl\u0103 \u00een imediata vecin\u0103tate a unor obiective importante, precum Parcul Popa Soare, Colegiul Na\u021bional Spiru Haret \u0219i Teatrul Na\u021bional Bucure\u0219ti. Aceast\u0103 zon\u0103 nu numai c\u0103 ofer\u0103 acces rapid la diverse facilit\u0103\u021bi de \u00eenv\u0103\u021b\u0103m\u00e2nt \u0219i recreere, dar \u0219i la o palet\u0103 variat\u0103 de op\u021biuni culturale \u0219i de divertisment.<\/p>\n<h2 class=\"wp-block-heading\">Concluzie<\/h2>\n<p>Aceast\u0103 vil\u0103 nu este doar o simpl\u0103 proprietate; este o oportunitate rar\u0103 de a de\u021bine o pies\u0103 de istorie arhitectural\u0103 rom\u00e2neasc\u0103, care a\u0219teapt\u0103 s\u0103 fie readus\u0103 la via\u021b\u0103. Cu un pic de imagina\u021bie \u0219i viziune, acest imobil poate deveni o adev\u0103rat\u0103 oaz\u0103 de confort \u0219i elegan\u021b\u0103, p\u0103str\u00e2nd \u00een acela\u0219i timp esen\u021ba stilului s\u0103u original. Dac\u0103 sunte\u021bi \u00een c\u0103utarea unei propriet\u0103\u021bi cu caracter \u0219i istorie, aceast\u0103 vil\u0103 merit\u0103 s\u0103 fie pe lista dumneavoastr\u0103 de vizitat!<\/p>\n<p><a href=\"\/bucuresti\/imobiliare-163-22000668-de-vanzare-casa-8-camere-in-sector-1-zona-universitate-s1-\/\" class=\"pb-listing-action\">Stabileste o vizionare<\/a><\/p>\n<ul>\n<li><a href=\"\/bucuresti\/\">Imobiliare Bucure\u0219ti<\/a><\/li>\n<li><a href=\"\/bucuresti\/case-vanzare\/8-camere\/\">Case cu 8 camere de vanzare Bucure\u0219ti<\/a><\/li>\n<\/ul>\n\n<!-- ngfb content-buttons begin -->\n<!-- generated on 2026-04-27T08:46:21+00:00 -->\n<div class=\"ngfb-content-buttons\">\n<div class=\"ngfb-buttons en_US\">\n<!-- Email Button --><div class=\"css-button email-button\">\n  <a href=\"mailto:?subject=Share:%20Vila%20deosebit%C4%83%20cu%20arhitectur%C4%83%20clasic%C4%83%2C%20ideal%C4%83%20pentru%20dou%C4%83%20familii%2C%20%C3%AEn%20apropierea%20Parcului%20Popa%20Soare&body=Bucure%C8%99ti%20-%20Vila%20superb%C4%83%2C%20proiectat%C4%83%20de%20arhitectul%20Octav%20Doicescu%20%C3%AEn%201936%2C%20se%20afl%C4%83%20pe%20un%20teren%20de%20568%20mp.%20Dispune%20de%20D%2BP%2B1%2BM%2C%20av%C3%A2nd%20dou%C4%83%20unit%C4%83%C8%9Bi%20locative%20separate%2C%20cu%20livinguri%20spa%C8%9Bioase%2C%20dormitoare%2C%20b%C4%83i%20%C8%99i%20terase.%20La%20subsol%2C%20se%20g%C4%83se%C8%99te%20o%20cram%C4%83%20de%2094%20mp.%20Necesit%C4%83%20renovare%2C%20p%C4%83str%C3%A2nd%20elemente%20classic%20de%20decor.%20Aproape%20de%20Parcul%20Popa%20Soare%20%C8%99i%20alte%20institu%C8%9Bii%20culturale.%20Vizionarea%20se%20face%20pe%20baz%C4%83%20de%20acord%20prealabil.%0D%0A%0D%0AShared%20from%20https:\/\/propertybook.ro\/blog\/vila-deosebita-cu-arhitectura-clasica-ideala-pentru-doua-familii-in-apropierea-parcului-popa-soare\/%0D%0A\">\n    <span class=\"ngfb-icon\">\n      <svg xmlns=\"http:\/\/www.w3.org\/2000\/svg\" width=\"9\" height=\"9\" viewBox=\"0 0 28 28\">\n        <path d=\"M20.11 26.147c-2.335 1.05-4.36 1.4-7.124 1.4C6.524 27.548.84 22.916.84 15.284.84 7.343 6.602.45 15.4.45c6.854 0 11.8 4.7 11.8 11.252 0 5.684-3.193 9.265-7.398 9.3-1.83 0-3.153-.934-3.347-2.997h-.077c-1.208 1.986-2.96 2.997-5.023 2.997-2.532 0-4.36-1.868-4.36-5.062 0-4.75 3.503-9.07 9.11-9.07 1.713 0 3.7.4 4.6.972l-1.17 7.203c-.387 2.298-.115 3.3 1 3.4 1.674 0 3.774-2.102 3.774-6.58 0-5.06-3.27-8.994-9.304-8.994C9.05 2.87 3.83 7.545 3.83 14.97c0 6.5 4.2 10.2 10 10.202 1.987 0 4.09-.43 5.647-1.245l.634 2.22zM16.647 10.1c-.31-.078-.7-.155-1.207-.155-2.572 0-4.596 2.53-4.596 5.53 0 1.5.7 2.4 1.9 2.4 1.44 0 2.96-1.83 3.31-4.088l.592-3.72z\" \/>\n      <\/svg>\n    <\/span>\n    <span class=\"ngfb-text\"><\/span>\n  <\/a>\n<\/div><\/div><!-- .ngfb-buttons.en_US -->\n<\/div><!-- .ngfb-content-buttons -->\n<!-- ngfb content-buttons end -->\n\n","protected":false},"excerpt":{"rendered":"<p>Bucure\u0219ti &#8211; Vila superb\u0103, proiectat\u0103 de arhitectul Octav Doicescu \u00een 1936, se afl\u0103 pe un teren de 568 mp. Dispune de D+P+1+M, av\u00e2nd dou\u0103 unit\u0103\u021bi locative separate, cu livinguri spa\u021bioase, dormitoare, b\u0103i \u0219i terase. La subsol, se g\u0103se\u0219te o cram\u0103 de 94 mp. Necesit\u0103 renovare, p\u0103str\u00e2nd elemente classic de decor. Aproape de Parcul Popa Soare \u0219i alte institu\u021bii culturale. Vizionarea se face pe baz\u0103 de acord prealabil.<\/p>\n","protected":false},"author":8,"featured_media":3770,"comment_status":"open","ping_status":"open","sticky":false,"template":"","format":"standard","meta":{"footnotes":""},"categories":[49,53,47],"tags":[59,217,294,89,70],"class_list":["post-3771","post","type-post","status-publish","format-standard","has-post-thumbnail","hentry","category-oferte-imobiliare-bucuresti","category-case-de-vanzare-bucuresti","category-oferte","tag-2-balcoane","tag-8-camere","tag-an-const-1936","tag-bucuresti","tag-parchet"],"_links":{"self":[{"href":"https:\/\/propertybook.ro\/blog\/wp-json\/wp\/v2\/posts\/3771","targetHints":{"allow":["GET"]}}],"collection":[{"href":"https:\/\/propertybook.ro\/blog\/wp-json\/wp\/v2\/posts"}],"about":[{"href":"https:\/\/propertybook.ro\/blog\/wp-json\/wp\/v2\/types\/post"}],"author":[{"embeddable":true,"href":"https:\/\/propertybook.ro\/blog\/wp-json\/wp\/v2\/users\/8"}],"replies":[{"embeddable":true,"href":"https:\/\/propertybook.ro\/blog\/wp-json\/wp\/v2\/comments?post=3771"}],"version-history":[{"count":0,"href":"https:\/\/propertybook.ro\/blog\/wp-json\/wp\/v2\/posts\/3771\/revisions"}],"wp:featuredmedia":[{"embeddable":true,"href":"https:\/\/propertybook.ro\/blog\/wp-json\/wp\/v2\/media\/3770"}],"wp:attachment":[{"href":"https:\/\/propertybook.ro\/blog\/wp-json\/wp\/v2\/media?parent=3771"}],"wp:term":[{"taxonomy":"category","embeddable":true,"href":"https:\/\/propertybook.ro\/blog\/wp-json\/wp\/v2\/categories?post=3771"},{"taxonomy":"post_tag","embeddable":true,"href":"https:\/\/propertybook.ro\/blog\/wp-json\/wp\/v2\/tags?post=3771"}],"curies":[{"name":"wp","href":"https:\/\/api.w.org\/{rel}","templated":true}]}}