{"id":3777,"date":"2025-01-13T17:43:20","date_gmt":"2025-01-13T15:43:20","guid":{"rendered":"https:\/\/propertybook.ro\/blog\/modern-apartament-cu-3-camere-in-centrul-orasului-renovare-recenta-si-terasa-privata\/"},"modified":"2025-01-13T17:43:20","modified_gmt":"2025-01-13T15:43:20","slug":"modern-apartament-cu-3-camere-in-centrul-orasului-renovare-recenta-si-terasa-privata","status":"publish","type":"post","link":"https:\/\/propertybook.ro\/blog\/modern-apartament-cu-3-camere-in-centrul-orasului-renovare-recenta-si-terasa-privata\/","title":{"rendered":"Modern Apartament cu 3 Camere \u00een Centrul Ora\u0219ului &#8211; Renovare Recent\u0103 \u0219i Teras\u0103 Privat\u0103"},"content":{"rendered":"\n<!-- ngfb content-buttons begin -->\n<!-- generated on 2026-05-01T02:49:52+00:00 -->\n<div class=\"ngfb-content-buttons\">\n<div class=\"ngfb-buttons en_US\">\n<!-- Email Button --><div class=\"css-button email-button\">\n  <a href=\"mailto:?subject=Share:%20Modern%20Apartament%20cu%203%20Camere%20%C3%AEn%20Centrul%20Ora%C8%99ului%20%26%238211%3B%20Renovare%20Recent%C4%83%20%C8%99i%20Teras%C4%83%20Privat%C4%83&body=Cluj-Napoca%2C%20M%C4%83r%C4%83%C8%99ti%20-%20Apartament%20modern%20cu%203%20camere%2C%20recent%20renovat%2C%20situat%20%C3%AEn%20zona%20central%C4%83%2C%20pe%20strada%20Paris.%20Dispune%20de%20un%20living%20spa%C8%9Bios%2C%20buc%C4%83t%C4%83rie%20complet%20echipat%C4%83%20%C8%99i%20baie%20la%20primul%20etaj%2C%20iar%20etajul%20superior%20g%C4%83zduie%C8%99te%20dou%C4%83%20dormitoare%20decomandate%2C%20fiecare%20cu%20acces%20la%20teras%C4%83%2C%20%C8%99i%20o%20baie%20elegant%C4%83.%20Proprietatea%20include%20loc%20de%20parcare%20subteran%20%C8%99i%20box%C4%83%20de%20depozitare%2C%20fiind%20liber%20de%20sarcini%20%C8%99i%20disponibil%20imediat.%20Filmare%20video%20disponibil%C4%83%20la%20cerere.%0D%0A%0D%0AShared%20from%20https:\/\/propertybook.ro\/blog\/modern-apartament-cu-3-camere-in-centrul-orasului-renovare-recenta-si-terasa-privata\/%0D%0A\">\n    <span class=\"ngfb-icon\">\n      <svg xmlns=\"http:\/\/www.w3.org\/2000\/svg\" width=\"9\" height=\"9\" viewBox=\"0 0 28 28\">\n        <path d=\"M20.11 26.147c-2.335 1.05-4.36 1.4-7.124 1.4C6.524 27.548.84 22.916.84 15.284.84 7.343 6.602.45 15.4.45c6.854 0 11.8 4.7 11.8 11.252 0 5.684-3.193 9.265-7.398 9.3-1.83 0-3.153-.934-3.347-2.997h-.077c-1.208 1.986-2.96 2.997-5.023 2.997-2.532 0-4.36-1.868-4.36-5.062 0-4.75 3.503-9.07 9.11-9.07 1.713 0 3.7.4 4.6.972l-1.17 7.203c-.387 2.298-.115 3.3 1 3.4 1.674 0 3.774-2.102 3.774-6.58 0-5.06-3.27-8.994-9.304-8.994C9.05 2.87 3.83 7.545 3.83 14.97c0 6.5 4.2 10.2 10 10.202 1.987 0 4.09-.43 5.647-1.245l.634 2.22zM16.647 10.1c-.31-.078-.7-.155-1.207-.155-2.572 0-4.596 2.53-4.596 5.53 0 1.5.7 2.4 1.9 2.4 1.44 0 2.96-1.83 3.31-4.088l.592-3.72z\" \/>\n      <\/svg>\n    <\/span>\n    <span class=\"ngfb-text\"><\/span>\n  <\/a>\n<\/div><\/div><!-- .ngfb-buttons.en_US -->\n<\/div><!-- .ngfb-content-buttons -->\n<!-- ngfb content-buttons end -->\n\n<figure class=\"wp-block-image size-large\"><img decoding=\"async\" src=\"https:\/\/cdn.propertybook.ro\/blu-imobiliare.ro\/2283328.webp\" alt=\"\" \/><\/figure>\n<ul>\n<li><a href=\"\/cluj-napoca\/\">Imobiliare Cluj-Napoca<\/a><\/li>\n<li><a href=\"\/cluj-napoca\/apartamente-vanzare\/\">Apartamente de vanzare Cluj-Napoca<\/a><\/li>\n<li><a href=\"\/cluj-napoca\/apartamente-vanzare\/3-camere\/\">Apartamente cu 3 camere de vanzare Cluj-Napoca<\/a><\/li>\n<li><a href=\"\/cluj-napoca\/apartamente-vanzare\/marasti\/3-camere\/\">Apartamente cu 3 camere de vanzare M\u0103r\u0103\u0219ti, Cluj-Napoca<\/a><\/li>\n<\/ul>\n<p><a href=\"\/cluj-napoca\/imobiliare-158-2283328-3-camere-parcare-subterana-si-boxa-zona-centrala\/\" class=\"pb-listing-action\">Detaliile proprietatii<\/a><\/p>\n<p><h2 class=\"wp-block-heading\">Descoper\u0103 confortul \u0219i elegan\u021ba unui apartament cu 3 camere \u00een centrul ora\u0219ului<\/h2>\n<p>Dac\u0103 e\u0219ti \u00een c\u0103utarea unui apartament modern \u0219i primitor, situat \u00een inima ora\u0219ului, acest apartament cu 3 camere ar putea fi alegerea perfect\u0103 pentru tine. Recent renovat, acesta se afl\u0103 pe o strad\u0103 pitoreasc\u0103 din zona central\u0103, oferind nu doar un c\u0103min, ci \u0219i un stil de via\u021b\u0103 urban plin de confort \u0219i u\u0219urin\u021b\u0103.<\/p>\n<p><h2 class=\"wp-block-heading\">Un spa\u021biu generos pe dou\u0103 niveluri<\/h2>\n<p>Apartamentul este structurat pe dou\u0103 niveluri, oferind o experien\u021b\u0103 de locuit unic\u0103 \u0219i flexibil\u0103. La etajul 1, vei descoperi un living spa\u021bios \u0219i luminos, perfect pentru relaxare sau pentru a primi prieteni \u0219i familie. Aerul condi\u021bionat te va r\u0103cori \u00een zilele c\u0103lduroase de var\u0103, iar buc\u0103t\u0103ria complet mobilat\u0103 \u0219i utilat\u0103 \u00ee\u021bi va permite s\u0103 te bucuri de g\u0103tit. Iar balconul \u00ee\u021bi ofer\u0103 un loc ideal pentru a savura o cafea diminea\u021ba sau pentru a te bucura de apusurile de soare.<\/p>\n<p>Din hol, ai acces la o baie modern\u0103 dotat\u0103 cu du\u0219 \u0219i la un spa\u021biu de depozitare, solu\u021bia ideal\u0103 pentru a-\u021bi organiza hainele \u0219i accesoriile.<\/p>\n<p><h2 class=\"wp-block-heading\">Intimitate \u0219i relaxare la etajul superior<\/h2>\n<p>Urc\u00e2nd la etajul 2, vei g\u0103si dou\u0103 dormitoare decomandate, fiecare amenajat cu aten\u021bie la detalii. Acestea ofer\u0103 nu doar un spa\u021biu confortabil pentru odihn\u0103, dar \u0219i o atmosfer\u0103 lini\u0219tit\u0103, perfect\u0103 pentru un somn odihnitor. Ambele dormitoare au ie\u0219ire proprie pe terasa etajului, un loc ideal pentru a te relaxa \u00een aer liber sau a citi o carte \u00een lini\u0219te.<\/p>\n<p>De asemenea, la acest nivel se afl\u0103 o baie elegant\u0103 dotat\u0103 cu cad\u0103, un spa\u021biu ideal pentru a te r\u0103sf\u0103\u021ba dup\u0103 o zi lung\u0103.<\/p>\n<p><h2 class=\"wp-block-heading\">Facilit\u0103\u021bi moderne pentru un trai confortabil<\/h2>\n<p>Acest apartament vine la pachet cu o serie de facilit\u0103\u021bi moderne, inclusiv un loc de parcare subteran \u0219i o box\u0103 de depozitare, asigur\u00e2ndu-\u021bi astfel un trai f\u0103r\u0103 griji \u0219i confortabil.<\/p>\n<p><h2 class=\"wp-block-heading\">Disponibil imediat<\/h2>\n<p>Cu o atmosfer\u0103 deosebit\u0103 \u0219i un design modern, acest apartament este liber de sarcini \u0219i disponibil imediat, ceea ce \u00eenseamn\u0103 c\u0103 po\u021bi transforma \u00een scurt timp aceast\u0103 proprietate \u00een acas\u0103.<\/p>\n<p>Nu rata ocazia de a descoperi acest apartament excep\u021bional situat \u00een centrul ora\u0219ului, ideal pentru cei care \u00ee\u0219i doresc un stil de via\u021b\u0103 urban la superlativ. Ofer\u0103-\u021bi \u0219ansa de a locui \u00eentr-un mediu care combin\u0103 modernitatea cu confortul, \u00eentr-o zon\u0103 vibrant\u0103 \u0219i plin\u0103 de via\u021b\u0103!<\/p>\n<p><a href=\"\/cluj-napoca\/imobiliare-158-2283328-3-camere-parcare-subterana-si-boxa-zona-centrala\/\" class=\"pb-listing-action\">Stabileste o vizionare<\/a><\/p>\n<ul>\n<li><a href=\"\/cluj-napoca\/\">Imobiliare Cluj-Napoca<\/a><\/li>\n<li><a href=\"\/cluj-napoca\/apartamente-vanzare\/\">Apartamente de vanzare Cluj-Napoca<\/a><\/li>\n<li><a href=\"\/cluj-napoca\/apartamente-vanzare\/3-camere\/\">Apartamente cu 3 camere de vanzare Cluj-Napoca<\/a><\/li>\n<li><a href=\"\/cluj-napoca\/apartamente-vanzare\/marasti\/3-camere\/\">Apartamente cu 3 camere de vanzare M\u0103r\u0103\u0219ti, Cluj-Napoca<\/a><\/li>\n<\/ul>\n\n<!-- ngfb content-buttons begin -->\n<!-- generated on 2026-05-01T02:49:52+00:00 -->\n<div class=\"ngfb-content-buttons\">\n<div class=\"ngfb-buttons en_US\">\n<!-- Email Button --><div class=\"css-button email-button\">\n  <a href=\"mailto:?subject=Share:%20Modern%20Apartament%20cu%203%20Camere%20%C3%AEn%20Centrul%20Ora%C8%99ului%20%26%238211%3B%20Renovare%20Recent%C4%83%20%C8%99i%20Teras%C4%83%20Privat%C4%83&body=Cluj-Napoca%2C%20M%C4%83r%C4%83%C8%99ti%20-%20Apartament%20modern%20cu%203%20camere%2C%20recent%20renovat%2C%20situat%20%C3%AEn%20zona%20central%C4%83%2C%20pe%20strada%20Paris.%20Dispune%20de%20un%20living%20spa%C8%9Bios%2C%20buc%C4%83t%C4%83rie%20complet%20echipat%C4%83%20%C8%99i%20baie%20la%20primul%20etaj%2C%20iar%20etajul%20superior%20g%C4%83zduie%C8%99te%20dou%C4%83%20dormitoare%20decomandate%2C%20fiecare%20cu%20acces%20la%20teras%C4%83%2C%20%C8%99i%20o%20baie%20elegant%C4%83.%20Proprietatea%20include%20loc%20de%20parcare%20subteran%20%C8%99i%20box%C4%83%20de%20depozitare%2C%20fiind%20liber%20de%20sarcini%20%C8%99i%20disponibil%20imediat.%20Filmare%20video%20disponibil%C4%83%20la%20cerere.%0D%0A%0D%0AShared%20from%20https:\/\/propertybook.ro\/blog\/modern-apartament-cu-3-camere-in-centrul-orasului-renovare-recenta-si-terasa-privata\/%0D%0A\">\n    <span class=\"ngfb-icon\">\n      <svg xmlns=\"http:\/\/www.w3.org\/2000\/svg\" width=\"9\" height=\"9\" viewBox=\"0 0 28 28\">\n        <path d=\"M20.11 26.147c-2.335 1.05-4.36 1.4-7.124 1.4C6.524 27.548.84 22.916.84 15.284.84 7.343 6.602.45 15.4.45c6.854 0 11.8 4.7 11.8 11.252 0 5.684-3.193 9.265-7.398 9.3-1.83 0-3.153-.934-3.347-2.997h-.077c-1.208 1.986-2.96 2.997-5.023 2.997-2.532 0-4.36-1.868-4.36-5.062 0-4.75 3.503-9.07 9.11-9.07 1.713 0 3.7.4 4.6.972l-1.17 7.203c-.387 2.298-.115 3.3 1 3.4 1.674 0 3.774-2.102 3.774-6.58 0-5.06-3.27-8.994-9.304-8.994C9.05 2.87 3.83 7.545 3.83 14.97c0 6.5 4.2 10.2 10 10.202 1.987 0 4.09-.43 5.647-1.245l.634 2.22zM16.647 10.1c-.31-.078-.7-.155-1.207-.155-2.572 0-4.596 2.53-4.596 5.53 0 1.5.7 2.4 1.9 2.4 1.44 0 2.96-1.83 3.31-4.088l.592-3.72z\" \/>\n      <\/svg>\n    <\/span>\n    <span class=\"ngfb-text\"><\/span>\n  <\/a>\n<\/div><\/div><!-- .ngfb-buttons.en_US -->\n<\/div><!-- .ngfb-content-buttons -->\n<!-- ngfb content-buttons end -->\n\n","protected":false},"excerpt":{"rendered":"<p>Cluj-Napoca, M\u0103r\u0103\u0219ti &#8211; Apartament modern cu 3 camere, recent renovat, situat \u00een zona central\u0103, pe strada Paris. Dispune de un living spa\u021bios, buc\u0103t\u0103rie complet echipat\u0103 \u0219i baie la primul etaj, iar etajul superior g\u0103zduie\u0219te dou\u0103 dormitoare decomandate, fiecare cu acces la teras\u0103, \u0219i o baie elegant\u0103. Proprietatea include loc de parcare subteran \u0219i box\u0103 de depozitare, fiind liber de sarcini \u0219i disponibil imediat. Filmare video disponibil\u0103 la cerere.<\/p>\n","protected":false},"author":8,"featured_media":3776,"comment_status":"open","ping_status":"open","sticky":false,"template":"","format":"standard","meta":{"footnotes":""},"categories":[50,48,47],"tags":[55,255,74,65,91,68,139,92,60],"class_list":["post-3777","post","type-post","status-publish","format-standard","has-post-thumbnail","hentry","category-apartamente-de-vanzare-in-cluj-napoca","category-oferte-imobiliare-in-cluj-napoca","category-oferte","tag-3-camere","tag-an-const-2015","tag-balcon","tag-centrala-termica","tag-cluj-napoca","tag-decomandat","tag-etaj-1","tag-marasti","tag-parcare"],"_links":{"self":[{"href":"https:\/\/propertybook.ro\/blog\/wp-json\/wp\/v2\/posts\/3777","targetHints":{"allow":["GET"]}}],"collection":[{"href":"https:\/\/propertybook.ro\/blog\/wp-json\/wp\/v2\/posts"}],"about":[{"href":"https:\/\/propertybook.ro\/blog\/wp-json\/wp\/v2\/types\/post"}],"author":[{"embeddable":true,"href":"https:\/\/propertybook.ro\/blog\/wp-json\/wp\/v2\/users\/8"}],"replies":[{"embeddable":true,"href":"https:\/\/propertybook.ro\/blog\/wp-json\/wp\/v2\/comments?post=3777"}],"version-history":[{"count":0,"href":"https:\/\/propertybook.ro\/blog\/wp-json\/wp\/v2\/posts\/3777\/revisions"}],"wp:featuredmedia":[{"embeddable":true,"href":"https:\/\/propertybook.ro\/blog\/wp-json\/wp\/v2\/media\/3776"}],"wp:attachment":[{"href":"https:\/\/propertybook.ro\/blog\/wp-json\/wp\/v2\/media?parent=3777"}],"wp:term":[{"taxonomy":"category","embeddable":true,"href":"https:\/\/propertybook.ro\/blog\/wp-json\/wp\/v2\/categories?post=3777"},{"taxonomy":"post_tag","embeddable":true,"href":"https:\/\/propertybook.ro\/blog\/wp-json\/wp\/v2\/tags?post=3777"}],"curies":[{"name":"wp","href":"https:\/\/api.w.org\/{rel}","templated":true}]}}