{"id":3805,"date":"2025-01-15T09:43:23","date_gmt":"2025-01-15T07:43:23","guid":{"rendered":"https:\/\/propertybook.ro\/blog\/apartament-modern-cu-2-camere-in-cartierul-europa-cluj-ideal-pentru-confort-si-relaxare\/"},"modified":"2025-01-15T09:43:23","modified_gmt":"2025-01-15T07:43:23","slug":"apartament-modern-cu-2-camere-in-cartierul-europa-cluj-ideal-pentru-confort-si-relaxare","status":"publish","type":"post","link":"https:\/\/propertybook.ro\/blog\/apartament-modern-cu-2-camere-in-cartierul-europa-cluj-ideal-pentru-confort-si-relaxare\/","title":{"rendered":"Apartament modern cu 2 camere \u00een cartierul Europa, Cluj &#8211; ideal pentru confort \u0219i relaxare!"},"content":{"rendered":"\n<!-- ngfb content-buttons begin -->\n<!-- generated on 2026-04-27T10:20:30+00:00 -->\n<div class=\"ngfb-content-buttons\">\n<div class=\"ngfb-buttons en_US\">\n<!-- Email Button --><div class=\"css-button email-button\">\n  <a href=\"mailto:?subject=Share:%20Apartament%20modern%20cu%202%20camere%20%C3%AEn%20cartierul%20Europa%2C%20Cluj%20%26%238211%3B%20ideal%20pentru%20confort%20%C8%99i%20relaxare%21&body=Cluj-Napoca%2C%20Europa%20-%20Apartament%20de%20v%C3%A2nzare%20%C3%AEn%20cartierul%20Europa%2C%20zona%20Luminia%2C%20situat%20la%20etajul%202%20al%20unei%20vile%20construite%20%C3%AEn%202017%2C%20cu%206%20apartamente.%20Suprafa%C8%9Ba%20util%C4%83%20este%20de%20aproximativ%2063%20mp%2C%20compus%20din%202%20camere%20decomandate%2C%20buc%C4%83t%C4%83rie%2C%20baie%20%C8%99i%20hol%20cu%20spa%C8%9Bii%20de%20depozitare.%20Include%20un%20balcon%20deschis%20%C8%99i%20un%20loc%20de%20parcare%20exterior.%20Finisajele%20moderne%20asigur%C4%83%20un%20confort%20optim%2C%20iar%20confortul%20termic%20este%20garantat%20de%20centrala%20termic%C4%83%20proprie.%0D%0A%0D%0AShared%20from%20https:\/\/propertybook.ro\/blog\/apartament-modern-cu-2-camere-in-cartierul-europa-cluj-ideal-pentru-confort-si-relaxare\/%0D%0A\">\n    <span class=\"ngfb-icon\">\n      <svg xmlns=\"http:\/\/www.w3.org\/2000\/svg\" width=\"9\" height=\"9\" viewBox=\"0 0 28 28\">\n        <path d=\"M20.11 26.147c-2.335 1.05-4.36 1.4-7.124 1.4C6.524 27.548.84 22.916.84 15.284.84 7.343 6.602.45 15.4.45c6.854 0 11.8 4.7 11.8 11.252 0 5.684-3.193 9.265-7.398 9.3-1.83 0-3.153-.934-3.347-2.997h-.077c-1.208 1.986-2.96 2.997-5.023 2.997-2.532 0-4.36-1.868-4.36-5.062 0-4.75 3.503-9.07 9.11-9.07 1.713 0 3.7.4 4.6.972l-1.17 7.203c-.387 2.298-.115 3.3 1 3.4 1.674 0 3.774-2.102 3.774-6.58 0-5.06-3.27-8.994-9.304-8.994C9.05 2.87 3.83 7.545 3.83 14.97c0 6.5 4.2 10.2 10 10.202 1.987 0 4.09-.43 5.647-1.245l.634 2.22zM16.647 10.1c-.31-.078-.7-.155-1.207-.155-2.572 0-4.596 2.53-4.596 5.53 0 1.5.7 2.4 1.9 2.4 1.44 0 2.96-1.83 3.31-4.088l.592-3.72z\" \/>\n      <\/svg>\n    <\/span>\n    <span class=\"ngfb-text\"><\/span>\n  <\/a>\n<\/div><\/div><!-- .ngfb-buttons.en_US -->\n<\/div><!-- .ngfb-content-buttons -->\n<!-- ngfb content-buttons end -->\n\n\n<!-- ngfb schema image for pinterest pin it button -->\n<div class=\"ngfb-schema-image-for-pinterest\" style=\"display:none;\">\n<img loading=\"lazy\" decoding=\"async\" src=\"https:\/\/propertybook.ro\/blog\/wp-content\/uploads\/2025\/01\/149894.webp\" width=\"0\" height=\"0\" style=\"width:0;height:0;\" data-pin-description=\"Cluj-Napoca, Europa - Apartament de v&acirc;nzare &icirc;n cartierul Europa, zona Luminia, situat la etajul 2 al unei vile construite &icirc;n 2017, cu 6 apartamente. Suprafa\u021ba util\u0103 este de aproximativ 63 mp, compus din 2 camere decomandate, buc\u0103t\u0103rie, baie \u0219i hol cu spa\u021bii de depozitare. Include un balcon...\" alt=\"\"\/>\n<\/div><!-- .ngfb-schema-image-for-pinterest -->\n\n<figure class=\"wp-block-image size-large\"><img decoding=\"async\" src=\"https:\/\/cdn.propertybook.ro\/napoca_imobiliare\/149894.webp\" alt=\"\" \/><\/figure>\n<ul>\n<li><a href=\"\/cluj-napoca\/\">Imobiliare Cluj-Napoca<\/a><\/li>\n<li><a href=\"\/cluj-napoca\/apartamente-vanzare\/\">Apartamente de vanzare Cluj-Napoca<\/a><\/li>\n<li><a href=\"\/cluj-napoca\/apartamente-vanzare\/2-camere\/\">Apartamente cu 2 camere de vanzare Cluj-Napoca<\/a><\/li>\n<li><a href=\"\/cluj-napoca\/apartamente-vanzare\/europa\/2-camere\/\">Apartamente cu 2 camere de vanzare Europa, Cluj-Napoca<\/a><\/li>\n<\/ul>\n<p><a href=\"\/cluj-napoca\/imobiliare-25-149894-vanzare-apartament-2-camere-in-europa\/\" class=\"pb-listing-action\">Detaliile proprietatii<\/a><\/p>\n<p><h2 class=\"wp-block-heading\">Descoper\u0103 un Apartament de Vis \u00een Cartierul Europa din Cluj-Napoca<\/h2>\n<p>Dac\u0103 e\u0219ti \u00een c\u0103utarea unui apartament modern \u0219i confortabil \u00eentr-una dintre cele mai atractive zone ale Clujului, ar trebui s\u0103 iei \u00een considerare aceast\u0103 splendid\u0103 proprietate din cartierul Europa, zona Luminia. Acest apartament situat \u00eentr-o vil\u0103 recent construit\u0103 (2017) promite nu doar un c\u0103min, ci \u0219i un stil de via\u021b\u0103 urban modern \u0219i plin de confort.<\/p>\n<p>#<\/p>\n<h2 class=\"wp-block-heading\">Caracteristici Generale<\/h2>\n<p>Apartamentul, aflat la etajul 2 al unei cl\u0103diri cu doar 6 unit\u0103\u021bi, are o suprafa\u021b\u0103 util\u0103 de aproximativ 63 mp. Compartimentarea este una inteligent\u0103 \u0219i func\u021bional\u0103, incluz\u00e2nd:<\/p>\n<p>&#8211; **2 camere decomandate**: Spa\u021biul generos permite amenajarea u\u0219oar\u0103 a unui living confortabil \u0219i a unei dormitor.<\/p>\n<p>&#8211; **1 buc\u0103t\u0103rie**: Ideal\u0103 pentru pasiona\u021bii de g\u0103tit, aceast\u0103 buc\u0103t\u0103rie se poate adapta cu u\u0219urin\u021b\u0103 oric\u0103rei dorin\u021be culinare.<\/p>\n<p>&#8211; **1 baie**: Dotat\u0103 cu finisaje moderne, baia ofer\u0103 toate facilit\u0103\u021bile necesare pentru confortul zilnic.<\/p>\n<p>&#8211; **1 hol**: Acesta include spa\u021bii de depozitare, permi\u021b\u00e2nd o organizare c\u00e2t mai eficient\u0103 a celor necesare.<\/p>\n<p>Un alt avantaj al apartamentului este **balconul deschis**, un loc ideal pentru a te bucura de cafeaua de diminea\u021b\u0103 sau de o sear\u0103 relaxant\u0103 \u00een aer liber.<\/p>\n<p>#<\/p>\n<h2 class=\"wp-block-heading\">Finisaje Moderne<\/h2>\n<p>Finisajele acestui apartament sunt realizate cu un gust deosebit, care combin\u0103 estetica modern\u0103 cu func\u021bionalitatea. Fiecare detaliu a fost ales cu aten\u021bie, oferind un ambient cald \u0219i primitor. Lu\u00e2nd \u00een considerare atmosfera de serenitate pe care o creeaz\u0103, acest apartament poate deveni rapid un refugiu personal \u00een agita\u021bia ora\u0219ului.<\/p>\n<p>#<\/p>\n<h2 class=\"wp-block-heading\">Confort Termic<\/h2>\n<p>Unul dintre aspectele importante ale unui apartament este confortul termic. Acesta este asigurat de centrala termic\u0103 proprie, care ofer\u0103 independen\u021b\u0103 \u0219i eficien\u021b\u0103 \u00een gestionarea c\u0103ldurii, astfel \u00eenc\u00e2t s\u0103 te sim\u021bi confortabil \u00een fiecare sezon.<\/p>\n<p>#<\/p>\n<h2 class=\"wp-block-heading\">Loc de Parcare<\/h2>\n<p>Un alt avantaj semnificativ al acestei propriet\u0103\u021bi este inclusiv locul de parcare exterior, esen\u021bial \u00een ora\u0219ele aglomerate precum Cluj-Napoca. Astfel, nu va trebui s\u0103 \u00ee\u021bi faci griji \u00een leg\u0103tur\u0103 cu parcarea, un lucru tot mai rar \u00eent\u00e2lnit \u00een zonele centrale.<\/p>\n<p>#<\/p>\n<h2 class=\"wp-block-heading\">Zona Luminia<\/h2>\n<p>Cartierul Europa este cunoscut pentru accesibilitatea sa, apropierea de diverse puncte de interes, magazine, \u0219coli \u0219i parcuri. Zona Luminia ofer\u0103 o atmosfer\u0103 pl\u0103cut\u0103, fiind ideal\u0103 at\u00e2t pentru familii, c\u00e2t \u0219i pentru tineri care vor s\u0103 beneficieze de via\u021ba vibrant\u0103 a ora\u0219ului.<\/p>\n<p>#<\/p>\n<h2 class=\"wp-block-heading\">Concluzie<\/h2>\n<p>\u00cen concluzie, acest apartament din cartierul Europa reprezint\u0103 o oportunitate excelent\u0103 pentru cei care doresc s\u0103 investeasc\u0103 \u00eentr-un c\u0103min modern, confortabil \u0219i bine situat \u00een Cluj-Napoca. Fie c\u0103 e\u0219ti \u00een c\u0103utarea unui nou \u00eenceput sau dore\u0219ti s\u0103 te stabile\u0219ti \u00een aceast\u0103 frumoas\u0103 zon\u0103, acest apartament merit\u0103 cu siguran\u021b\u0103 luat \u00een considerare. Nu ezita s\u0103 explorezi toate oportunit\u0103\u021bile pe care aceast\u0103 proprietate le ofer\u0103!<\/p>\n<p><a href=\"\/cluj-napoca\/imobiliare-25-149894-vanzare-apartament-2-camere-in-europa\/\" class=\"pb-listing-action\">Stabileste o vizionare<\/a><\/p>\n<ul>\n<li><a href=\"\/cluj-napoca\/\">Imobiliare Cluj-Napoca<\/a><\/li>\n<li><a href=\"\/cluj-napoca\/apartamente-vanzare\/\">Apartamente de vanzare Cluj-Napoca<\/a><\/li>\n<li><a href=\"\/cluj-napoca\/apartamente-vanzare\/2-camere\/\">Apartamente cu 2 camere de vanzare Cluj-Napoca<\/a><\/li>\n<li><a href=\"\/cluj-napoca\/apartamente-vanzare\/europa\/2-camere\/\">Apartamente cu 2 camere de vanzare Europa, Cluj-Napoca<\/a><\/li>\n<\/ul>\n\n<!-- ngfb content-buttons begin -->\n<!-- generated on 2026-04-27T10:20:30+00:00 -->\n<div class=\"ngfb-content-buttons\">\n<div class=\"ngfb-buttons en_US\">\n<!-- Email Button --><div class=\"css-button email-button\">\n  <a href=\"mailto:?subject=Share:%20Apartament%20modern%20cu%202%20camere%20%C3%AEn%20cartierul%20Europa%2C%20Cluj%20%26%238211%3B%20ideal%20pentru%20confort%20%C8%99i%20relaxare%21&body=Cluj-Napoca%2C%20Europa%20-%20Apartament%20de%20v%C3%A2nzare%20%C3%AEn%20cartierul%20Europa%2C%20zona%20Luminia%2C%20situat%20la%20etajul%202%20al%20unei%20vile%20construite%20%C3%AEn%202017%2C%20cu%206%20apartamente.%20Suprafa%C8%9Ba%20util%C4%83%20este%20de%20aproximativ%2063%20mp%2C%20compus%20din%202%20camere%20decomandate%2C%20buc%C4%83t%C4%83rie%2C%20baie%20%C8%99i%20hol%20cu%20spa%C8%9Bii%20de%20depozitare.%20Include%20un%20balcon%20deschis%20%C8%99i%20un%20loc%20de%20parcare%20exterior.%20Finisajele%20moderne%20asigur%C4%83%20un%20confort%20optim%2C%20iar%20confortul%20termic%20este%20garantat%20de%20centrala%20termic%C4%83%20proprie.%0D%0A%0D%0AShared%20from%20https:\/\/propertybook.ro\/blog\/apartament-modern-cu-2-camere-in-cartierul-europa-cluj-ideal-pentru-confort-si-relaxare\/%0D%0A\">\n    <span class=\"ngfb-icon\">\n      <svg xmlns=\"http:\/\/www.w3.org\/2000\/svg\" width=\"9\" height=\"9\" viewBox=\"0 0 28 28\">\n        <path d=\"M20.11 26.147c-2.335 1.05-4.36 1.4-7.124 1.4C6.524 27.548.84 22.916.84 15.284.84 7.343 6.602.45 15.4.45c6.854 0 11.8 4.7 11.8 11.252 0 5.684-3.193 9.265-7.398 9.3-1.83 0-3.153-.934-3.347-2.997h-.077c-1.208 1.986-2.96 2.997-5.023 2.997-2.532 0-4.36-1.868-4.36-5.062 0-4.75 3.503-9.07 9.11-9.07 1.713 0 3.7.4 4.6.972l-1.17 7.203c-.387 2.298-.115 3.3 1 3.4 1.674 0 3.774-2.102 3.774-6.58 0-5.06-3.27-8.994-9.304-8.994C9.05 2.87 3.83 7.545 3.83 14.97c0 6.5 4.2 10.2 10 10.202 1.987 0 4.09-.43 5.647-1.245l.634 2.22zM16.647 10.1c-.31-.078-.7-.155-1.207-.155-2.572 0-4.596 2.53-4.596 5.53 0 1.5.7 2.4 1.9 2.4 1.44 0 2.96-1.83 3.31-4.088l.592-3.72z\" \/>\n      <\/svg>\n    <\/span>\n    <span class=\"ngfb-text\"><\/span>\n  <\/a>\n<\/div><\/div><!-- .ngfb-buttons.en_US -->\n<\/div><!-- .ngfb-content-buttons -->\n<!-- ngfb content-buttons end -->\n\n","protected":false},"excerpt":{"rendered":"<p>Cluj-Napoca, Europa &#8211; Apartament de v\u00e2nzare \u00een cartierul Europa, zona Luminia, situat la etajul 2 al unei vile construite \u00een 2017, cu 6 apartamente. Suprafa\u021ba util\u0103 este de aproximativ 63 mp, compus din 2 camere decomandate, buc\u0103t\u0103rie, baie \u0219i hol cu spa\u021bii de depozitare. Include un balcon deschis \u0219i un loc de parcare exterior. Finisajele moderne asigur\u0103 un confort optim, iar confortul termic este garantat de centrala termic\u0103 proprie.<\/p>\n","protected":false},"author":8,"featured_media":3804,"comment_status":"open","ping_status":"open","sticky":false,"template":"","format":"standard","meta":{"footnotes":""},"categories":[50,48,47],"tags":[62,74,65,91,68,107,106,60],"class_list":["post-3805","post","type-post","status-publish","format-standard","has-post-thumbnail","hentry","category-apartamente-de-vanzare-in-cluj-napoca","category-oferte-imobiliare-in-cluj-napoca","category-oferte","tag-2-camere","tag-balcon","tag-centrala-termica","tag-cluj-napoca","tag-decomandat","tag-etaj-2-2","tag-europa","tag-parcare"],"_links":{"self":[{"href":"https:\/\/propertybook.ro\/blog\/wp-json\/wp\/v2\/posts\/3805","targetHints":{"allow":["GET"]}}],"collection":[{"href":"https:\/\/propertybook.ro\/blog\/wp-json\/wp\/v2\/posts"}],"about":[{"href":"https:\/\/propertybook.ro\/blog\/wp-json\/wp\/v2\/types\/post"}],"author":[{"embeddable":true,"href":"https:\/\/propertybook.ro\/blog\/wp-json\/wp\/v2\/users\/8"}],"replies":[{"embeddable":true,"href":"https:\/\/propertybook.ro\/blog\/wp-json\/wp\/v2\/comments?post=3805"}],"version-history":[{"count":0,"href":"https:\/\/propertybook.ro\/blog\/wp-json\/wp\/v2\/posts\/3805\/revisions"}],"wp:featuredmedia":[{"embeddable":true,"href":"https:\/\/propertybook.ro\/blog\/wp-json\/wp\/v2\/media\/3804"}],"wp:attachment":[{"href":"https:\/\/propertybook.ro\/blog\/wp-json\/wp\/v2\/media?parent=3805"}],"wp:term":[{"taxonomy":"category","embeddable":true,"href":"https:\/\/propertybook.ro\/blog\/wp-json\/wp\/v2\/categories?post=3805"},{"taxonomy":"post_tag","embeddable":true,"href":"https:\/\/propertybook.ro\/blog\/wp-json\/wp\/v2\/tags?post=3805"}],"curies":[{"name":"wp","href":"https:\/\/api.w.org\/{rel}","templated":true}]}}