{"id":3837,"date":"2025-01-16T15:43:30","date_gmt":"2025-01-16T13:43:30","guid":{"rendered":"https:\/\/propertybook.ro\/blog\/apartament-modern-cu-3-camere-si-2-balcoane-in-zona-linistita-aproape-de-parc\/"},"modified":"2025-01-16T15:43:30","modified_gmt":"2025-01-16T13:43:30","slug":"apartament-modern-cu-3-camere-si-2-balcoane-in-zona-linistita-aproape-de-parc","status":"publish","type":"post","link":"https:\/\/propertybook.ro\/blog\/apartament-modern-cu-3-camere-si-2-balcoane-in-zona-linistita-aproape-de-parc\/","title":{"rendered":"Apartament modern cu 3 camere \u0219i 2 balcoane \u00een zon\u0103 lini\u0219tit\u0103, aproape de parc"},"content":{"rendered":"\n<!-- ngfb content-buttons begin -->\n<!-- generated on 2026-05-01T00:11:14+00:00 -->\n<div class=\"ngfb-content-buttons\">\n<div class=\"ngfb-buttons en_US\">\n<!-- Email Button --><div class=\"css-button email-button\">\n  <a href=\"mailto:?subject=Share:%20Apartament%20modern%20cu%203%20camere%20%C8%99i%202%20balcoane%20%C3%AEn%20zon%C4%83%20lini%C8%99tit%C4%83%2C%20aproape%20de%20parc&body=Cluj-Napoca%2C%20M%C4%83n%C4%83%C8%99tur%20-%20Apartament%20semidecomandat%20cu%203%20camere%2C%20situat%20%C3%AEn%20zona%20lini%C8%99tit%C4%83%20a%20Parcului%20Colina%2C%20cu%20o%20suprafa%C8%9B%C4%83%20util%C4%83%20de%2083%20mp.%20Imobilul%2C%20construit%20%C3%AEn%202006%2C%20include%20un%20living%20open%20space%20cu%20buc%C4%83t%C4%83rie%2C%20dou%C4%83%20dormitoare%2C%20dou%C4%83%20b%C4%83i%20%C8%99i%20dou%C4%83%20balcoane.%20Beneficiaz%C4%83%20de%20loc%20de%20parcare%20%C3%AEn%20curte%2C%20central%C4%83%20termic%C4%83%20%C8%99i%20finisaje%20moderne.%20Zona%20ofer%C4%83%20acces%20la%20transport%20public%2C%20magazine%20%C8%99i%20institu%C8%9Bii%20de%20%C3%AEnv%C4%83%C8%9B%C4%83m%C3%A2nt.%20Disponibil%20imediat%2C%20semi-mobilat.%0D%0A%0D%0AShared%20from%20https:\/\/propertybook.ro\/blog\/apartament-modern-cu-3-camere-si-2-balcoane-in-zona-linistita-aproape-de-parc\/%0D%0A\">\n    <span class=\"ngfb-icon\">\n      <svg xmlns=\"http:\/\/www.w3.org\/2000\/svg\" width=\"9\" height=\"9\" viewBox=\"0 0 28 28\">\n        <path d=\"M20.11 26.147c-2.335 1.05-4.36 1.4-7.124 1.4C6.524 27.548.84 22.916.84 15.284.84 7.343 6.602.45 15.4.45c6.854 0 11.8 4.7 11.8 11.252 0 5.684-3.193 9.265-7.398 9.3-1.83 0-3.153-.934-3.347-2.997h-.077c-1.208 1.986-2.96 2.997-5.023 2.997-2.532 0-4.36-1.868-4.36-5.062 0-4.75 3.503-9.07 9.11-9.07 1.713 0 3.7.4 4.6.972l-1.17 7.203c-.387 2.298-.115 3.3 1 3.4 1.674 0 3.774-2.102 3.774-6.58 0-5.06-3.27-8.994-9.304-8.994C9.05 2.87 3.83 7.545 3.83 14.97c0 6.5 4.2 10.2 10 10.202 1.987 0 4.09-.43 5.647-1.245l.634 2.22zM16.647 10.1c-.31-.078-.7-.155-1.207-.155-2.572 0-4.596 2.53-4.596 5.53 0 1.5.7 2.4 1.9 2.4 1.44 0 2.96-1.83 3.31-4.088l.592-3.72z\" \/>\n      <\/svg>\n    <\/span>\n    <span class=\"ngfb-text\"><\/span>\n  <\/a>\n<\/div><\/div><!-- .ngfb-buttons.en_US -->\n<\/div><!-- .ngfb-content-buttons -->\n<!-- ngfb content-buttons end -->\n\n<figure class=\"wp-block-image size-large\"><img decoding=\"async\" src=\"https:\/\/cdn.propertybook.ro\/napoca_imobiliare\/84291.webp\" alt=\"\" \/><\/figure>\n<ul>\n<li><a href=\"\/cluj-napoca\/\">Imobiliare Cluj-Napoca<\/a><\/li>\n<li><a href=\"\/cluj-napoca\/apartamente-vanzare\/\">Apartamente de vanzare Cluj-Napoca<\/a><\/li>\n<li><a href=\"\/cluj-napoca\/apartamente-vanzare\/3-camere\/\">Apartamente cu 3 camere de vanzare Cluj-Napoca<\/a><\/li>\n<li><a href=\"\/cluj-napoca\/apartamente-vanzare\/manastur\/3-camere\/\">Apartamente cu 3 camere de vanzare M\u0103n\u0103\u0219tur, Cluj-Napoca<\/a><\/li>\n<\/ul>\n<p><a href=\"\/cluj-napoca\/imobiliare-25-84291-de-vanzare-apartament-3-camere-in-manastur\/\" class=\"pb-listing-action\">Detaliile proprietatii<\/a><\/p>\n<p><h2 class=\"wp-block-heading\">Descoper\u0103 Apartamentul Ideal \u00een Zona Linistit\u0103 a Parcului Colina<\/h2>\n<p>Dac\u0103 e\u0219ti \u00een c\u0103utarea unui apartament modern, confortabil \u0219i situat \u00eentr-o zon\u0103 lini\u0219tit\u0103, te invit\u0103m s\u0103 descoperi aceast\u0103 minunat\u0103 proprietate cu 3 camere amplasat\u0103 \u00een apropierea Parc Colina. Aceast\u0103 loca\u021bie ideal\u0103 \u00eembin\u0103 lini\u0219tea naturii cu accesibilitatea c\u0103tre facilit\u0103\u021bile urbane, f\u0103c\u00e2ndu-l perfect at\u00e2t pentru familii, c\u00e2t \u0219i pentru tineri care doresc s\u0103 se bucure de un stil de via\u021b\u0103 activ.<\/p>\n<p><h2 class=\"wp-block-heading\">Spa\u021biu Generos \u0219i Design Func\u021bional<\/h2>\n<p>Apartamentul dispune de o suprafa\u021b\u0103 util\u0103 de 83 mp \u0219i este semidecomandat, structurat eficient pentru a oferi un confort deosebit. Designul interior include un living open space, care se \u00eembin\u0103 armonios cu buc\u0103t\u0103ria \u0219i permite accesul pe balcon, cre\u00e2nd un spa\u021biu ideal pentru relaxare sau socializare cu prietenii \u0219i familia. Cele dou\u0103 dormitoare sunt dotate cu un decor modern: unul dintre ele beneficiaz\u0103 de baie proprie, \u00een timp ce cel\u0103lalt are acces direct pe balcon, oferind astfel intimitate \u0219i confort.<\/p>\n<p><h2 class=\"wp-block-heading\">Finisaje de Calitate<\/h2>\n<p>Calitatea \u0219i aten\u021bia la detalii sunt evidentiate prin finisajele moderne, inclusiv pardoseala cu parchet laminat rezistent la trafic intens, gresia \u0219i faianta elegante din buc\u0103t\u0103rie \u0219i b\u0103i, precum \u0219i geamurile termoizolante din PVC. Aceste elemente nu doar c\u0103 sporesc estetica apartamentului, dar contribuie \u0219i la un confort termic excelent, asigurat de centrala termic\u0103 proprie.<\/p>\n<p><h2 class=\"wp-block-heading\">Loca\u021bie Strategica<\/h2>\n<p>Zona Parcului Colina se bucur\u0103 de accesibilitate excelent\u0103 c\u0103tre mijloacele de transport \u00een comun, magazine alimentare, gr\u0103dini\u021be, \u0219coli \u0219i parcule\u021be pentru relaxare. Este locul ideal pentru cei care apreciaz\u0103 un stil de via\u021b\u0103 activ, dar \u00een acela\u0219i timp doresc s\u0103 se bucure de lini\u0219tea oferit\u0103 de natur\u0103. Orientarea S-E-V a apartamentului asigur\u0103 p\u0103trunderea razelor soarelui pe tot parcursul zilei, cre\u00e2nd astfel o atmosfer\u0103 cald\u0103 \u0219i primitoare.<\/p>\n<p><h2 class=\"wp-block-heading\">Confort \u0219i Practica<\/h2>\n<p>Apartamentul se vinde semimobilat, ceea ce reprezint\u0103 un avantaj \u00een plus pentru viitorii proprietari, oferind mai pu\u021bin timp petrecut \u00een c\u0103utarea mobilierului potrivit. Indiferent dac\u0103 e\u0219ti \u00eencep\u0103tor \u00een via\u021ba de apartament sau \u00ee\u021bi dore\u0219ti un nou \u00eenceput, acest spa\u021biu \u00ee\u021bi ofer\u0103 tot ce ai nevoie pentru un trai confortabil \u0219i pl\u0103cut.<\/p>\n<p>Dac\u0103 aceast\u0103 descriere \u021bi-a st\u00e2rnit interesul \u0219i \u00ee\u021bi dore\u0219ti s\u0103 te relochezi \u00eentr-un apartament modern, \u00eentr-o zon\u0103 lini\u0219tit\u0103, nu ezita s\u0103 explorezi mai departe oportunit\u0103\u021bile pe care le ofer\u0103 acest imobil. Este mai mult dec\u00e2t o simpl\u0103 locuin\u021b\u0103; este locul \u00een care te po\u021bi sim\u021bi cu adev\u0103rat acas\u0103.<\/p>\n<p><a href=\"\/cluj-napoca\/imobiliare-25-84291-de-vanzare-apartament-3-camere-in-manastur\/\" class=\"pb-listing-action\">Stabileste o vizionare<\/a><\/p>\n<ul>\n<li><a href=\"\/cluj-napoca\/\">Imobiliare Cluj-Napoca<\/a><\/li>\n<li><a href=\"\/cluj-napoca\/apartamente-vanzare\/\">Apartamente de vanzare Cluj-Napoca<\/a><\/li>\n<li><a href=\"\/cluj-napoca\/apartamente-vanzare\/3-camere\/\">Apartamente cu 3 camere de vanzare Cluj-Napoca<\/a><\/li>\n<li><a href=\"\/cluj-napoca\/apartamente-vanzare\/manastur\/3-camere\/\">Apartamente cu 3 camere de vanzare M\u0103n\u0103\u0219tur, Cluj-Napoca<\/a><\/li>\n<\/ul>\n\n<!-- ngfb content-buttons begin -->\n<!-- generated on 2026-05-01T00:11:14+00:00 -->\n<div class=\"ngfb-content-buttons\">\n<div class=\"ngfb-buttons en_US\">\n<!-- Email Button --><div class=\"css-button email-button\">\n  <a href=\"mailto:?subject=Share:%20Apartament%20modern%20cu%203%20camere%20%C8%99i%202%20balcoane%20%C3%AEn%20zon%C4%83%20lini%C8%99tit%C4%83%2C%20aproape%20de%20parc&body=Cluj-Napoca%2C%20M%C4%83n%C4%83%C8%99tur%20-%20Apartament%20semidecomandat%20cu%203%20camere%2C%20situat%20%C3%AEn%20zona%20lini%C8%99tit%C4%83%20a%20Parcului%20Colina%2C%20cu%20o%20suprafa%C8%9B%C4%83%20util%C4%83%20de%2083%20mp.%20Imobilul%2C%20construit%20%C3%AEn%202006%2C%20include%20un%20living%20open%20space%20cu%20buc%C4%83t%C4%83rie%2C%20dou%C4%83%20dormitoare%2C%20dou%C4%83%20b%C4%83i%20%C8%99i%20dou%C4%83%20balcoane.%20Beneficiaz%C4%83%20de%20loc%20de%20parcare%20%C3%AEn%20curte%2C%20central%C4%83%20termic%C4%83%20%C8%99i%20finisaje%20moderne.%20Zona%20ofer%C4%83%20acces%20la%20transport%20public%2C%20magazine%20%C8%99i%20institu%C8%9Bii%20de%20%C3%AEnv%C4%83%C8%9B%C4%83m%C3%A2nt.%20Disponibil%20imediat%2C%20semi-mobilat.%0D%0A%0D%0AShared%20from%20https:\/\/propertybook.ro\/blog\/apartament-modern-cu-3-camere-si-2-balcoane-in-zona-linistita-aproape-de-parc\/%0D%0A\">\n    <span class=\"ngfb-icon\">\n      <svg xmlns=\"http:\/\/www.w3.org\/2000\/svg\" width=\"9\" height=\"9\" viewBox=\"0 0 28 28\">\n        <path d=\"M20.11 26.147c-2.335 1.05-4.36 1.4-7.124 1.4C6.524 27.548.84 22.916.84 15.284.84 7.343 6.602.45 15.4.45c6.854 0 11.8 4.7 11.8 11.252 0 5.684-3.193 9.265-7.398 9.3-1.83 0-3.153-.934-3.347-2.997h-.077c-1.208 1.986-2.96 2.997-5.023 2.997-2.532 0-4.36-1.868-4.36-5.062 0-4.75 3.503-9.07 9.11-9.07 1.713 0 3.7.4 4.6.972l-1.17 7.203c-.387 2.298-.115 3.3 1 3.4 1.674 0 3.774-2.102 3.774-6.58 0-5.06-3.27-8.994-9.304-8.994C9.05 2.87 3.83 7.545 3.83 14.97c0 6.5 4.2 10.2 10 10.202 1.987 0 4.09-.43 5.647-1.245l.634 2.22zM16.647 10.1c-.31-.078-.7-.155-1.207-.155-2.572 0-4.596 2.53-4.596 5.53 0 1.5.7 2.4 1.9 2.4 1.44 0 2.96-1.83 3.31-4.088l.592-3.72z\" \/>\n      <\/svg>\n    <\/span>\n    <span class=\"ngfb-text\"><\/span>\n  <\/a>\n<\/div><\/div><!-- .ngfb-buttons.en_US -->\n<\/div><!-- .ngfb-content-buttons -->\n<!-- ngfb content-buttons end -->\n\n","protected":false},"excerpt":{"rendered":"<p>Cluj-Napoca, M\u0103n\u0103\u0219tur &#8211; Apartament semidecomandat cu 3 camere, situat \u00een zona lini\u0219tit\u0103 a Parcului Colina, cu o suprafa\u021b\u0103 util\u0103 de 83 mp. Imobilul, construit \u00een 2006, include un living open space cu buc\u0103t\u0103rie, dou\u0103 dormitoare, dou\u0103 b\u0103i \u0219i dou\u0103 balcoane. Beneficiaz\u0103 de loc de parcare \u00een curte, central\u0103 termic\u0103 \u0219i finisaje moderne. Zona ofer\u0103 acces la transport public, magazine \u0219i institu\u021bii de \u00eenv\u0103\u021b\u0103m\u00e2nt. Disponibil imediat, semi-mobilat.<\/p>\n","protected":false},"author":8,"featured_media":3836,"comment_status":"open","ping_status":"open","sticky":false,"template":"","format":"standard","meta":{"footnotes":""},"categories":[50,48,47],"tags":[59,55,65,91,103,123,60,70,63],"class_list":["post-3837","post","type-post","status-publish","format-standard","has-post-thumbnail","hentry","category-apartamente-de-vanzare-in-cluj-napoca","category-oferte-imobiliare-in-cluj-napoca","category-oferte","tag-2-balcoane","tag-3-camere","tag-centrala-termica","tag-cluj-napoca","tag-etaj-1-3","tag-manastur","tag-parcare","tag-parchet","tag-semidecomandat"],"_links":{"self":[{"href":"https:\/\/propertybook.ro\/blog\/wp-json\/wp\/v2\/posts\/3837","targetHints":{"allow":["GET"]}}],"collection":[{"href":"https:\/\/propertybook.ro\/blog\/wp-json\/wp\/v2\/posts"}],"about":[{"href":"https:\/\/propertybook.ro\/blog\/wp-json\/wp\/v2\/types\/post"}],"author":[{"embeddable":true,"href":"https:\/\/propertybook.ro\/blog\/wp-json\/wp\/v2\/users\/8"}],"replies":[{"embeddable":true,"href":"https:\/\/propertybook.ro\/blog\/wp-json\/wp\/v2\/comments?post=3837"}],"version-history":[{"count":0,"href":"https:\/\/propertybook.ro\/blog\/wp-json\/wp\/v2\/posts\/3837\/revisions"}],"wp:featuredmedia":[{"embeddable":true,"href":"https:\/\/propertybook.ro\/blog\/wp-json\/wp\/v2\/media\/3836"}],"wp:attachment":[{"href":"https:\/\/propertybook.ro\/blog\/wp-json\/wp\/v2\/media?parent=3837"}],"wp:term":[{"taxonomy":"category","embeddable":true,"href":"https:\/\/propertybook.ro\/blog\/wp-json\/wp\/v2\/categories?post=3837"},{"taxonomy":"post_tag","embeddable":true,"href":"https:\/\/propertybook.ro\/blog\/wp-json\/wp\/v2\/tags?post=3837"}],"curies":[{"name":"wp","href":"https:\/\/api.w.org\/{rel}","templated":true}]}}