{"id":3839,"date":"2025-01-16T17:43:21","date_gmt":"2025-01-16T15:43:21","guid":{"rendered":"https:\/\/propertybook.ro\/blog\/apartament-modern-cu-gradina-in-manastur-ideal-pentru-familii\/"},"modified":"2025-01-16T17:43:21","modified_gmt":"2025-01-16T15:43:21","slug":"apartament-modern-cu-gradina-in-manastur-ideal-pentru-familii","status":"publish","type":"post","link":"https:\/\/propertybook.ro\/blog\/apartament-modern-cu-gradina-in-manastur-ideal-pentru-familii\/","title":{"rendered":"Apartament Modern cu Gr\u0103din\u0103 \u00een Manastur, Ideal pentru Familii!"},"content":{"rendered":"\n<!-- ngfb content-buttons begin -->\n<!-- generated on 2026-04-29T08:17:12+00:00 -->\n<div class=\"ngfb-content-buttons\">\n<div class=\"ngfb-buttons en_US\">\n<!-- Email Button --><div class=\"css-button email-button\">\n  <a href=\"mailto:?subject=Share:%20Apartament%20Modern%20cu%20Gr%C4%83din%C4%83%20%C3%AEn%20Manastur%2C%20Ideal%20pentru%20Familii%21&body=Cluj-Napoca%2C%20M%C4%83n%C4%83%C8%99tur%20-%20Apartament%20de%20v%C3%A2nzare%20%C3%AEn%20zona%20Campului%2C%20cartier%20Manastur%2C%20ideal%20pentru%20familii%2C%20la%205%20minute%20de%20transport%20public%20%C8%99i%20de%20Kaufland.%20Situat%20la%20parterul%20unei%20construc%C8%9Bii%20noi%20din%202012%2C%20cu%2067%20mp%20utili%2C%20dispune%20de%20gr%C4%83din%C4%83%20proprie%2C%20central%C4%83%20proprie%20%C8%99i%20finisaje%20moderne.%20Compartimentarea%20include%20un%20living%20cu%20buc%C4%83t%C4%83rie%2C%20dou%C4%83%20dormitoare%20cu%20ie%C8%99ire%20pe%20teras%C4%83%20%C8%99i%20o%20baie.%20V%C3%A2nzarea%20include%20un%20loc%20de%20parcare%20exterior.%20Disponibil%20imediat%2C%20liber%20de%20sarcini.%0D%0A%0D%0AShared%20from%20https:\/\/propertybook.ro\/blog\/apartament-modern-cu-gradina-in-manastur-ideal-pentru-familii\/%0D%0A\">\n    <span class=\"ngfb-icon\">\n      <svg xmlns=\"http:\/\/www.w3.org\/2000\/svg\" width=\"9\" height=\"9\" viewBox=\"0 0 28 28\">\n        <path d=\"M20.11 26.147c-2.335 1.05-4.36 1.4-7.124 1.4C6.524 27.548.84 22.916.84 15.284.84 7.343 6.602.45 15.4.45c6.854 0 11.8 4.7 11.8 11.252 0 5.684-3.193 9.265-7.398 9.3-1.83 0-3.153-.934-3.347-2.997h-.077c-1.208 1.986-2.96 2.997-5.023 2.997-2.532 0-4.36-1.868-4.36-5.062 0-4.75 3.503-9.07 9.11-9.07 1.713 0 3.7.4 4.6.972l-1.17 7.203c-.387 2.298-.115 3.3 1 3.4 1.674 0 3.774-2.102 3.774-6.58 0-5.06-3.27-8.994-9.304-8.994C9.05 2.87 3.83 7.545 3.83 14.97c0 6.5 4.2 10.2 10 10.202 1.987 0 4.09-.43 5.647-1.245l.634 2.22zM16.647 10.1c-.31-.078-.7-.155-1.207-.155-2.572 0-4.596 2.53-4.596 5.53 0 1.5.7 2.4 1.9 2.4 1.44 0 2.96-1.83 3.31-4.088l.592-3.72z\" \/>\n      <\/svg>\n    <\/span>\n    <span class=\"ngfb-text\"><\/span>\n  <\/a>\n<\/div><\/div><!-- .ngfb-buttons.en_US -->\n<\/div><!-- .ngfb-content-buttons -->\n<!-- ngfb content-buttons end -->\n\n\n<!-- ngfb schema image for pinterest pin it button -->\n<div class=\"ngfb-schema-image-for-pinterest\" style=\"display:none;\">\n<img loading=\"lazy\" decoding=\"async\" src=\"https:\/\/propertybook.ro\/blog\/wp-content\/uploads\/2025\/01\/2287217.webp\" width=\"0\" height=\"0\" style=\"width:0;height:0;\" data-pin-description=\"Cluj-Napoca, M\u0103n\u0103\u0219tur - Apartament de v&acirc;nzare &icirc;n zona Campului, cartier Manastur, ideal pentru familii, la 5 minute de transport public \u0219i de Kaufland. Situat la parterul unei construc\u021bii noi din 2012, cu 67 mp utili, dispune de gr\u0103din\u0103 proprie, central\u0103 proprie \u0219i finisaje moderne...\" alt=\"\"\/>\n<\/div><!-- .ngfb-schema-image-for-pinterest -->\n\n<figure class=\"wp-block-image size-large\"><img decoding=\"async\" src=\"https:\/\/cdn.propertybook.ro\/blu-imobiliare.ro\/2287217.webp\" alt=\"\" \/><\/figure>\n<ul>\n<li><a href=\"\/cluj-napoca\/\">Imobiliare Cluj-Napoca<\/a><\/li>\n<li><a href=\"\/cluj-napoca\/apartamente-vanzare\/\">Apartamente de vanzare Cluj-Napoca<\/a><\/li>\n<li><a href=\"\/cluj-napoca\/apartamente-vanzare\/3-camere\/\">Apartamente cu 3 camere de vanzare Cluj-Napoca<\/a><\/li>\n<li><a href=\"\/cluj-napoca\/apartamente-vanzare\/manastur\/3-camere\/\">Apartamente cu 3 camere de vanzare M\u0103n\u0103\u0219tur, Cluj-Napoca<\/a><\/li>\n<\/ul>\n<p><a href=\"\/cluj-napoca\/imobiliare-158-2287217-3-camere-cu-gradina-proprie-loc-de-parcare-zona-campului-manastur\/\" class=\"pb-listing-action\">Detaliile proprietatii<\/a><\/p>\n<p><h2 class=\"wp-block-heading\">Descoper\u0103 Comfortul \u0219i Confortul \u00een Manastur: Apartament cu Gr\u0103din\u0103 \u0219i Acces Facil<\/h2>\n<p>Te-ai g\u00e2ndit vreodat\u0103 la zenul vie\u021bii de apartament, dar f\u0103r\u0103 a sacrifica natura \u0219i confortul? Un apartament situat \u00een zona Campului, \u00een cartierul Manastur, \u00ee\u021bi poate oferi combina\u021bia perfect\u0103 \u00eentre confortul urban \u0219i lini\u0219tea unui mediu mai aproape de natur\u0103.<\/p>\n<p>#<\/p>\n<h2 class=\"wp-block-heading\">O Loca\u021bie Ideal\u0103 pentru Familii<\/h2>\n<p>\u00centr-o zon\u0103 c\u0103utat\u0103 \u0219i apreciat\u0103 de familii, apartamentul beneficiaz\u0103 de acces rapid la diverse puncte de interes. Cu o distan\u021b\u0103 de doar 5 minute p\u00e2n\u0103 la sta\u021bia de transport \u00een comun, ob\u021binerea unei mobilit\u0103\u021bi u\u0219oare prin ora\u0219 este o adev\u0103rat\u0103 pl\u0103cere. Iar pentru cump\u0103r\u0103turi, Kaufland se afl\u0103 la doar 5 minute distan\u021b\u0103, iar centrul ora\u0219ului este accesibil \u00eentr-un interval de 20 de minute. \u00cen plus, apropierea de gr\u0103dini\u021be, \u0219coli \u0219i locuri de joac\u0103 \u00eel face ideal pentru familiile cu copii.<\/p>\n<p>#<\/p>\n<h2 class=\"wp-block-heading\">Un Spa\u021biu Generos \u0219i Modern<\/h2>\n<p>Apartamentul este situat la parterul unei construc\u021bii noi din 2012, \u00eentr-un bloc tip vil\u0103 cu doar 6 apartamente, ceea ce adaug\u0103 un plus de intimitate \u0219i lini\u0219te. Cu o suprafa\u021b\u0103 util\u0103 de 67 mp \u0219i o suprafa\u021b\u0103 construit\u0103 de 80 mp, acest apartament ofer\u0103 suficient spa\u021biu pentru a te bucura de toate comodit\u0103\u021bile necesare.<\/p>\n<p>Cele trei camere ale apartamentului sunt g\u00e2ndite pentru a oferi maxim de confort. Te vei bucura de:<\/p>\n<p>&#8211; **1 Living cu Buc\u0103t\u0103rie**, un spa\u021biu deschis perfect pentru momentele petrecute al\u0103turi de cei dragi.<\/p>\n<p>&#8211; **2 Dormitoare**, ambele av\u00e2nd ie\u0219ire pe teras\u0103, unde te po\u021bi relaxa la aer curat.<\/p>\n<p>&#8211; **1 Baie** modern\u0103, care dispune de toate facilit\u0103\u021bile necesare.<\/p>\n<p>#<\/p>\n<h2 class=\"wp-block-heading\">Gr\u0103dina Proprie \u0219i Locul de Parcare<\/h2>\n<p>Unul dintre cele mai atractive aspecte ale acestui apartament este gr\u0103dina proprie, un loc perfect pentru relaxare \u0219i distrac\u021bie \u00een aer liber. Fie c\u0103 alegi s\u0103 te bucuri de o carte bun\u0103 \u00een zilele c\u0103lduroase sau s\u0103 organizezi o mic\u0103 petrecere cu prietenii, aceast\u0103 gr\u0103din\u0103 ofer\u0103 un spa\u021biu ideal.<\/p>\n<p>\u00cen plus, apartamentul include un loc de parcare exterior, asigur\u00e2ndu-\u021bi confortul de a nu c\u0103uta un loc de parcare dup\u0103 o zi lung\u0103.<\/p>\n<p>#<\/p>\n<h2 class=\"wp-block-heading\">Dot\u0103ri \u0219i Avantaje<\/h2>\n<p>Apartamentul dispune de central\u0103 proprie, termopane, parchet \u0219i gresie, totul pentru a-\u021bi asigura un mediu pl\u0103cut \u0219i eficient din punct de vedere energetic. Faptul c\u0103 locuin\u021ba este liber\u0103 de sarcini \u0219i disponibil\u0103 imediat te ajut\u0103 s\u0103 te instalezi rapid \u0219i s\u0103 te bucuri de noul t\u0103u c\u0103min.<\/p>\n<h2 class=\"wp-block-heading\">\u00cen Concluzie<\/h2>\n<p>Acest apartament din Manastur reprezint\u0103 o oportunitate fantastic\u0103 pentru cei care caut\u0103 o locuin\u021b\u0103 modern\u0103, bine situat\u0103, \u00eenconjurat\u0103 de facilit\u0103\u021bi esen\u021biale pentru o via\u021b\u0103 comod\u0103. Gr\u0103dina privat\u0103 \u0219i accesul facil c\u0103tre ora\u0219 fac din acest apartament un loc ideal pentru a transforma fiecare zi \u00eentr-o adev\u0103rat\u0103 pl\u0103cere. Dac\u0103 e\u0219ti \u00een c\u0103utare de un nou c\u0103min, acest apartament merit\u0103 cu siguran\u021b\u0103 s\u0103 \u00eel vizitezi!<\/p>\n<p><a href=\"\/cluj-napoca\/imobiliare-158-2287217-3-camere-cu-gradina-proprie-loc-de-parcare-zona-campului-manastur\/\" class=\"pb-listing-action\">Stabileste o vizionare<\/a><\/p>\n<ul>\n<li><a href=\"\/cluj-napoca\/\">Imobiliare Cluj-Napoca<\/a><\/li>\n<li><a href=\"\/cluj-napoca\/apartamente-vanzare\/\">Apartamente de vanzare Cluj-Napoca<\/a><\/li>\n<li><a href=\"\/cluj-napoca\/apartamente-vanzare\/3-camere\/\">Apartamente cu 3 camere de vanzare Cluj-Napoca<\/a><\/li>\n<li><a href=\"\/cluj-napoca\/apartamente-vanzare\/manastur\/3-camere\/\">Apartamente cu 3 camere de vanzare M\u0103n\u0103\u0219tur, Cluj-Napoca<\/a><\/li>\n<\/ul>\n\n<!-- ngfb content-buttons begin -->\n<!-- generated on 2026-04-29T08:17:12+00:00 -->\n<div class=\"ngfb-content-buttons\">\n<div class=\"ngfb-buttons en_US\">\n<!-- Email Button --><div class=\"css-button email-button\">\n  <a href=\"mailto:?subject=Share:%20Apartament%20Modern%20cu%20Gr%C4%83din%C4%83%20%C3%AEn%20Manastur%2C%20Ideal%20pentru%20Familii%21&body=Cluj-Napoca%2C%20M%C4%83n%C4%83%C8%99tur%20-%20Apartament%20de%20v%C3%A2nzare%20%C3%AEn%20zona%20Campului%2C%20cartier%20Manastur%2C%20ideal%20pentru%20familii%2C%20la%205%20minute%20de%20transport%20public%20%C8%99i%20de%20Kaufland.%20Situat%20la%20parterul%20unei%20construc%C8%9Bii%20noi%20din%202012%2C%20cu%2067%20mp%20utili%2C%20dispune%20de%20gr%C4%83din%C4%83%20proprie%2C%20central%C4%83%20proprie%20%C8%99i%20finisaje%20moderne.%20Compartimentarea%20include%20un%20living%20cu%20buc%C4%83t%C4%83rie%2C%20dou%C4%83%20dormitoare%20cu%20ie%C8%99ire%20pe%20teras%C4%83%20%C8%99i%20o%20baie.%20V%C3%A2nzarea%20include%20un%20loc%20de%20parcare%20exterior.%20Disponibil%20imediat%2C%20liber%20de%20sarcini.%0D%0A%0D%0AShared%20from%20https:\/\/propertybook.ro\/blog\/apartament-modern-cu-gradina-in-manastur-ideal-pentru-familii\/%0D%0A\">\n    <span class=\"ngfb-icon\">\n      <svg xmlns=\"http:\/\/www.w3.org\/2000\/svg\" width=\"9\" height=\"9\" viewBox=\"0 0 28 28\">\n        <path d=\"M20.11 26.147c-2.335 1.05-4.36 1.4-7.124 1.4C6.524 27.548.84 22.916.84 15.284.84 7.343 6.602.45 15.4.45c6.854 0 11.8 4.7 11.8 11.252 0 5.684-3.193 9.265-7.398 9.3-1.83 0-3.153-.934-3.347-2.997h-.077c-1.208 1.986-2.96 2.997-5.023 2.997-2.532 0-4.36-1.868-4.36-5.062 0-4.75 3.503-9.07 9.11-9.07 1.713 0 3.7.4 4.6.972l-1.17 7.203c-.387 2.298-.115 3.3 1 3.4 1.674 0 3.774-2.102 3.774-6.58 0-5.06-3.27-8.994-9.304-8.994C9.05 2.87 3.83 7.545 3.83 14.97c0 6.5 4.2 10.2 10 10.202 1.987 0 4.09-.43 5.647-1.245l.634 2.22zM16.647 10.1c-.31-.078-.7-.155-1.207-.155-2.572 0-4.596 2.53-4.596 5.53 0 1.5.7 2.4 1.9 2.4 1.44 0 2.96-1.83 3.31-4.088l.592-3.72z\" \/>\n      <\/svg>\n    <\/span>\n    <span class=\"ngfb-text\"><\/span>\n  <\/a>\n<\/div><\/div><!-- .ngfb-buttons.en_US -->\n<\/div><!-- .ngfb-content-buttons -->\n<!-- ngfb content-buttons end -->\n\n","protected":false},"excerpt":{"rendered":"<p>Cluj-Napoca, M\u0103n\u0103\u0219tur &#8211; Apartament de v\u00e2nzare \u00een zona Campului, cartier Manastur, ideal pentru familii, la 5 minute de transport public \u0219i de Kaufland. Situat la parterul unei construc\u021bii noi din 2012, cu 67 mp utili, dispune de gr\u0103din\u0103 proprie, central\u0103 proprie \u0219i finisaje moderne. Compartimentarea include un living cu buc\u0103t\u0103rie, dou\u0103 dormitoare cu ie\u0219ire pe teras\u0103 \u0219i o baie. V\u00e2nzarea include un loc de parcare exterior. Disponibil imediat, liber de sarcini.<\/p>\n","protected":false},"author":8,"featured_media":3838,"comment_status":"open","ping_status":"open","sticky":false,"template":"","format":"standard","meta":{"footnotes":""},"categories":[50,48,47],"tags":[55,189,65,91,68,123,60,70],"class_list":["post-3839","post","type-post","status-publish","format-standard","has-post-thumbnail","hentry","category-apartamente-de-vanzare-in-cluj-napoca","category-oferte-imobiliare-in-cluj-napoca","category-oferte","tag-3-camere","tag-an-const-2012","tag-centrala-termica","tag-cluj-napoca","tag-decomandat","tag-manastur","tag-parcare","tag-parchet"],"_links":{"self":[{"href":"https:\/\/propertybook.ro\/blog\/wp-json\/wp\/v2\/posts\/3839","targetHints":{"allow":["GET"]}}],"collection":[{"href":"https:\/\/propertybook.ro\/blog\/wp-json\/wp\/v2\/posts"}],"about":[{"href":"https:\/\/propertybook.ro\/blog\/wp-json\/wp\/v2\/types\/post"}],"author":[{"embeddable":true,"href":"https:\/\/propertybook.ro\/blog\/wp-json\/wp\/v2\/users\/8"}],"replies":[{"embeddable":true,"href":"https:\/\/propertybook.ro\/blog\/wp-json\/wp\/v2\/comments?post=3839"}],"version-history":[{"count":0,"href":"https:\/\/propertybook.ro\/blog\/wp-json\/wp\/v2\/posts\/3839\/revisions"}],"wp:featuredmedia":[{"embeddable":true,"href":"https:\/\/propertybook.ro\/blog\/wp-json\/wp\/v2\/media\/3838"}],"wp:attachment":[{"href":"https:\/\/propertybook.ro\/blog\/wp-json\/wp\/v2\/media?parent=3839"}],"wp:term":[{"taxonomy":"category","embeddable":true,"href":"https:\/\/propertybook.ro\/blog\/wp-json\/wp\/v2\/categories?post=3839"},{"taxonomy":"post_tag","embeddable":true,"href":"https:\/\/propertybook.ro\/blog\/wp-json\/wp\/v2\/tags?post=3839"}],"curies":[{"name":"wp","href":"https:\/\/api.w.org\/{rel}","templated":true}]}}