{"id":4371,"date":"2025-03-04T09:43:32","date_gmt":"2025-03-04T07:43:32","guid":{"rendered":"https:\/\/propertybook.ro\/blog\/apartament-cu-2-camere-panorama-deosebita-in-centru-piata-mihai-viteazul\/"},"modified":"2025-03-04T09:43:32","modified_gmt":"2025-03-04T07:43:32","slug":"apartament-cu-2-camere-panorama-deosebita-in-centru-piata-mihai-viteazul","status":"publish","type":"post","link":"https:\/\/propertybook.ro\/blog\/apartament-cu-2-camere-panorama-deosebita-in-centru-piata-mihai-viteazul\/","title":{"rendered":"Apartament cu 2 camere, panoram\u0103 deosebit\u0103 \u00een centru &#8211; Pia\u021ba Mihai Viteazul"},"content":{"rendered":"\n<!-- ngfb content-buttons begin -->\n<!-- generated on 2026-04-30T08:06:21+00:00 -->\n<div class=\"ngfb-content-buttons\">\n<div class=\"ngfb-buttons en_US\">\n<!-- Email Button --><div class=\"css-button email-button\">\n  <a href=\"mailto:?subject=Share:%20Apartament%20cu%202%20camere%2C%20panoram%C4%83%20deosebit%C4%83%20%C3%AEn%20centru%20%26%238211%3B%20Pia%C8%9Ba%20Mihai%20Viteazul&body=Cluj-Napoca%2C%20Centru%20-%20Apartament%20cu%202%20camere%20semidecomandate%2C%20situat%20la%20etajul%204%20%C3%AEn%20Piata%20Mihai%20Viteazul%2C%20cu%20o%20suprafata%20utila%20de%2045%20mp.%20Compartimentarea%20include%20o%20bucatarie%2C%20un%20dormitor%2C%20un%20living%2C%20o%20baie%20si%20un%20balcon.%20Beneficiaz%C4%83%20de%20finisaje%20moderne%2C%20centrala%20termica%20proprie%2C%20feronerie%20termoizolant%C4%83%20%C8%99i%20se%20vinde%20complet%20mobilat.%20Amplasamentul%20ofer%C4%83%20acces%20rapid%20la%20institutii%20de%20invatamant%2C%20supermarketuri%2C%20transport%20in%20comun%20%C8%99i%20parcuri.%20Disponibilitate%20imediat%C4%83%20pentru%20vizion%C4%83ri.%0D%0A%0D%0AShared%20from%20https:\/\/propertybook.ro\/blog\/apartament-cu-2-camere-panorama-deosebita-in-centru-piata-mihai-viteazul\/%0D%0A\">\n    <span class=\"ngfb-icon\">\n      <svg xmlns=\"http:\/\/www.w3.org\/2000\/svg\" width=\"9\" height=\"9\" viewBox=\"0 0 28 28\">\n        <path d=\"M20.11 26.147c-2.335 1.05-4.36 1.4-7.124 1.4C6.524 27.548.84 22.916.84 15.284.84 7.343 6.602.45 15.4.45c6.854 0 11.8 4.7 11.8 11.252 0 5.684-3.193 9.265-7.398 9.3-1.83 0-3.153-.934-3.347-2.997h-.077c-1.208 1.986-2.96 2.997-5.023 2.997-2.532 0-4.36-1.868-4.36-5.062 0-4.75 3.503-9.07 9.11-9.07 1.713 0 3.7.4 4.6.972l-1.17 7.203c-.387 2.298-.115 3.3 1 3.4 1.674 0 3.774-2.102 3.774-6.58 0-5.06-3.27-8.994-9.304-8.994C9.05 2.87 3.83 7.545 3.83 14.97c0 6.5 4.2 10.2 10 10.202 1.987 0 4.09-.43 5.647-1.245l.634 2.22zM16.647 10.1c-.31-.078-.7-.155-1.207-.155-2.572 0-4.596 2.53-4.596 5.53 0 1.5.7 2.4 1.9 2.4 1.44 0 2.96-1.83 3.31-4.088l.592-3.72z\" \/>\n      <\/svg>\n    <\/span>\n    <span class=\"ngfb-text\"><\/span>\n  <\/a>\n<\/div><\/div><!-- .ngfb-buttons.en_US -->\n<\/div><!-- .ngfb-content-buttons -->\n<!-- ngfb content-buttons end -->\n\n\n<!-- ngfb schema image for pinterest pin it button -->\n<div class=\"ngfb-schema-image-for-pinterest\" style=\"display:none;\">\n<img loading=\"lazy\" decoding=\"async\" src=\"https:\/\/propertybook.ro\/blog\/wp-content\/uploads\/2025\/03\/151143.webp\" width=\"0\" height=\"0\" style=\"width:0;height:0;\" data-pin-description=\"Cluj-Napoca, Centru - Apartament cu 2 camere semidecomandate, situat la etajul 4 &icirc;n Piata Mihai Viteazul, cu o suprafata utila de 45 mp. Compartimentarea include o bucatarie, un dormitor, un living, o baie si un balcon. Beneficiaz\u0103 de finisaje moderne, centrala termica proprie, feronerie...\" alt=\"\"\/>\n<\/div><!-- .ngfb-schema-image-for-pinterest -->\n\n<figure class=\"wp-block-image size-large\"><img decoding=\"async\" src=\"https:\/\/cdn.propertybook.ro\/napoca_imobiliare\/151143.webp\" alt=\"\" \/><\/figure>\n<ul>\n<li><a href=\"\/cluj-napoca\/\">Imobiliare Cluj-Napoca<\/a><\/li>\n<li><a href=\"\/cluj-napoca\/apartamente-vanzare\/\">Apartamente de vanzare Cluj-Napoca<\/a><\/li>\n<li><a href=\"\/cluj-napoca\/apartamente-vanzare\/2-camere\/\">Apartamente cu 2 camere de vanzare Cluj-Napoca<\/a><\/li>\n<li><a href=\"\/cluj-napoca\/apartamente-vanzare\/centru\/2-camere\/\">Apartamente cu 2 camere de vanzare Centru, Cluj-Napoca<\/a><\/li>\n<\/ul>\n<p><a href=\"\/cluj-napoca\/imobiliare-25-151143-de-vanzare-apartament-2-camere-in-centru\/\" class=\"pb-listing-action\">Detaliile proprietatii<\/a><\/p>\n<p><h2 class=\"wp-block-heading\">Descoper\u0103 Un Apartament Cu Panorama Deosebit\u0103 \u00een Centrul Ora\u0219ului<\/h2>\n<p>Dac\u0103 e\u0219ti \u00een c\u0103utarea unui apartament cu 2 camere \u00eentr-o zon\u0103 central\u0103, avem o propunere ce merit\u0103 aten\u021bia ta. Situat \u00eentr-o cl\u0103dire elegant\u0103 din Pia\u021ba Mihai Viteazul, acest apartament ofer\u0103 un mix perfect \u00eentre confort, accesibilitate \u0219i un peisaj urban deosebit.<\/p>\n<p>#<\/p>\n<h2 class=\"wp-block-heading\">Detalii Despre Apartament<\/h2>\n<p>Apartamentul beneficiaz\u0103 de o suprafa\u021b\u0103 util\u0103 de 45 mp, fiind compus dintr-un living primitor, un dormitor cozy, o buc\u0103t\u0103rie func\u021bional\u0103, un hol \u0219i o baie modern\u0103. De asemenea, te va \u00eenc\u00e2nta un balcon care \u00ee\u021bi ofer\u0103 o priveli\u0219te spectaculoas\u0103 asupra ora\u0219ului, ideal pentru momente de relaxare sau petrecerea timpului cu prietenii.<\/p>\n<p>Finisajele moderne, ce includ pardoseal\u0103 din parchet laminat, feronerie din PVC termoizolant, u\u0219i interioare din lemn, precum \u0219i gresie \u0219i faian\u021b\u0103 de calitate, asigur\u0103 un mediu pl\u0103cut \u0219i confortabil. Centrala termic\u0103 proprie garanteaz\u0103 eficien\u021b\u0103 energetic\u0103, permi\u021b\u00e2ndu-\u021bi s\u0103 te bucuri de confortul termic pe tot parcursul anului.<\/p>\n<p>#<\/p>\n<h2 class=\"wp-block-heading\">Loca\u021bie Ideal\u0103<\/h2>\n<p>Unul dintre cele mai mari avantaje ale acestui apartament este loca\u021bia sa central\u0103. Pe o raz\u0103 de 100 de metri vei g\u0103si tot ce ai nevoie: supermarketuri, sta\u021bii de transport \u00een comun, parcuri, muzee \u0219i institu\u021bii de \u00eenv\u0103\u021b\u0103m\u00e2nt. Aceast\u0103 conectivitate face ca apartamentul s\u0103 fie perfect, fie c\u0103 e\u0219ti un profesionist \u00een c\u0103utarea unui loc de munc\u0103 aproape, fie c\u0103 e\u0219ti student \u0219i vrei s\u0103 fii aproape de universitate.<\/p>\n<p>Spitalele \u0219i farmaciile din apropiere ofer\u0103 un plus de confort, asigur\u00e2ndu-te c\u0103 ai acces rapid la servicii esen\u021biale. <\/p>\n<p>#<\/p>\n<h2 class=\"wp-block-heading\">Ideal pentru Tine<\/h2>\n<p>Apartamentul se vinde complet mobilat, conform fotografiilor, astfel c\u0103 te po\u021bi muta rapid \u0219i f\u0103r\u0103 griji. Este disponibil imediat, ceea ce \u00ee\u021bi permite s\u0103 te bucuri de noua ta locuin\u021b\u0103 f\u0103r\u0103 \u00eent\u00e2rzieri.<\/p>\n<p>Dac\u0103 \u00ee\u021bi dore\u0219ti un apartament \u00eentr-o zon\u0103 vibrant\u0103, cu toate facilit\u0103\u021bile la \u00eendem\u00e2n\u0103 \u0219i cu un peisaj urban ce \u00ee\u021bi va t\u0103ia respira\u021bia, nu c\u0103uta mai departe. Acest apartament de 2 camere este locul ideal pentru o nou\u0103 etap\u0103 din via\u021ba ta!<\/p>\n<p>Pentru mai multe informa\u021bii \u0219i pentru a programa o vizionare, te \u00eencuraj\u0103m s\u0103 explorezi op\u021biunile disponibile. Nu rata ocazia de a descoperi acest apartament deosebit!<\/p>\n<p><a href=\"\/cluj-napoca\/imobiliare-25-151143-de-vanzare-apartament-2-camere-in-centru\/\" class=\"pb-listing-action\">Stabileste o vizionare<\/a><\/p>\n<ul>\n<li><a href=\"\/cluj-napoca\/\">Imobiliare Cluj-Napoca<\/a><\/li>\n<li><a href=\"\/cluj-napoca\/apartamente-vanzare\/\">Apartamente de vanzare Cluj-Napoca<\/a><\/li>\n<li><a href=\"\/cluj-napoca\/apartamente-vanzare\/2-camere\/\">Apartamente cu 2 camere de vanzare Cluj-Napoca<\/a><\/li>\n<li><a href=\"\/cluj-napoca\/apartamente-vanzare\/centru\/2-camere\/\">Apartamente cu 2 camere de vanzare Centru, Cluj-Napoca<\/a><\/li>\n<\/ul>\n\n<!-- ngfb content-buttons begin -->\n<!-- generated on 2026-04-30T08:06:21+00:00 -->\n<div class=\"ngfb-content-buttons\">\n<div class=\"ngfb-buttons en_US\">\n<!-- Email Button --><div class=\"css-button email-button\">\n  <a href=\"mailto:?subject=Share:%20Apartament%20cu%202%20camere%2C%20panoram%C4%83%20deosebit%C4%83%20%C3%AEn%20centru%20%26%238211%3B%20Pia%C8%9Ba%20Mihai%20Viteazul&body=Cluj-Napoca%2C%20Centru%20-%20Apartament%20cu%202%20camere%20semidecomandate%2C%20situat%20la%20etajul%204%20%C3%AEn%20Piata%20Mihai%20Viteazul%2C%20cu%20o%20suprafata%20utila%20de%2045%20mp.%20Compartimentarea%20include%20o%20bucatarie%2C%20un%20dormitor%2C%20un%20living%2C%20o%20baie%20si%20un%20balcon.%20Beneficiaz%C4%83%20de%20finisaje%20moderne%2C%20centrala%20termica%20proprie%2C%20feronerie%20termoizolant%C4%83%20%C8%99i%20se%20vinde%20complet%20mobilat.%20Amplasamentul%20ofer%C4%83%20acces%20rapid%20la%20institutii%20de%20invatamant%2C%20supermarketuri%2C%20transport%20in%20comun%20%C8%99i%20parcuri.%20Disponibilitate%20imediat%C4%83%20pentru%20vizion%C4%83ri.%0D%0A%0D%0AShared%20from%20https:\/\/propertybook.ro\/blog\/apartament-cu-2-camere-panorama-deosebita-in-centru-piata-mihai-viteazul\/%0D%0A\">\n    <span class=\"ngfb-icon\">\n      <svg xmlns=\"http:\/\/www.w3.org\/2000\/svg\" width=\"9\" height=\"9\" viewBox=\"0 0 28 28\">\n        <path d=\"M20.11 26.147c-2.335 1.05-4.36 1.4-7.124 1.4C6.524 27.548.84 22.916.84 15.284.84 7.343 6.602.45 15.4.45c6.854 0 11.8 4.7 11.8 11.252 0 5.684-3.193 9.265-7.398 9.3-1.83 0-3.153-.934-3.347-2.997h-.077c-1.208 1.986-2.96 2.997-5.023 2.997-2.532 0-4.36-1.868-4.36-5.062 0-4.75 3.503-9.07 9.11-9.07 1.713 0 3.7.4 4.6.972l-1.17 7.203c-.387 2.298-.115 3.3 1 3.4 1.674 0 3.774-2.102 3.774-6.58 0-5.06-3.27-8.994-9.304-8.994C9.05 2.87 3.83 7.545 3.83 14.97c0 6.5 4.2 10.2 10 10.202 1.987 0 4.09-.43 5.647-1.245l.634 2.22zM16.647 10.1c-.31-.078-.7-.155-1.207-.155-2.572 0-4.596 2.53-4.596 5.53 0 1.5.7 2.4 1.9 2.4 1.44 0 2.96-1.83 3.31-4.088l.592-3.72z\" \/>\n      <\/svg>\n    <\/span>\n    <span class=\"ngfb-text\"><\/span>\n  <\/a>\n<\/div><\/div><!-- .ngfb-buttons.en_US -->\n<\/div><!-- .ngfb-content-buttons -->\n<!-- ngfb content-buttons end -->\n\n","protected":false},"excerpt":{"rendered":"<p>Cluj-Napoca, Centru &#8211; Apartament cu 2 camere semidecomandate, situat la etajul 4 \u00een Piata Mihai Viteazul, cu o suprafata utila de 45 mp. Compartimentarea include o bucatarie, un dormitor, un living, o baie si un balcon. Beneficiaz\u0103 de finisaje moderne, centrala termica proprie, feronerie termoizolant\u0103 \u0219i se vinde complet mobilat. Amplasamentul ofer\u0103 acces rapid la institutii de invatamant, supermarketuri, transport in comun \u0219i parcuri. Disponibilitate imediat\u0103 pentru vizion\u0103ri.<\/p>\n","protected":false},"author":8,"featured_media":4370,"comment_status":"open","ping_status":"open","sticky":false,"template":"","format":"standard","meta":{"footnotes":""},"categories":[50,48,47],"tags":[62,74,65,104,91,79,376,70,63],"class_list":["post-4371","post","type-post","status-publish","format-standard","has-post-thumbnail","hentry","category-apartamente-de-vanzare-in-cluj-napoca","category-oferte-imobiliare-in-cluj-napoca","category-oferte","tag-2-camere","tag-balcon","tag-centrala-termica","tag-centru","tag-cluj-napoca","tag-etaj-4-4","tag-o-baie","tag-parchet","tag-semidecomandat"],"_links":{"self":[{"href":"https:\/\/propertybook.ro\/blog\/wp-json\/wp\/v2\/posts\/4371","targetHints":{"allow":["GET"]}}],"collection":[{"href":"https:\/\/propertybook.ro\/blog\/wp-json\/wp\/v2\/posts"}],"about":[{"href":"https:\/\/propertybook.ro\/blog\/wp-json\/wp\/v2\/types\/post"}],"author":[{"embeddable":true,"href":"https:\/\/propertybook.ro\/blog\/wp-json\/wp\/v2\/users\/8"}],"replies":[{"embeddable":true,"href":"https:\/\/propertybook.ro\/blog\/wp-json\/wp\/v2\/comments?post=4371"}],"version-history":[{"count":0,"href":"https:\/\/propertybook.ro\/blog\/wp-json\/wp\/v2\/posts\/4371\/revisions"}],"wp:featuredmedia":[{"embeddable":true,"href":"https:\/\/propertybook.ro\/blog\/wp-json\/wp\/v2\/media\/4370"}],"wp:attachment":[{"href":"https:\/\/propertybook.ro\/blog\/wp-json\/wp\/v2\/media?parent=4371"}],"wp:term":[{"taxonomy":"category","embeddable":true,"href":"https:\/\/propertybook.ro\/blog\/wp-json\/wp\/v2\/categories?post=4371"},{"taxonomy":"post_tag","embeddable":true,"href":"https:\/\/propertybook.ro\/blog\/wp-json\/wp\/v2\/tags?post=4371"}],"curies":[{"name":"wp","href":"https:\/\/api.w.org\/{rel}","templated":true}]}}