{"id":4391,"date":"2025-03-04T19:44:34","date_gmt":"2025-03-04T17:44:34","guid":{"rendered":"https:\/\/propertybook.ro\/blog\/apartament-cu-2-camere-mobilat-si-utilat-aproape-de-gara-de-nord-etaj-2-lift-balcon-4-mp\/"},"modified":"2025-03-04T19:44:34","modified_gmt":"2025-03-04T17:44:34","slug":"apartament-cu-2-camere-mobilat-si-utilat-aproape-de-gara-de-nord-etaj-2-lift-balcon-4-mp","status":"publish","type":"post","link":"https:\/\/propertybook.ro\/blog\/apartament-cu-2-camere-mobilat-si-utilat-aproape-de-gara-de-nord-etaj-2-lift-balcon-4-mp\/","title":{"rendered":"Apartament cu 2 camere, mobilat \u0219i utilat, aproape de Gara de Nord \u2013 etaj 2, lift, balcon 4 mp!"},"content":{"rendered":"\n<!-- ngfb content-buttons begin -->\n<!-- generated on 2026-04-25T22:07:29+00:00 -->\n<div class=\"ngfb-content-buttons\">\n<div class=\"ngfb-buttons en_US\">\n<!-- Email Button --><div class=\"css-button email-button\">\n  <a href=\"mailto:?subject=Share:%20Apartament%20cu%202%20camere%2C%20mobilat%20%C8%99i%20utilat%2C%20aproape%20de%20Gara%20de%20Nord%20%E2%80%93%20etaj%202%2C%20lift%2C%20balcon%204%20mp%21&body=Bucure%C8%99ti%2C%20Gara%20de%20Nord%20-%20Apartament%20cu%202%20camere%20mobilat%20%C8%99i%20utilat%2C%20situat%20%C3%AEn%20zona%20Gara%20de%20Nord%2C%20la%20doar%203%20minute%20de%20metrou.%20Proprietatea%20este%20la%20etajul%202%20%C3%AEntr-un%20imobil%20cu%207%20etaje%2C%20construit%20%C3%AEn%201979%20%C8%99i%20reabilitat%20termic.%20Suprafa%C8%9Ba%20util%C4%83%20este%20de%2043%20mp%2C%20plus%20un%20balcon%20de%204%20mp%2C%20iar%20compartimentarea%20este%20semidecomandat%C4%83.%20Blocul%20dispune%20de%20lift%2C%20iar%20certificatul%20energetic%20va%20fi%20disponibil%20la%20v%C3%A2nzare.%0D%0A%0D%0AShared%20from%20https:\/\/propertybook.ro\/blog\/apartament-cu-2-camere-mobilat-si-utilat-aproape-de-gara-de-nord-etaj-2-lift-balcon-4-mp\/%0D%0A\">\n    <span class=\"ngfb-icon\">\n      <svg xmlns=\"http:\/\/www.w3.org\/2000\/svg\" width=\"9\" height=\"9\" viewBox=\"0 0 28 28\">\n        <path d=\"M20.11 26.147c-2.335 1.05-4.36 1.4-7.124 1.4C6.524 27.548.84 22.916.84 15.284.84 7.343 6.602.45 15.4.45c6.854 0 11.8 4.7 11.8 11.252 0 5.684-3.193 9.265-7.398 9.3-1.83 0-3.153-.934-3.347-2.997h-.077c-1.208 1.986-2.96 2.997-5.023 2.997-2.532 0-4.36-1.868-4.36-5.062 0-4.75 3.503-9.07 9.11-9.07 1.713 0 3.7.4 4.6.972l-1.17 7.203c-.387 2.298-.115 3.3 1 3.4 1.674 0 3.774-2.102 3.774-6.58 0-5.06-3.27-8.994-9.304-8.994C9.05 2.87 3.83 7.545 3.83 14.97c0 6.5 4.2 10.2 10 10.202 1.987 0 4.09-.43 5.647-1.245l.634 2.22zM16.647 10.1c-.31-.078-.7-.155-1.207-.155-2.572 0-4.596 2.53-4.596 5.53 0 1.5.7 2.4 1.9 2.4 1.44 0 2.96-1.83 3.31-4.088l.592-3.72z\" \/>\n      <\/svg>\n    <\/span>\n    <span class=\"ngfb-text\"><\/span>\n  <\/a>\n<\/div><\/div><!-- .ngfb-buttons.en_US -->\n<\/div><!-- .ngfb-content-buttons -->\n<!-- ngfb content-buttons end -->\n\n\n<!-- ngfb schema image for pinterest pin it button -->\n<div class=\"ngfb-schema-image-for-pinterest\" style=\"display:none;\">\n<img loading=\"lazy\" decoding=\"async\" src=\"https:\/\/propertybook.ro\/blog\/wp-content\/uploads\/2025\/03\/11022908.webp\" width=\"0\" height=\"0\" style=\"width:0;height:0;\" data-pin-description=\"Bucure\u0219ti, Gara de Nord - Apartament cu 2 camere mobilat \u0219i utilat, situat &icirc;n zona Gara de Nord, la doar 3 minute de metrou. Proprietatea este la etajul 2 &icirc;ntr-un imobil cu 7 etaje, construit &icirc;n 1979 \u0219i reabilitat termic. Suprafa\u021ba util\u0103 este de 43 mp, plus un balcon de 4 mp, iar...\" alt=\"\"\/>\n<\/div><!-- .ngfb-schema-image-for-pinterest -->\n\n<figure class=\"wp-block-image size-large\"><img decoding=\"async\" src=\"https:\/\/cdn.propertybook.ro\/svn_residentialist\/11022908.webp\" alt=\"\" \/><\/figure>\n<ul>\n<li><a href=\"\/bucuresti\/\">Imobiliare Bucure\u0219ti<\/a><\/li>\n<li><a href=\"\/bucuresti\/apartamente-vanzare\/\">Apartamente de vanzare Bucure\u0219ti<\/a><\/li>\n<li><a href=\"\/bucuresti\/apartamente-vanzare\/2-camere\/\">Apartamente cu 2 camere de vanzare Bucure\u0219ti<\/a><\/li>\n<li><a href=\"\/bucuresti\/apartamente-vanzare\/gara_de_nord\/2-camere\/\">Apartamente cu 2 camere de vanzare Gara de Nord, Bucure\u0219ti<\/a><\/li>\n<\/ul>\n<p><a href=\"\/bucuresti\/imobiliare-163-11022908-vanzare-apartament-2-camere-in-sector-1-zona-gara-de-nord\/\" class=\"pb-listing-action\">Detaliile proprietatii<\/a><\/p>\n<p><h2 class=\"wp-block-heading\">Oferte de Apartamente \u00een Zona Gara de Nord<\/h2>\n<p>Dac\u0103 e\u0219ti \u00een c\u0103utarea unui apartament confortabil, mobilat \u0219i utilat, situat \u00eentr-o zon\u0103 central\u0103 \u0219i accesibil\u0103, nu c\u0103uta mai departe! Te invit\u0103m s\u0103 descoperi un apartament cu 2 camere, perfect pentru tineri absolven\u021bi, cupluri sau persoane care \u00ee\u0219i doresc un spa\u021biu comod \u00een inima ora\u0219ului.<\/p>\n<p>#<\/p>\n<h2 class=\"wp-block-heading\">Loca\u021bia Ideal\u0103<\/h2>\n<p>Situat la doar 3 minute de sta\u021bia de metrou Gara de Nord, acest apartament beneficiaz\u0103 de o pozi\u021bionare excelent\u0103. \u00cen apropiere, se afl\u0103 numeroase magazine, cafenele \u0219i restaurante, oferind astfel un stil de via\u021b\u0103 urban vibrant. Fie c\u0103 alegi s\u0103 te deplasezi cu transportul \u00een comun sau cu ma\u0219ina, accesibilitatea \u00een aceast\u0103 zon\u0103 este un mare avantaj.<\/p>\n<p>#<\/p>\n<h2 class=\"wp-block-heading\">Detalii despre Proprietate<\/h2>\n<p>Apartamentul se afl\u0103 la etajul 2 al unui imobil cu 7 etaje, construit \u00een anul 1979. Cl\u0103direa a fost reabilitat\u0103 termic recent, ceea ce garanteaz\u0103 un confort sporit pe timp de iarn\u0103, dar \u0219i o eficien\u021b\u0103 energetic\u0103 mai bun\u0103. Blocul este dotat cu lift, facilit\u00e2nd astfel accesul la toate etajele, mai ales pentru cei care folosesc c\u0103rucioare sau au dificult\u0103\u021bi de mobilitate.<\/p>\n<p>Cu o suprafa\u021b\u0103 util\u0103 de 43 mp, plus un balcon generos de 4 mp, apartamentul ofer\u0103 un spa\u021biu bine organizat. Compartimentarea este semidecomandat\u0103, o alegere ideal\u0103 pentru a maximiza utilizarea fiec\u0103rei zone.<\/p>\n<p>#<\/p>\n<h2 class=\"wp-block-heading\">Mobila \u0219i Utilit\u0103\u021bile<\/h2>\n<p>\u00cen ceea ce prive\u0219te mobilierul \u0219i utilit\u0103\u021bile, apartamentul este complet mobilat \u0219i utilat, preg\u0103tit s\u0103 te primeasc\u0103 cu toate cele necesare pentru o tranzi\u021bie u\u0219oar\u0103. Fie c\u0103 e\u0219ti la \u00eenceput de drum sau cau\u021bi un nou loc de re\u0219edin\u021b\u0103, acest apartament \u00ee\u021bi va oferi un c\u0103min c\u0103lduros \u0219i pl\u0103cut.<\/p>\n<p>#<\/p>\n<h2 class=\"wp-block-heading\">Certificatul Energetic<\/h2>\n<p>\u00cen plus, pentru a asigura transparen\u021ba \u00een ceea ce prive\u0219te eficien\u021ba energetic\u0103 a apartamentului, certificatul energetic va fi disponibil la momentul achizi\u021biei, oferindu-\u021bi informa\u021bii utile despre impactul asupra costurilor de \u00eentre\u021binere.<\/p>\n<p>#<\/p>\n<h2 class=\"wp-block-heading\">Concluzie<\/h2>\n<p>Apartamentul cu 2 camere din zona Gara de Nord este o oportunitate excelent\u0103 pentru cei care caut\u0103 confort, accesibilitate \u0219i un mediu urban dinamic. Nu rata ocazia de a te muta \u00eentr-un spa\u021biu care \u00ee\u021bi va oferi nu doar confort, ci \u0219i un stil de via\u021b\u0103 activ. Dac\u0103 e\u0219ti interesat s\u0103 afli mai multe sau s\u0103 programezi o vizionare, acum este momentul s\u0103 ac\u021bionezi!<\/p>\n<p><a href=\"\/bucuresti\/imobiliare-163-11022908-vanzare-apartament-2-camere-in-sector-1-zona-gara-de-nord\/\" class=\"pb-listing-action\">Stabileste o vizionare<\/a><\/p>\n<ul>\n<li><a href=\"\/bucuresti\/\">Imobiliare Bucure\u0219ti<\/a><\/li>\n<li><a href=\"\/bucuresti\/apartamente-vanzare\/\">Apartamente de vanzare Bucure\u0219ti<\/a><\/li>\n<li><a href=\"\/bucuresti\/apartamente-vanzare\/2-camere\/\">Apartamente cu 2 camere de vanzare Bucure\u0219ti<\/a><\/li>\n<li><a href=\"\/bucuresti\/apartamente-vanzare\/gara_de_nord\/2-camere\/\">Apartamente cu 2 camere de vanzare Gara de Nord, Bucure\u0219ti<\/a><\/li>\n<\/ul>\n\n<!-- ngfb content-buttons begin -->\n<!-- generated on 2026-04-25T22:07:29+00:00 -->\n<div class=\"ngfb-content-buttons\">\n<div class=\"ngfb-buttons en_US\">\n<!-- Email Button --><div class=\"css-button email-button\">\n  <a href=\"mailto:?subject=Share:%20Apartament%20cu%202%20camere%2C%20mobilat%20%C8%99i%20utilat%2C%20aproape%20de%20Gara%20de%20Nord%20%E2%80%93%20etaj%202%2C%20lift%2C%20balcon%204%20mp%21&body=Bucure%C8%99ti%2C%20Gara%20de%20Nord%20-%20Apartament%20cu%202%20camere%20mobilat%20%C8%99i%20utilat%2C%20situat%20%C3%AEn%20zona%20Gara%20de%20Nord%2C%20la%20doar%203%20minute%20de%20metrou.%20Proprietatea%20este%20la%20etajul%202%20%C3%AEntr-un%20imobil%20cu%207%20etaje%2C%20construit%20%C3%AEn%201979%20%C8%99i%20reabilitat%20termic.%20Suprafa%C8%9Ba%20util%C4%83%20este%20de%2043%20mp%2C%20plus%20un%20balcon%20de%204%20mp%2C%20iar%20compartimentarea%20este%20semidecomandat%C4%83.%20Blocul%20dispune%20de%20lift%2C%20iar%20certificatul%20energetic%20va%20fi%20disponibil%20la%20v%C3%A2nzare.%0D%0A%0D%0AShared%20from%20https:\/\/propertybook.ro\/blog\/apartament-cu-2-camere-mobilat-si-utilat-aproape-de-gara-de-nord-etaj-2-lift-balcon-4-mp\/%0D%0A\">\n    <span class=\"ngfb-icon\">\n      <svg xmlns=\"http:\/\/www.w3.org\/2000\/svg\" width=\"9\" height=\"9\" viewBox=\"0 0 28 28\">\n        <path d=\"M20.11 26.147c-2.335 1.05-4.36 1.4-7.124 1.4C6.524 27.548.84 22.916.84 15.284.84 7.343 6.602.45 15.4.45c6.854 0 11.8 4.7 11.8 11.252 0 5.684-3.193 9.265-7.398 9.3-1.83 0-3.153-.934-3.347-2.997h-.077c-1.208 1.986-2.96 2.997-5.023 2.997-2.532 0-4.36-1.868-4.36-5.062 0-4.75 3.503-9.07 9.11-9.07 1.713 0 3.7.4 4.6.972l-1.17 7.203c-.387 2.298-.115 3.3 1 3.4 1.674 0 3.774-2.102 3.774-6.58 0-5.06-3.27-8.994-9.304-8.994C9.05 2.87 3.83 7.545 3.83 14.97c0 6.5 4.2 10.2 10 10.202 1.987 0 4.09-.43 5.647-1.245l.634 2.22zM16.647 10.1c-.31-.078-.7-.155-1.207-.155-2.572 0-4.596 2.53-4.596 5.53 0 1.5.7 2.4 1.9 2.4 1.44 0 2.96-1.83 3.31-4.088l.592-3.72z\" \/>\n      <\/svg>\n    <\/span>\n    <span class=\"ngfb-text\"><\/span>\n  <\/a>\n<\/div><\/div><!-- .ngfb-buttons.en_US -->\n<\/div><!-- .ngfb-content-buttons -->\n<!-- ngfb content-buttons end -->\n\n","protected":false},"excerpt":{"rendered":"<p>Bucure\u0219ti, Gara de Nord &#8211; Apartament cu 2 camere mobilat \u0219i utilat, situat \u00een zona Gara de Nord, la doar 3 minute de metrou. Proprietatea este la etajul 2 \u00eentr-un imobil cu 7 etaje, construit \u00een 1979 \u0219i reabilitat termic. Suprafa\u021ba util\u0103 este de 43 mp, plus un balcon de 4 mp, iar compartimentarea este semidecomandat\u0103. Blocul dispune de lift, iar certificatul energetic va fi disponibil la v\u00e2nzare.<\/p>\n","protected":false},"author":8,"featured_media":4390,"comment_status":"open","ping_status":"open","sticky":false,"template":"","format":"standard","meta":{"footnotes":""},"categories":[52,49,47],"tags":[62,357,74,89,234,262,376,70,63,85],"class_list":["post-4391","post","type-post","status-publish","format-standard","has-post-thumbnail","hentry","category-apartamente-de-vanzare-bucuresti","category-oferte-imobiliare-bucuresti","category-oferte","tag-2-camere","tag-an-const-1979","tag-balcon","tag-bucuresti","tag-etaj-2-7","tag-gara-de-nord","tag-o-baie","tag-parchet","tag-semidecomandat","tag-termopane"],"_links":{"self":[{"href":"https:\/\/propertybook.ro\/blog\/wp-json\/wp\/v2\/posts\/4391","targetHints":{"allow":["GET"]}}],"collection":[{"href":"https:\/\/propertybook.ro\/blog\/wp-json\/wp\/v2\/posts"}],"about":[{"href":"https:\/\/propertybook.ro\/blog\/wp-json\/wp\/v2\/types\/post"}],"author":[{"embeddable":true,"href":"https:\/\/propertybook.ro\/blog\/wp-json\/wp\/v2\/users\/8"}],"replies":[{"embeddable":true,"href":"https:\/\/propertybook.ro\/blog\/wp-json\/wp\/v2\/comments?post=4391"}],"version-history":[{"count":0,"href":"https:\/\/propertybook.ro\/blog\/wp-json\/wp\/v2\/posts\/4391\/revisions"}],"wp:featuredmedia":[{"embeddable":true,"href":"https:\/\/propertybook.ro\/blog\/wp-json\/wp\/v2\/media\/4390"}],"wp:attachment":[{"href":"https:\/\/propertybook.ro\/blog\/wp-json\/wp\/v2\/media?parent=4391"}],"wp:term":[{"taxonomy":"category","embeddable":true,"href":"https:\/\/propertybook.ro\/blog\/wp-json\/wp\/v2\/categories?post=4391"},{"taxonomy":"post_tag","embeddable":true,"href":"https:\/\/propertybook.ro\/blog\/wp-json\/wp\/v2\/tags?post=4391"}],"curies":[{"name":"wp","href":"https:\/\/api.w.org\/{rel}","templated":true}]}}