{"id":4397,"date":"2025-03-05T13:43:30","date_gmt":"2025-03-05T11:43:30","guid":{"rendered":"https:\/\/propertybook.ro\/blog\/apartament-modern-cu-3-camere-in-complex-cloud9-aproape-de-metrou-aurel-vlaicu\/"},"modified":"2025-03-05T13:43:30","modified_gmt":"2025-03-05T11:43:30","slug":"apartament-modern-cu-3-camere-in-complex-cloud9-aproape-de-metrou-aurel-vlaicu","status":"publish","type":"post","link":"https:\/\/propertybook.ro\/blog\/apartament-modern-cu-3-camere-in-complex-cloud9-aproape-de-metrou-aurel-vlaicu\/","title":{"rendered":"Apartament Modern cu 3 Camere \u00een Complex Cloud9, Aproape de Metrou Aurel Vlaicu"},"content":{"rendered":"\n<!-- ngfb content-buttons begin -->\n<!-- generated on 2026-05-01T12:12:53+00:00 -->\n<div class=\"ngfb-content-buttons\">\n<div class=\"ngfb-buttons en_US\">\n<!-- Email Button --><div class=\"css-button email-button\">\n  <a href=\"mailto:?subject=Share:%20Apartament%20Modern%20cu%203%20Camere%20%C3%AEn%20Complex%20Cloud9%2C%20Aproape%20de%20Metrou%20Aurel%20Vlaicu&body=Bucure%C8%99ti%20-%20Apartament%20de%203%20camere%20complet%20mobilat%20%C8%99i%20utilat%2C%20situat%20%C3%AEn%20complexul%20Cloud9%2C%20la%203%20minute%20de%20metroul%20Aurel%20Vlaicu.%20La%20etajul%201%20din%2011%2C%20apartamentul%20decomandat%20are%2083%2C4%20mp%20utili%2C%20plus%202%20balcoane.%20Designul%20minimalist%20%C8%99i%20finisajele%20de%20%C3%AEnalt%C4%83%20calitate%20ofer%C4%83%20un%20spa%C8%9Biu%20luminos%20%C8%99i%20func%C8%9Bional.%20Complexul%20include%20paz%C4%83%20permanent%C4%83%20%C8%99i%20loc%20de%20joac%C4%83%20pentru%20copii%2C%20fiind%20ideal%20pentru%20familii.%0D%0A%0D%0AShared%20from%20https:\/\/propertybook.ro\/blog\/apartament-modern-cu-3-camere-in-complex-cloud9-aproape-de-metrou-aurel-vlaicu\/%0D%0A\">\n    <span class=\"ngfb-icon\">\n      <svg xmlns=\"http:\/\/www.w3.org\/2000\/svg\" width=\"9\" height=\"9\" viewBox=\"0 0 28 28\">\n        <path d=\"M20.11 26.147c-2.335 1.05-4.36 1.4-7.124 1.4C6.524 27.548.84 22.916.84 15.284.84 7.343 6.602.45 15.4.45c6.854 0 11.8 4.7 11.8 11.252 0 5.684-3.193 9.265-7.398 9.3-1.83 0-3.153-.934-3.347-2.997h-.077c-1.208 1.986-2.96 2.997-5.023 2.997-2.532 0-4.36-1.868-4.36-5.062 0-4.75 3.503-9.07 9.11-9.07 1.713 0 3.7.4 4.6.972l-1.17 7.203c-.387 2.298-.115 3.3 1 3.4 1.674 0 3.774-2.102 3.774-6.58 0-5.06-3.27-8.994-9.304-8.994C9.05 2.87 3.83 7.545 3.83 14.97c0 6.5 4.2 10.2 10 10.202 1.987 0 4.09-.43 5.647-1.245l.634 2.22zM16.647 10.1c-.31-.078-.7-.155-1.207-.155-2.572 0-4.596 2.53-4.596 5.53 0 1.5.7 2.4 1.9 2.4 1.44 0 2.96-1.83 3.31-4.088l.592-3.72z\" \/>\n      <\/svg>\n    <\/span>\n    <span class=\"ngfb-text\"><\/span>\n  <\/a>\n<\/div><\/div><!-- .ngfb-buttons.en_US -->\n<\/div><!-- .ngfb-content-buttons -->\n<!-- ngfb content-buttons end -->\n\n\n<!-- ngfb schema image for pinterest pin it button -->\n<div class=\"ngfb-schema-image-for-pinterest\" style=\"display:none;\">\n<img loading=\"lazy\" decoding=\"async\" src=\"https:\/\/propertybook.ro\/blog\/wp-content\/uploads\/2025\/03\/11022917.webp\" width=\"0\" height=\"0\" style=\"width:0;height:0;\" data-pin-description=\"Bucure\u0219ti - Apartament de 3 camere complet mobilat \u0219i utilat, situat &icirc;n complexul Cloud9, la 3 minute de metroul Aurel Vlaicu. La etajul 1 din 11, apartamentul decomandat are 83,4 mp utili, plus 2 balcoane. Designul minimalist \u0219i finisajele de &icirc;nalt\u0103 calitate ofer\u0103 un spa\u021biu luminos \u0219i...\" alt=\"\"\/>\n<\/div><!-- .ngfb-schema-image-for-pinterest -->\n\n<figure class=\"wp-block-image size-large\"><img decoding=\"async\" src=\"https:\/\/cdn.propertybook.ro\/svn_residentialist\/11022917.webp\" alt=\"\" \/><\/figure>\n<ul>\n<li><a href=\"\/bucuresti\/\">Imobiliare Bucure\u0219ti<\/a><\/li>\n<li><a href=\"\/bucuresti\/apartamente-vanzare\/3-camere\/\">Apartamente cu 3 camere de vanzare Bucure\u0219ti<\/a><\/li>\n<\/ul>\n<p><a href=\"\/bucuresti\/imobiliare-163-11022917-vanzare-apartament-3-camere-in-sector-1-zona-aviatiei\/\" class=\"pb-listing-action\">Detaliile proprietatii<\/a><\/p>\n<p><h2 class=\"wp-block-heading\">Descoper\u0103 Confortul \u0219i Stilul \u00een Complexul Cloud9<\/h2>\n<p>\u00centr-o lume \u00een continu\u0103 schimbare, alegerea unui loc de trai care s\u0103 \u00eembine confortul cu accesibilitatea este esen\u021bial\u0103. Ast\u0103zi, v\u0103 invit\u0103m s\u0103 descoperi\u021bi un apartament de 3 camere ce promite s\u0103 devin\u0103 c\u0103minul perfect pentru familii moderne sau profesioni\u0219ti atra\u0219i de via\u021ba urban\u0103 din zona de birouri \u00een continu\u0103 expansiune.<\/p>\n<p>#<\/p>\n<h2 class=\"wp-block-heading\">Loca\u021bia<\/h2>\n<p>Situat la doar 3 minute de sta\u021bia de metrou Aurel Vlaicu, acest apartament beneficiaz\u0103 de o amplasare ideal\u0103, oferind acces rapid la toate facilit\u0103\u021bile necesare unei vie\u021bi active. Zona este cunoscut\u0103 pentru dezvoltarea sa dinamic\u0103, fiind \u00eenconjurat\u0103 de birouri, restaurante, cafenele, magazine \u0219i alte puncte de interes.<\/p>\n<p>#<\/p>\n<h2 class=\"wp-block-heading\">Design \u0219i Confort<\/h2>\n<p>Apartamentul se afl\u0103 la etajul 1 dintr-un complex modern cu 11 niveluri \u0219i ofer\u0103 o suprafa\u021b\u0103 total\u0103 de 93,2 mp, incluz\u00e2nd dou\u0103 balcoane ce adaug\u0103 un plus de valoare \u0219i confort. Compartimentarea este inteligent g\u00e2ndit\u0103, cu un living luminos, o buc\u0103t\u0103rie \u00eenchis\u0103 dotat\u0103 cu un perete din sticl\u0103, doua dormitoare spa\u021bioase, dou\u0103 b\u0103i \u0219i un hol de intrare.<\/p>\n<p>Finisajele de \u00eenalt\u0103 calitate, atent selec\u021bionate, confer\u0103 un aspect elegant \u0219i minimalist, iar designul func\u021bional garanteaz\u0103 un trai pl\u0103cut \u0219i comod. Apartamentul a fost mobilat cu rafinament de echipa de designeri, ceea ce se reflect\u0103 \u00een fiecare detaliu, transform\u00e2ndu-l \u00eentr-un spa\u021biu nu doar estetic, ci \u0219i practic, perfect pentru orice stil de via\u021b\u0103.<\/p>\n<p>#<\/p>\n<h2 class=\"wp-block-heading\">Siguran\u021b\u0103 \u0219i Facilit\u0103\u021bi<\/h2>\n<p>Complexul Cloud9 se remarc\u0103 nu doar prin apartamentele sale moderne, ci \u0219i prin facilit\u0103\u021bile oferite. Locatarii se pot bucura de un mediu sigur, datorit\u0103 pazei permanente \u0219i a controlului accesului auto. De asemenea, exist\u0103 un loc de joac\u0103 dedicat copiilor, oferind un spa\u021biu sigur \u0219i pl\u0103cut pentru cei mici.<\/p>\n<p>#<\/p>\n<h2 class=\"wp-block-heading\">Concluzie<\/h2>\n<p>Acest apartament din Cloud9 nu este doar o proprietate, ci o invita\u021bie la un stil de via\u021b\u0103 modern \u0219i confortabil. Cu un design atr\u0103g\u0103tor, facilit\u0103\u021bi excelente \u0219i o amplasare care faciliteaz\u0103 accesul la tot ce este necesar, este cu siguran\u021b\u0103 o alegere inspirat\u0103 pentru cei care caut\u0103 un nou \u00eenceput \u00eentr-un c\u0103min.<\/p>\n<p>Dac\u0103 sunte\u021bi \u00een c\u0103utarea unui nou apartament, nu ezita\u021bi s\u0103 explora\u021bi aceast\u0103 opportunitate unic\u0103. O vizionare v\u0103 va convinge de poten\u021bialul acestui spa\u021biu ce a\u0219teapt\u0103 s\u0103 devin\u0103 c\u0103minul dumneavoastr\u0103.<\/p>\n<p><a href=\"\/bucuresti\/imobiliare-163-11022917-vanzare-apartament-3-camere-in-sector-1-zona-aviatiei\/\" class=\"pb-listing-action\">Stabileste o vizionare<\/a><\/p>\n<ul>\n<li><a href=\"\/bucuresti\/\">Imobiliare Bucure\u0219ti<\/a><\/li>\n<li><a href=\"\/bucuresti\/apartamente-vanzare\/3-camere\/\">Apartamente cu 3 camere de vanzare Bucure\u0219ti<\/a><\/li>\n<\/ul>\n\n<!-- ngfb content-buttons begin -->\n<!-- generated on 2026-05-01T12:12:53+00:00 -->\n<div class=\"ngfb-content-buttons\">\n<div class=\"ngfb-buttons en_US\">\n<!-- Email Button --><div class=\"css-button email-button\">\n  <a href=\"mailto:?subject=Share:%20Apartament%20Modern%20cu%203%20Camere%20%C3%AEn%20Complex%20Cloud9%2C%20Aproape%20de%20Metrou%20Aurel%20Vlaicu&body=Bucure%C8%99ti%20-%20Apartament%20de%203%20camere%20complet%20mobilat%20%C8%99i%20utilat%2C%20situat%20%C3%AEn%20complexul%20Cloud9%2C%20la%203%20minute%20de%20metroul%20Aurel%20Vlaicu.%20La%20etajul%201%20din%2011%2C%20apartamentul%20decomandat%20are%2083%2C4%20mp%20utili%2C%20plus%202%20balcoane.%20Designul%20minimalist%20%C8%99i%20finisajele%20de%20%C3%AEnalt%C4%83%20calitate%20ofer%C4%83%20un%20spa%C8%9Biu%20luminos%20%C8%99i%20func%C8%9Bional.%20Complexul%20include%20paz%C4%83%20permanent%C4%83%20%C8%99i%20loc%20de%20joac%C4%83%20pentru%20copii%2C%20fiind%20ideal%20pentru%20familii.%0D%0A%0D%0AShared%20from%20https:\/\/propertybook.ro\/blog\/apartament-modern-cu-3-camere-in-complex-cloud9-aproape-de-metrou-aurel-vlaicu\/%0D%0A\">\n    <span class=\"ngfb-icon\">\n      <svg xmlns=\"http:\/\/www.w3.org\/2000\/svg\" width=\"9\" height=\"9\" viewBox=\"0 0 28 28\">\n        <path d=\"M20.11 26.147c-2.335 1.05-4.36 1.4-7.124 1.4C6.524 27.548.84 22.916.84 15.284.84 7.343 6.602.45 15.4.45c6.854 0 11.8 4.7 11.8 11.252 0 5.684-3.193 9.265-7.398 9.3-1.83 0-3.153-.934-3.347-2.997h-.077c-1.208 1.986-2.96 2.997-5.023 2.997-2.532 0-4.36-1.868-4.36-5.062 0-4.75 3.503-9.07 9.11-9.07 1.713 0 3.7.4 4.6.972l-1.17 7.203c-.387 2.298-.115 3.3 1 3.4 1.674 0 3.774-2.102 3.774-6.58 0-5.06-3.27-8.994-9.304-8.994C9.05 2.87 3.83 7.545 3.83 14.97c0 6.5 4.2 10.2 10 10.202 1.987 0 4.09-.43 5.647-1.245l.634 2.22zM16.647 10.1c-.31-.078-.7-.155-1.207-.155-2.572 0-4.596 2.53-4.596 5.53 0 1.5.7 2.4 1.9 2.4 1.44 0 2.96-1.83 3.31-4.088l.592-3.72z\" \/>\n      <\/svg>\n    <\/span>\n    <span class=\"ngfb-text\"><\/span>\n  <\/a>\n<\/div><\/div><!-- .ngfb-buttons.en_US -->\n<\/div><!-- .ngfb-content-buttons -->\n<!-- ngfb content-buttons end -->\n\n","protected":false},"excerpt":{"rendered":"<p>Bucure\u0219ti &#8211; Apartament de 3 camere complet mobilat \u0219i utilat, situat \u00een complexul Cloud9, la 3 minute de metroul Aurel Vlaicu. La etajul 1 din 11, apartamentul decomandat are 83,4 mp utili, plus 2 balcoane. Designul minimalist \u0219i finisajele de \u00eenalt\u0103 calitate ofer\u0103 un spa\u021biu luminos \u0219i func\u021bional. Complexul include paz\u0103 permanent\u0103 \u0219i loc de joac\u0103 pentru copii, fiind ideal pentru familii.<\/p>\n","protected":false},"author":8,"featured_media":4396,"comment_status":"open","ping_status":"open","sticky":false,"template":"","format":"standard","meta":{"footnotes":""},"categories":[52,49,47],"tags":[377,59,55,207,89,68,391,70,85],"class_list":["post-4397","post","type-post","status-publish","format-standard","has-post-thumbnail","hentry","category-apartamente-de-vanzare-bucuresti","category-oferte-imobiliare-bucuresti","category-oferte","tag-2-bai","tag-2-balcoane","tag-3-camere","tag-an-const-2020","tag-bucuresti","tag-decomandat","tag-etaj-1-11","tag-parchet","tag-termopane"],"_links":{"self":[{"href":"https:\/\/propertybook.ro\/blog\/wp-json\/wp\/v2\/posts\/4397","targetHints":{"allow":["GET"]}}],"collection":[{"href":"https:\/\/propertybook.ro\/blog\/wp-json\/wp\/v2\/posts"}],"about":[{"href":"https:\/\/propertybook.ro\/blog\/wp-json\/wp\/v2\/types\/post"}],"author":[{"embeddable":true,"href":"https:\/\/propertybook.ro\/blog\/wp-json\/wp\/v2\/users\/8"}],"replies":[{"embeddable":true,"href":"https:\/\/propertybook.ro\/blog\/wp-json\/wp\/v2\/comments?post=4397"}],"version-history":[{"count":0,"href":"https:\/\/propertybook.ro\/blog\/wp-json\/wp\/v2\/posts\/4397\/revisions"}],"wp:featuredmedia":[{"embeddable":true,"href":"https:\/\/propertybook.ro\/blog\/wp-json\/wp\/v2\/media\/4396"}],"wp:attachment":[{"href":"https:\/\/propertybook.ro\/blog\/wp-json\/wp\/v2\/media?parent=4397"}],"wp:term":[{"taxonomy":"category","embeddable":true,"href":"https:\/\/propertybook.ro\/blog\/wp-json\/wp\/v2\/categories?post=4397"},{"taxonomy":"post_tag","embeddable":true,"href":"https:\/\/propertybook.ro\/blog\/wp-json\/wp\/v2\/tags?post=4397"}],"curies":[{"name":"wp","href":"https:\/\/api.w.org\/{rel}","templated":true}]}}