{"id":4403,"date":"2025-03-05T15:43:42","date_gmt":"2025-03-05T13:43:42","guid":{"rendered":"https:\/\/propertybook.ro\/blog\/apartament-exclusivist-cu-terasa-generoasa-si-vedere-spre-parc-ideal-pentru-investitie\/"},"modified":"2025-03-05T15:43:42","modified_gmt":"2025-03-05T13:43:42","slug":"apartament-exclusivist-cu-terasa-generoasa-si-vedere-spre-parc-ideal-pentru-investitie","status":"publish","type":"post","link":"https:\/\/propertybook.ro\/blog\/apartament-exclusivist-cu-terasa-generoasa-si-vedere-spre-parc-ideal-pentru-investitie\/","title":{"rendered":"Apartament Exclusivist cu Teras\u0103 Generoas\u0103 \u0219i Vedere Spre Parc, Ideal pentru Investi\u021bie!"},"content":{"rendered":"\n<!-- ngfb content-buttons begin -->\n<!-- generated on 2026-05-01T19:52:26+00:00 -->\n<div class=\"ngfb-content-buttons\">\n<div class=\"ngfb-buttons en_US\">\n<!-- Email Button --><div class=\"css-button email-button\">\n  <a href=\"mailto:?subject=Share:%20Apartament%20Exclusivist%20cu%20Teras%C4%83%20Generoas%C4%83%20%C8%99i%20Vedere%20Spre%20Parc%2C%20Ideal%20pentru%20Investi%C8%9Bie%21&body=Bucure%C8%99ti%2C%20Tei%20-%20Apartamentul%20exclusivist%20dispune%20de%20o%20teras%C4%83%20generoas%C4%83%20de%2038%20mp%2C%20dressing%20de%209%2C5%20mp%20%C8%99i%20este%20ideal%20pentru%20investi%C8%9Bie%2C%20av%C3%A2nd%20un%20contract%20de%20%C3%AEnchiriere%20pe%20termen%20lung.%20Beneficiaz%C4%83%20de%20lumin%C4%83%20natural%C4%83%2C%20priveli%C8%99te%20spre%20parc%20%C8%99i%20confort%20termic%20optimizat.%20Este%20complet%20mobilat%20cu%20dot%C4%83ri%20premium%20%C8%99i%20se%20afl%C4%83%20%C3%AEn%20apropierea%20centrelor%20de%20business%20din%20zona%20de%20Nord%20a%20Bucure%C8%99tiului.%20Include%20posibilitatea%20%C3%AEnchirierii%20unui%20loc%20de%20parcare.%0D%0A%0D%0AShared%20from%20https:\/\/propertybook.ro\/blog\/apartament-exclusivist-cu-terasa-generoasa-si-vedere-spre-parc-ideal-pentru-investitie\/%0D%0A\">\n    <span class=\"ngfb-icon\">\n      <svg xmlns=\"http:\/\/www.w3.org\/2000\/svg\" width=\"9\" height=\"9\" viewBox=\"0 0 28 28\">\n        <path d=\"M20.11 26.147c-2.335 1.05-4.36 1.4-7.124 1.4C6.524 27.548.84 22.916.84 15.284.84 7.343 6.602.45 15.4.45c6.854 0 11.8 4.7 11.8 11.252 0 5.684-3.193 9.265-7.398 9.3-1.83 0-3.153-.934-3.347-2.997h-.077c-1.208 1.986-2.96 2.997-5.023 2.997-2.532 0-4.36-1.868-4.36-5.062 0-4.75 3.503-9.07 9.11-9.07 1.713 0 3.7.4 4.6.972l-1.17 7.203c-.387 2.298-.115 3.3 1 3.4 1.674 0 3.774-2.102 3.774-6.58 0-5.06-3.27-8.994-9.304-8.994C9.05 2.87 3.83 7.545 3.83 14.97c0 6.5 4.2 10.2 10 10.202 1.987 0 4.09-.43 5.647-1.245l.634 2.22zM16.647 10.1c-.31-.078-.7-.155-1.207-.155-2.572 0-4.596 2.53-4.596 5.53 0 1.5.7 2.4 1.9 2.4 1.44 0 2.96-1.83 3.31-4.088l.592-3.72z\" \/>\n      <\/svg>\n    <\/span>\n    <span class=\"ngfb-text\"><\/span>\n  <\/a>\n<\/div><\/div><!-- .ngfb-buttons.en_US -->\n<\/div><!-- .ngfb-content-buttons -->\n<!-- ngfb content-buttons end -->\n\n\n<!-- ngfb schema image for pinterest pin it button -->\n<div class=\"ngfb-schema-image-for-pinterest\" style=\"display:none;\">\n<img loading=\"lazy\" decoding=\"async\" src=\"https:\/\/propertybook.ro\/blog\/wp-content\/uploads\/2025\/03\/2377155.webp\" width=\"0\" height=\"0\" style=\"width:0;height:0;\" data-pin-description=\"Bucure\u0219ti, Tei - Apartamentul exclusivist dispune de o teras\u0103 generoas\u0103 de 38 mp, dressing de 9,5 mp \u0219i este ideal pentru investi\u021bie, av&acirc;nd un contract de &icirc;nchiriere pe termen lung. Beneficiaz\u0103 de lumin\u0103 natural\u0103, priveli\u0219te spre parc \u0219i confort termic optimizat. Este complet mobilat cu dot\u0103ri...\" alt=\"\"\/>\n<\/div><!-- .ngfb-schema-image-for-pinterest -->\n\n<figure class=\"wp-block-image size-large\"><img decoding=\"async\" src=\"https:\/\/cdn.propertybook.ro\/realstart.ro\/2377155.webp\" alt=\"\" \/><\/figure>\n<ul>\n<li><a href=\"\/bucuresti\/\">Imobiliare Bucure\u0219ti<\/a><\/li>\n<li><a href=\"\/bucuresti\/apartamente-vanzare\/\">Apartamente de vanzare Bucure\u0219ti<\/a><\/li>\n<li><a href=\"\/bucuresti\/apartamente-vanzare\/2-camere\/\">Apartamente cu 2 camere de vanzare Bucure\u0219ti<\/a><\/li>\n<li><a href=\"\/bucuresti\/apartamente-vanzare\/tei\/2-camere\/\">Apartamente cu 2 camere de vanzare Tei, Bucure\u0219ti<\/a><\/li>\n<\/ul>\n<p><a href=\"\/bucuresti\/imobiliare-166-2377155-parter-inalt-terasa-38mp-vedere-catre-parc-si-lac-mobilat-si-utilat-roi-6-5-\/\" class=\"pb-listing-action\">Detaliile proprietatii<\/a><\/p>\n<p><h2 class=\"wp-block-heading\">Descoper\u0103 Un Apartament Exclusivist Cu Teras\u0103 Generoas\u0103 \u00cen Tranquilitatea Zonei Verzi<\/h2>\n<p>Dac\u0103 e\u0219ti \u00een c\u0103utarea unei propriet\u0103\u021bi unice, care s\u0103 \u00eembine confortul modern cu lini\u0219tea naturii, acest apartament din nordul Bucure\u0219tiului ar putea fi locuin\u021ba ideal\u0103 pentru tine. Situat \u00eentr-un complex reziden\u021bial nou, acest apartament ofer\u0103 o atmosfera elegant\u0103 \u0219i confortabil\u0103, fiind perfect at\u00e2t pentru reziden\u021b\u0103 permanent\u0103, c\u00e2t \u0219i pentru investi\u021bii pe termen lung.<\/p>\n<p>#<\/p>\n<h2 class=\"wp-block-heading\">Teras\u0103 Generoas\u0103 de 38 mp<\/h2>\n<p>Unul dintre cele mai atr\u0103g\u0103toare aspecte ale acestei propriet\u0103\u021bi este terasa generoas\u0103 de 38 mp, care ofer\u0103 intimitate \u0219i un loc perfect pentru relaxare. Terasa dispune de dublu acces, at\u00e2t din living, c\u00e2t \u0219i din dormitor, \u0219i include zone distincte pentru barbeque \u0219i canapele. De asemenea, aceasta este dotat\u0103 cu un sistem de \u00eenc\u0103lzire dublu, permi\u021b\u00e2nd utilizarea sa chiar \u0219i \u00een sezonul rece. Imagina\u021bi-v\u0103 momentele de r\u0103sf\u0103\u021b petrecute \u00een aer liber, admir\u00e2nd priveli\u0219tea unui parc verde \u0219i lini\u0219tit, f\u0103r\u0103 agita\u021bia urban\u0103.<\/p>\n<p>#<\/p>\n<h2 class=\"wp-block-heading\">Luminozitate Natural\u0103 \u0219i Confort Excep\u021bional<\/h2>\n<p>Apartamentul beneficiaz\u0103 de un design modern cu zone vitrate mari care permit luminii naturale s\u0103 p\u0103trund\u0103 \u00een fiecare camer\u0103. Peretele tip cortin\u0103 nu doar c\u0103 aduce un sentiment de deschidere, dar ofer\u0103 \u0219i o priveli\u0219te relaxant\u0103 \u00een orice anotimp. Compartimentarea functional\u0103 a apartamentului define\u0219te clar zonele de zi \u0219i de sear\u0103, asigur\u00e2nd un confort termic \u0219i fonic excep\u021bional, datorit\u0103 centralei termice pe gaz \u0219i sistemului de \u00eenc\u0103lzire \u00een pardoseal\u0103.<\/p>\n<p>#<\/p>\n<h2 class=\"wp-block-heading\">Mobilier Premium \u0219i Dot\u0103ri Custom-Made<\/h2>\n<p>Proprietatea se pred\u0103 complet mobilat\u0103 \u0219i utilat\u0103, beneficiind de mobilier \u0219i dot\u0103ri premium, custom-made. O camer\u0103 de 8 mp a fost transformata \u00een dressing, dar poate func\u021biona \u0219i ca birou, ad\u0103ug\u00e2nd un plus de versatilitate apartamentului. \u00cen plus, toate zonele vitrate sunt dotate cu obloane de aluminiu de exterior cu luminozitate reglabil\u0103, ac\u021bionate prin telecomand\u0103, oferind un control excelent asupra intimit\u0103\u021bii \u0219i luminozit\u0103\u021bii.<\/p>\n<p>#<\/p>\n<h2 class=\"wp-block-heading\">Loca\u021bie Ideal\u0103<\/h2>\n<p>Complexul rezidential este amplasat \u00een apropierea centrului de business din zona de nord a Bucure\u0219tiului \u0219i a zonei Barbu V\u0103c\u0103rescu-Floreasca Tei, o zon\u0103 \u00een plin\u0103 dezvoltare reziden\u021bial\u0103, oferind un acces facil la numeroase facilit\u0103\u021bi. Astfel, locuitorii se pot bucura de toate avantajele unui stil de via\u021b\u0103 urban modern, f\u0103r\u0103 a renun\u021ba la natura din jur.<\/p>\n<p>#<\/p>\n<h2 class=\"wp-block-heading\">Concluzie<\/h2>\n<p>Acest apartament nu este doar un loc unde po\u021bi s\u0103 locuie\u0219ti, ci o adev\u0103rat\u0103 oaz\u0103 de lini\u0219te \u0219i confort. Cu teras\u0103 generoas\u0103, dot\u0103ri de lux \u0219i amplasare ideal\u0103, reprezint\u0103 o oportunitate excelent\u0103, fie c\u0103 e\u0219ti \u00een c\u0103utarea unei noi re\u0219edin\u021be sau vrei s\u0103 investe\u0219ti \u00eentr-o proprietate de viitor.<\/p>\n<p>Nu rata ocazia de a viziona aceast\u0103 proprietate minuntat\u0103! Cada detaliu a fost g\u00e2ndit pentru a crea un spa\u021biu \u00een care confortul \u0219i natura se \u00eent\u00e2lnesc perfect.<\/p>\n<p><a href=\"\/bucuresti\/imobiliare-166-2377155-parter-inalt-terasa-38mp-vedere-catre-parc-si-lac-mobilat-si-utilat-roi-6-5-\/\" class=\"pb-listing-action\">Stabileste o vizionare<\/a><\/p>\n<ul>\n<li><a href=\"\/bucuresti\/\">Imobiliare Bucure\u0219ti<\/a><\/li>\n<li><a href=\"\/bucuresti\/apartamente-vanzare\/\">Apartamente de vanzare Bucure\u0219ti<\/a><\/li>\n<li><a href=\"\/bucuresti\/apartamente-vanzare\/2-camere\/\">Apartamente cu 2 camere de vanzare Bucure\u0219ti<\/a><\/li>\n<li><a href=\"\/bucuresti\/apartamente-vanzare\/tei\/2-camere\/\">Apartamente cu 2 camere de vanzare Tei, Bucure\u0219ti<\/a><\/li>\n<\/ul>\n\n<!-- ngfb content-buttons begin -->\n<!-- generated on 2026-05-01T19:52:26+00:00 -->\n<div class=\"ngfb-content-buttons\">\n<div class=\"ngfb-buttons en_US\">\n<!-- Email Button --><div class=\"css-button email-button\">\n  <a href=\"mailto:?subject=Share:%20Apartament%20Exclusivist%20cu%20Teras%C4%83%20Generoas%C4%83%20%C8%99i%20Vedere%20Spre%20Parc%2C%20Ideal%20pentru%20Investi%C8%9Bie%21&body=Bucure%C8%99ti%2C%20Tei%20-%20Apartamentul%20exclusivist%20dispune%20de%20o%20teras%C4%83%20generoas%C4%83%20de%2038%20mp%2C%20dressing%20de%209%2C5%20mp%20%C8%99i%20este%20ideal%20pentru%20investi%C8%9Bie%2C%20av%C3%A2nd%20un%20contract%20de%20%C3%AEnchiriere%20pe%20termen%20lung.%20Beneficiaz%C4%83%20de%20lumin%C4%83%20natural%C4%83%2C%20priveli%C8%99te%20spre%20parc%20%C8%99i%20confort%20termic%20optimizat.%20Este%20complet%20mobilat%20cu%20dot%C4%83ri%20premium%20%C8%99i%20se%20afl%C4%83%20%C3%AEn%20apropierea%20centrelor%20de%20business%20din%20zona%20de%20Nord%20a%20Bucure%C8%99tiului.%20Include%20posibilitatea%20%C3%AEnchirierii%20unui%20loc%20de%20parcare.%0D%0A%0D%0AShared%20from%20https:\/\/propertybook.ro\/blog\/apartament-exclusivist-cu-terasa-generoasa-si-vedere-spre-parc-ideal-pentru-investitie\/%0D%0A\">\n    <span class=\"ngfb-icon\">\n      <svg xmlns=\"http:\/\/www.w3.org\/2000\/svg\" width=\"9\" height=\"9\" viewBox=\"0 0 28 28\">\n        <path d=\"M20.11 26.147c-2.335 1.05-4.36 1.4-7.124 1.4C6.524 27.548.84 22.916.84 15.284.84 7.343 6.602.45 15.4.45c6.854 0 11.8 4.7 11.8 11.252 0 5.684-3.193 9.265-7.398 9.3-1.83 0-3.153-.934-3.347-2.997h-.077c-1.208 1.986-2.96 2.997-5.023 2.997-2.532 0-4.36-1.868-4.36-5.062 0-4.75 3.503-9.07 9.11-9.07 1.713 0 3.7.4 4.6.972l-1.17 7.203c-.387 2.298-.115 3.3 1 3.4 1.674 0 3.774-2.102 3.774-6.58 0-5.06-3.27-8.994-9.304-8.994C9.05 2.87 3.83 7.545 3.83 14.97c0 6.5 4.2 10.2 10 10.202 1.987 0 4.09-.43 5.647-1.245l.634 2.22zM16.647 10.1c-.31-.078-.7-.155-1.207-.155-2.572 0-4.596 2.53-4.596 5.53 0 1.5.7 2.4 1.9 2.4 1.44 0 2.96-1.83 3.31-4.088l.592-3.72z\" \/>\n      <\/svg>\n    <\/span>\n    <span class=\"ngfb-text\"><\/span>\n  <\/a>\n<\/div><\/div><!-- .ngfb-buttons.en_US -->\n<\/div><!-- .ngfb-content-buttons -->\n<!-- ngfb content-buttons end -->\n\n","protected":false},"excerpt":{"rendered":"<p>Bucure\u0219ti, Tei &#8211; Apartamentul exclusivist dispune de o teras\u0103 generoas\u0103 de 38 mp, dressing de 9,5 mp \u0219i este ideal pentru investi\u021bie, av\u00e2nd un contract de \u00eenchiriere pe termen lung. Beneficiaz\u0103 de lumin\u0103 natural\u0103, priveli\u0219te spre parc \u0219i confort termic optimizat. Este complet mobilat cu dot\u0103ri premium \u0219i se afl\u0103 \u00een apropierea centrelor de business din zona de Nord a Bucure\u0219tiului. Include posibilitatea \u00eenchirierii unui loc de parcare.<\/p>\n","protected":false},"author":8,"featured_media":4402,"comment_status":"open","ping_status":"open","sticky":false,"template":"","format":"standard","meta":{"footnotes":""},"categories":[52,49,47],"tags":[62,149,89,65,68,376,60],"class_list":["post-4403","post","type-post","status-publish","format-standard","has-post-thumbnail","hentry","category-apartamente-de-vanzare-bucuresti","category-oferte-imobiliare-bucuresti","category-oferte","tag-2-camere","tag-an-const-2019","tag-bucuresti","tag-centrala-termica","tag-decomandat","tag-o-baie","tag-parcare"],"_links":{"self":[{"href":"https:\/\/propertybook.ro\/blog\/wp-json\/wp\/v2\/posts\/4403","targetHints":{"allow":["GET"]}}],"collection":[{"href":"https:\/\/propertybook.ro\/blog\/wp-json\/wp\/v2\/posts"}],"about":[{"href":"https:\/\/propertybook.ro\/blog\/wp-json\/wp\/v2\/types\/post"}],"author":[{"embeddable":true,"href":"https:\/\/propertybook.ro\/blog\/wp-json\/wp\/v2\/users\/8"}],"replies":[{"embeddable":true,"href":"https:\/\/propertybook.ro\/blog\/wp-json\/wp\/v2\/comments?post=4403"}],"version-history":[{"count":0,"href":"https:\/\/propertybook.ro\/blog\/wp-json\/wp\/v2\/posts\/4403\/revisions"}],"wp:featuredmedia":[{"embeddable":true,"href":"https:\/\/propertybook.ro\/blog\/wp-json\/wp\/v2\/media\/4402"}],"wp:attachment":[{"href":"https:\/\/propertybook.ro\/blog\/wp-json\/wp\/v2\/media?parent=4403"}],"wp:term":[{"taxonomy":"category","embeddable":true,"href":"https:\/\/propertybook.ro\/blog\/wp-json\/wp\/v2\/categories?post=4403"},{"taxonomy":"post_tag","embeddable":true,"href":"https:\/\/propertybook.ro\/blog\/wp-json\/wp\/v2\/tags?post=4403"}],"curies":[{"name":"wp","href":"https:\/\/api.w.org\/{rel}","templated":true}]}}