{"id":4407,"date":"2025-03-05T17:43:50","date_gmt":"2025-03-05T15:43:50","guid":{"rendered":"https:\/\/propertybook.ro\/blog\/apartament-modern-cu-2-camere-si-balcon-panoramic-de-11-mp-la-etajul-7-total-renovated\/"},"modified":"2025-03-05T17:43:50","modified_gmt":"2025-03-05T15:43:50","slug":"apartament-modern-cu-2-camere-si-balcon-panoramic-de-11-mp-la-etajul-7-total-renovated","status":"publish","type":"post","link":"https:\/\/propertybook.ro\/blog\/apartament-modern-cu-2-camere-si-balcon-panoramic-de-11-mp-la-etajul-7-total-renovated\/","title":{"rendered":"Apartament Modern cu 2 Camere \u0219i Balcon Panoramic de 11 mp la Etajul 7, Total Renovated!"},"content":{"rendered":"\n<!-- ngfb content-buttons begin -->\n<!-- generated on 2026-05-01T19:52:05+00:00 -->\n<div class=\"ngfb-content-buttons\">\n<div class=\"ngfb-buttons en_US\">\n<!-- Email Button --><div class=\"css-button email-button\">\n  <a href=\"mailto:?subject=Share:%20Apartament%20Modern%20cu%202%20Camere%20%C8%99i%20Balcon%20Panoramic%20de%2011%20mp%20la%20Etajul%207%2C%20Total%20Renovated%21&body=Bucure%C8%99ti%20-%20Apartament%20de%202%20camere%2C%20semidecomandat%2C%20cu%20o%20suprafata%20de%2046%20mp%20si%20balcon%20de%2011%20mp%2C%20situat%20la%20etajul%207%20al%20unui%20bloc%20reabilitat%20termic%20%C3%AEn%202013.%20Living%20generos%2C%20dormitor%20luminos%2C%20buc%C4%83t%C4%83rie%20func%C8%9Bional%C4%83%20%C8%99i%20baie%20cu%20geam.%20Renovare%20complet%C4%83%2C%20mobilat%20%C8%99i%20utilat%2C%20cu%20aer%20condi%C8%9Bionat%20%C8%99i%20instala%C8%9Bii%20noi.%20Cl%C4%83dire%20sigur%C4%83%2C%20f%C4%83r%C4%83%20risc%20seismic%2C%20cu%20hidroizola%C8%9Bie%20ref%C4%83cut%C4%83%20%C3%AEn%202024.%20Ideal%20pentru%20un%20c%C4%83min%20confortabil%20%C8%99i%20modern.%0D%0A%0D%0AShared%20from%20https:\/\/propertybook.ro\/blog\/apartament-modern-cu-2-camere-si-balcon-panoramic-de-11-mp-la-etajul-7-total-renovated\/%0D%0A\">\n    <span class=\"ngfb-icon\">\n      <svg xmlns=\"http:\/\/www.w3.org\/2000\/svg\" width=\"9\" height=\"9\" viewBox=\"0 0 28 28\">\n        <path d=\"M20.11 26.147c-2.335 1.05-4.36 1.4-7.124 1.4C6.524 27.548.84 22.916.84 15.284.84 7.343 6.602.45 15.4.45c6.854 0 11.8 4.7 11.8 11.252 0 5.684-3.193 9.265-7.398 9.3-1.83 0-3.153-.934-3.347-2.997h-.077c-1.208 1.986-2.96 2.997-5.023 2.997-2.532 0-4.36-1.868-4.36-5.062 0-4.75 3.503-9.07 9.11-9.07 1.713 0 3.7.4 4.6.972l-1.17 7.203c-.387 2.298-.115 3.3 1 3.4 1.674 0 3.774-2.102 3.774-6.58 0-5.06-3.27-8.994-9.304-8.994C9.05 2.87 3.83 7.545 3.83 14.97c0 6.5 4.2 10.2 10 10.202 1.987 0 4.09-.43 5.647-1.245l.634 2.22zM16.647 10.1c-.31-.078-.7-.155-1.207-.155-2.572 0-4.596 2.53-4.596 5.53 0 1.5.7 2.4 1.9 2.4 1.44 0 2.96-1.83 3.31-4.088l.592-3.72z\" \/>\n      <\/svg>\n    <\/span>\n    <span class=\"ngfb-text\"><\/span>\n  <\/a>\n<\/div><\/div><!-- .ngfb-buttons.en_US -->\n<\/div><!-- .ngfb-content-buttons -->\n<!-- ngfb content-buttons end -->\n\n\n<!-- ngfb schema image for pinterest pin it button -->\n<div class=\"ngfb-schema-image-for-pinterest\" style=\"display:none;\">\n<img loading=\"lazy\" decoding=\"async\" src=\"https:\/\/propertybook.ro\/blog\/wp-content\/uploads\/2025\/03\/11022891.webp\" width=\"0\" height=\"0\" style=\"width:0;height:0;\" data-pin-description=\"Bucure\u0219ti - Apartament de 2 camere, semidecomandat, cu o suprafata de 46 mp si balcon de 11 mp, situat la etajul 7 al unui bloc reabilitat termic &icirc;n 2013. Living generos, dormitor luminos, buc\u0103t\u0103rie func\u021bional\u0103 \u0219i baie cu geam. Renovare complet\u0103, mobilat \u0219i utilat, cu aer condi\u021bionat \u0219i...\" alt=\"\"\/>\n<\/div><!-- .ngfb-schema-image-for-pinterest -->\n\n<figure class=\"wp-block-image size-large\"><img decoding=\"async\" src=\"https:\/\/cdn.propertybook.ro\/svn_residentialist\/11022891.webp\" alt=\"\" \/><\/figure>\n<ul>\n<li><a href=\"\/bucuresti\/\">Imobiliare Bucure\u0219ti<\/a><\/li>\n<li><a href=\"\/bucuresti\/apartamente-vanzare\/2-camere\/\">Apartamente cu 2 camere de vanzare Bucure\u0219ti<\/a><\/li>\n<\/ul>\n<p><a href=\"\/bucuresti\/imobiliare-163-11022891-de-vanzare-apartament-2-camere-in-sector-1-zona-1-mai\/\" class=\"pb-listing-action\">Detaliile proprietatii<\/a><\/p>\n<p><h2 class=\"wp-block-heading\">Descoper\u0103 Ofertele Imobiliare: Apartament de 2 Camere cu Teras\u0103 Generoas\u0103<\/h2>\n<p>C\u00e2nd vine vorba de g\u0103sirea c\u0103minului perfect, un apartament de 2 camere poate fi alegerea ideal\u0103 pentru cei care caut\u0103 combina\u021bia perfect\u0103 \u00eentre confort \u0219i func\u021bionalitate. Ast\u0103zi, v\u0103 invit\u0103m s\u0103 descoperi\u021bi un apartament special, situat la etajul 7 al unui bloc modernizat, care promite nu doar un spa\u021biu de locuit, ci \u0219i o experien\u021b\u0103 de via\u021b\u0103 de calitate.<\/p>\n<p>#<\/p>\n<h2 class=\"wp-block-heading\">Caracteristici Principale<\/h2>\n<p>Acest apartament semidecomandat se bucur\u0103 de o suprafa\u021b\u0103 util\u0103 de 46 mp, care este inteligent compartimentat\u0103. Livingul luminos, cu o suprafa\u021b\u0103 de 17,94 mp, este locul perfect pentru relaxare, iar dormitorul de 11,5 mp ofer\u0103 un refugiu intim dup\u0103 o zi lung\u0103. Buc\u0103t\u0103ria, cu o suprafa\u021b\u0103 de 5,85 mp, este func\u021bional\u0103 \u0219i bine echipat\u0103, iar baia de 3,5 mp, dotat\u0103 cu geam pentru ventila\u021bie natural\u0103, adaug\u0103 un plus de confort.<\/p>\n<p>Unul dintre cele mai atr\u0103g\u0103toare aspecte ale acestui apartament este balconul generos de 11 mp, care se desf\u0103\u0219oar\u0103 pe toat\u0103 lungimea unit\u0103\u021bii. Acest spa\u021biu exterior devine o extensie a locuin\u021bei, oferind oportunit\u0103\u021bi pentru \u00eent\u00e2lniri cu prietenii sau momente de relaxare \u00een aer liber, cu o priveli\u0219te panoramica impresionant\u0103.<\/p>\n<p>#<\/p>\n<h2 class=\"wp-block-heading\">Construc\u021bie \u0219i Siguran\u021b\u0103<\/h2>\n<p>Blocul \u00een care se afl\u0103 apartamentul a fost reabilitat termic \u00een 2013, asigur\u00e2nd eficien\u021b\u0103 energetic\u0103 \u0219i confort sporit. De asemenea, apartamentul nu este \u00eencadrat la nicio clas\u0103 de risc seismic, ceea ce confer\u0103 locatarilor lini\u0219te \u0219i siguran\u021b\u0103. Finisajele interioare sunt moderne, apartamentul fiind renovat integral la cele mai \u00eenalte standarde.<\/p>\n<p>#<\/p>\n<h2 class=\"wp-block-heading\">Dot\u0103ri \u0219i Confort<\/h2>\n<p>Apartamentul dispune de toate facilit\u0103\u021bile necesare pentru un trai confortabil. Instalatiile sanitare \u0219i electrice au fost \u00eenlocuite cu materiale de calitate superioar\u0103, inclusiv cupru, asigur\u00e2nd durabilitate. De asemenea, apartamentul se vinde complet mobilat \u0219i utilat, ceea ce \u00eenseamn\u0103 c\u0103 pute\u021bi s\u0103 v\u0103 muta\u021bi imediat, f\u0103r\u0103 a pierde timp cu amenaj\u0103rile.<\/p>\n<p>Printre dot\u0103rile suplimentare se num\u0103r\u0103 un sistem de aer condi\u021bionat, care garanteaz\u0103 un ambient pl\u0103cut pe timpul verii, iar hidroizola\u021bia acoperi\u0219ului a fost ref\u0103cut\u0103 recent, oferind protec\u021bie maxim\u0103 \u00eempotriva infiltra\u021biilor.<\/p>\n<p>#<\/p>\n<h2 class=\"wp-block-heading\">Oportunitate Unic\u0103<\/h2>\n<p>Pentru cei care caut\u0103 un c\u0103min modern, confortabil, \u0219i sigur, acest apartament de 2 camere reprezint\u0103 o alegere excelent\u0103. Pozi\u021bionat \u00eentr-un bloc bine \u00eentre\u021binut, acest spa\u021biu ofer\u0103 nu doar un loc de locuit, ci \u0219i o calitate a vie\u021bii pe care o merit\u0103 fiecare dintre noi.<\/p>\n<p>Dac\u0103 sunte\u021bi \u00een c\u0103utarea unui apartament care \u00eembin\u0103 toate aceste caracteristici, nu mai a\u0219tepta\u021bi! Vizion\u0103rile sunt o oportunitate excelent\u0103 pentru a experimenta personal acest c\u0103min de vis.<\/p>\n<p>V\u0103 invit\u0103m s\u0103 explora\u021bi aceast\u0103 oportunitate unic\u0103 \u0219i s\u0103 face\u021bi un pas spre viitorul pe care l-a\u021bi dorit mereu!<\/p>\n<p><a href=\"\/bucuresti\/imobiliare-163-11022891-de-vanzare-apartament-2-camere-in-sector-1-zona-1-mai\/\" class=\"pb-listing-action\">Stabileste o vizionare<\/a><\/p>\n<ul>\n<li><a href=\"\/bucuresti\/\">Imobiliare Bucure\u0219ti<\/a><\/li>\n<li><a href=\"\/bucuresti\/apartamente-vanzare\/2-camere\/\">Apartamente cu 2 camere de vanzare Bucure\u0219ti<\/a><\/li>\n<\/ul>\n\n<!-- ngfb content-buttons begin -->\n<!-- generated on 2026-05-01T19:52:05+00:00 -->\n<div class=\"ngfb-content-buttons\">\n<div class=\"ngfb-buttons en_US\">\n<!-- Email Button --><div class=\"css-button email-button\">\n  <a href=\"mailto:?subject=Share:%20Apartament%20Modern%20cu%202%20Camere%20%C8%99i%20Balcon%20Panoramic%20de%2011%20mp%20la%20Etajul%207%2C%20Total%20Renovated%21&body=Bucure%C8%99ti%20-%20Apartament%20de%202%20camere%2C%20semidecomandat%2C%20cu%20o%20suprafata%20de%2046%20mp%20si%20balcon%20de%2011%20mp%2C%20situat%20la%20etajul%207%20al%20unui%20bloc%20reabilitat%20termic%20%C3%AEn%202013.%20Living%20generos%2C%20dormitor%20luminos%2C%20buc%C4%83t%C4%83rie%20func%C8%9Bional%C4%83%20%C8%99i%20baie%20cu%20geam.%20Renovare%20complet%C4%83%2C%20mobilat%20%C8%99i%20utilat%2C%20cu%20aer%20condi%C8%9Bionat%20%C8%99i%20instala%C8%9Bii%20noi.%20Cl%C4%83dire%20sigur%C4%83%2C%20f%C4%83r%C4%83%20risc%20seismic%2C%20cu%20hidroizola%C8%9Bie%20ref%C4%83cut%C4%83%20%C3%AEn%202024.%20Ideal%20pentru%20un%20c%C4%83min%20confortabil%20%C8%99i%20modern.%0D%0A%0D%0AShared%20from%20https:\/\/propertybook.ro\/blog\/apartament-modern-cu-2-camere-si-balcon-panoramic-de-11-mp-la-etajul-7-total-renovated\/%0D%0A\">\n    <span class=\"ngfb-icon\">\n      <svg xmlns=\"http:\/\/www.w3.org\/2000\/svg\" width=\"9\" height=\"9\" viewBox=\"0 0 28 28\">\n        <path d=\"M20.11 26.147c-2.335 1.05-4.36 1.4-7.124 1.4C6.524 27.548.84 22.916.84 15.284.84 7.343 6.602.45 15.4.45c6.854 0 11.8 4.7 11.8 11.252 0 5.684-3.193 9.265-7.398 9.3-1.83 0-3.153-.934-3.347-2.997h-.077c-1.208 1.986-2.96 2.997-5.023 2.997-2.532 0-4.36-1.868-4.36-5.062 0-4.75 3.503-9.07 9.11-9.07 1.713 0 3.7.4 4.6.972l-1.17 7.203c-.387 2.298-.115 3.3 1 3.4 1.674 0 3.774-2.102 3.774-6.58 0-5.06-3.27-8.994-9.304-8.994C9.05 2.87 3.83 7.545 3.83 14.97c0 6.5 4.2 10.2 10 10.202 1.987 0 4.09-.43 5.647-1.245l.634 2.22zM16.647 10.1c-.31-.078-.7-.155-1.207-.155-2.572 0-4.596 2.53-4.596 5.53 0 1.5.7 2.4 1.9 2.4 1.44 0 2.96-1.83 3.31-4.088l.592-3.72z\" \/>\n      <\/svg>\n    <\/span>\n    <span class=\"ngfb-text\"><\/span>\n  <\/a>\n<\/div><\/div><!-- .ngfb-buttons.en_US -->\n<\/div><!-- .ngfb-content-buttons -->\n<!-- ngfb content-buttons end -->\n\n","protected":false},"excerpt":{"rendered":"<p>Bucure\u0219ti &#8211; Apartament de 2 camere, semidecomandat, cu o suprafata de 46 mp si balcon de 11 mp, situat la etajul 7 al unui bloc reabilitat termic \u00een 2013. Living generos, dormitor luminos, buc\u0103t\u0103rie func\u021bional\u0103 \u0219i baie cu geam. Renovare complet\u0103, mobilat \u0219i utilat, cu aer condi\u021bionat \u0219i instala\u021bii noi. Cl\u0103dire sigur\u0103, f\u0103r\u0103 risc seismic, cu hidroizola\u021bie ref\u0103cut\u0103 \u00een 2024. Ideal pentru un c\u0103min confortabil \u0219i modern.<\/p>\n","protected":false},"author":8,"featured_media":4406,"comment_status":"open","ping_status":"open","sticky":false,"template":"","format":"standard","meta":{"footnotes":""},"categories":[52,49,47],"tags":[62,261,74,89,305,376,70,63,85],"class_list":["post-4407","post","type-post","status-publish","format-standard","has-post-thumbnail","hentry","category-apartamente-de-vanzare-bucuresti","category-oferte-imobiliare-bucuresti","category-oferte","tag-2-camere","tag-an-const-1964","tag-balcon","tag-bucuresti","tag-etaj-7-7","tag-o-baie","tag-parchet","tag-semidecomandat","tag-termopane"],"_links":{"self":[{"href":"https:\/\/propertybook.ro\/blog\/wp-json\/wp\/v2\/posts\/4407","targetHints":{"allow":["GET"]}}],"collection":[{"href":"https:\/\/propertybook.ro\/blog\/wp-json\/wp\/v2\/posts"}],"about":[{"href":"https:\/\/propertybook.ro\/blog\/wp-json\/wp\/v2\/types\/post"}],"author":[{"embeddable":true,"href":"https:\/\/propertybook.ro\/blog\/wp-json\/wp\/v2\/users\/8"}],"replies":[{"embeddable":true,"href":"https:\/\/propertybook.ro\/blog\/wp-json\/wp\/v2\/comments?post=4407"}],"version-history":[{"count":0,"href":"https:\/\/propertybook.ro\/blog\/wp-json\/wp\/v2\/posts\/4407\/revisions"}],"wp:featuredmedia":[{"embeddable":true,"href":"https:\/\/propertybook.ro\/blog\/wp-json\/wp\/v2\/media\/4406"}],"wp:attachment":[{"href":"https:\/\/propertybook.ro\/blog\/wp-json\/wp\/v2\/media?parent=4407"}],"wp:term":[{"taxonomy":"category","embeddable":true,"href":"https:\/\/propertybook.ro\/blog\/wp-json\/wp\/v2\/categories?post=4407"},{"taxonomy":"post_tag","embeddable":true,"href":"https:\/\/propertybook.ro\/blog\/wp-json\/wp\/v2\/tags?post=4407"}],"curies":[{"name":"wp","href":"https:\/\/api.w.org\/{rel}","templated":true}]}}