{"id":4427,"date":"2025-03-06T17:43:36","date_gmt":"2025-03-06T15:43:36","guid":{"rendered":"https:\/\/propertybook.ro\/blog\/apartment-modern-cu-terasa-spatioasa-in-ansamblu-rezidential-din-cartierul-iris\/"},"modified":"2025-03-06T17:43:36","modified_gmt":"2025-03-06T15:43:36","slug":"apartment-modern-cu-terasa-spatioasa-in-ansamblu-rezidential-din-cartierul-iris","status":"publish","type":"post","link":"https:\/\/propertybook.ro\/blog\/apartment-modern-cu-terasa-spatioasa-in-ansamblu-rezidential-din-cartierul-iris\/","title":{"rendered":"Apartment modern cu teras\u0103 spa\u021bioas\u0103 \u00een ansamblu reziden\u021bial din cartierul Iris"},"content":{"rendered":"\n<!-- ngfb content-buttons begin -->\n<!-- generated on 2026-04-30T06:46:12+00:00 -->\n<div class=\"ngfb-content-buttons\">\n<div class=\"ngfb-buttons en_US\">\n<!-- Email Button --><div class=\"css-button email-button\">\n  <a href=\"mailto:?subject=Share:%20Apartment%20modern%20cu%20teras%C4%83%20spa%C8%9Bioas%C4%83%20%C3%AEn%20ansamblu%20reziden%C8%9Bial%20din%20cartierul%20Iris&body=Cluj-Napoca%2C%20Bulgaria%20-%20Apartament%20modern%20%C3%AEn%20cartierul%20Iris%2C%20cu%20suprafa%C8%9B%C4%83%20de%2041.50%20mp%20%C8%99i%20teras%C4%83%20de%2050%20mp.%20Complet%20mobilat%20%C8%99i%20utilat%2C%20dispune%20de%20un%20living%20open%20space%2C%20dormitor%2C%20baie%20%C8%99i%20central%C4%83%20termic%C4%83%20proprie.%20Terasa%20amenajat%C4%83%20ofer%C4%83%20mobilier%20confortabil%20%C8%99i%20pergol%C4%83%20electric%C4%83.%20Zona%20beneficiaz%C4%83%20de%20facilit%C4%83%C8%9Bi%20diverse%2C%20inclusiv%20magazine%20%C8%99i%20sta%C8%9Bie%20de%20tramvai.%20Include%20loc%20de%20parcare%20subteran%2C%20asigur%C3%A2nd%20confort%20%C8%99i%20siguran%C8%9B%C4%83.%0D%0A%0D%0AShared%20from%20https:\/\/propertybook.ro\/blog\/apartment-modern-cu-terasa-spatioasa-in-ansamblu-rezidential-din-cartierul-iris\/%0D%0A\">\n    <span class=\"ngfb-icon\">\n      <svg xmlns=\"http:\/\/www.w3.org\/2000\/svg\" width=\"9\" height=\"9\" viewBox=\"0 0 28 28\">\n        <path d=\"M20.11 26.147c-2.335 1.05-4.36 1.4-7.124 1.4C6.524 27.548.84 22.916.84 15.284.84 7.343 6.602.45 15.4.45c6.854 0 11.8 4.7 11.8 11.252 0 5.684-3.193 9.265-7.398 9.3-1.83 0-3.153-.934-3.347-2.997h-.077c-1.208 1.986-2.96 2.997-5.023 2.997-2.532 0-4.36-1.868-4.36-5.062 0-4.75 3.503-9.07 9.11-9.07 1.713 0 3.7.4 4.6.972l-1.17 7.203c-.387 2.298-.115 3.3 1 3.4 1.674 0 3.774-2.102 3.774-6.58 0-5.06-3.27-8.994-9.304-8.994C9.05 2.87 3.83 7.545 3.83 14.97c0 6.5 4.2 10.2 10 10.202 1.987 0 4.09-.43 5.647-1.245l.634 2.22zM16.647 10.1c-.31-.078-.7-.155-1.207-.155-2.572 0-4.596 2.53-4.596 5.53 0 1.5.7 2.4 1.9 2.4 1.44 0 2.96-1.83 3.31-4.088l.592-3.72z\" \/>\n      <\/svg>\n    <\/span>\n    <span class=\"ngfb-text\"><\/span>\n  <\/a>\n<\/div><\/div><!-- .ngfb-buttons.en_US -->\n<\/div><!-- .ngfb-content-buttons -->\n<!-- ngfb content-buttons end -->\n\n\n<!-- ngfb schema image for pinterest pin it button -->\n<div class=\"ngfb-schema-image-for-pinterest\" style=\"display:none;\">\n<img loading=\"lazy\" decoding=\"async\" src=\"https:\/\/propertybook.ro\/blog\/wp-content\/uploads\/2025\/03\/2378880.webp\" width=\"0\" height=\"0\" style=\"width:0;height:0;\" data-pin-description=\"Cluj-Napoca, Bulgaria - Apartament modern &icirc;n cartierul Iris, cu suprafa\u021b\u0103 de 41.50 mp \u0219i teras\u0103 de 50 mp. Complet mobilat \u0219i utilat, dispune de un living open space, dormitor, baie \u0219i central\u0103 termic\u0103 proprie. Terasa amenajat\u0103 ofer\u0103 mobilier confortabil \u0219i pergol\u0103 electric\u0103. Zona beneficiaz\u0103 de...\" alt=\"\"\/>\n<\/div><!-- .ngfb-schema-image-for-pinterest -->\n\n<figure class=\"wp-block-image size-large\"><img decoding=\"async\" src=\"https:\/\/cdn.propertybook.ro\/habitas\/2378880.webp\" alt=\"\" \/><\/figure>\n<ul>\n<li><a href=\"\/cluj-napoca\/\">Imobiliare Cluj-Napoca<\/a><\/li>\n<li><a href=\"\/cluj-napoca\/apartamente-vanzare\/\">Apartamente de vanzare Cluj-Napoca<\/a><\/li>\n<li><a href=\"\/cluj-napoca\/apartamente-vanzare\/2-camere\/\">Apartamente cu 2 camere de vanzare Cluj-Napoca<\/a><\/li>\n<li><a href=\"\/cluj-napoca\/apartamente-vanzare\/bulgaria\/2-camere\/\">Apartamente cu 2 camere de vanzare Bulgaria, Cluj-Napoca<\/a><\/li>\n<\/ul>\n<p><a href=\"\/cluj-napoca\/imobiliare-31-2378880-apartament-2-camere-terasa-de-51-mp-mobilat-utilat-zona-oasului\/\" class=\"pb-listing-action\">Detaliile proprietatii<\/a><\/p>\n<p><h2 class=\"wp-block-heading\">Descoper\u0103 confortul \u0219i elegan\u021ba \u00een apartamentul din cartierul Iris<\/h2>\n<p>Dac\u0103 e\u0219ti \u00een c\u0103utarea unei locuin\u021be moderne \u0219i primitoare, situat\u0103 \u00eentr-o zon\u0103 vibrant\u0103, avem propunerea perfect\u0103 pentru tine: un apartament deosebit \u00een cartierul Iris, care combin\u0103 stilul contemporan cu cele mai bune facilit\u0103\u021bi.<\/p>\n<p>#<\/p>\n<h2 class=\"wp-block-heading\">Detalii despre apartament<\/h2>\n<p>Cu o suprafa\u021b\u0103 total\u0103 de 41.50 mp, acest apartament este proiectat s\u0103 ofere maximul de confort \u0219i utilitate. Compartimentarea sa inteligent\u0103 include:<\/p>\n<p>&#8211; **Hol** primitor<\/p>\n<p>&#8211; **Living cu buc\u0103t\u0103rie open space**: Spa\u021biul deschis te invit\u0103 s\u0103 te bucuri de momentele al\u0103turi de familie \u0219i prieteni, av\u00e2nd acces direct la o teras\u0103 generos dimensionat\u0103.<\/p>\n<p>&#8211; **Dormitor** confortabil: Acesta se deschide spre aceea\u0219i teras\u0103, oferind un refugiu privat \u0219i luminos.<\/p>\n<p>&#8211; **Baie** modern\u0103, dotat\u0103 cu toate cele necesare pentru relaxare.<\/p>\n<p>Apartamentul beneficiaz\u0103 de o central\u0103 termic\u0103 proprie, asigur\u00e2nd astfel un confort termic optim pe parcursul \u00eentregului an. Este complet mobilat \u0219i utilat, incluz\u00e2nd electrocasnice de ultim\u0103 genera\u021bie, cum ar fi ma\u0219ina de sp\u0103lat rufe cu usc\u0103tor, ma\u0219ina de sp\u0103lat vase, aer condi\u021bionat \u0219i multe altele.<\/p>\n<p>#<\/p>\n<h2 class=\"wp-block-heading\">Terasa \u2013 locul perfect de relaxare<\/h2>\n<p>Unul dintre cele mai atr\u0103g\u0103toare aspecte ale acestei propriet\u0103\u021bi este terasa de 51 mp, care devine rapid locul ideal pentru relaxare \u0219i socializare. Designul s\u0103u include:<\/p>\n<p>&#8211; **Mobilier de teras\u0103 confortabil**: Ideal pentru petrecerea timpului \u00een aer liber.<\/p>\n<p>&#8211; **Leag\u0103n \u0219i \u0219ezlonguri**: Perfecte pentru momente de r\u0103sf\u0103\u021b.<\/p>\n<p>&#8211; **Gazon artificial**: Ofer\u0103 un aspect estetic pl\u0103cut \u0219i este u\u0219or de \u00eentre\u021binut.<\/p>\n<p>&#8211; **Pergol\u0103 retractabil\u0103 electric**: Aceasta \u00ee\u021bi permite s\u0103 te bucuri de umbr\u0103 \u00een zilele calduroase sau de soare \u00een cele mai r\u0103coroase.<\/p>\n<p>&#8211; **Lumini ambientale**: Creaz\u0103 o atmosfer\u0103 feeric\u0103 \u00een serile petrecute pe teras\u0103.<\/p>\n<p>&#8211; **Camere video**: Asigur\u0103 siguran\u021ba propriet\u0103\u021bii tale.<\/p>\n<p>#<\/p>\n<h2 class=\"wp-block-heading\">Loca\u021bie \u0219i facilit\u0103\u021bi<\/h2>\n<p>Apartamentul beneficiaz\u0103 de o amplasare excelent\u0103, \u00een apropierea unor numeroase facilit\u0103\u021bi, inclusiv:<\/p>\n<p>&#8211; S\u0103li de sport (Revo Gym)<\/p>\n<p>&#8211; Supermarketuri (Mega Image, Auchan)<\/p>\n<p>&#8211; Restaurante \u0219i cafenele (Panemar, La Casa)<\/p>\n<p>&#8211; Farmacii \u0219i b\u0103nci<\/p>\n<p>Accesul la sta\u021bia de tramvai din apropiere \u00ee\u021bi ofer\u0103 posibilitatea de a te deplasa rapid c\u0103tre alte zone ale ora\u0219ului.<\/p>\n<p>#<\/p>\n<h2 class=\"wp-block-heading\">Loc de parcare<\/h2>\n<p>Pentru un plus de confort, apartamentul dispune de un loc de parcare subteran, asigur\u00e2ndu-\u021bi astfel un spa\u021biu sigur \u0219i confortabil pentru automobilul t\u0103u.<\/p>\n<p>#<\/p>\n<h2 class=\"wp-block-heading\">\u00cen concluzie<\/h2>\n<p>Acest apartament din cartierul Iris este un spa\u021biu modern, ideal pentru cei care caut\u0103 confort, elegan\u021b\u0103 \u0219i accesibilitate la facilit\u0103\u021bi diverse. Fie c\u0103 e\u0219ti la \u00eenceput de drum sau cau\u021bi un loc unde s\u0103 te relaxezi, aceast\u0103 proprietate promite s\u0103 devin\u0103 c\u0103minul perfect. Nu rata ocazia de a te bucura de toate avantajele pe care le ofer\u0103!<\/p>\n<p><a href=\"\/cluj-napoca\/imobiliare-31-2378880-apartament-2-camere-terasa-de-51-mp-mobilat-utilat-zona-oasului\/\" class=\"pb-listing-action\">Stabileste o vizionare<\/a><\/p>\n<ul>\n<li><a href=\"\/cluj-napoca\/\">Imobiliare Cluj-Napoca<\/a><\/li>\n<li><a href=\"\/cluj-napoca\/apartamente-vanzare\/\">Apartamente de vanzare Cluj-Napoca<\/a><\/li>\n<li><a href=\"\/cluj-napoca\/apartamente-vanzare\/2-camere\/\">Apartamente cu 2 camere de vanzare Cluj-Napoca<\/a><\/li>\n<li><a href=\"\/cluj-napoca\/apartamente-vanzare\/bulgaria\/2-camere\/\">Apartamente cu 2 camere de vanzare Bulgaria, Cluj-Napoca<\/a><\/li>\n<\/ul>\n\n<!-- ngfb content-buttons begin -->\n<!-- generated on 2026-04-30T06:46:12+00:00 -->\n<div class=\"ngfb-content-buttons\">\n<div class=\"ngfb-buttons en_US\">\n<!-- Email Button --><div class=\"css-button email-button\">\n  <a href=\"mailto:?subject=Share:%20Apartment%20modern%20cu%20teras%C4%83%20spa%C8%9Bioas%C4%83%20%C3%AEn%20ansamblu%20reziden%C8%9Bial%20din%20cartierul%20Iris&body=Cluj-Napoca%2C%20Bulgaria%20-%20Apartament%20modern%20%C3%AEn%20cartierul%20Iris%2C%20cu%20suprafa%C8%9B%C4%83%20de%2041.50%20mp%20%C8%99i%20teras%C4%83%20de%2050%20mp.%20Complet%20mobilat%20%C8%99i%20utilat%2C%20dispune%20de%20un%20living%20open%20space%2C%20dormitor%2C%20baie%20%C8%99i%20central%C4%83%20termic%C4%83%20proprie.%20Terasa%20amenajat%C4%83%20ofer%C4%83%20mobilier%20confortabil%20%C8%99i%20pergol%C4%83%20electric%C4%83.%20Zona%20beneficiaz%C4%83%20de%20facilit%C4%83%C8%9Bi%20diverse%2C%20inclusiv%20magazine%20%C8%99i%20sta%C8%9Bie%20de%20tramvai.%20Include%20loc%20de%20parcare%20subteran%2C%20asigur%C3%A2nd%20confort%20%C8%99i%20siguran%C8%9B%C4%83.%0D%0A%0D%0AShared%20from%20https:\/\/propertybook.ro\/blog\/apartment-modern-cu-terasa-spatioasa-in-ansamblu-rezidential-din-cartierul-iris\/%0D%0A\">\n    <span class=\"ngfb-icon\">\n      <svg xmlns=\"http:\/\/www.w3.org\/2000\/svg\" width=\"9\" height=\"9\" viewBox=\"0 0 28 28\">\n        <path d=\"M20.11 26.147c-2.335 1.05-4.36 1.4-7.124 1.4C6.524 27.548.84 22.916.84 15.284.84 7.343 6.602.45 15.4.45c6.854 0 11.8 4.7 11.8 11.252 0 5.684-3.193 9.265-7.398 9.3-1.83 0-3.153-.934-3.347-2.997h-.077c-1.208 1.986-2.96 2.997-5.023 2.997-2.532 0-4.36-1.868-4.36-5.062 0-4.75 3.503-9.07 9.11-9.07 1.713 0 3.7.4 4.6.972l-1.17 7.203c-.387 2.298-.115 3.3 1 3.4 1.674 0 3.774-2.102 3.774-6.58 0-5.06-3.27-8.994-9.304-8.994C9.05 2.87 3.83 7.545 3.83 14.97c0 6.5 4.2 10.2 10 10.202 1.987 0 4.09-.43 5.647-1.245l.634 2.22zM16.647 10.1c-.31-.078-.7-.155-1.207-.155-2.572 0-4.596 2.53-4.596 5.53 0 1.5.7 2.4 1.9 2.4 1.44 0 2.96-1.83 3.31-4.088l.592-3.72z\" \/>\n      <\/svg>\n    <\/span>\n    <span class=\"ngfb-text\"><\/span>\n  <\/a>\n<\/div><\/div><!-- .ngfb-buttons.en_US -->\n<\/div><!-- .ngfb-content-buttons -->\n<!-- ngfb content-buttons end -->\n\n","protected":false},"excerpt":{"rendered":"<p>Cluj-Napoca, Bulgaria &#8211; Apartament modern \u00een cartierul Iris, cu suprafa\u021b\u0103 de 41.50 mp \u0219i teras\u0103 de 50 mp. Complet mobilat \u0219i utilat, dispune de un living open space, dormitor, baie \u0219i central\u0103 termic\u0103 proprie. Terasa amenajat\u0103 ofer\u0103 mobilier confortabil \u0219i pergol\u0103 electric\u0103. Zona beneficiaz\u0103 de facilit\u0103\u021bi diverse, inclusiv magazine \u0219i sta\u021bie de tramvai. Include loc de parcare subteran, asigur\u00e2nd confort \u0219i siguran\u021b\u0103.<\/p>\n","protected":false},"author":8,"featured_media":4426,"comment_status":"open","ping_status":"open","sticky":false,"template":"","format":"standard","meta":{"footnotes":""},"categories":[50,48,47],"tags":[62,207,184,91,173,376,60,63],"class_list":["post-4427","post","type-post","status-publish","format-standard","has-post-thumbnail","hentry","category-apartamente-de-vanzare-in-cluj-napoca","category-oferte-imobiliare-in-cluj-napoca","category-oferte","tag-2-camere","tag-an-const-2020","tag-bulgaria","tag-cluj-napoca","tag-etaj-8","tag-o-baie","tag-parcare","tag-semidecomandat"],"_links":{"self":[{"href":"https:\/\/propertybook.ro\/blog\/wp-json\/wp\/v2\/posts\/4427","targetHints":{"allow":["GET"]}}],"collection":[{"href":"https:\/\/propertybook.ro\/blog\/wp-json\/wp\/v2\/posts"}],"about":[{"href":"https:\/\/propertybook.ro\/blog\/wp-json\/wp\/v2\/types\/post"}],"author":[{"embeddable":true,"href":"https:\/\/propertybook.ro\/blog\/wp-json\/wp\/v2\/users\/8"}],"replies":[{"embeddable":true,"href":"https:\/\/propertybook.ro\/blog\/wp-json\/wp\/v2\/comments?post=4427"}],"version-history":[{"count":0,"href":"https:\/\/propertybook.ro\/blog\/wp-json\/wp\/v2\/posts\/4427\/revisions"}],"wp:featuredmedia":[{"embeddable":true,"href":"https:\/\/propertybook.ro\/blog\/wp-json\/wp\/v2\/media\/4426"}],"wp:attachment":[{"href":"https:\/\/propertybook.ro\/blog\/wp-json\/wp\/v2\/media?parent=4427"}],"wp:term":[{"taxonomy":"category","embeddable":true,"href":"https:\/\/propertybook.ro\/blog\/wp-json\/wp\/v2\/categories?post=4427"},{"taxonomy":"post_tag","embeddable":true,"href":"https:\/\/propertybook.ro\/blog\/wp-json\/wp\/v2\/tags?post=4427"}],"curies":[{"name":"wp","href":"https:\/\/api.w.org\/{rel}","templated":true}]}}