{"id":4435,"date":"2025-03-07T13:43:34","date_gmt":"2025-03-07T11:43:34","guid":{"rendered":"https:\/\/propertybook.ro\/blog\/apartament-decomandat-cu-2-camere-de-vanzare-in-marasti-cluj-napoca\/"},"modified":"2025-03-07T13:43:34","modified_gmt":"2025-03-07T11:43:34","slug":"apartament-decomandat-cu-2-camere-de-vanzare-in-marasti-cluj-napoca","status":"publish","type":"post","link":"https:\/\/propertybook.ro\/blog\/apartament-decomandat-cu-2-camere-de-vanzare-in-marasti-cluj-napoca\/","title":{"rendered":"Apartament decomandat cu 2 camere de v\u00e2nzare \u00een Marasti, Cluj-Napoca"},"content":{"rendered":"\n<!-- ngfb content-buttons begin -->\n<!-- generated on 2026-04-25T07:03:11+00:00 -->\n<div class=\"ngfb-content-buttons\">\n<div class=\"ngfb-buttons en_US\">\n<!-- Email Button --><div class=\"css-button email-button\">\n  <a href=\"mailto:?subject=Share:%20Apartament%20decomandat%20cu%202%20camere%20de%20v%C3%A2nzare%20%C3%AEn%20Marasti%2C%20Cluj-Napoca&body=Cluj-Napoca%2C%20M%C4%83r%C4%83%C8%99ti%20-%20Apartament%20decomandat%20cu%202%20camere%20de%20v%C3%A2nzare%20%C3%AEn%20Marasti%2C%20Cluj-Napoca%2C%20situat%20la%20etajul%204%20al%20unui%20imobil%20reabilitat%20termic.%20Suprafa%C8%9B%C4%83%20util%C4%83%20de%2050%20mp%2C%20plus%20un%20balcon%20de%204%20mp.%20Compartimentare%3A%20hol%2C%202%20camere%2C%20buc%C4%83t%C4%83rie%2C%20baie%20%C8%99i%202%20debarale.%20Finisaje%20moderne%2C%20inclusiv%20gresie%2C%20faian%C8%9B%C4%83%2C%20parchet%20laminat%20%C8%99i%20feronerie%20termoizolant%C4%83.%20Confortul%20termic%20este%20asigurat%20prin%20central%C4%83%20termic%C4%83%20proprie.%0D%0A%0D%0AShared%20from%20https:\/\/propertybook.ro\/blog\/apartament-decomandat-cu-2-camere-de-vanzare-in-marasti-cluj-napoca\/%0D%0A\">\n    <span class=\"ngfb-icon\">\n      <svg xmlns=\"http:\/\/www.w3.org\/2000\/svg\" width=\"9\" height=\"9\" viewBox=\"0 0 28 28\">\n        <path d=\"M20.11 26.147c-2.335 1.05-4.36 1.4-7.124 1.4C6.524 27.548.84 22.916.84 15.284.84 7.343 6.602.45 15.4.45c6.854 0 11.8 4.7 11.8 11.252 0 5.684-3.193 9.265-7.398 9.3-1.83 0-3.153-.934-3.347-2.997h-.077c-1.208 1.986-2.96 2.997-5.023 2.997-2.532 0-4.36-1.868-4.36-5.062 0-4.75 3.503-9.07 9.11-9.07 1.713 0 3.7.4 4.6.972l-1.17 7.203c-.387 2.298-.115 3.3 1 3.4 1.674 0 3.774-2.102 3.774-6.58 0-5.06-3.27-8.994-9.304-8.994C9.05 2.87 3.83 7.545 3.83 14.97c0 6.5 4.2 10.2 10 10.202 1.987 0 4.09-.43 5.647-1.245l.634 2.22zM16.647 10.1c-.31-.078-.7-.155-1.207-.155-2.572 0-4.596 2.53-4.596 5.53 0 1.5.7 2.4 1.9 2.4 1.44 0 2.96-1.83 3.31-4.088l.592-3.72z\" \/>\n      <\/svg>\n    <\/span>\n    <span class=\"ngfb-text\"><\/span>\n  <\/a>\n<\/div><\/div><!-- .ngfb-buttons.en_US -->\n<\/div><!-- .ngfb-content-buttons -->\n<!-- ngfb content-buttons end -->\n\n\n<!-- ngfb schema image for pinterest pin it button -->\n<div class=\"ngfb-schema-image-for-pinterest\" style=\"display:none;\">\n<img loading=\"lazy\" decoding=\"async\" src=\"https:\/\/propertybook.ro\/blog\/wp-content\/uploads\/2025\/03\/151276.webp\" width=\"0\" height=\"0\" style=\"width:0;height:0;\" data-pin-description=\"Cluj-Napoca, M\u0103r\u0103\u0219ti - Apartament decomandat cu 2 camere de v&acirc;nzare &icirc;n Marasti, Cluj-Napoca, situat la etajul 4 al unui imobil reabilitat termic. Suprafa\u021b\u0103 util\u0103 de 50 mp, plus un balcon de 4 mp. Compartimentare: hol, 2 camere, buc\u0103t\u0103rie, baie \u0219i 2 debarale. Finisaje moderne, inclusiv gresie...\" alt=\"\"\/>\n<\/div><!-- .ngfb-schema-image-for-pinterest -->\n\n<figure class=\"wp-block-image size-large\"><img decoding=\"async\" src=\"https:\/\/cdn.propertybook.ro\/napoca_imobiliare\/151276.webp\" alt=\"\" \/><\/figure>\n<ul>\n<li><a href=\"\/cluj-napoca\/\">Imobiliare Cluj-Napoca<\/a><\/li>\n<li><a href=\"\/cluj-napoca\/apartamente-vanzare\/\">Apartamente de vanzare Cluj-Napoca<\/a><\/li>\n<li><a href=\"\/cluj-napoca\/apartamente-vanzare\/2-camere\/\">Apartamente cu 2 camere de vanzare Cluj-Napoca<\/a><\/li>\n<li><a href=\"\/cluj-napoca\/apartamente-vanzare\/marasti\/2-camere\/\">Apartamente cu 2 camere de vanzare M\u0103r\u0103\u0219ti, Cluj-Napoca<\/a><\/li>\n<\/ul>\n<p><a href=\"\/cluj-napoca\/imobiliare-25-151276-se-vinde-apartament-2-camere-in-marasti\/\" class=\"pb-listing-action\">Detaliile proprietatii<\/a><\/p>\n<p><h2 class=\"wp-block-heading\">Descoper\u0103 confortul \u0219i practicitatea unui apartament cu 2 camere \u00een M\u0103r\u0103\u0219ti, Cluj-Napoca<\/h2>\n<p>Dac\u0103 e\u0219ti \u00een c\u0103utarea unui nou c\u0103min \u00een inima Clujului, un apartament decomandat cu 2 camere situat \u00een zona c\u0103minelor UTCN ar putea fi alegerea perfect\u0103 pentru tine. Aceast\u0103 proprietate, situat\u0103 la etajul 4 al unui imobil reabilitat termic, ofer\u0103 nu doar confort, ci \u0219i o compartimentare eficient\u0103 pentru un stil de via\u021b\u0103 modern.<\/p>\n<p>#<\/p>\n<h2 class=\"wp-block-heading\">Detalii ale apartamentului<\/h2>\n<p>Cu o suprafa\u021b\u0103 util\u0103 de 50 mp, apartamentul include un balcon de 4 mp, perfect pentru a savura o cafea \u00een fiecare diminea\u021b\u0103 sau pentru a te bucura de vremea frumoas\u0103. Compartimentarea este inteligent g\u00e2ndit\u0103, av\u00e2nd un hol care asigur\u0103 accesul la toate \u00eenc\u0103perile, garant\u00e2ndu-\u021bi intimitatea \u0219i confortul dorit.<\/p>\n<p>**Camerele** sunt luminoase \u0219i bine ventilate, oferind un spa\u021biu perfect pentru relaxare sau munc\u0103. **Buc\u0103t\u0103ria** este func\u021bional\u0103 \u0219i ofer\u0103 suficient spa\u021biu pentru prepararea meselor preferate, iar **baia**, modern\u0103 \u0219i bine \u00eentre\u021binut\u0103, \u00ee\u021bi va oferi confort \u00een rutina zilnic\u0103.<\/p>\n<p>#<\/p>\n<h2 class=\"wp-block-heading\">Finisaje \u0219i dot\u0103ri<\/h2>\n<p>Finisajele apartamentului sunt de calitate superioar\u0103, incluz\u00e2nd gresie \u0219i faian\u021b\u0103 care aduc un aer proasp\u0103t, pardoseal\u0103 din parchet laminat pentru un aspect cald \u0219i primitor, \u0219i pere\u021bi zugr\u0103vi\u021bi cu vopsea lavabil\u0103, ce adaug\u0103 un plus de elegan\u021b\u0103. Feroneria este modern\u0103, cu u\u0219i interioare din lemn \u0219i feronerie din PVC, asigur\u00e2nd o izolare fonic\u0103 \u0219i termic\u0103 excelent\u0103.<\/p>\n<p>Confortul termic al locuin\u021bei este garantat de centrala termic\u0103 proprie, ceea ce \u00ee\u021bi va permite s\u0103 controlezi cheltuielile de \u00eenc\u0103lzire pe parcursul iernii.<\/p>\n<p>#<\/p>\n<h2 class=\"wp-block-heading\">Loca\u021bie convenabil\u0103<\/h2>\n<p>Apartamentul se afl\u0103 \u00eentr-o zon\u0103 foarte bine conectat\u0103, beneficiind de acces facil la transportul \u00een comun, magazine \u0219i facilit\u0103\u021bi locale. Indiferent dac\u0103 e\u0219ti student, profesionist sau familie, loca\u021bia acestuia \u00ee\u021bi va oferi tot ce ai nevoie pentru un stil de via\u021b\u0103 comod \u0219i plin de oportunit\u0103\u021bi.<\/p>\n<p>#<\/p>\n<h2 class=\"wp-block-heading\">Concluzie<\/h2>\n<p>Acest apartament cu 2 camere \u00een M\u0103r\u0103\u0219ti reprezint\u0103 o oportunitate excelent\u0103 pentru cei care doresc s\u0103 se stabileasc\u0103 \u00eentr-o zon\u0103 vibrant\u0103 a Clujului, f\u0103r\u0103 a compromite confortul \u0219i stilul de via\u021b\u0103. Dac\u0103 e\u0219ti interesat s\u0103 afli mai multe informa\u021bii sau s\u0103 programezi o vizionare, nu ezita s\u0103 te informezi mai departe. Nu l\u0103sa aceast\u0103 ocazie s\u0103 treac\u0103 pe l\u00e2ng\u0103 tine!<\/p>\n<p><a href=\"\/cluj-napoca\/imobiliare-25-151276-se-vinde-apartament-2-camere-in-marasti\/\" class=\"pb-listing-action\">Stabileste o vizionare<\/a><\/p>\n<ul>\n<li><a href=\"\/cluj-napoca\/\">Imobiliare Cluj-Napoca<\/a><\/li>\n<li><a href=\"\/cluj-napoca\/apartamente-vanzare\/\">Apartamente de vanzare Cluj-Napoca<\/a><\/li>\n<li><a href=\"\/cluj-napoca\/apartamente-vanzare\/2-camere\/\">Apartamente cu 2 camere de vanzare Cluj-Napoca<\/a><\/li>\n<li><a href=\"\/cluj-napoca\/apartamente-vanzare\/marasti\/2-camere\/\">Apartamente cu 2 camere de vanzare M\u0103r\u0103\u0219ti, Cluj-Napoca<\/a><\/li>\n<\/ul>\n\n<!-- ngfb content-buttons begin -->\n<!-- generated on 2026-04-25T07:03:11+00:00 -->\n<div class=\"ngfb-content-buttons\">\n<div class=\"ngfb-buttons en_US\">\n<!-- Email Button --><div class=\"css-button email-button\">\n  <a href=\"mailto:?subject=Share:%20Apartament%20decomandat%20cu%202%20camere%20de%20v%C3%A2nzare%20%C3%AEn%20Marasti%2C%20Cluj-Napoca&body=Cluj-Napoca%2C%20M%C4%83r%C4%83%C8%99ti%20-%20Apartament%20decomandat%20cu%202%20camere%20de%20v%C3%A2nzare%20%C3%AEn%20Marasti%2C%20Cluj-Napoca%2C%20situat%20la%20etajul%204%20al%20unui%20imobil%20reabilitat%20termic.%20Suprafa%C8%9B%C4%83%20util%C4%83%20de%2050%20mp%2C%20plus%20un%20balcon%20de%204%20mp.%20Compartimentare%3A%20hol%2C%202%20camere%2C%20buc%C4%83t%C4%83rie%2C%20baie%20%C8%99i%202%20debarale.%20Finisaje%20moderne%2C%20inclusiv%20gresie%2C%20faian%C8%9B%C4%83%2C%20parchet%20laminat%20%C8%99i%20feronerie%20termoizolant%C4%83.%20Confortul%20termic%20este%20asigurat%20prin%20central%C4%83%20termic%C4%83%20proprie.%0D%0A%0D%0AShared%20from%20https:\/\/propertybook.ro\/blog\/apartament-decomandat-cu-2-camere-de-vanzare-in-marasti-cluj-napoca\/%0D%0A\">\n    <span class=\"ngfb-icon\">\n      <svg xmlns=\"http:\/\/www.w3.org\/2000\/svg\" width=\"9\" height=\"9\" viewBox=\"0 0 28 28\">\n        <path d=\"M20.11 26.147c-2.335 1.05-4.36 1.4-7.124 1.4C6.524 27.548.84 22.916.84 15.284.84 7.343 6.602.45 15.4.45c6.854 0 11.8 4.7 11.8 11.252 0 5.684-3.193 9.265-7.398 9.3-1.83 0-3.153-.934-3.347-2.997h-.077c-1.208 1.986-2.96 2.997-5.023 2.997-2.532 0-4.36-1.868-4.36-5.062 0-4.75 3.503-9.07 9.11-9.07 1.713 0 3.7.4 4.6.972l-1.17 7.203c-.387 2.298-.115 3.3 1 3.4 1.674 0 3.774-2.102 3.774-6.58 0-5.06-3.27-8.994-9.304-8.994C9.05 2.87 3.83 7.545 3.83 14.97c0 6.5 4.2 10.2 10 10.202 1.987 0 4.09-.43 5.647-1.245l.634 2.22zM16.647 10.1c-.31-.078-.7-.155-1.207-.155-2.572 0-4.596 2.53-4.596 5.53 0 1.5.7 2.4 1.9 2.4 1.44 0 2.96-1.83 3.31-4.088l.592-3.72z\" \/>\n      <\/svg>\n    <\/span>\n    <span class=\"ngfb-text\"><\/span>\n  <\/a>\n<\/div><\/div><!-- .ngfb-buttons.en_US -->\n<\/div><!-- .ngfb-content-buttons -->\n<!-- ngfb content-buttons end -->\n\n","protected":false},"excerpt":{"rendered":"<p>Cluj-Napoca, M\u0103r\u0103\u0219ti &#8211; Apartament decomandat cu 2 camere de v\u00e2nzare \u00een Marasti, Cluj-Napoca, situat la etajul 4 al unui imobil reabilitat termic. Suprafa\u021b\u0103 util\u0103 de 50 mp, plus un balcon de 4 mp. Compartimentare: hol, 2 camere, buc\u0103t\u0103rie, baie \u0219i 2 debarale. Finisaje moderne, inclusiv gresie, faian\u021b\u0103, parchet laminat \u0219i feronerie termoizolant\u0103. Confortul termic este asigurat prin central\u0103 termic\u0103 proprie.<\/p>\n","protected":false},"author":8,"featured_media":4434,"comment_status":"open","ping_status":"open","sticky":false,"template":"","format":"standard","meta":{"footnotes":""},"categories":[50,48,47],"tags":[62,74,65,91,68,79,92,376,70],"class_list":["post-4435","post","type-post","status-publish","format-standard","has-post-thumbnail","hentry","category-apartamente-de-vanzare-in-cluj-napoca","category-oferte-imobiliare-in-cluj-napoca","category-oferte","tag-2-camere","tag-balcon","tag-centrala-termica","tag-cluj-napoca","tag-decomandat","tag-etaj-4-4","tag-marasti","tag-o-baie","tag-parchet"],"_links":{"self":[{"href":"https:\/\/propertybook.ro\/blog\/wp-json\/wp\/v2\/posts\/4435","targetHints":{"allow":["GET"]}}],"collection":[{"href":"https:\/\/propertybook.ro\/blog\/wp-json\/wp\/v2\/posts"}],"about":[{"href":"https:\/\/propertybook.ro\/blog\/wp-json\/wp\/v2\/types\/post"}],"author":[{"embeddable":true,"href":"https:\/\/propertybook.ro\/blog\/wp-json\/wp\/v2\/users\/8"}],"replies":[{"embeddable":true,"href":"https:\/\/propertybook.ro\/blog\/wp-json\/wp\/v2\/comments?post=4435"}],"version-history":[{"count":0,"href":"https:\/\/propertybook.ro\/blog\/wp-json\/wp\/v2\/posts\/4435\/revisions"}],"wp:featuredmedia":[{"embeddable":true,"href":"https:\/\/propertybook.ro\/blog\/wp-json\/wp\/v2\/media\/4434"}],"wp:attachment":[{"href":"https:\/\/propertybook.ro\/blog\/wp-json\/wp\/v2\/media?parent=4435"}],"wp:term":[{"taxonomy":"category","embeddable":true,"href":"https:\/\/propertybook.ro\/blog\/wp-json\/wp\/v2\/categories?post=4435"},{"taxonomy":"post_tag","embeddable":true,"href":"https:\/\/propertybook.ro\/blog\/wp-json\/wp\/v2\/tags?post=4435"}],"curies":[{"name":"wp","href":"https:\/\/api.w.org\/{rel}","templated":true}]}}