{"id":4447,"date":"2025-03-07T19:43:27","date_gmt":"2025-03-07T17:43:27","guid":{"rendered":"https:\/\/propertybook.ro\/blog\/apartament-2-camere-semidecomandat-vedere-spre-bulevardul-general-gheorghe-magheru-piata-romana\/"},"modified":"2025-03-07T19:43:27","modified_gmt":"2025-03-07T17:43:27","slug":"apartament-2-camere-semidecomandat-vedere-spre-bulevardul-general-gheorghe-magheru-piata-romana","status":"publish","type":"post","link":"https:\/\/propertybook.ro\/blog\/apartament-2-camere-semidecomandat-vedere-spre-bulevardul-general-gheorghe-magheru-piata-romana\/","title":{"rendered":"Apartament 2 camere semidecomandat, vedere spre Bulevardul General Gheorghe Magheru, Piata Romana"},"content":{"rendered":"\n<!-- ngfb content-buttons begin -->\n<!-- generated on 2026-05-01T16:54:49+00:00 -->\n<div class=\"ngfb-content-buttons\">\n<div class=\"ngfb-buttons en_US\">\n<!-- Email Button --><div class=\"css-button email-button\">\n  <a href=\"mailto:?subject=Share:%20Apartament%202%20camere%20semidecomandat%2C%20vedere%20spre%20Bulevardul%20General%20Gheorghe%20Magheru%2C%20Piata%20Romana&body=Bucure%C8%99ti%20-%20Apartament%20semidecomandat%20cu%202%20camere%2C%20situat%20%C3%AEn%20zona%20Pia%C8%9Ba%20Roman%C4%83%2C%20cu%20vedere%20spre%20Bulevardul%20General%20Gheorghe%20Magheru.%20Suprafa%C8%9Ba%20util%C4%83%20este%20de%2054%20mp%2C%20inclusiv%20un%20balcon%20%C3%AEnchis%20de%208%20mp.%20Amplasat%20la%20etajul%208%20din%209%2C%20blocul%20a%20fost%20construit%20%C3%AEn%201959%20%C8%99i%20este%20%C3%AEncadrat%20la%20risc%20seismic%202.%20Proprietatea%20este%20%C3%AEn%20prezent%20%C3%AEnchiriat%C4%83%2C%20fiind%20ideal%C4%83%20pentru%20investi%C8%9Bii.%20V%C3%A2nzarea%20se%20face%20doar%20%C3%AEn%20sistem%20cash.%0D%0A%0D%0AShared%20from%20https:\/\/propertybook.ro\/blog\/apartament-2-camere-semidecomandat-vedere-spre-bulevardul-general-gheorghe-magheru-piata-romana\/%0D%0A\">\n    <span class=\"ngfb-icon\">\n      <svg xmlns=\"http:\/\/www.w3.org\/2000\/svg\" width=\"9\" height=\"9\" viewBox=\"0 0 28 28\">\n        <path d=\"M20.11 26.147c-2.335 1.05-4.36 1.4-7.124 1.4C6.524 27.548.84 22.916.84 15.284.84 7.343 6.602.45 15.4.45c6.854 0 11.8 4.7 11.8 11.252 0 5.684-3.193 9.265-7.398 9.3-1.83 0-3.153-.934-3.347-2.997h-.077c-1.208 1.986-2.96 2.997-5.023 2.997-2.532 0-4.36-1.868-4.36-5.062 0-4.75 3.503-9.07 9.11-9.07 1.713 0 3.7.4 4.6.972l-1.17 7.203c-.387 2.298-.115 3.3 1 3.4 1.674 0 3.774-2.102 3.774-6.58 0-5.06-3.27-8.994-9.304-8.994C9.05 2.87 3.83 7.545 3.83 14.97c0 6.5 4.2 10.2 10 10.202 1.987 0 4.09-.43 5.647-1.245l.634 2.22zM16.647 10.1c-.31-.078-.7-.155-1.207-.155-2.572 0-4.596 2.53-4.596 5.53 0 1.5.7 2.4 1.9 2.4 1.44 0 2.96-1.83 3.31-4.088l.592-3.72z\" \/>\n      <\/svg>\n    <\/span>\n    <span class=\"ngfb-text\"><\/span>\n  <\/a>\n<\/div><\/div><!-- .ngfb-buttons.en_US -->\n<\/div><!-- .ngfb-content-buttons -->\n<!-- ngfb content-buttons end -->\n\n\n<!-- ngfb schema image for pinterest pin it button -->\n<div class=\"ngfb-schema-image-for-pinterest\" style=\"display:none;\">\n<img loading=\"lazy\" decoding=\"async\" src=\"https:\/\/propertybook.ro\/blog\/wp-content\/uploads\/2025\/03\/11022929.webp\" width=\"0\" height=\"0\" style=\"width:0;height:0;\" data-pin-description=\"Bucure\u0219ti - Apartament semidecomandat cu 2 camere, situat &icirc;n zona Pia\u021ba Roman\u0103, cu vedere spre Bulevardul General Gheorghe Magheru. Suprafa\u021ba util\u0103 este de 54 mp, inclusiv un balcon &icirc;nchis de 8 mp. Amplasat la etajul 8 din 9, blocul a fost construit &icirc;n 1959 \u0219i este &icirc;ncadrat la risc seismic 2...\" alt=\"\"\/>\n<\/div><!-- .ngfb-schema-image-for-pinterest -->\n\n<figure class=\"wp-block-image size-large\"><img decoding=\"async\" src=\"https:\/\/cdn.propertybook.ro\/svn_residentialist\/11022929.webp\" alt=\"\" \/><\/figure>\n<ul>\n<li><a href=\"\/bucuresti\/\">Imobiliare Bucure\u0219ti<\/a><\/li>\n<li><a href=\"\/bucuresti\/apartamente-vanzare\/2-camere\/\">Apartamente cu 2 camere de vanzare Bucure\u0219ti<\/a><\/li>\n<\/ul>\n<p><a href=\"\/bucuresti\/imobiliare-163-11022929-vanzare-apartament-2-camere-in-sector-1-zona-piata-romana\/\" class=\"pb-listing-action\">Detaliile proprietatii<\/a><\/p>\n<p><h2 class=\"wp-block-heading\">Descoper\u0103 apartamentul ideal \u00een Piata Romana<\/h2>\n<p>Dac\u0103 e\u0219ti \u00een c\u0103utarea unei propriet\u0103\u021bi excelente \u00een centrul Bucure\u0219tiului, acest apartament de 2 camere semidecomandat din zona Piata Romana ar putea fi alegerea perfect\u0103 pentru tine. Cu o suprafa\u021b\u0103 util\u0103 de 54 metri p\u0103tra\u021bi \u0219i un balcon \u00eenchis de 8 metri p\u0103tra\u021bi, acest spa\u021biu promite confort \u0219i eficien\u021b\u0103, ideal pentru un stil de via\u021b\u0103 urban.<\/p>\n<p>#<\/p>\n<h2 class=\"wp-block-heading\">Loca\u021bie privilegiat\u0103<\/h2>\n<p>Unul dintre cele mai mari avantaje ale acestui apartament este loca\u021bia sa. Situat aproape de Bulevardul General Gheorghe Magheru, proprietatea beneficiaz\u0103 de acces rapid la transportul public, cu sta\u021bia de metrou \u00een imediata vecin\u0103tate. De asemenea, zona este bogat\u0103 \u00een cafenele, restaurante \u0219i magazine, oferind toate facilit\u0103\u021bile necesare pentru un trai modern \u0219i comod.<\/p>\n<p>#<\/p>\n<h2 class=\"wp-block-heading\">Detalii despre proprietate<\/h2>\n<p>Apartamentul se afl\u0103 la etajul 8 dintr-un bloc cu 9 etaje, construit \u00een 1959. De\u0219i cl\u0103direa este \u00eencadrat\u0103 la risc seismic doi, aceasta a fost bine \u00eentre\u021binut\u0103 de-a lungul anilor. Orientarea nord-vestic\u0103 a apartamentului asigur\u0103 o lumin\u0103 natural\u0103 pl\u0103cut\u0103 pe parcursul zilei, iar vederea deschis\u0103 spre bulevard ofer\u0103 un sentiment de spaciousitate \u0219i confort.<\/p>\n<p>#<\/p>\n<h2 class=\"wp-block-heading\">Investi\u021bie rentabil\u0103<\/h2>\n<p>Un alt aspect demn de men\u021bionat este c\u0103 apartamentul este \u00een prezent \u00eenchiriat, f\u0103c\u00e2ndu-l o op\u021biune excelent\u0103 pentru investitori. Tranzac\u021bia se realizeaz\u0103 utilat \u0219i par\u021bial mobilat, oferind astfel o solu\u021bie rapid\u0103 \u0219i f\u0103r\u0103 b\u0103t\u0103i de cap. De asemenea, achizi\u021bia se poate face doar cash, ceea ce accelereaz\u0103 procesul de tranzac\u021bionare.<\/p>\n<h2 class=\"wp-block-heading\">Concluzie<\/h2>\n<p>Acest apartament din Piata Romana reprezint\u0103 o oportunitate excelent\u0103 at\u00e2t pentru cei care caut\u0103 un c\u0103min confortabil \u00een inima ora\u0219ului, c\u00e2t \u0219i pentru investitorii care doresc s\u0103 profite de poten\u021bialul acestuia. Dac\u0103 e\u0219ti interesat de mai multe detalii sau vrei s\u0103 programezi o vizionare, nu ezita s\u0103 explorezi aceast\u0103 proprietate unic\u0103. Aici te a\u0219teapt\u0103 un nou \u00eenceput!<\/p>\n<p><a href=\"\/bucuresti\/imobiliare-163-11022929-vanzare-apartament-2-camere-in-sector-1-zona-piata-romana\/\" class=\"pb-listing-action\">Stabileste o vizionare<\/a><\/p>\n<ul>\n<li><a href=\"\/bucuresti\/\">Imobiliare Bucure\u0219ti<\/a><\/li>\n<li><a href=\"\/bucuresti\/apartamente-vanzare\/2-camere\/\">Apartamente cu 2 camere de vanzare Bucure\u0219ti<\/a><\/li>\n<\/ul>\n\n<!-- ngfb content-buttons begin -->\n<!-- generated on 2026-05-01T16:54:49+00:00 -->\n<div class=\"ngfb-content-buttons\">\n<div class=\"ngfb-buttons en_US\">\n<!-- Email Button --><div class=\"css-button email-button\">\n  <a href=\"mailto:?subject=Share:%20Apartament%202%20camere%20semidecomandat%2C%20vedere%20spre%20Bulevardul%20General%20Gheorghe%20Magheru%2C%20Piata%20Romana&body=Bucure%C8%99ti%20-%20Apartament%20semidecomandat%20cu%202%20camere%2C%20situat%20%C3%AEn%20zona%20Pia%C8%9Ba%20Roman%C4%83%2C%20cu%20vedere%20spre%20Bulevardul%20General%20Gheorghe%20Magheru.%20Suprafa%C8%9Ba%20util%C4%83%20este%20de%2054%20mp%2C%20inclusiv%20un%20balcon%20%C3%AEnchis%20de%208%20mp.%20Amplasat%20la%20etajul%208%20din%209%2C%20blocul%20a%20fost%20construit%20%C3%AEn%201959%20%C8%99i%20este%20%C3%AEncadrat%20la%20risc%20seismic%202.%20Proprietatea%20este%20%C3%AEn%20prezent%20%C3%AEnchiriat%C4%83%2C%20fiind%20ideal%C4%83%20pentru%20investi%C8%9Bii.%20V%C3%A2nzarea%20se%20face%20doar%20%C3%AEn%20sistem%20cash.%0D%0A%0D%0AShared%20from%20https:\/\/propertybook.ro\/blog\/apartament-2-camere-semidecomandat-vedere-spre-bulevardul-general-gheorghe-magheru-piata-romana\/%0D%0A\">\n    <span class=\"ngfb-icon\">\n      <svg xmlns=\"http:\/\/www.w3.org\/2000\/svg\" width=\"9\" height=\"9\" viewBox=\"0 0 28 28\">\n        <path d=\"M20.11 26.147c-2.335 1.05-4.36 1.4-7.124 1.4C6.524 27.548.84 22.916.84 15.284.84 7.343 6.602.45 15.4.45c6.854 0 11.8 4.7 11.8 11.252 0 5.684-3.193 9.265-7.398 9.3-1.83 0-3.153-.934-3.347-2.997h-.077c-1.208 1.986-2.96 2.997-5.023 2.997-2.532 0-4.36-1.868-4.36-5.062 0-4.75 3.503-9.07 9.11-9.07 1.713 0 3.7.4 4.6.972l-1.17 7.203c-.387 2.298-.115 3.3 1 3.4 1.674 0 3.774-2.102 3.774-6.58 0-5.06-3.27-8.994-9.304-8.994C9.05 2.87 3.83 7.545 3.83 14.97c0 6.5 4.2 10.2 10 10.202 1.987 0 4.09-.43 5.647-1.245l.634 2.22zM16.647 10.1c-.31-.078-.7-.155-1.207-.155-2.572 0-4.596 2.53-4.596 5.53 0 1.5.7 2.4 1.9 2.4 1.44 0 2.96-1.83 3.31-4.088l.592-3.72z\" \/>\n      <\/svg>\n    <\/span>\n    <span class=\"ngfb-text\"><\/span>\n  <\/a>\n<\/div><\/div><!-- .ngfb-buttons.en_US -->\n<\/div><!-- .ngfb-content-buttons -->\n<!-- ngfb content-buttons end -->\n\n","protected":false},"excerpt":{"rendered":"<p>Bucure\u0219ti &#8211; Apartament semidecomandat cu 2 camere, situat \u00een zona Pia\u021ba Roman\u0103, cu vedere spre Bulevardul General Gheorghe Magheru. Suprafa\u021ba util\u0103 este de 54 mp, inclusiv un balcon \u00eenchis de 8 mp. Amplasat la etajul 8 din 9, blocul a fost construit \u00een 1959 \u0219i este \u00eencadrat la risc seismic 2. Proprietatea este \u00een prezent \u00eenchiriat\u0103, fiind ideal\u0103 pentru investi\u021bii. V\u00e2nzarea se face doar \u00een sistem cash.<\/p>\n","protected":false},"author":8,"featured_media":4446,"comment_status":"open","ping_status":"open","sticky":false,"template":"","format":"standard","meta":{"footnotes":""},"categories":[52,49,47],"tags":[62,331,74,89,101,376,70,63,85],"class_list":["post-4447","post","type-post","status-publish","format-standard","has-post-thumbnail","hentry","category-apartamente-de-vanzare-bucuresti","category-oferte-imobiliare-bucuresti","category-oferte","tag-2-camere","tag-an-const-1959","tag-balcon","tag-bucuresti","tag-etaj-8-9","tag-o-baie","tag-parchet","tag-semidecomandat","tag-termopane"],"_links":{"self":[{"href":"https:\/\/propertybook.ro\/blog\/wp-json\/wp\/v2\/posts\/4447","targetHints":{"allow":["GET"]}}],"collection":[{"href":"https:\/\/propertybook.ro\/blog\/wp-json\/wp\/v2\/posts"}],"about":[{"href":"https:\/\/propertybook.ro\/blog\/wp-json\/wp\/v2\/types\/post"}],"author":[{"embeddable":true,"href":"https:\/\/propertybook.ro\/blog\/wp-json\/wp\/v2\/users\/8"}],"replies":[{"embeddable":true,"href":"https:\/\/propertybook.ro\/blog\/wp-json\/wp\/v2\/comments?post=4447"}],"version-history":[{"count":0,"href":"https:\/\/propertybook.ro\/blog\/wp-json\/wp\/v2\/posts\/4447\/revisions"}],"wp:featuredmedia":[{"embeddable":true,"href":"https:\/\/propertybook.ro\/blog\/wp-json\/wp\/v2\/media\/4446"}],"wp:attachment":[{"href":"https:\/\/propertybook.ro\/blog\/wp-json\/wp\/v2\/media?parent=4447"}],"wp:term":[{"taxonomy":"category","embeddable":true,"href":"https:\/\/propertybook.ro\/blog\/wp-json\/wp\/v2\/categories?post=4447"},{"taxonomy":"post_tag","embeddable":true,"href":"https:\/\/propertybook.ro\/blog\/wp-json\/wp\/v2\/tags?post=4447"}],"curies":[{"name":"wp","href":"https:\/\/api.w.org\/{rel}","templated":true}]}}