{"id":4451,"date":"2025-03-10T13:43:36","date_gmt":"2025-03-10T11:43:36","guid":{"rendered":"https:\/\/propertybook.ro\/blog\/apartament-modern-cu-balcon-spectaculos-situat-in-centrul-capitalei\/"},"modified":"2025-03-10T13:43:36","modified_gmt":"2025-03-10T11:43:36","slug":"apartament-modern-cu-balcon-spectaculos-situat-in-centrul-capitalei","status":"publish","type":"post","link":"https:\/\/propertybook.ro\/blog\/apartament-modern-cu-balcon-spectaculos-situat-in-centrul-capitalei\/","title":{"rendered":"Apartament modern cu balcon spectaculos, situat \u00een centrul Capitalei"},"content":{"rendered":"\n<!-- ngfb content-buttons begin -->\n<!-- generated on 2026-05-01T16:57:54+00:00 -->\n<div class=\"ngfb-content-buttons\">\n<div class=\"ngfb-buttons en_US\">\n<!-- Email Button --><div class=\"css-button email-button\">\n  <a href=\"mailto:?subject=Share:%20Apartament%20modern%20cu%20balcon%20spectaculos%2C%20situat%20%C3%AEn%20centrul%20Capitalei&body=Bucure%C8%99ti%2C%20Gara%20de%20Nord%20-%20Apartament%20de%20v%C3%A2nzare%20la%20etajul%208%2C%20situat%20%C3%AEn%20zona%20Pia%C8%9Ba%20Victoriei.%20Are%20o%20suprafa%C8%9B%C4%83%20util%C4%83%20de%2067%20mp%20%C8%99i%20un%20balcon%20de%2022%20mp%20cu%20o%20priveli%C8%99te%20spectaculoas%C4%83.%20Compartimentare%20semidecomandat%C4%83%2C%20living%20luminos%2C%20buc%C4%83t%C4%83rie%20%C3%AEnchis%C4%83%20mobilat%C4%83%2C%20dormitor%20primitor.%20Se%20vinde%20complet%20mobilat%20%C8%99i%20utilat%2C%20%C3%AEn%20stare%20bun%C4%83.%20Beneficiaz%C4%83%20de%20lift%2C%20acces%20securizat%20%C8%99i%20este%20aproape%20de%20transport%20public%2C%20%C8%99coli%20%C8%99i%20magazine%2C%20fiind%20ideal%20pentru%20un%20stil%20de%20via%C8%9B%C4%83%20confortabil.%0D%0A%0D%0AShared%20from%20https:\/\/propertybook.ro\/blog\/apartament-modern-cu-balcon-spectaculos-situat-in-centrul-capitalei\/%0D%0A\">\n    <span class=\"ngfb-icon\">\n      <svg xmlns=\"http:\/\/www.w3.org\/2000\/svg\" width=\"9\" height=\"9\" viewBox=\"0 0 28 28\">\n        <path d=\"M20.11 26.147c-2.335 1.05-4.36 1.4-7.124 1.4C6.524 27.548.84 22.916.84 15.284.84 7.343 6.602.45 15.4.45c6.854 0 11.8 4.7 11.8 11.252 0 5.684-3.193 9.265-7.398 9.3-1.83 0-3.153-.934-3.347-2.997h-.077c-1.208 1.986-2.96 2.997-5.023 2.997-2.532 0-4.36-1.868-4.36-5.062 0-4.75 3.503-9.07 9.11-9.07 1.713 0 3.7.4 4.6.972l-1.17 7.203c-.387 2.298-.115 3.3 1 3.4 1.674 0 3.774-2.102 3.774-6.58 0-5.06-3.27-8.994-9.304-8.994C9.05 2.87 3.83 7.545 3.83 14.97c0 6.5 4.2 10.2 10 10.202 1.987 0 4.09-.43 5.647-1.245l.634 2.22zM16.647 10.1c-.31-.078-.7-.155-1.207-.155-2.572 0-4.596 2.53-4.596 5.53 0 1.5.7 2.4 1.9 2.4 1.44 0 2.96-1.83 3.31-4.088l.592-3.72z\" \/>\n      <\/svg>\n    <\/span>\n    <span class=\"ngfb-text\"><\/span>\n  <\/a>\n<\/div><\/div><!-- .ngfb-buttons.en_US -->\n<\/div><!-- .ngfb-content-buttons -->\n<!-- ngfb content-buttons end -->\n\n\n<!-- ngfb schema image for pinterest pin it button -->\n<div class=\"ngfb-schema-image-for-pinterest\" style=\"display:none;\">\n<img loading=\"lazy\" decoding=\"async\" src=\"https:\/\/propertybook.ro\/blog\/wp-content\/uploads\/2025\/03\/11022975.webp\" width=\"0\" height=\"0\" style=\"width:0;height:0;\" data-pin-description=\"Bucure\u0219ti, Gara de Nord - Apartament de v&acirc;nzare la etajul 8, situat &icirc;n zona Pia\u021ba Victoriei. Are o suprafa\u021b\u0103 util\u0103 de 67 mp \u0219i un balcon de 22 mp cu o priveli\u0219te spectaculoas\u0103. Compartimentare semidecomandat\u0103, living luminos, buc\u0103t\u0103rie &icirc;nchis\u0103 mobilat\u0103, dormitor primitor. Se vinde complet...\" alt=\"\"\/>\n<\/div><!-- .ngfb-schema-image-for-pinterest -->\n\n<figure class=\"wp-block-image size-large\"><img decoding=\"async\" src=\"https:\/\/cdn.propertybook.ro\/svn_residentialist\/11022975.webp\" alt=\"\" \/><\/figure>\n<ul>\n<li><a href=\"\/bucuresti\/\">Imobiliare Bucure\u0219ti<\/a><\/li>\n<li><a href=\"\/bucuresti\/apartamente-vanzare\/\">Apartamente de vanzare Bucure\u0219ti<\/a><\/li>\n<li><a href=\"\/bucuresti\/apartamente-vanzare\/2-camere\/\">Apartamente cu 2 camere de vanzare Bucure\u0219ti<\/a><\/li>\n<li><a href=\"\/bucuresti\/apartamente-vanzare\/gara_de_nord\/2-camere\/\">Apartamente cu 2 camere de vanzare Gara de Nord, Bucure\u0219ti<\/a><\/li>\n<\/ul>\n<p><a href=\"\/bucuresti\/imobiliare-163-11022975-de-vanzare-apartament-2-camere-in-sector-1-zona-titulescu\/\" class=\"pb-listing-action\">Detaliile proprietatii<\/a><\/p>\n<p><h2 class=\"wp-block-heading\">Descoper\u0103 confortul urban: Apartament modern l\u00e2ng\u0103 Pia\u021ba Victoriei<\/h2>\n<p>Dac\u0103 e\u0219ti \u00een c\u0103utarea unei locuin\u021be ideale \u00een inima capitalei, un apartament situat la etajul 8 al unui imobil construit \u00een 2008, \u00een zona Pia\u021ba Victoriei, ar putea fi exact ce \u00ee\u021bi dore\u0219ti. Aceast\u0103 proprietate excep\u021bional\u0103 ofer\u0103 un amestec perfect de confort \u0219i func\u021bionalitate, fiind ideal\u0103 pentru persoanele care apreciaz\u0103 stilul de via\u021b\u0103 urban.<\/p>\n<p>#<\/p>\n<h2 class=\"wp-block-heading\">Spa\u021bii Generoase \u0219i Lumin\u0103 Natural\u0103<\/h2>\n<p>Cu o suprafa\u021b\u0103 util\u0103 de 67 mp \u0219i un balcon impresionant de 22 mp, apartamentul se bucur\u0103 de o priveli\u0219te spectaculoas\u0103 asupra ora\u0219ului, oferind un loc perfect pentru momente de relaxare. Compartimentarea semidecomandat\u0103 asigur\u0103 un flux natural \u00eentre spa\u021biile comune, iar livingul generos, \u00eembibat de lumin\u0103 natural\u0103, te invit\u0103 s\u0103 te bucuri de clipe de neuitat al\u0103turi de familie \u0219i prieteni.<\/p>\n<p>#<\/p>\n<h2 class=\"wp-block-heading\">Buc\u0103t\u0103rie Func\u021bional\u0103 \u0219i Dormitor Primitor<\/h2>\n<p>Buc\u0103t\u0103ria \u00eenchis\u0103, complet mobilat\u0103 \u0219i utilat\u0103, reprezint\u0103 spa\u021biul ideal pentru pasiona\u021bii de g\u0103tit, oferind o organizare eficient\u0103 care face prepararea meselor o pl\u0103cere. Dormitorul, cald \u0219i primitor, este prev\u0103zut cu suficient spa\u021biu pentru depozitare, cre\u00e2nd o atmosfer\u0103 intim\u0103 \u0219i relaxant\u0103.<\/p>\n<p>#<\/p>\n<h2 class=\"wp-block-heading\">Finisaje Moderne \u0219i Confort Termic<\/h2>\n<p>Apartamentul se afl\u0103 \u00eentr-o stare impecabil\u0103 \u0219i se vinde complet mobilat \u0219i utilat, fiind gata pentru mutare imediat\u0103. Finisajele moderne nu doar c\u0103 adaug\u0103 un aspect elegant, dar contribuie \u0219i la confortul termic, datorit\u0103 izola\u021biei de calitate a cl\u0103dirii. Imobilul dispune de lift \u0219i acces securizat, asigur\u00e2ndu-\u021bi lini\u0219tea \u0219i siguran\u021ba necesare.<\/p>\n<p>#<\/p>\n<h2 class=\"wp-block-heading\">Loca\u021bie Ideala<\/h2>\n<p>Una dintre cele mai mari avantaje ale acestei propriet\u0103\u021bi este loca\u021bia sa central\u0103. \u00cen apropiere se reg\u0103sesc sta\u021bii de metrou \u0219i alte mijloace de transport \u00een comun, facilit\u00e2nd accesul rapid la diverse puncte de interes din ora\u0219. \u00cen vecin\u0103tate, vei g\u0103si \u0219coli, gr\u0103dini\u021be, magazine \u0219i restaurante, toate aspecte esen\u021biale pentru un stil de via\u021b\u0103 confortabil \u0219i dinamic.<\/p>\n<h2 class=\"wp-block-heading\">Concluzie<\/h2>\n<p>Acest apartament modern, situat \u00een zona Pia\u021ba Victoriei, reprezint\u0103 o oportunitate excelent\u0103 pentru cei care caut\u0103 un c\u0103min spa\u021bios, bine compartimentat \u0219i conectat la via\u021ba vibrant\u0103 a ora\u0219ului. Fie c\u0103 e\u0219ti t\u00e2n\u0103r profesionist sau o familie \u00een cre\u0219tere, aceast\u0103 proprietate are toate ingredientele necesare pentru a deveni noua ta locuin\u021b\u0103. Nu rata ocazia de a descoperi un loc unde confortul \u0219i stilul urban se \u00eent\u00e2lnesc armonios!<\/p>\n<p><a href=\"\/bucuresti\/imobiliare-163-11022975-de-vanzare-apartament-2-camere-in-sector-1-zona-titulescu\/\" class=\"pb-listing-action\">Stabileste o vizionare<\/a><\/p>\n<ul>\n<li><a href=\"\/bucuresti\/\">Imobiliare Bucure\u0219ti<\/a><\/li>\n<li><a href=\"\/bucuresti\/apartamente-vanzare\/\">Apartamente de vanzare Bucure\u0219ti<\/a><\/li>\n<li><a href=\"\/bucuresti\/apartamente-vanzare\/2-camere\/\">Apartamente cu 2 camere de vanzare Bucure\u0219ti<\/a><\/li>\n<li><a href=\"\/bucuresti\/apartamente-vanzare\/gara_de_nord\/2-camere\/\">Apartamente cu 2 camere de vanzare Gara de Nord, Bucure\u0219ti<\/a><\/li>\n<\/ul>\n\n<!-- ngfb content-buttons begin -->\n<!-- generated on 2026-05-01T16:57:54+00:00 -->\n<div class=\"ngfb-content-buttons\">\n<div class=\"ngfb-buttons en_US\">\n<!-- Email Button --><div class=\"css-button email-button\">\n  <a href=\"mailto:?subject=Share:%20Apartament%20modern%20cu%20balcon%20spectaculos%2C%20situat%20%C3%AEn%20centrul%20Capitalei&body=Bucure%C8%99ti%2C%20Gara%20de%20Nord%20-%20Apartament%20de%20v%C3%A2nzare%20la%20etajul%208%2C%20situat%20%C3%AEn%20zona%20Pia%C8%9Ba%20Victoriei.%20Are%20o%20suprafa%C8%9B%C4%83%20util%C4%83%20de%2067%20mp%20%C8%99i%20un%20balcon%20de%2022%20mp%20cu%20o%20priveli%C8%99te%20spectaculoas%C4%83.%20Compartimentare%20semidecomandat%C4%83%2C%20living%20luminos%2C%20buc%C4%83t%C4%83rie%20%C3%AEnchis%C4%83%20mobilat%C4%83%2C%20dormitor%20primitor.%20Se%20vinde%20complet%20mobilat%20%C8%99i%20utilat%2C%20%C3%AEn%20stare%20bun%C4%83.%20Beneficiaz%C4%83%20de%20lift%2C%20acces%20securizat%20%C8%99i%20este%20aproape%20de%20transport%20public%2C%20%C8%99coli%20%C8%99i%20magazine%2C%20fiind%20ideal%20pentru%20un%20stil%20de%20via%C8%9B%C4%83%20confortabil.%0D%0A%0D%0AShared%20from%20https:\/\/propertybook.ro\/blog\/apartament-modern-cu-balcon-spectaculos-situat-in-centrul-capitalei\/%0D%0A\">\n    <span class=\"ngfb-icon\">\n      <svg xmlns=\"http:\/\/www.w3.org\/2000\/svg\" width=\"9\" height=\"9\" viewBox=\"0 0 28 28\">\n        <path d=\"M20.11 26.147c-2.335 1.05-4.36 1.4-7.124 1.4C6.524 27.548.84 22.916.84 15.284.84 7.343 6.602.45 15.4.45c6.854 0 11.8 4.7 11.8 11.252 0 5.684-3.193 9.265-7.398 9.3-1.83 0-3.153-.934-3.347-2.997h-.077c-1.208 1.986-2.96 2.997-5.023 2.997-2.532 0-4.36-1.868-4.36-5.062 0-4.75 3.503-9.07 9.11-9.07 1.713 0 3.7.4 4.6.972l-1.17 7.203c-.387 2.298-.115 3.3 1 3.4 1.674 0 3.774-2.102 3.774-6.58 0-5.06-3.27-8.994-9.304-8.994C9.05 2.87 3.83 7.545 3.83 14.97c0 6.5 4.2 10.2 10 10.202 1.987 0 4.09-.43 5.647-1.245l.634 2.22zM16.647 10.1c-.31-.078-.7-.155-1.207-.155-2.572 0-4.596 2.53-4.596 5.53 0 1.5.7 2.4 1.9 2.4 1.44 0 2.96-1.83 3.31-4.088l.592-3.72z\" \/>\n      <\/svg>\n    <\/span>\n    <span class=\"ngfb-text\"><\/span>\n  <\/a>\n<\/div><\/div><!-- .ngfb-buttons.en_US -->\n<\/div><!-- .ngfb-content-buttons -->\n<!-- ngfb content-buttons end -->\n\n","protected":false},"excerpt":{"rendered":"<p>Bucure\u0219ti, Gara de Nord &#8211; Apartament de v\u00e2nzare la etajul 8, situat \u00een zona Pia\u021ba Victoriei. Are o suprafa\u021b\u0103 util\u0103 de 67 mp \u0219i un balcon de 22 mp cu o priveli\u0219te spectaculoas\u0103. Compartimentare semidecomandat\u0103, living luminos, buc\u0103t\u0103rie \u00eenchis\u0103 mobilat\u0103, dormitor primitor. Se vinde complet mobilat \u0219i utilat, \u00een stare bun\u0103. Beneficiaz\u0103 de lift, acces securizat \u0219i este aproape de transport public, \u0219coli \u0219i magazine, fiind ideal pentru un stil de via\u021b\u0103 confortabil.<\/p>\n","protected":false},"author":8,"featured_media":4450,"comment_status":"open","ping_status":"open","sticky":false,"template":"","format":"standard","meta":{"footnotes":""},"categories":[52,49,47],"tags":[62,130,74,89,76,262,376,70,63,85],"class_list":["post-4451","post","type-post","status-publish","format-standard","has-post-thumbnail","hentry","category-apartamente-de-vanzare-bucuresti","category-oferte-imobiliare-bucuresti","category-oferte","tag-2-camere","tag-an-const-2008","tag-balcon","tag-bucuresti","tag-etaj-8-8","tag-gara-de-nord","tag-o-baie","tag-parchet","tag-semidecomandat","tag-termopane"],"_links":{"self":[{"href":"https:\/\/propertybook.ro\/blog\/wp-json\/wp\/v2\/posts\/4451","targetHints":{"allow":["GET"]}}],"collection":[{"href":"https:\/\/propertybook.ro\/blog\/wp-json\/wp\/v2\/posts"}],"about":[{"href":"https:\/\/propertybook.ro\/blog\/wp-json\/wp\/v2\/types\/post"}],"author":[{"embeddable":true,"href":"https:\/\/propertybook.ro\/blog\/wp-json\/wp\/v2\/users\/8"}],"replies":[{"embeddable":true,"href":"https:\/\/propertybook.ro\/blog\/wp-json\/wp\/v2\/comments?post=4451"}],"version-history":[{"count":0,"href":"https:\/\/propertybook.ro\/blog\/wp-json\/wp\/v2\/posts\/4451\/revisions"}],"wp:featuredmedia":[{"embeddable":true,"href":"https:\/\/propertybook.ro\/blog\/wp-json\/wp\/v2\/media\/4450"}],"wp:attachment":[{"href":"https:\/\/propertybook.ro\/blog\/wp-json\/wp\/v2\/media?parent=4451"}],"wp:term":[{"taxonomy":"category","embeddable":true,"href":"https:\/\/propertybook.ro\/blog\/wp-json\/wp\/v2\/categories?post=4451"},{"taxonomy":"post_tag","embeddable":true,"href":"https:\/\/propertybook.ro\/blog\/wp-json\/wp\/v2\/tags?post=4451"}],"curies":[{"name":"wp","href":"https:\/\/api.w.org\/{rel}","templated":true}]}}