{"id":4465,"date":"2025-03-10T19:43:44","date_gmt":"2025-03-10T17:43:44","guid":{"rendered":"https:\/\/propertybook.ro\/blog\/garsoniera-de-vanzare-in-marasti-aproape-de-tribunalul-cluj-napoca\/"},"modified":"2025-03-10T19:43:44","modified_gmt":"2025-03-10T17:43:44","slug":"garsoniera-de-vanzare-in-marasti-aproape-de-tribunalul-cluj-napoca","status":"publish","type":"post","link":"https:\/\/propertybook.ro\/blog\/garsoniera-de-vanzare-in-marasti-aproape-de-tribunalul-cluj-napoca\/","title":{"rendered":"\u201eGarsonier\u0103 de v\u00e2nzare \u00een Marasti, aproape de Tribunalul Cluj-Napoca!\u201d"},"content":{"rendered":"\n<!-- ngfb content-buttons begin -->\n<!-- generated on 2026-04-30T05:30:15+00:00 -->\n<div class=\"ngfb-content-buttons\">\n<div class=\"ngfb-buttons en_US\">\n<!-- Email Button --><div class=\"css-button email-button\">\n  <a href=\"mailto:?subject=Share:%20%E2%80%9EGarsonier%C4%83%20de%20v%C3%A2nzare%20%C3%AEn%20Marasti%2C%20aproape%20de%20Tribunalul%20Cluj-Napoca%21%E2%80%9D&body=Cluj-Napoca%2C%20M%C4%83r%C4%83%C8%99ti%20-%20Garsoniera%20de%20v%C3%A2nzare%20%C3%AEn%20cartierul%20M%C4%83r%C4%83%C8%99ti%2C%20Cluj-Napoca%2C%20situat%C4%83%20la%20parter%20%C3%AEnalt%2C%20cu%20o%20suprafa%C8%9B%C4%83%20util%C4%83%20de%2024%20mp.%20Compartimentarea%20include%20camer%C4%83%2C%20hol%2C%20baie%20%C8%99i%20buc%C4%83t%C4%83rie.%20Finisajele%20sunt%20clasice%2C%20incluz%C3%A2nd%20parchet%20masiv%20%C8%99i%20feronerie%20metalic%C4%83.%20Loca%C8%9Bia%20este%20ideal%C4%83%20pentru%20investi%C8%9Bie%2C%20fiind%20aproape%20de%20Tribunal%20%C8%99i%20sta%C8%9Bii%20de%20transport%20%C3%AEn%20comun.%20Perfect%C4%83%20pentru%20cei%20care%20doresc%20s%C4%83%20locuiasc%C4%83%20%C3%AEntr-o%20zon%C4%83%20central%C4%83%20%C8%99i%20bine%20conectat%C4%83.%0D%0A%0D%0AShared%20from%20https:\/\/propertybook.ro\/blog\/garsoniera-de-vanzare-in-marasti-aproape-de-tribunalul-cluj-napoca\/%0D%0A\">\n    <span class=\"ngfb-icon\">\n      <svg xmlns=\"http:\/\/www.w3.org\/2000\/svg\" width=\"9\" height=\"9\" viewBox=\"0 0 28 28\">\n        <path d=\"M20.11 26.147c-2.335 1.05-4.36 1.4-7.124 1.4C6.524 27.548.84 22.916.84 15.284.84 7.343 6.602.45 15.4.45c6.854 0 11.8 4.7 11.8 11.252 0 5.684-3.193 9.265-7.398 9.3-1.83 0-3.153-.934-3.347-2.997h-.077c-1.208 1.986-2.96 2.997-5.023 2.997-2.532 0-4.36-1.868-4.36-5.062 0-4.75 3.503-9.07 9.11-9.07 1.713 0 3.7.4 4.6.972l-1.17 7.203c-.387 2.298-.115 3.3 1 3.4 1.674 0 3.774-2.102 3.774-6.58 0-5.06-3.27-8.994-9.304-8.994C9.05 2.87 3.83 7.545 3.83 14.97c0 6.5 4.2 10.2 10 10.202 1.987 0 4.09-.43 5.647-1.245l.634 2.22zM16.647 10.1c-.31-.078-.7-.155-1.207-.155-2.572 0-4.596 2.53-4.596 5.53 0 1.5.7 2.4 1.9 2.4 1.44 0 2.96-1.83 3.31-4.088l.592-3.72z\" \/>\n      <\/svg>\n    <\/span>\n    <span class=\"ngfb-text\"><\/span>\n  <\/a>\n<\/div><\/div><!-- .ngfb-buttons.en_US -->\n<\/div><!-- .ngfb-content-buttons -->\n<!-- ngfb content-buttons end -->\n\n<figure class=\"wp-block-image size-large\"><img decoding=\"async\" src=\"https:\/\/cdn.propertybook.ro\/napoca_imobiliare\/151282.webp\" alt=\"\" \/><\/figure>\n<ul>\n<li><a href=\"\/cluj-napoca\/\">Imobiliare Cluj-Napoca<\/a><\/li>\n<li><a href=\"\/cluj-napoca\/apartamente-vanzare\/\">Apartamente de vanzare Cluj-Napoca<\/a><\/li>\n<li><a href=\"\/cluj-napoca\/garsoniere-vanzare\/\">Garsoniere de vanzare Cluj-Napoca<\/a><\/li>\n<li><a href=\"\/cluj-napoca\/garsoniere-vanzare\/marasti\/\">Garsoniere de vanzare M\u0103r\u0103\u0219ti, Cluj-Napoca<\/a><\/li>\n<\/ul>\n<p><a href=\"\/cluj-napoca\/imobiliare-25-151282-se-vinde-apartament-o-camera-in-marasti\/\" class=\"pb-listing-action\">Detaliile proprietatii<\/a><\/p>\n<p><h2 class=\"wp-block-heading\">Garsonier\u0103 de V\u00e2nzare \u00een Cartierul M\u0103r\u0103\u0219ti, Cluj-Napoca<\/h2>\n<p>Dac\u0103 sunte\u021bi \u00een c\u0103utarea unei propriet\u0103\u021bi ideale pentru o investi\u021bie sau pentru a v\u0103 muta, garsoniera din cartierul M\u0103r\u0103\u0219ti, situat\u0103 \u00een apropierea Tribunalului Cluj-Napoca, ar putea fi op\u021biunea perfect\u0103 pentru dumneavoastr\u0103. Aceast\u0103 garsonier\u0103 captivant\u0103, cu un pre\u021b accesibil \u0219i o pozi\u021bie excelent\u0103, ofer\u0103 tot ce este necesar pentru confortul urban.<\/p>\n<p>#<\/p>\n<h2 class=\"wp-block-heading\">Detalii despre Proprietate<\/h2>\n<p>Garsoniera se afl\u0103 la parter \u00eenalt al unui imobil cu 3 nivele, ceea ce \u00eei confer\u0103 accesibilitate \u0219i o atmosfer\u0103 pl\u0103cut\u0103. Cu o suprafa\u021b\u0103 util\u0103 de 24 mp, aceasta este inteligent compartimentat\u0103 pentru a maximiza spa\u021biul disponibil. Compartimentarea include:<\/p>\n<p>&#8211; O camer\u0103 luminoas\u0103, perfect\u0103 pentru un dormitor confortabil sau un spa\u021biu de relaxare.<\/p>\n<p>&#8211; Un hol care face tranzi\u021bia c\u0103tre celelalte \u00eenc\u0103peri.<\/p>\n<p>&#8211; O baie utilat\u0103, care include gresie \u0219i faian\u021b\u0103 de calitate clasic\u0103.<\/p>\n<p>&#8211; O chicinet\u0103, ideal\u0103 pentru a preg\u0103ti mese rapide.<\/p>\n<p>#<\/p>\n<h2 class=\"wp-block-heading\">Finisaje \u0219i Confort<\/h2>\n<p>Finisajele sunt realizate \u00een stil clasic, cre\u00e2nd o ambian\u021b\u0103 cald\u0103 \u0219i primitoare. Pardoseala din parchet masiv adaug\u0103 un plus de elegan\u021b\u0103, iar pere\u021bii sunt acoperi\u021bi cu vopsea lavabil\u0103, u\u0219or de \u00eentre\u021binut. Garsoniera dispune de geamuri termoizolante din PVC, asigur\u00e2nd astfel confort termic pe timpul iernii \u0219i o eficien\u021b\u0103 energetic\u0103 mai bun\u0103.<\/p>\n<p>Printre alte detalii importante, se num\u0103r\u0103 u\u0219ile interioare din lemn \u0219i u\u0219a metalic\u0103 de la intrare, care ofer\u0103 un plus de securitate \u0219i intimitate.<\/p>\n<p>#<\/p>\n<h2 class=\"wp-block-heading\">Loca\u021bie Ideal\u0103<\/h2>\n<p>Unul dintre cele mai mari avantaje ale acestei garsoniere este loca\u021bia sa strategic\u0103. Situat\u0103 la doar 5 minute de Tribunalul Cluj-Napoca, aceasta este perfect\u0103 pentru cei care lucreaz\u0103 \u00een zon\u0103 sau pentru studen\u021bi, av\u00e2nd \u00een apropiere \u0219i sta\u021bii de transport \u00een comun. La c\u00e2teva minute de mers pe jos se g\u0103sesc magazine, cafenele \u0219i alte facilit\u0103\u021bi care fac via\u021ba de zi cu zi mult mai convenabil\u0103.<\/p>\n<p>#<\/p>\n<h2 class=\"wp-block-heading\">Oportunitate de Investi\u021bie<\/h2>\n<p>Aceast\u0103 garsonier\u0103 reprezint\u0103 o oportunitate excelent\u0103 pentru investitori care caut\u0103 propriet\u0103\u021bi \u00een zone \u00een plin\u0103 dezvoltare. Datorit\u0103 cererii mari pentru locuin\u021be \u00een Cluj-Napoca, aceasta poate deveni rapid o surs\u0103 de venituri pasive prin \u00eenchiriere. <\/p>\n<p>Dac\u0103 sunte\u021bi interesat s\u0103 afla\u021bi mai multe informa\u021bii sau s\u0103 programa\u021bi o vizionare, nu ezita\u021bi s\u0103 explora\u021bi aceast\u0103 oportunitate unic\u0103. Garsoniera din cartierul M\u0103r\u0103\u0219ti este locul unde confortul \u00eent\u00e2lne\u0219te practicitatea, iar viitorul dumneavoastr\u0103 a\u0219teapt\u0103 s\u0103 fie descoperit!<\/p>\n<p><a href=\"\/cluj-napoca\/imobiliare-25-151282-se-vinde-apartament-o-camera-in-marasti\/\" class=\"pb-listing-action\">Stabileste o vizionare<\/a><\/p>\n<ul>\n<li><a href=\"\/cluj-napoca\/\">Imobiliare Cluj-Napoca<\/a><\/li>\n<li><a href=\"\/cluj-napoca\/apartamente-vanzare\/\">Apartamente de vanzare Cluj-Napoca<\/a><\/li>\n<li><a href=\"\/cluj-napoca\/garsoniere-vanzare\/\">Garsoniere de vanzare Cluj-Napoca<\/a><\/li>\n<li><a href=\"\/cluj-napoca\/garsoniere-vanzare\/marasti\/\">Garsoniere de vanzare M\u0103r\u0103\u0219ti, Cluj-Napoca<\/a><\/li>\n<\/ul>\n\n<!-- ngfb content-buttons begin -->\n<!-- generated on 2026-04-30T05:30:15+00:00 -->\n<div class=\"ngfb-content-buttons\">\n<div class=\"ngfb-buttons en_US\">\n<!-- Email Button --><div class=\"css-button email-button\">\n  <a href=\"mailto:?subject=Share:%20%E2%80%9EGarsonier%C4%83%20de%20v%C3%A2nzare%20%C3%AEn%20Marasti%2C%20aproape%20de%20Tribunalul%20Cluj-Napoca%21%E2%80%9D&body=Cluj-Napoca%2C%20M%C4%83r%C4%83%C8%99ti%20-%20Garsoniera%20de%20v%C3%A2nzare%20%C3%AEn%20cartierul%20M%C4%83r%C4%83%C8%99ti%2C%20Cluj-Napoca%2C%20situat%C4%83%20la%20parter%20%C3%AEnalt%2C%20cu%20o%20suprafa%C8%9B%C4%83%20util%C4%83%20de%2024%20mp.%20Compartimentarea%20include%20camer%C4%83%2C%20hol%2C%20baie%20%C8%99i%20buc%C4%83t%C4%83rie.%20Finisajele%20sunt%20clasice%2C%20incluz%C3%A2nd%20parchet%20masiv%20%C8%99i%20feronerie%20metalic%C4%83.%20Loca%C8%9Bia%20este%20ideal%C4%83%20pentru%20investi%C8%9Bie%2C%20fiind%20aproape%20de%20Tribunal%20%C8%99i%20sta%C8%9Bii%20de%20transport%20%C3%AEn%20comun.%20Perfect%C4%83%20pentru%20cei%20care%20doresc%20s%C4%83%20locuiasc%C4%83%20%C3%AEntr-o%20zon%C4%83%20central%C4%83%20%C8%99i%20bine%20conectat%C4%83.%0D%0A%0D%0AShared%20from%20https:\/\/propertybook.ro\/blog\/garsoniera-de-vanzare-in-marasti-aproape-de-tribunalul-cluj-napoca\/%0D%0A\">\n    <span class=\"ngfb-icon\">\n      <svg xmlns=\"http:\/\/www.w3.org\/2000\/svg\" width=\"9\" height=\"9\" viewBox=\"0 0 28 28\">\n        <path d=\"M20.11 26.147c-2.335 1.05-4.36 1.4-7.124 1.4C6.524 27.548.84 22.916.84 15.284.84 7.343 6.602.45 15.4.45c6.854 0 11.8 4.7 11.8 11.252 0 5.684-3.193 9.265-7.398 9.3-1.83 0-3.153-.934-3.347-2.997h-.077c-1.208 1.986-2.96 2.997-5.023 2.997-2.532 0-4.36-1.868-4.36-5.062 0-4.75 3.503-9.07 9.11-9.07 1.713 0 3.7.4 4.6.972l-1.17 7.203c-.387 2.298-.115 3.3 1 3.4 1.674 0 3.774-2.102 3.774-6.58 0-5.06-3.27-8.994-9.304-8.994C9.05 2.87 3.83 7.545 3.83 14.97c0 6.5 4.2 10.2 10 10.202 1.987 0 4.09-.43 5.647-1.245l.634 2.22zM16.647 10.1c-.31-.078-.7-.155-1.207-.155-2.572 0-4.596 2.53-4.596 5.53 0 1.5.7 2.4 1.9 2.4 1.44 0 2.96-1.83 3.31-4.088l.592-3.72z\" \/>\n      <\/svg>\n    <\/span>\n    <span class=\"ngfb-text\"><\/span>\n  <\/a>\n<\/div><\/div><!-- .ngfb-buttons.en_US -->\n<\/div><!-- .ngfb-content-buttons -->\n<!-- ngfb content-buttons end -->\n\n","protected":false},"excerpt":{"rendered":"<p>Cluj-Napoca, M\u0103r\u0103\u0219ti &#8211; Garsoniera de v\u00e2nzare \u00een cartierul M\u0103r\u0103\u0219ti, Cluj-Napoca, situat\u0103 la parter \u00eenalt, cu o suprafa\u021b\u0103 util\u0103 de 24 mp. Compartimentarea include camer\u0103, hol, baie \u0219i buc\u0103t\u0103rie. Finisajele sunt clasice, incluz\u00e2nd parchet masiv \u0219i feronerie metalic\u0103. Loca\u021bia este ideal\u0103 pentru investi\u021bie, fiind aproape de Tribunal \u0219i sta\u021bii de transport \u00een comun. Perfect\u0103 pentru cei care doresc s\u0103 locuiasc\u0103 \u00eentr-o zon\u0103 central\u0103 \u0219i bine conectat\u0103.<\/p>\n","protected":false},"author":8,"featured_media":4464,"comment_status":"open","ping_status":"open","sticky":false,"template":"","format":"standard","meta":{"footnotes":""},"categories":[50,48,47],"tags":[102,91,68,92,376,70],"class_list":["post-4465","post","type-post","status-publish","format-standard","has-post-thumbnail","hentry","category-apartamente-de-vanzare-in-cluj-napoca","category-oferte-imobiliare-in-cluj-napoca","category-oferte","tag-1-camera","tag-cluj-napoca","tag-decomandat","tag-marasti","tag-o-baie","tag-parchet"],"_links":{"self":[{"href":"https:\/\/propertybook.ro\/blog\/wp-json\/wp\/v2\/posts\/4465","targetHints":{"allow":["GET"]}}],"collection":[{"href":"https:\/\/propertybook.ro\/blog\/wp-json\/wp\/v2\/posts"}],"about":[{"href":"https:\/\/propertybook.ro\/blog\/wp-json\/wp\/v2\/types\/post"}],"author":[{"embeddable":true,"href":"https:\/\/propertybook.ro\/blog\/wp-json\/wp\/v2\/users\/8"}],"replies":[{"embeddable":true,"href":"https:\/\/propertybook.ro\/blog\/wp-json\/wp\/v2\/comments?post=4465"}],"version-history":[{"count":0,"href":"https:\/\/propertybook.ro\/blog\/wp-json\/wp\/v2\/posts\/4465\/revisions"}],"wp:featuredmedia":[{"embeddable":true,"href":"https:\/\/propertybook.ro\/blog\/wp-json\/wp\/v2\/media\/4464"}],"wp:attachment":[{"href":"https:\/\/propertybook.ro\/blog\/wp-json\/wp\/v2\/media?parent=4465"}],"wp:term":[{"taxonomy":"category","embeddable":true,"href":"https:\/\/propertybook.ro\/blog\/wp-json\/wp\/v2\/categories?post=4465"},{"taxonomy":"post_tag","embeddable":true,"href":"https:\/\/propertybook.ro\/blog\/wp-json\/wp\/v2\/tags?post=4465"}],"curies":[{"name":"wp","href":"https:\/\/api.w.org\/{rel}","templated":true}]}}