{"id":4473,"date":"2025-03-11T15:43:58","date_gmt":"2025-03-11T13:43:58","guid":{"rendered":"https:\/\/propertybook.ro\/blog\/apartament-spatios-de-2-camere-in-lacul-tei-complet-mobilat-si-utilat\/"},"modified":"2025-03-11T15:43:58","modified_gmt":"2025-03-11T13:43:58","slug":"apartament-spatios-de-2-camere-in-lacul-tei-complet-mobilat-si-utilat","status":"publish","type":"post","link":"https:\/\/propertybook.ro\/blog\/apartament-spatios-de-2-camere-in-lacul-tei-complet-mobilat-si-utilat\/","title":{"rendered":"Apartament spa\u021bios de 2 camere \u00een Lacul Tei, complet mobilat \u0219i utilat!"},"content":{"rendered":"\n<!-- ngfb content-buttons begin -->\n<!-- generated on 2026-04-30T05:55:32+00:00 -->\n<div class=\"ngfb-content-buttons\">\n<div class=\"ngfb-buttons en_US\">\n<!-- Email Button --><div class=\"css-button email-button\">\n  <a href=\"mailto:?subject=Share:%20Apartament%20spa%C8%9Bios%20de%202%20camere%20%C3%AEn%20Lacul%20Tei%2C%20complet%20mobilat%20%C8%99i%20utilat%21&body=Bucure%C8%99ti%2C%20Tei%20-%20Apartament%20spa%C8%9Bios%20cu%202%20camere%2C%20situat%20la%20etajul%208%20dintr-un%20imobil%20reabilitat%20%C3%AEn%20zona%20Lacul%20Tei.%20Suprafa%C8%9Ba%20total%C4%83%20este%20de%2071%2C19%20mp%20%C8%99i%20include%20living%2C%20dormitor%2C%20buc%C4%83t%C4%83rie%20%C3%AEnchis%C4%83%2C%20baie%20%C8%99i%202%20balcoane.%20V%C3%A2nzarea%20include%20mobilier%20%C8%99i%20utilit%C4%83%C8%9Bi.%20Beneficiaz%C4%83%20de%20o%20pozi%C8%9Bie%20central%C4%83%2C%20aproape%20de%20parc%2C%20mijloace%20de%20transport%2C%20%C8%99coli%20%C8%99i%20supermarketuri.%20Vedere%20pe%20spate%20%C8%99i%20parcare%20disponibil%C4%83%20%C3%AEn%20zon%C4%83.%0D%0A%0D%0AShared%20from%20https:\/\/propertybook.ro\/blog\/apartament-spatios-de-2-camere-in-lacul-tei-complet-mobilat-si-utilat\/%0D%0A\">\n    <span class=\"ngfb-icon\">\n      <svg xmlns=\"http:\/\/www.w3.org\/2000\/svg\" width=\"9\" height=\"9\" viewBox=\"0 0 28 28\">\n        <path d=\"M20.11 26.147c-2.335 1.05-4.36 1.4-7.124 1.4C6.524 27.548.84 22.916.84 15.284.84 7.343 6.602.45 15.4.45c6.854 0 11.8 4.7 11.8 11.252 0 5.684-3.193 9.265-7.398 9.3-1.83 0-3.153-.934-3.347-2.997h-.077c-1.208 1.986-2.96 2.997-5.023 2.997-2.532 0-4.36-1.868-4.36-5.062 0-4.75 3.503-9.07 9.11-9.07 1.713 0 3.7.4 4.6.972l-1.17 7.203c-.387 2.298-.115 3.3 1 3.4 1.674 0 3.774-2.102 3.774-6.58 0-5.06-3.27-8.994-9.304-8.994C9.05 2.87 3.83 7.545 3.83 14.97c0 6.5 4.2 10.2 10 10.202 1.987 0 4.09-.43 5.647-1.245l.634 2.22zM16.647 10.1c-.31-.078-.7-.155-1.207-.155-2.572 0-4.596 2.53-4.596 5.53 0 1.5.7 2.4 1.9 2.4 1.44 0 2.96-1.83 3.31-4.088l.592-3.72z\" \/>\n      <\/svg>\n    <\/span>\n    <span class=\"ngfb-text\"><\/span>\n  <\/a>\n<\/div><\/div><!-- .ngfb-buttons.en_US -->\n<\/div><!-- .ngfb-content-buttons -->\n<!-- ngfb content-buttons end -->\n\n\n<!-- ngfb schema image for pinterest pin it button -->\n<div class=\"ngfb-schema-image-for-pinterest\" style=\"display:none;\">\n<img loading=\"lazy\" decoding=\"async\" src=\"https:\/\/propertybook.ro\/blog\/wp-content\/uploads\/2025\/03\/11022942.webp\" width=\"0\" height=\"0\" style=\"width:0;height:0;\" data-pin-description=\"Bucure\u0219ti, Tei - Apartament spa\u021bios cu 2 camere, situat la etajul 8 dintr-un imobil reabilitat &icirc;n zona Lacul Tei. Suprafa\u021ba total\u0103 este de 71,19 mp \u0219i include living, dormitor, buc\u0103t\u0103rie &icirc;nchis\u0103, baie \u0219i 2 balcoane. V&acirc;nzarea include mobilier \u0219i utilit\u0103\u021bi. Beneficiaz\u0103 de o pozi\u021bie central\u0103...\" alt=\"\"\/>\n<\/div><!-- .ngfb-schema-image-for-pinterest -->\n\n<figure class=\"wp-block-image size-large\"><img decoding=\"async\" src=\"https:\/\/cdn.propertybook.ro\/svn_residentialist\/11022942.webp\" alt=\"\" \/><\/figure>\n<ul>\n<li><a href=\"\/bucuresti\/\">Imobiliare Bucure\u0219ti<\/a><\/li>\n<li><a href=\"\/bucuresti\/apartamente-vanzare\/\">Apartamente de vanzare Bucure\u0219ti<\/a><\/li>\n<li><a href=\"\/bucuresti\/apartamente-vanzare\/2-camere\/\">Apartamente cu 2 camere de vanzare Bucure\u0219ti<\/a><\/li>\n<li><a href=\"\/bucuresti\/apartamente-vanzare\/tei\/2-camere\/\">Apartamente cu 2 camere de vanzare Tei, Bucure\u0219ti<\/a><\/li>\n<\/ul>\n<p><a href=\"\/bucuresti\/imobiliare-163-11022942-de-vanzare-apartament-2-camere-in-sector-2-zona-lacul-tei\/\" class=\"pb-listing-action\">Detaliile proprietatii<\/a><\/p>\n<p><h2 class=\"wp-block-heading\">Apartament Spatios de 2 Camere in Zona Lacul Tei<\/h2>\n<p>Dac\u0103 e\u0219ti \u00een c\u0103utarea unui apartament confortabil \u0219i bine amplasat, acest apartament cu 2 camere din zona Lacul Tei ar putea fi exact ceea ce \u00ee\u021bi dore\u0219ti. Situat la etajul 8 dintr-un imobil reabilitat, construit \u00een anul 1975, proprietatea se bucur\u0103 de o pozi\u021bie excelent\u0103 \u00een inima capitalei.<\/p>\n<p>#<\/p>\n<h2 class=\"wp-block-heading\">Descrierea Apartamentului<\/h2>\n<p>Cu o suprafa\u021b\u0103 total\u0103 de 71,19 mp, apartamentul este decomandat, ceea ce \u00eenseamn\u0103 c\u0103 fiecare \u00eenc\u0103pere are un acces separat, ideal pentru intimitatea familiei. Structura acestuia include un hol de acces, o buc\u0103t\u0103rie \u00eenchis\u0103, un living generos, un dormitor confortabil, o baie \u0219i dou\u0103 balcoane care ofer\u0103 un spa\u021biu suplimentar perfect pentru relaxare.<\/p>\n<p>Apartamentul este v\u00e2ndut complet mobilat \u0219i utilat, ceea ce \u00ee\u021bi va facilita mutarea imediat. Vederea pe spate garanteaz\u0103 lini\u0219tea, fiind departe de agita\u021bia str\u0103zilor principale, iar zona de parcare de l\u00e2ng\u0103 imobil poate fi un mare avantaj pentru cei care au ma\u0219in\u0103.<\/p>\n<p>#<\/p>\n<h2 class=\"wp-block-heading\">Loca\u021bie<\/h2>\n<p>Una dintre cele mai atr\u0103g\u0103toare caracteristici ale acestui apartament este pozi\u021bionarea sa ultracentral\u0103. \u00cen apropiere, vei g\u0103si o varietate de facilit\u0103\u021bi esen\u021biale. Acesta se afl\u0103 la scurt\u0103 distan\u021b\u0103 de \u0219coli, sta\u021bii de metrou \u0219i autobuz, centre medicale, b\u0103nci \u0219i supermarket-uri, ceea ce \u00eel face ideal pentru familii \u0219i tineri profesioni\u0219ti deopotriv\u0103.<\/p>\n<p>Iubitorii de natur\u0103 vor fi \u00eenc\u00e2nta\u021bi s\u0103 afle c\u0103 la doar 5 minute de mers pe jos se afl\u0103 Parcul Tei, un loc perfect pentru plimb\u0103ri relaxante sau activit\u0103\u021bi \u00een aer liber. De asemenea, Parcul Circului \u0219i centrele comerciale precum Kaufland \u0219i Lidl se afl\u0103 la aproximativ 10 minute distan\u021b\u0103.<\/p>\n<p>#<\/p>\n<h2 class=\"wp-block-heading\">Concluzie<\/h2>\n<p>Acest apartament de 2 camere din zona Lacul Tei reprezint\u0103 o oportunitate excelent\u0103 de achizi\u021bie at\u00e2t pentru investi\u021bii, c\u00e2t \u0219i pentru locuin\u021be. Cu un spa\u021biu generos, facilit\u0103\u021bi complete \u0219i o loca\u021bie central\u0103, este perfect pentru cei care doresc s\u0103 se bucure de confortul \u0219i comoditatea vie\u021bii urbane. Dac\u0103 e\u0219ti interesat de mai multe detalii sau dore\u0219ti s\u0103 programezi o vizionare, nu ezita s\u0103 te informezi mai departe!<\/p>\n<p>Aceast\u0103 proprietate are poten\u021bialul de a deveni c\u0103minul t\u0103u ideal \u2013 o combina\u021bie perfect\u0103 \u00eentre confort, accesibilitate \u0219i stil de via\u021b\u0103 activ.<\/p>\n<p><a href=\"\/bucuresti\/imobiliare-163-11022942-de-vanzare-apartament-2-camere-in-sector-2-zona-lacul-tei\/\" class=\"pb-listing-action\">Stabileste o vizionare<\/a><\/p>\n<ul>\n<li><a href=\"\/bucuresti\/\">Imobiliare Bucure\u0219ti<\/a><\/li>\n<li><a href=\"\/bucuresti\/apartamente-vanzare\/\">Apartamente de vanzare Bucure\u0219ti<\/a><\/li>\n<li><a href=\"\/bucuresti\/apartamente-vanzare\/2-camere\/\">Apartamente cu 2 camere de vanzare Bucure\u0219ti<\/a><\/li>\n<li><a href=\"\/bucuresti\/apartamente-vanzare\/tei\/2-camere\/\">Apartamente cu 2 camere de vanzare Tei, Bucure\u0219ti<\/a><\/li>\n<\/ul>\n\n<!-- ngfb content-buttons begin -->\n<!-- generated on 2026-04-30T05:55:32+00:00 -->\n<div class=\"ngfb-content-buttons\">\n<div class=\"ngfb-buttons en_US\">\n<!-- Email Button --><div class=\"css-button email-button\">\n  <a href=\"mailto:?subject=Share:%20Apartament%20spa%C8%9Bios%20de%202%20camere%20%C3%AEn%20Lacul%20Tei%2C%20complet%20mobilat%20%C8%99i%20utilat%21&body=Bucure%C8%99ti%2C%20Tei%20-%20Apartament%20spa%C8%9Bios%20cu%202%20camere%2C%20situat%20la%20etajul%208%20dintr-un%20imobil%20reabilitat%20%C3%AEn%20zona%20Lacul%20Tei.%20Suprafa%C8%9Ba%20total%C4%83%20este%20de%2071%2C19%20mp%20%C8%99i%20include%20living%2C%20dormitor%2C%20buc%C4%83t%C4%83rie%20%C3%AEnchis%C4%83%2C%20baie%20%C8%99i%202%20balcoane.%20V%C3%A2nzarea%20include%20mobilier%20%C8%99i%20utilit%C4%83%C8%9Bi.%20Beneficiaz%C4%83%20de%20o%20pozi%C8%9Bie%20central%C4%83%2C%20aproape%20de%20parc%2C%20mijloace%20de%20transport%2C%20%C8%99coli%20%C8%99i%20supermarketuri.%20Vedere%20pe%20spate%20%C8%99i%20parcare%20disponibil%C4%83%20%C3%AEn%20zon%C4%83.%0D%0A%0D%0AShared%20from%20https:\/\/propertybook.ro\/blog\/apartament-spatios-de-2-camere-in-lacul-tei-complet-mobilat-si-utilat\/%0D%0A\">\n    <span class=\"ngfb-icon\">\n      <svg xmlns=\"http:\/\/www.w3.org\/2000\/svg\" width=\"9\" height=\"9\" viewBox=\"0 0 28 28\">\n        <path d=\"M20.11 26.147c-2.335 1.05-4.36 1.4-7.124 1.4C6.524 27.548.84 22.916.84 15.284.84 7.343 6.602.45 15.4.45c6.854 0 11.8 4.7 11.8 11.252 0 5.684-3.193 9.265-7.398 9.3-1.83 0-3.153-.934-3.347-2.997h-.077c-1.208 1.986-2.96 2.997-5.023 2.997-2.532 0-4.36-1.868-4.36-5.062 0-4.75 3.503-9.07 9.11-9.07 1.713 0 3.7.4 4.6.972l-1.17 7.203c-.387 2.298-.115 3.3 1 3.4 1.674 0 3.774-2.102 3.774-6.58 0-5.06-3.27-8.994-9.304-8.994C9.05 2.87 3.83 7.545 3.83 14.97c0 6.5 4.2 10.2 10 10.202 1.987 0 4.09-.43 5.647-1.245l.634 2.22zM16.647 10.1c-.31-.078-.7-.155-1.207-.155-2.572 0-4.596 2.53-4.596 5.53 0 1.5.7 2.4 1.9 2.4 1.44 0 2.96-1.83 3.31-4.088l.592-3.72z\" \/>\n      <\/svg>\n    <\/span>\n    <span class=\"ngfb-text\"><\/span>\n  <\/a>\n<\/div><\/div><!-- .ngfb-buttons.en_US -->\n<\/div><!-- .ngfb-content-buttons -->\n<!-- ngfb content-buttons end -->\n\n","protected":false},"excerpt":{"rendered":"<p>Bucure\u0219ti, Tei &#8211; Apartament spa\u021bios cu 2 camere, situat la etajul 8 dintr-un imobil reabilitat \u00een zona Lacul Tei. Suprafa\u021ba total\u0103 este de 71,19 mp \u0219i include living, dormitor, buc\u0103t\u0103rie \u00eenchis\u0103, baie \u0219i 2 balcoane. V\u00e2nzarea include mobilier \u0219i utilit\u0103\u021bi. Beneficiaz\u0103 de o pozi\u021bie central\u0103, aproape de parc, mijloace de transport, \u0219coli \u0219i supermarketuri. Vedere pe spate \u0219i parcare disponibil\u0103 \u00een zon\u0103.<\/p>\n","protected":false},"author":8,"featured_media":4472,"comment_status":"open","ping_status":"open","sticky":false,"template":"","format":"standard","meta":{"footnotes":""},"categories":[52,49,47],"tags":[59,62,313,89,68,114,376,70,85],"class_list":["post-4473","post","type-post","status-publish","format-standard","has-post-thumbnail","hentry","category-apartamente-de-vanzare-bucuresti","category-oferte-imobiliare-bucuresti","category-oferte","tag-2-balcoane","tag-2-camere","tag-an-const-1975","tag-bucuresti","tag-decomandat","tag-etaj-8-10","tag-o-baie","tag-parchet","tag-termopane"],"_links":{"self":[{"href":"https:\/\/propertybook.ro\/blog\/wp-json\/wp\/v2\/posts\/4473","targetHints":{"allow":["GET"]}}],"collection":[{"href":"https:\/\/propertybook.ro\/blog\/wp-json\/wp\/v2\/posts"}],"about":[{"href":"https:\/\/propertybook.ro\/blog\/wp-json\/wp\/v2\/types\/post"}],"author":[{"embeddable":true,"href":"https:\/\/propertybook.ro\/blog\/wp-json\/wp\/v2\/users\/8"}],"replies":[{"embeddable":true,"href":"https:\/\/propertybook.ro\/blog\/wp-json\/wp\/v2\/comments?post=4473"}],"version-history":[{"count":0,"href":"https:\/\/propertybook.ro\/blog\/wp-json\/wp\/v2\/posts\/4473\/revisions"}],"wp:featuredmedia":[{"embeddable":true,"href":"https:\/\/propertybook.ro\/blog\/wp-json\/wp\/v2\/media\/4472"}],"wp:attachment":[{"href":"https:\/\/propertybook.ro\/blog\/wp-json\/wp\/v2\/media?parent=4473"}],"wp:term":[{"taxonomy":"category","embeddable":true,"href":"https:\/\/propertybook.ro\/blog\/wp-json\/wp\/v2\/categories?post=4473"},{"taxonomy":"post_tag","embeddable":true,"href":"https:\/\/propertybook.ro\/blog\/wp-json\/wp\/v2\/tags?post=4473"}],"curies":[{"name":"wp","href":"https:\/\/api.w.org\/{rel}","templated":true}]}}