{"id":4487,"date":"2025-03-12T13:43:39","date_gmt":"2025-03-12T11:43:39","guid":{"rendered":"https:\/\/propertybook.ro\/blog\/apartament-cu-2-camere-ideal-pozitionat-langa-metrou-obor-etaj-5-bloc-reabilitat\/"},"modified":"2025-03-12T13:43:39","modified_gmt":"2025-03-12T11:43:39","slug":"apartament-cu-2-camere-ideal-pozitionat-langa-metrou-obor-etaj-5-bloc-reabilitat","status":"publish","type":"post","link":"https:\/\/propertybook.ro\/blog\/apartament-cu-2-camere-ideal-pozitionat-langa-metrou-obor-etaj-5-bloc-reabilitat\/","title":{"rendered":"Apartament cu 2 camere, ideal pozi\u021bionat l\u00e2ng\u0103 metrou Obor, etaj 5, bloc reabilitat"},"content":{"rendered":"\n<!-- ngfb content-buttons begin -->\n<!-- generated on 2026-04-28T04:11:42+00:00 -->\n<div class=\"ngfb-content-buttons\">\n<div class=\"ngfb-buttons en_US\">\n<!-- Email Button --><div class=\"css-button email-button\">\n  <a href=\"mailto:?subject=Share:%20Apartament%20cu%202%20camere%2C%20ideal%20pozi%C8%9Bionat%20l%C3%A2ng%C4%83%20metrou%20Obor%2C%20etaj%205%2C%20bloc%20reabilitat&body=Bucure%C8%99ti%2C%20Obor%20-%20Apartament%20cu%202%20camere%20de%20v%C3%A2nzare%2C%20la%20intersec%C8%9Bia%20Calea%20Mo%C8%99ilor%20cu%20%C8%98oseaua%20Mihai%20Bravu%2C%20l%C3%A2ng%C4%83%20metrou%20Obor.%20Situat%20la%20etajul%205%20al%20unui%20bloc%20din%201982%2C%20are%20o%20suprafa%C8%9B%C4%83%20de%2054%2C3%20mp%20%28inclusiv%20balcon%20de%202%2C9%20mp%29%20%C8%99i%20compartimentare%20semidecomandat%C4%83.%20Beneficiaz%C4%83%20de%20o%20pozi%C8%9Bionare%20sudic%C4%83%2C%20bloc%20reabilitat%20%C8%99i%20scara%20curat%C4%83.%20Certificatul%20energetic%20va%20fi%20disponibil%20la%20momentul%20v%C3%A2nz%C4%83rii.%0D%0A%0D%0AShared%20from%20https:\/\/propertybook.ro\/blog\/apartament-cu-2-camere-ideal-pozitionat-langa-metrou-obor-etaj-5-bloc-reabilitat\/%0D%0A\">\n    <span class=\"ngfb-icon\">\n      <svg xmlns=\"http:\/\/www.w3.org\/2000\/svg\" width=\"9\" height=\"9\" viewBox=\"0 0 28 28\">\n        <path d=\"M20.11 26.147c-2.335 1.05-4.36 1.4-7.124 1.4C6.524 27.548.84 22.916.84 15.284.84 7.343 6.602.45 15.4.45c6.854 0 11.8 4.7 11.8 11.252 0 5.684-3.193 9.265-7.398 9.3-1.83 0-3.153-.934-3.347-2.997h-.077c-1.208 1.986-2.96 2.997-5.023 2.997-2.532 0-4.36-1.868-4.36-5.062 0-4.75 3.503-9.07 9.11-9.07 1.713 0 3.7.4 4.6.972l-1.17 7.203c-.387 2.298-.115 3.3 1 3.4 1.674 0 3.774-2.102 3.774-6.58 0-5.06-3.27-8.994-9.304-8.994C9.05 2.87 3.83 7.545 3.83 14.97c0 6.5 4.2 10.2 10 10.202 1.987 0 4.09-.43 5.647-1.245l.634 2.22zM16.647 10.1c-.31-.078-.7-.155-1.207-.155-2.572 0-4.596 2.53-4.596 5.53 0 1.5.7 2.4 1.9 2.4 1.44 0 2.96-1.83 3.31-4.088l.592-3.72z\" \/>\n      <\/svg>\n    <\/span>\n    <span class=\"ngfb-text\"><\/span>\n  <\/a>\n<\/div><\/div><!-- .ngfb-buttons.en_US -->\n<\/div><!-- .ngfb-content-buttons -->\n<!-- ngfb content-buttons end -->\n\n\n<!-- ngfb schema image for pinterest pin it button -->\n<div class=\"ngfb-schema-image-for-pinterest\" style=\"display:none;\">\n<img loading=\"lazy\" decoding=\"async\" src=\"https:\/\/propertybook.ro\/blog\/wp-content\/uploads\/2025\/03\/11023001.webp\" width=\"0\" height=\"0\" style=\"width:0;height:0;\" data-pin-description=\"Bucure\u0219ti, Obor - Apartament cu 2 camere de v&acirc;nzare, la intersec\u021bia Calea Mo\u0219ilor cu \u0218oseaua Mihai Bravu, l&acirc;ng\u0103 metrou Obor. Situat la etajul 5 al unui bloc din 1982, are o suprafa\u021b\u0103 de 54,3 mp (inclusiv balcon de 2,9 mp) \u0219i compartimentare semidecomandat\u0103. Beneficiaz\u0103 de o pozi\u021bionare sudic\u0103...\" alt=\"\"\/>\n<\/div><!-- .ngfb-schema-image-for-pinterest -->\n\n<figure class=\"wp-block-image size-large\"><img decoding=\"async\" src=\"https:\/\/cdn.propertybook.ro\/svn_residentialist\/11023001.webp\" alt=\"\" \/><\/figure>\n<ul>\n<li><a href=\"\/bucuresti\/\">Imobiliare Bucure\u0219ti<\/a><\/li>\n<li><a href=\"\/bucuresti\/apartamente-vanzare\/\">Apartamente de vanzare Bucure\u0219ti<\/a><\/li>\n<li><a href=\"\/bucuresti\/apartamente-vanzare\/2-camere\/\">Apartamente cu 2 camere de vanzare Bucure\u0219ti<\/a><\/li>\n<li><a href=\"\/bucuresti\/apartamente-vanzare\/obor\/2-camere\/\">Apartamente cu 2 camere de vanzare Obor, Bucure\u0219ti<\/a><\/li>\n<\/ul>\n<p><a href=\"\/bucuresti\/imobiliare-163-11023001-vanzare-apartament-2-camere-in-sector-2-zona-bucur-obor\/\" class=\"pb-listing-action\">Detaliile proprietatii<\/a><\/p>\n<p><h2 class=\"wp-block-heading\">Apartament cu 2 camere \u00een zona Obor \u2013 O oportunitate excelent\u0103 pentru confort urban<\/h2>\n<p>Dac\u0103 sunte\u021bi \u00een c\u0103utarea unui apartament \u00eentr-o zon\u0103 vibrant\u0103 a Bucure\u0219tiului, acest apartament cu 2 camere ar putea fi alegerea ideal\u0103 pentru dumneavoastr\u0103. Situat la intersec\u021bia dintre Calea Mo\u0219ilor \u0219i \u0218oseaua Mihai Bravu, acest imobil beneficiaz\u0103 de o localizare excelent\u0103, fiind foarte aproape de gura de metrou Obor, ceea ce faciliteaz\u0103 accesul rapid la restul ora\u0219ului.<\/p>\n<p>#<\/p>\n<h2 class=\"wp-block-heading\">Detalii despre apartament<\/h2>\n<p>Apartamentul este amplasat la etajul 5 al unui bloc construit \u00een anul 1982, oferind o compartimentare semidecomandat\u0103 care maximizeaz\u0103 eficien\u021ba spa\u021biului. Cu o suprafa\u021b\u0103 total\u0103 de 54,3 mp, din care 2,9 mp reprezint\u0103 un balcon privat, acest apartament ofer\u0103 un loc confortabil pentru a te relaxa dup\u0103 o zi lung\u0103.<\/p>\n<p>#<\/p>\n<h2 class=\"wp-block-heading\">Avantaje cheie<\/h2>\n<p>Unul dintre cele mai mari avantaje ale acestui apartament este pozi\u021bionarea sa favorabil\u0103, orientat\u0103 spre sud, care permite luminii naturale s\u0103 inunde interiorul. De asemenea, blocul a fost recent reabilitat, iar scara este curat\u0103 \u0219i bine \u00eentre\u021binut\u0103, aspecte importante pentru confortul zilnic \u0219i siguran\u021ba locatarilor.<\/p>\n<p>Mai mult dec\u00e2t at\u00e2t, loca\u021bia sa \u00een apropierea sta\u021biei de metrou Obor deschide oportunit\u0103\u021bi pentru transportul rapid, facilit\u00e2nd accesul at\u00e2t c\u0103tre centrul ora\u0219ului, c\u00e2t \u0219i c\u0103tre zonele periferice. Numeroase restaurante, supermarketuri \u0219i alte servicii sunt la c\u00e2\u021biva pa\u0219i distan\u021b\u0103, oferind astfel toate facilit\u0103\u021bile necesare pentru un stil de via\u021b\u0103 practic \u0219i pl\u0103cut.<\/p>\n<p>#<\/p>\n<h2 class=\"wp-block-heading\">Concluzie<\/h2>\n<p>Acest apartament cu 2 camere reprezint\u0103 o oportunitate excelent\u0103 \u00een peisajul imobiliar al Bucure\u0219tiului, fiind ideal at\u00e2t pentru tineri profesioni\u0219ti, c\u00e2t \u0219i pentru familii care doresc s\u0103 beneficieze de avantajele vie\u021bii urbane. Cu o pozi\u021bionare excelent\u0103 \u0219i un mediu bine \u00eentre\u021binut, acest imobil merit\u0103 o vizionare.<\/p>\n<p>Dac\u0103 sunte\u021bi interesat de detalii suplimentare sau dori\u021bi s\u0103 explora\u021bi mai multe op\u021biuni, nu ezita\u021bi s\u0103 c\u0103uta\u021bi informa\u021biile necesare \u0219i s\u0103 lua\u021bi leg\u0103tura cu speciali\u0219tii din domeniul imobiliar! O nou\u0103 etap\u0103 a vie\u021bii dumneavoastr\u0103 ar putea \u00eencepe aici.<\/p>\n<p><a href=\"\/bucuresti\/imobiliare-163-11023001-vanzare-apartament-2-camere-in-sector-2-zona-bucur-obor\/\" class=\"pb-listing-action\">Stabileste o vizionare<\/a><\/p>\n<ul>\n<li><a href=\"\/bucuresti\/\">Imobiliare Bucure\u0219ti<\/a><\/li>\n<li><a href=\"\/bucuresti\/apartamente-vanzare\/\">Apartamente de vanzare Bucure\u0219ti<\/a><\/li>\n<li><a href=\"\/bucuresti\/apartamente-vanzare\/2-camere\/\">Apartamente cu 2 camere de vanzare Bucure\u0219ti<\/a><\/li>\n<li><a href=\"\/bucuresti\/apartamente-vanzare\/obor\/2-camere\/\">Apartamente cu 2 camere de vanzare Obor, Bucure\u0219ti<\/a><\/li>\n<\/ul>\n\n<!-- ngfb content-buttons begin -->\n<!-- generated on 2026-04-28T04:11:42+00:00 -->\n<div class=\"ngfb-content-buttons\">\n<div class=\"ngfb-buttons en_US\">\n<!-- Email Button --><div class=\"css-button email-button\">\n  <a href=\"mailto:?subject=Share:%20Apartament%20cu%202%20camere%2C%20ideal%20pozi%C8%9Bionat%20l%C3%A2ng%C4%83%20metrou%20Obor%2C%20etaj%205%2C%20bloc%20reabilitat&body=Bucure%C8%99ti%2C%20Obor%20-%20Apartament%20cu%202%20camere%20de%20v%C3%A2nzare%2C%20la%20intersec%C8%9Bia%20Calea%20Mo%C8%99ilor%20cu%20%C8%98oseaua%20Mihai%20Bravu%2C%20l%C3%A2ng%C4%83%20metrou%20Obor.%20Situat%20la%20etajul%205%20al%20unui%20bloc%20din%201982%2C%20are%20o%20suprafa%C8%9B%C4%83%20de%2054%2C3%20mp%20%28inclusiv%20balcon%20de%202%2C9%20mp%29%20%C8%99i%20compartimentare%20semidecomandat%C4%83.%20Beneficiaz%C4%83%20de%20o%20pozi%C8%9Bionare%20sudic%C4%83%2C%20bloc%20reabilitat%20%C8%99i%20scara%20curat%C4%83.%20Certificatul%20energetic%20va%20fi%20disponibil%20la%20momentul%20v%C3%A2nz%C4%83rii.%0D%0A%0D%0AShared%20from%20https:\/\/propertybook.ro\/blog\/apartament-cu-2-camere-ideal-pozitionat-langa-metrou-obor-etaj-5-bloc-reabilitat\/%0D%0A\">\n    <span class=\"ngfb-icon\">\n      <svg xmlns=\"http:\/\/www.w3.org\/2000\/svg\" width=\"9\" height=\"9\" viewBox=\"0 0 28 28\">\n        <path d=\"M20.11 26.147c-2.335 1.05-4.36 1.4-7.124 1.4C6.524 27.548.84 22.916.84 15.284.84 7.343 6.602.45 15.4.45c6.854 0 11.8 4.7 11.8 11.252 0 5.684-3.193 9.265-7.398 9.3-1.83 0-3.153-.934-3.347-2.997h-.077c-1.208 1.986-2.96 2.997-5.023 2.997-2.532 0-4.36-1.868-4.36-5.062 0-4.75 3.503-9.07 9.11-9.07 1.713 0 3.7.4 4.6.972l-1.17 7.203c-.387 2.298-.115 3.3 1 3.4 1.674 0 3.774-2.102 3.774-6.58 0-5.06-3.27-8.994-9.304-8.994C9.05 2.87 3.83 7.545 3.83 14.97c0 6.5 4.2 10.2 10 10.202 1.987 0 4.09-.43 5.647-1.245l.634 2.22zM16.647 10.1c-.31-.078-.7-.155-1.207-.155-2.572 0-4.596 2.53-4.596 5.53 0 1.5.7 2.4 1.9 2.4 1.44 0 2.96-1.83 3.31-4.088l.592-3.72z\" \/>\n      <\/svg>\n    <\/span>\n    <span class=\"ngfb-text\"><\/span>\n  <\/a>\n<\/div><\/div><!-- .ngfb-buttons.en_US -->\n<\/div><!-- .ngfb-content-buttons -->\n<!-- ngfb content-buttons end -->\n\n","protected":false},"excerpt":{"rendered":"<p>Bucure\u0219ti, Obor &#8211; Apartament cu 2 camere de v\u00e2nzare, la intersec\u021bia Calea Mo\u0219ilor cu \u0218oseaua Mihai Bravu, l\u00e2ng\u0103 metrou Obor. Situat la etajul 5 al unui bloc din 1982, are o suprafa\u021b\u0103 de 54,3 mp (inclusiv balcon de 2,9 mp) \u0219i compartimentare semidecomandat\u0103. Beneficiaz\u0103 de o pozi\u021bionare sudic\u0103, bloc reabilitat \u0219i scara curat\u0103. Certificatul energetic va fi disponibil la momentul v\u00e2nz\u0103rii.<\/p>\n","protected":false},"author":8,"featured_media":4486,"comment_status":"open","ping_status":"open","sticky":false,"template":"","format":"standard","meta":{"footnotes":""},"categories":[52,49,47],"tags":[62,273,74,89,122,376,231,70,63,85],"class_list":["post-4487","post","type-post","status-publish","format-standard","has-post-thumbnail","hentry","category-apartamente-de-vanzare-bucuresti","category-oferte-imobiliare-bucuresti","category-oferte","tag-2-camere","tag-an-const-1982","tag-balcon","tag-bucuresti","tag-etaj-5-10","tag-o-baie","tag-obor","tag-parchet","tag-semidecomandat","tag-termopane"],"_links":{"self":[{"href":"https:\/\/propertybook.ro\/blog\/wp-json\/wp\/v2\/posts\/4487","targetHints":{"allow":["GET"]}}],"collection":[{"href":"https:\/\/propertybook.ro\/blog\/wp-json\/wp\/v2\/posts"}],"about":[{"href":"https:\/\/propertybook.ro\/blog\/wp-json\/wp\/v2\/types\/post"}],"author":[{"embeddable":true,"href":"https:\/\/propertybook.ro\/blog\/wp-json\/wp\/v2\/users\/8"}],"replies":[{"embeddable":true,"href":"https:\/\/propertybook.ro\/blog\/wp-json\/wp\/v2\/comments?post=4487"}],"version-history":[{"count":0,"href":"https:\/\/propertybook.ro\/blog\/wp-json\/wp\/v2\/posts\/4487\/revisions"}],"wp:featuredmedia":[{"embeddable":true,"href":"https:\/\/propertybook.ro\/blog\/wp-json\/wp\/v2\/media\/4486"}],"wp:attachment":[{"href":"https:\/\/propertybook.ro\/blog\/wp-json\/wp\/v2\/media?parent=4487"}],"wp:term":[{"taxonomy":"category","embeddable":true,"href":"https:\/\/propertybook.ro\/blog\/wp-json\/wp\/v2\/categories?post=4487"},{"taxonomy":"post_tag","embeddable":true,"href":"https:\/\/propertybook.ro\/blog\/wp-json\/wp\/v2\/tags?post=4487"}],"curies":[{"name":"wp","href":"https:\/\/api.w.org\/{rel}","templated":true}]}}