{"id":4491,"date":"2025-03-12T15:44:21","date_gmt":"2025-03-12T13:44:21","guid":{"rendered":"https:\/\/propertybook.ro\/blog\/apartament-spectaculos-cu-terasa-in-zona-13-septembrie-3-camere-si-design-elegant\/"},"modified":"2025-03-12T15:44:21","modified_gmt":"2025-03-12T13:44:21","slug":"apartament-spectaculos-cu-terasa-in-zona-13-septembrie-3-camere-si-design-elegant","status":"publish","type":"post","link":"https:\/\/propertybook.ro\/blog\/apartament-spectaculos-cu-terasa-in-zona-13-septembrie-3-camere-si-design-elegant\/","title":{"rendered":"Apartament Spectaculos cu Teras\u0103 \u00een Zona 13 Septembrie &#8211; 3 Camere \u0219i Design Elegant"},"content":{"rendered":"\n<!-- ngfb content-buttons begin -->\n<!-- generated on 2026-05-01T14:13:52+00:00 -->\n<div class=\"ngfb-content-buttons\">\n<div class=\"ngfb-buttons en_US\">\n<!-- Email Button --><div class=\"css-button email-button\">\n  <a href=\"mailto:?subject=Share:%20Apartament%20Spectaculos%20cu%20Teras%C4%83%20%C3%AEn%20Zona%2013%20Septembrie%20%26%238211%3B%203%20Camere%20%C8%99i%20Design%20Elegant&body=Bucure%C8%99ti%2C%20Centrul%20Civic%20-%20Apartamentul%20cu%203%20camere%2C%20situat%20%C3%AEn%20zona%2013%20Septembrie%2C%20ofer%C4%83%20116%20mp%20de%20confort%20%C8%99i%20elegan%C8%9B%C4%83.%20Structura%20inteligent%20compartimentat%C4%83%20include%20un%20living%20luminos%2C%20dou%C4%83%20dormitoare%20%C8%99i%20o%20buc%C4%83t%C4%83rie%20modern%C4%83.%20Atractivitatea%20sa%20cre%C8%99te%20datorit%C4%83%20terasei%20generoase%20cu%20bar%2C%20ideal%C4%83%20pentru%20socializare.%20Finalizat%20%C3%AEn%202019%2C%20imobilul%20beneficiaz%C4%83%20de%20dot%C4%83ri%20premium%20precum%20%C3%AEnc%C4%83lzire%20%C3%AEn%20pardoseal%C4%83%20%C8%99i%20aer%20condi%C8%9Bionat%2C%20fiind%20perfect%20at%C3%A2t%20pentru%20locuire%2C%20c%C3%A2t%20%C8%99i%20pentru%20investi%C8%9Bie.%0D%0A%0D%0AShared%20from%20https:\/\/propertybook.ro\/blog\/apartament-spectaculos-cu-terasa-in-zona-13-septembrie-3-camere-si-design-elegant\/%0D%0A\">\n    <span class=\"ngfb-icon\">\n      <svg xmlns=\"http:\/\/www.w3.org\/2000\/svg\" width=\"9\" height=\"9\" viewBox=\"0 0 28 28\">\n        <path d=\"M20.11 26.147c-2.335 1.05-4.36 1.4-7.124 1.4C6.524 27.548.84 22.916.84 15.284.84 7.343 6.602.45 15.4.45c6.854 0 11.8 4.7 11.8 11.252 0 5.684-3.193 9.265-7.398 9.3-1.83 0-3.153-.934-3.347-2.997h-.077c-1.208 1.986-2.96 2.997-5.023 2.997-2.532 0-4.36-1.868-4.36-5.062 0-4.75 3.503-9.07 9.11-9.07 1.713 0 3.7.4 4.6.972l-1.17 7.203c-.387 2.298-.115 3.3 1 3.4 1.674 0 3.774-2.102 3.774-6.58 0-5.06-3.27-8.994-9.304-8.994C9.05 2.87 3.83 7.545 3.83 14.97c0 6.5 4.2 10.2 10 10.202 1.987 0 4.09-.43 5.647-1.245l.634 2.22zM16.647 10.1c-.31-.078-.7-.155-1.207-.155-2.572 0-4.596 2.53-4.596 5.53 0 1.5.7 2.4 1.9 2.4 1.44 0 2.96-1.83 3.31-4.088l.592-3.72z\" \/>\n      <\/svg>\n    <\/span>\n    <span class=\"ngfb-text\"><\/span>\n  <\/a>\n<\/div><\/div><!-- .ngfb-buttons.en_US -->\n<\/div><!-- .ngfb-content-buttons -->\n<!-- ngfb content-buttons end -->\n\n\n<!-- ngfb schema image for pinterest pin it button -->\n<div class=\"ngfb-schema-image-for-pinterest\" style=\"display:none;\">\n<img loading=\"lazy\" decoding=\"async\" src=\"https:\/\/propertybook.ro\/blog\/wp-content\/uploads\/2025\/03\/11022970.webp\" width=\"0\" height=\"0\" style=\"width:0;height:0;\" data-pin-description=\"Bucure\u0219ti, Centrul Civic - Apartamentul cu 3 camere, situat &icirc;n zona 13 Septembrie, ofer\u0103 116 mp de confort \u0219i elegan\u021b\u0103. Structura inteligent compartimentat\u0103 include un living luminos, dou\u0103 dormitoare \u0219i o buc\u0103t\u0103rie modern\u0103. Atractivitatea sa cre\u0219te datorit\u0103 terasei generoase cu bar, ideal\u0103...\" alt=\"\"\/>\n<\/div><!-- .ngfb-schema-image-for-pinterest -->\n\n<figure class=\"wp-block-image size-large\"><img decoding=\"async\" src=\"https:\/\/cdn.propertybook.ro\/svn_residentialist\/11022970.webp\" alt=\"\" \/><\/figure>\n<ul>\n<li><a href=\"\/bucuresti\/\">Imobiliare Bucure\u0219ti<\/a><\/li>\n<li><a href=\"\/bucuresti\/apartamente-vanzare\/\">Apartamente de vanzare Bucure\u0219ti<\/a><\/li>\n<li><a href=\"\/bucuresti\/apartamente-vanzare\/3-camere\/\">Apartamente cu 3 camere de vanzare Bucure\u0219ti<\/a><\/li>\n<li><a href=\"\/bucuresti\/apartamente-vanzare\/centrul_civic\/3-camere\/\">Apartamente cu 3 camere de vanzare Centrul Civic, Bucure\u0219ti<\/a><\/li>\n<\/ul>\n<p><a href=\"\/bucuresti\/imobiliare-163-11022970-se-vinde-apartament-3-camere-in-sector-5-zona-13-septembrie\/\" class=\"pb-listing-action\">Detaliile proprietatii<\/a><\/p>\n<p><h2 class=\"wp-block-heading\">Descoperi\u021bi un Apartament Spectaculos \u00een Zona 13 Septembrie, Bucure\u0219ti<\/h2>\n<p>Dac\u0103 sunte\u021bi \u00een c\u0103utarea unei propriet\u0103\u021bi impresionante \u00een capital\u0103, apartamentul cu 3 camere din zona 13 Septembrie merit\u0103 cu siguran\u021b\u0103 aten\u021bia dumneavoastr\u0103. Aceast\u0103 zon\u0103 este una dintre cele mai apreciate din Bucure\u0219ti, oferind nu doar confort, ci \u0219i un stil de via\u021b\u0103 modern, ideal pentru familii \u0219i profesioni\u0219ti deopotriv\u0103.<\/p>\n<p>#<\/p>\n<h2 class=\"wp-block-heading\">Loca\u021bie Ideal\u0103<\/h2>\n<p>Amplasamentul apartamentului este excelent, fiind situat \u00een apropierea Hotelului Marriott \u0219i a Catedralei Neamului. Accesul rapid la centrul ora\u0219ului face ca aceast\u0103 loca\u021bie s\u0103 fie extrem de convenabil\u0103, permi\u021b\u00e2ndu-v\u0103 s\u0103 explora\u021bi tot ce are de oferit Bucure\u0219tiul. Restaurantele de top, centrele comerciale \u0219i zonele verzi din vecin\u0103tate v\u0103 vor oferi toate facilit\u0103\u021bile necesare pentru un trai confortabil.<\/p>\n<p>#<\/p>\n<h2 class=\"wp-block-heading\">Design Elegant \u0219i Spa\u021biu Generos<\/h2>\n<p>Cu o suprafa\u021b\u0103 util\u0103 de 116 mp, apartamentul se remarc\u0103 prin designul s\u0103u elegant \u0219i dot\u0103rile premium. Compartimentarea inteligent\u0103 include un living luminos \u0219i aerisit, dou\u0103 dormitoare spa\u021bioase \u0219i o buc\u0103t\u0103rie modern\u0103, complet mobilat\u0103 \u0219i utilat\u0103. Aceste caracteristici creeaz\u0103 un mediu perfect pentru relaxare \u0219i desf\u0103\u0219urarea activit\u0103\u021bilor de zi cu zi.<\/p>\n<p>#<\/p>\n<h2 class=\"wp-block-heading\">Terasa Penthouse \u2013 Spa\u021biu pentru Relaxare<\/h2>\n<p>Unul dintre cele mai atr\u0103g\u0103toare aspecte ale acestui apartament este terasa superb\u0103, proiectat\u0103 pentru a fi utilizat\u0103 pe tot parcursul anului. Cu un spa\u021biu generos \u0219i un bar integrat, aceasta reprezint\u0103 locul ideal pentru socializare cu prietenii sau pentru a v\u0103 bucura de momente de relaxare dup\u0103 o zi obositoare.<\/p>\n<p>#<\/p>\n<h2 class=\"wp-block-heading\">Confort \u0219i Tehnologie Modern\u0103<\/h2>\n<p>Apartamentul este echipat cu \u00eenc\u0103lzire \u00een pardoseal\u0103 \u0219i trei unit\u0103\u021bi de aer condi\u021bionat, asigur\u00e2nd astfel un climat optim indiferent de sezon. Aceste facilit\u0103\u021bi moderne contribuie la cre\u0219terea confortului \u0219i la \u00eembun\u0103t\u0103\u021birea calit\u0103\u021bii vie\u021bii.<\/p>\n<p>#<\/p>\n<h2 class=\"wp-block-heading\">Investi\u021bie Intelligent\u0103<\/h2>\n<p>Finalizat \u00een 2019, acest apartament beneficiaz\u0103 de toate avantajele unei construc\u021bii recente, ceea ce \u00eel face o op\u021biune excelent\u0103 at\u00e2t pentru cei care caut\u0103 un c\u0103min confortabil, c\u00e2t \u0219i pentru investitorii care doresc s\u0103 achizi\u021bioneze o proprietate de valoare. <\/p>\n<p>Dac\u0103 sunte\u021bi \u00een c\u0103utarea unei propriet\u0103\u021bi care combin\u0103 confortul, stilul de via\u021b\u0103 modern \u0219i accesibilitatea, acest apartament din zona 13 Septembrie ar putea fi alegerea perfect\u0103. V\u0103 invit\u0103m s\u0103 descoperi\u021bi personal toate aspectele acestui apartament deosebit.<\/p>\n<p><a href=\"\/bucuresti\/imobiliare-163-11022970-se-vinde-apartament-3-camere-in-sector-5-zona-13-septembrie\/\" class=\"pb-listing-action\">Stabileste o vizionare<\/a><\/p>\n<ul>\n<li><a href=\"\/bucuresti\/\">Imobiliare Bucure\u0219ti<\/a><\/li>\n<li><a href=\"\/bucuresti\/apartamente-vanzare\/\">Apartamente de vanzare Bucure\u0219ti<\/a><\/li>\n<li><a href=\"\/bucuresti\/apartamente-vanzare\/3-camere\/\">Apartamente cu 3 camere de vanzare Bucure\u0219ti<\/a><\/li>\n<li><a href=\"\/bucuresti\/apartamente-vanzare\/centrul_civic\/3-camere\/\">Apartamente cu 3 camere de vanzare Centrul Civic, Bucure\u0219ti<\/a><\/li>\n<\/ul>\n\n<!-- ngfb content-buttons begin -->\n<!-- generated on 2026-05-01T14:13:52+00:00 -->\n<div class=\"ngfb-content-buttons\">\n<div class=\"ngfb-buttons en_US\">\n<!-- Email Button --><div class=\"css-button email-button\">\n  <a href=\"mailto:?subject=Share:%20Apartament%20Spectaculos%20cu%20Teras%C4%83%20%C3%AEn%20Zona%2013%20Septembrie%20%26%238211%3B%203%20Camere%20%C8%99i%20Design%20Elegant&body=Bucure%C8%99ti%2C%20Centrul%20Civic%20-%20Apartamentul%20cu%203%20camere%2C%20situat%20%C3%AEn%20zona%2013%20Septembrie%2C%20ofer%C4%83%20116%20mp%20de%20confort%20%C8%99i%20elegan%C8%9B%C4%83.%20Structura%20inteligent%20compartimentat%C4%83%20include%20un%20living%20luminos%2C%20dou%C4%83%20dormitoare%20%C8%99i%20o%20buc%C4%83t%C4%83rie%20modern%C4%83.%20Atractivitatea%20sa%20cre%C8%99te%20datorit%C4%83%20terasei%20generoase%20cu%20bar%2C%20ideal%C4%83%20pentru%20socializare.%20Finalizat%20%C3%AEn%202019%2C%20imobilul%20beneficiaz%C4%83%20de%20dot%C4%83ri%20premium%20precum%20%C3%AEnc%C4%83lzire%20%C3%AEn%20pardoseal%C4%83%20%C8%99i%20aer%20condi%C8%9Bionat%2C%20fiind%20perfect%20at%C3%A2t%20pentru%20locuire%2C%20c%C3%A2t%20%C8%99i%20pentru%20investi%C8%9Bie.%0D%0A%0D%0AShared%20from%20https:\/\/propertybook.ro\/blog\/apartament-spectaculos-cu-terasa-in-zona-13-septembrie-3-camere-si-design-elegant\/%0D%0A\">\n    <span class=\"ngfb-icon\">\n      <svg xmlns=\"http:\/\/www.w3.org\/2000\/svg\" width=\"9\" height=\"9\" viewBox=\"0 0 28 28\">\n        <path d=\"M20.11 26.147c-2.335 1.05-4.36 1.4-7.124 1.4C6.524 27.548.84 22.916.84 15.284.84 7.343 6.602.45 15.4.45c6.854 0 11.8 4.7 11.8 11.252 0 5.684-3.193 9.265-7.398 9.3-1.83 0-3.153-.934-3.347-2.997h-.077c-1.208 1.986-2.96 2.997-5.023 2.997-2.532 0-4.36-1.868-4.36-5.062 0-4.75 3.503-9.07 9.11-9.07 1.713 0 3.7.4 4.6.972l-1.17 7.203c-.387 2.298-.115 3.3 1 3.4 1.674 0 3.774-2.102 3.774-6.58 0-5.06-3.27-8.994-9.304-8.994C9.05 2.87 3.83 7.545 3.83 14.97c0 6.5 4.2 10.2 10 10.202 1.987 0 4.09-.43 5.647-1.245l.634 2.22zM16.647 10.1c-.31-.078-.7-.155-1.207-.155-2.572 0-4.596 2.53-4.596 5.53 0 1.5.7 2.4 1.9 2.4 1.44 0 2.96-1.83 3.31-4.088l.592-3.72z\" \/>\n      <\/svg>\n    <\/span>\n    <span class=\"ngfb-text\"><\/span>\n  <\/a>\n<\/div><\/div><!-- .ngfb-buttons.en_US -->\n<\/div><!-- .ngfb-content-buttons -->\n<!-- ngfb content-buttons end -->\n\n","protected":false},"excerpt":{"rendered":"<p>Bucure\u0219ti, Centrul Civic &#8211; Apartamentul cu 3 camere, situat \u00een zona 13 Septembrie, ofer\u0103 116 mp de confort \u0219i elegan\u021b\u0103. Structura inteligent compartimentat\u0103 include un living luminos, dou\u0103 dormitoare \u0219i o buc\u0103t\u0103rie modern\u0103. Atractivitatea sa cre\u0219te datorit\u0103 terasei generoase cu bar, ideal\u0103 pentru socializare. Finalizat \u00een 2019, imobilul beneficiaz\u0103 de dot\u0103ri premium precum \u00eenc\u0103lzire \u00een pardoseal\u0103 \u0219i aer condi\u021bionat, fiind perfect at\u00e2t pentru locuire, c\u00e2t \u0219i pentru investi\u021bie.<\/p>\n","protected":false},"author":8,"featured_media":4490,"comment_status":"open","ping_status":"open","sticky":false,"template":"","format":"standard","meta":{"footnotes":""},"categories":[52,49,47],"tags":[377,59,55,149,89,90,68,263,70,85],"class_list":["post-4491","post","type-post","status-publish","format-standard","has-post-thumbnail","hentry","category-apartamente-de-vanzare-bucuresti","category-oferte-imobiliare-bucuresti","category-oferte","tag-2-bai","tag-2-balcoane","tag-3-camere","tag-an-const-2019","tag-bucuresti","tag-centrul-civic","tag-decomandat","tag-etaj-1-6","tag-parchet","tag-termopane"],"_links":{"self":[{"href":"https:\/\/propertybook.ro\/blog\/wp-json\/wp\/v2\/posts\/4491","targetHints":{"allow":["GET"]}}],"collection":[{"href":"https:\/\/propertybook.ro\/blog\/wp-json\/wp\/v2\/posts"}],"about":[{"href":"https:\/\/propertybook.ro\/blog\/wp-json\/wp\/v2\/types\/post"}],"author":[{"embeddable":true,"href":"https:\/\/propertybook.ro\/blog\/wp-json\/wp\/v2\/users\/8"}],"replies":[{"embeddable":true,"href":"https:\/\/propertybook.ro\/blog\/wp-json\/wp\/v2\/comments?post=4491"}],"version-history":[{"count":0,"href":"https:\/\/propertybook.ro\/blog\/wp-json\/wp\/v2\/posts\/4491\/revisions"}],"wp:featuredmedia":[{"embeddable":true,"href":"https:\/\/propertybook.ro\/blog\/wp-json\/wp\/v2\/media\/4490"}],"wp:attachment":[{"href":"https:\/\/propertybook.ro\/blog\/wp-json\/wp\/v2\/media?parent=4491"}],"wp:term":[{"taxonomy":"category","embeddable":true,"href":"https:\/\/propertybook.ro\/blog\/wp-json\/wp\/v2\/categories?post=4491"},{"taxonomy":"post_tag","embeddable":true,"href":"https:\/\/propertybook.ro\/blog\/wp-json\/wp\/v2\/tags?post=4491"}],"curies":[{"name":"wp","href":"https:\/\/api.w.org\/{rel}","templated":true}]}}