{"id":4501,"date":"2025-03-12T19:43:43","date_gmt":"2025-03-12T17:43:43","guid":{"rendered":"https:\/\/propertybook.ro\/blog\/apartament-modern-cu-2-camere-in-complex-premium-art-city\/"},"modified":"2025-03-12T19:43:43","modified_gmt":"2025-03-12T17:43:43","slug":"apartament-modern-cu-2-camere-in-complex-premium-art-city","status":"publish","type":"post","link":"https:\/\/propertybook.ro\/blog\/apartament-modern-cu-2-camere-in-complex-premium-art-city\/","title":{"rendered":"\u201eApartament Modern cu 2 Camere \u00een Complex Premium \u2013 Art City\u201d"},"content":{"rendered":"\n<!-- ngfb content-buttons begin -->\n<!-- generated on 2026-04-25T18:15:38+00:00 -->\n<div class=\"ngfb-content-buttons\">\n<div class=\"ngfb-buttons en_US\">\n<!-- Email Button --><div class=\"css-button email-button\">\n  <a href=\"mailto:?subject=Share:%20%E2%80%9EApartament%20Modern%20cu%202%20Camere%20%C3%AEn%20Complex%20Premium%20%E2%80%93%20Art%20City%E2%80%9D&body=Bucure%C8%99ti%2C%20D%C4%83m%C4%83roaia%20-%20Apartamentul%20cu%202%20camere%20din%20complexul%20Art%20City%20este%20complet%20mobilat%20%C8%99i%20utilat%2C%20oferind%20%C3%AEnc%C4%83lzire%20%C3%AEn%20pardoseal%C4%83%20%C8%99i%20central%C4%83%20proprie.%20Situat%20%C3%AEntr-o%20zon%C4%83%20lini%C8%99tit%C4%83%2C%20complexul%20beneficiaz%C4%83%20de%20finisaje%20premium%2C%20gr%C4%83dini%20amenajate%2C%20loc%20de%20joac%C4%83%2C%20sta%C8%9Bii%20de%20%C3%AEnc%C4%83rcare%20pentru%20ma%C8%99ini%20electrice%20%C8%99i%20sistem%20de%20securitate%20avansat.%20Proiectul%20ofer%C4%83%20un%20stil%20de%20via%C8%9B%C4%83%20modern%2C%20accesibil%20%C8%99i%20conectat%2C%20%C3%AEn%20apropierea%20atrac%C8%9Biilor%20importante%20din%20Bucure%C8%99ti.%0D%0A%0D%0AShared%20from%20https:\/\/propertybook.ro\/blog\/apartament-modern-cu-2-camere-in-complex-premium-art-city\/%0D%0A\">\n    <span class=\"ngfb-icon\">\n      <svg xmlns=\"http:\/\/www.w3.org\/2000\/svg\" width=\"9\" height=\"9\" viewBox=\"0 0 28 28\">\n        <path d=\"M20.11 26.147c-2.335 1.05-4.36 1.4-7.124 1.4C6.524 27.548.84 22.916.84 15.284.84 7.343 6.602.45 15.4.45c6.854 0 11.8 4.7 11.8 11.252 0 5.684-3.193 9.265-7.398 9.3-1.83 0-3.153-.934-3.347-2.997h-.077c-1.208 1.986-2.96 2.997-5.023 2.997-2.532 0-4.36-1.868-4.36-5.062 0-4.75 3.503-9.07 9.11-9.07 1.713 0 3.7.4 4.6.972l-1.17 7.203c-.387 2.298-.115 3.3 1 3.4 1.674 0 3.774-2.102 3.774-6.58 0-5.06-3.27-8.994-9.304-8.994C9.05 2.87 3.83 7.545 3.83 14.97c0 6.5 4.2 10.2 10 10.202 1.987 0 4.09-.43 5.647-1.245l.634 2.22zM16.647 10.1c-.31-.078-.7-.155-1.207-.155-2.572 0-4.596 2.53-4.596 5.53 0 1.5.7 2.4 1.9 2.4 1.44 0 2.96-1.83 3.31-4.088l.592-3.72z\" \/>\n      <\/svg>\n    <\/span>\n    <span class=\"ngfb-text\"><\/span>\n  <\/a>\n<\/div><\/div><!-- .ngfb-buttons.en_US -->\n<\/div><!-- .ngfb-content-buttons -->\n<!-- ngfb content-buttons end -->\n\n\n<!-- ngfb schema image for pinterest pin it button -->\n<div class=\"ngfb-schema-image-for-pinterest\" style=\"display:none;\">\n<img loading=\"lazy\" decoding=\"async\" src=\"https:\/\/propertybook.ro\/blog\/wp-content\/uploads\/2025\/03\/2398063.webp\" width=\"0\" height=\"0\" style=\"width:0;height:0;\" data-pin-description=\"Bucure\u0219ti, D\u0103m\u0103roaia - Apartamentul cu 2 camere din complexul Art City este complet mobilat \u0219i utilat, oferind &icirc;nc\u0103lzire &icirc;n pardoseal\u0103 \u0219i central\u0103 proprie. Situat &icirc;ntr-o zon\u0103 lini\u0219tit\u0103, complexul beneficiaz\u0103 de finisaje premium, gr\u0103dini amenajate, loc de joac\u0103, sta\u021bii de &icirc;nc\u0103rcare pentru ma\u0219ini...\" alt=\"\"\/>\n<\/div><!-- .ngfb-schema-image-for-pinterest -->\n\n<figure class=\"wp-block-image size-large\"><img decoding=\"async\" src=\"https:\/\/cdn.propertybook.ro\/agentia-imobiliara.ro\/2398063.webp\" alt=\"\" \/><\/figure>\n<ul>\n<li><a href=\"\/bucuresti\/\">Imobiliare Bucure\u0219ti<\/a><\/li>\n<li><a href=\"\/bucuresti\/apartamente-vanzare\/\">Apartamente de vanzare Bucure\u0219ti<\/a><\/li>\n<li><a href=\"\/bucuresti\/apartamente-vanzare\/2-camere\/\">Apartamente cu 2 camere de vanzare Bucure\u0219ti<\/a><\/li>\n<li><a href=\"\/bucuresti\/apartamente-vanzare\/damaroaia\/2-camere\/\">Apartamente cu 2 camere de vanzare D\u0103m\u0103roaia, Bucure\u0219ti<\/a><\/li>\n<\/ul>\n<p><a href=\"\/bucuresti\/imobiliare-184-2398063-2-camere-move-in-ready-art-city-straulesti-piata-presei\/\" class=\"pb-listing-action\">Detaliile proprietatii<\/a><\/p>\n<p><h2 class=\"wp-block-heading\">Descoper\u0103 Art City: Un Stil de via\u021b\u0103 Modern \u00een Inima Bucure\u0219tiului<\/h2>\n<p>Dac\u0103 e\u0219ti \u00een c\u0103utarea unui apartament care s\u0103 \u00eembine confortul, stilul \u0219i func\u021bionalitatea, Art City este destina\u021bia perfect\u0103 pentru tine. Acest complex reziden\u021bial inovator se dovede\u0219te a fi o alegere excelent\u0103 at\u00e2t pentru locuin\u021b\u0103, c\u00e2t \u0219i pentru investi\u021bie, oferind tot ce ai nevoie pentru un trai modern \u0219i plin de confort.<\/p>\n<p><h2 class=\"wp-block-heading\">Apartamentele de la Art City<\/h2>\n<p>Printre cele mai atr\u0103g\u0103toare oferte se num\u0103r\u0103 un apartament cu 2 camere, semidecomandat, complet mobilat \u0219i utilat. Totul este nou, preg\u0103tit pentru a fi transformat \u00een c\u0103minul t\u0103u. Dot\u0103rile premium, cum ar fi \u00eenc\u0103lzirea \u00een pardoseal\u0103, centrala proprie \u0219i portprosopul \u00eenc\u0103lzit, \u00ee\u021bi vor oferi confortul de care ai nevoie dup\u0103 o zi lung\u0103. De asemenea, parcarea este disponibil\u0103 contracost, asigur\u00e2ndu-\u021bi un loc sigur pentru vehicul.<\/p>\n<p><h2 class=\"wp-block-heading\">De ce s\u0103 alegi Art City?<\/h2>\n<p>Art City nu este doar un complex reziden\u021bial, ci o comunitate care pune accent pe confort \u0219i siguran\u021b\u0103. Proiectul beneficiaz\u0103 de o loca\u021bie excelent\u0103, fiind situat aproape de \u0218coala German\u0103 \u0219i de sediul OMV Petrom, la doar c\u00e2teva minute distan\u021b\u0103 de centrele de afaceri din nordul capitalei. Astfel, ai acces u\u0219or la atrac\u021bii precum Parcul Her\u0103str\u0103u \u0219i B\u0103neasa Shopping City.<\/p>\n<p>Un alt aspect remarcabil al Art City const\u0103 \u00een designul modern \u0219i func\u021bionalitatea spa\u021biilor comune. Complexul include 141 de apartamente premium, construite cu materiale \u0219i finisaje de \u00eenalt\u0103 calitate \u0219i echipate cu tehnologii inovatoare. Fiecare locuin\u021b\u0103 dispune de un sistem smart-home, care \u00ee\u021bi permite s\u0103 controlezi temperatura \u0219i alte func\u021bii esen\u021biale direct de pe dispozitivele mobile.<\/p>\n<p><h2 class=\"wp-block-heading\">Facilita\u021bi Des\u0103v\u00e2r\u0219ite<\/h2>\n<p>Art City este g\u00e2ndit pentru a oferi un stil de via\u021b\u0103 confortabil \u0219i bine conectat, pun\u00e2nd la dispozi\u021bia reziden\u021bilor s\u0103i o serie de facilit\u0103\u021bi moderne. Gr\u0103dina \u0219i locul de joac\u0103 amenajat pe acoperi\u0219 sunt doar c\u00e2teva dintre locurile ideale pentru relaxare \u0219i socializare. \u00cen plus, complexul dispune de sta\u021bii de \u00eenc\u0103rcare pentru ma\u0219ini electrice \u0219i acces securizat cu recunoa\u0219tere a num\u0103rului de \u00eenmatriculare, asigur\u00e2nd un mediu sigur pentru to\u021bi locatarii.<\/p>\n<p>Supravegherea video \u00een punctele cheie, al\u0103turi de aplica\u021bia interactiv\u0103 dedicat\u0103 reziden\u021bilor, adaug\u0103 un plus de confort \u0219i siguran\u021b\u0103. De asemenea, parteneriatul cu \u0218coala German\u0103 ofer\u0103 acces pietonal securizat \u0219i participarea la evenimente comunitare, consolid\u00e2nd conexiunile sociale \u00eentre locatari.<\/p>\n<h2 class=\"wp-block-heading\">Concluzie<\/h2>\n<p>Art City reprezint\u0103 un proiect reziden\u021bial de excelen\u021b\u0103 \u00een Bucure\u0219ti, combin\u00e2nd designul modern cu func\u021bionalitatea \u0219i oferind un stil de via\u021b\u0103 exclusivist. Fie c\u0103 e\u0219ti \u00een c\u0103utarea unei locuin\u021be personale sau a unei investi\u021bii profitabile, acest complex \u00ee\u021bi ofer\u0103 toate ingredientele pentru a tr\u0103i confortabil \u0219i conectat la pulsul ora\u0219ului. Descoper\u0103 Art City \u0219i las\u0103-te inspirat de tot ceea ce are de oferit!<\/p>\n<p><a href=\"\/bucuresti\/imobiliare-184-2398063-2-camere-move-in-ready-art-city-straulesti-piata-presei\/\" class=\"pb-listing-action\">Stabileste o vizionare<\/a><\/p>\n<ul>\n<li><a href=\"\/bucuresti\/\">Imobiliare Bucure\u0219ti<\/a><\/li>\n<li><a href=\"\/bucuresti\/apartamente-vanzare\/\">Apartamente de vanzare Bucure\u0219ti<\/a><\/li>\n<li><a href=\"\/bucuresti\/apartamente-vanzare\/2-camere\/\">Apartamente cu 2 camere de vanzare Bucure\u0219ti<\/a><\/li>\n<li><a href=\"\/bucuresti\/apartamente-vanzare\/damaroaia\/2-camere\/\">Apartamente cu 2 camere de vanzare D\u0103m\u0103roaia, Bucure\u0219ti<\/a><\/li>\n<\/ul>\n\n<!-- ngfb content-buttons begin -->\n<!-- generated on 2026-04-25T18:15:38+00:00 -->\n<div class=\"ngfb-content-buttons\">\n<div class=\"ngfb-buttons en_US\">\n<!-- Email Button --><div class=\"css-button email-button\">\n  <a href=\"mailto:?subject=Share:%20%E2%80%9EApartament%20Modern%20cu%202%20Camere%20%C3%AEn%20Complex%20Premium%20%E2%80%93%20Art%20City%E2%80%9D&body=Bucure%C8%99ti%2C%20D%C4%83m%C4%83roaia%20-%20Apartamentul%20cu%202%20camere%20din%20complexul%20Art%20City%20este%20complet%20mobilat%20%C8%99i%20utilat%2C%20oferind%20%C3%AEnc%C4%83lzire%20%C3%AEn%20pardoseal%C4%83%20%C8%99i%20central%C4%83%20proprie.%20Situat%20%C3%AEntr-o%20zon%C4%83%20lini%C8%99tit%C4%83%2C%20complexul%20beneficiaz%C4%83%20de%20finisaje%20premium%2C%20gr%C4%83dini%20amenajate%2C%20loc%20de%20joac%C4%83%2C%20sta%C8%9Bii%20de%20%C3%AEnc%C4%83rcare%20pentru%20ma%C8%99ini%20electrice%20%C8%99i%20sistem%20de%20securitate%20avansat.%20Proiectul%20ofer%C4%83%20un%20stil%20de%20via%C8%9B%C4%83%20modern%2C%20accesibil%20%C8%99i%20conectat%2C%20%C3%AEn%20apropierea%20atrac%C8%9Biilor%20importante%20din%20Bucure%C8%99ti.%0D%0A%0D%0AShared%20from%20https:\/\/propertybook.ro\/blog\/apartament-modern-cu-2-camere-in-complex-premium-art-city\/%0D%0A\">\n    <span class=\"ngfb-icon\">\n      <svg xmlns=\"http:\/\/www.w3.org\/2000\/svg\" width=\"9\" height=\"9\" viewBox=\"0 0 28 28\">\n        <path d=\"M20.11 26.147c-2.335 1.05-4.36 1.4-7.124 1.4C6.524 27.548.84 22.916.84 15.284.84 7.343 6.602.45 15.4.45c6.854 0 11.8 4.7 11.8 11.252 0 5.684-3.193 9.265-7.398 9.3-1.83 0-3.153-.934-3.347-2.997h-.077c-1.208 1.986-2.96 2.997-5.023 2.997-2.532 0-4.36-1.868-4.36-5.062 0-4.75 3.503-9.07 9.11-9.07 1.713 0 3.7.4 4.6.972l-1.17 7.203c-.387 2.298-.115 3.3 1 3.4 1.674 0 3.774-2.102 3.774-6.58 0-5.06-3.27-8.994-9.304-8.994C9.05 2.87 3.83 7.545 3.83 14.97c0 6.5 4.2 10.2 10 10.202 1.987 0 4.09-.43 5.647-1.245l.634 2.22zM16.647 10.1c-.31-.078-.7-.155-1.207-.155-2.572 0-4.596 2.53-4.596 5.53 0 1.5.7 2.4 1.9 2.4 1.44 0 2.96-1.83 3.31-4.088l.592-3.72z\" \/>\n      <\/svg>\n    <\/span>\n    <span class=\"ngfb-text\"><\/span>\n  <\/a>\n<\/div><\/div><!-- .ngfb-buttons.en_US -->\n<\/div><!-- .ngfb-content-buttons -->\n<!-- ngfb content-buttons end -->\n\n","protected":false},"excerpt":{"rendered":"<p>Bucure\u0219ti, D\u0103m\u0103roaia &#8211; Apartamentul cu 2 camere din complexul Art City este complet mobilat \u0219i utilat, oferind \u00eenc\u0103lzire \u00een pardoseal\u0103 \u0219i central\u0103 proprie. Situat \u00eentr-o zon\u0103 lini\u0219tit\u0103, complexul beneficiaz\u0103 de finisaje premium, gr\u0103dini amenajate, loc de joac\u0103, sta\u021bii de \u00eenc\u0103rcare pentru ma\u0219ini electrice \u0219i sistem de securitate avansat. Proiectul ofer\u0103 un stil de via\u021b\u0103 modern, accesibil \u0219i conectat, \u00een apropierea atrac\u021biilor importante din Bucure\u0219ti.<\/p>\n","protected":false},"author":8,"featured_media":4500,"comment_status":"open","ping_status":"open","sticky":false,"template":"","format":"standard","meta":{"footnotes":""},"categories":[52,49,47],"tags":[62,131,74,89,300,137,376,60,63],"class_list":["post-4501","post","type-post","status-publish","format-standard","has-post-thumbnail","hentry","category-apartamente-de-vanzare-bucuresti","category-oferte-imobiliare-bucuresti","category-oferte","tag-2-camere","tag-an-const-2022","tag-balcon","tag-bucuresti","tag-damaroaia","tag-etaj-2","tag-o-baie","tag-parcare","tag-semidecomandat"],"_links":{"self":[{"href":"https:\/\/propertybook.ro\/blog\/wp-json\/wp\/v2\/posts\/4501","targetHints":{"allow":["GET"]}}],"collection":[{"href":"https:\/\/propertybook.ro\/blog\/wp-json\/wp\/v2\/posts"}],"about":[{"href":"https:\/\/propertybook.ro\/blog\/wp-json\/wp\/v2\/types\/post"}],"author":[{"embeddable":true,"href":"https:\/\/propertybook.ro\/blog\/wp-json\/wp\/v2\/users\/8"}],"replies":[{"embeddable":true,"href":"https:\/\/propertybook.ro\/blog\/wp-json\/wp\/v2\/comments?post=4501"}],"version-history":[{"count":0,"href":"https:\/\/propertybook.ro\/blog\/wp-json\/wp\/v2\/posts\/4501\/revisions"}],"wp:featuredmedia":[{"embeddable":true,"href":"https:\/\/propertybook.ro\/blog\/wp-json\/wp\/v2\/media\/4500"}],"wp:attachment":[{"href":"https:\/\/propertybook.ro\/blog\/wp-json\/wp\/v2\/media?parent=4501"}],"wp:term":[{"taxonomy":"category","embeddable":true,"href":"https:\/\/propertybook.ro\/blog\/wp-json\/wp\/v2\/categories?post=4501"},{"taxonomy":"post_tag","embeddable":true,"href":"https:\/\/propertybook.ro\/blog\/wp-json\/wp\/v2\/tags?post=4501"}],"curies":[{"name":"wp","href":"https:\/\/api.w.org\/{rel}","templated":true}]}}