{"id":4509,"date":"2025-03-13T13:43:31","date_gmt":"2025-03-13T11:43:31","guid":{"rendered":"https:\/\/propertybook.ro\/blog\/apartament-modern-cu-3-camere-in-cartier-manastur-ideal-pentru-familie\/"},"modified":"2025-03-13T13:43:31","modified_gmt":"2025-03-13T11:43:31","slug":"apartament-modern-cu-3-camere-in-cartier-manastur-ideal-pentru-familie","status":"publish","type":"post","link":"https:\/\/propertybook.ro\/blog\/apartament-modern-cu-3-camere-in-cartier-manastur-ideal-pentru-familie\/","title":{"rendered":"Apartament modern cu 3 camere \u00een Cartier M\u0103n\u0103\u015ftur \u2013 ideal pentru familie!"},"content":{"rendered":"\n<!-- ngfb content-buttons begin -->\n<!-- generated on 2026-04-30T04:12:01+00:00 -->\n<div class=\"ngfb-content-buttons\">\n<div class=\"ngfb-buttons en_US\">\n<!-- Email Button --><div class=\"css-button email-button\">\n  <a href=\"mailto:?subject=Share:%20Apartament%20modern%20cu%203%20camere%20%C3%AEn%20Cartier%20M%C4%83n%C4%83%C5%9Ftur%20%E2%80%93%20ideal%20pentru%20familie%21&body=Cluj-Napoca%2C%20M%C4%83n%C4%83%C8%99tur%20-%20Apartamentul%20cu%203%20camere%20din%20Cartierul%20M%C4%83n%C4%83%C5%9Ftur%20ofer%C4%83%20o%20loca%C8%9Bie%20accesibil%C4%83%2C%20aproape%20de%20institu%C8%9Bii%20de%20%C3%AEnv%C4%83%C8%9B%C4%83m%C3%A2nt%2C%20supermarketuri%20%C8%99i%20mijloace%20de%20transport%20%C3%AEn%20comun.%20Suprafa%C8%9Ba%20util%C4%83%20de%2047%20mp%20include%20un%20balcon%20de%205%20mp%20%C8%99i%20este%20compartimentat%C4%83%20%C3%AEn%202%20dormitoare%2C%20un%20hol%20%C8%99i%20o%20buc%C4%83t%C4%83rie%20spa%C8%9Bioas%C4%83.%20Finisajele%20moderne%2C%20precum%20parchet%20laminat%20%C8%99i%20u%C8%99i%20interioare%20de%20lemn%2C%20%C3%AEmpreun%C4%83%20cu%20mobilierul%20utilat%2C%20%C3%AEl%20fac%20ideal%20pentru%20o%20familie.%0D%0A%0D%0AShared%20from%20https:\/\/propertybook.ro\/blog\/apartament-modern-cu-3-camere-in-cartier-manastur-ideal-pentru-familie\/%0D%0A\">\n    <span class=\"ngfb-icon\">\n      <svg xmlns=\"http:\/\/www.w3.org\/2000\/svg\" width=\"9\" height=\"9\" viewBox=\"0 0 28 28\">\n        <path d=\"M20.11 26.147c-2.335 1.05-4.36 1.4-7.124 1.4C6.524 27.548.84 22.916.84 15.284.84 7.343 6.602.45 15.4.45c6.854 0 11.8 4.7 11.8 11.252 0 5.684-3.193 9.265-7.398 9.3-1.83 0-3.153-.934-3.347-2.997h-.077c-1.208 1.986-2.96 2.997-5.023 2.997-2.532 0-4.36-1.868-4.36-5.062 0-4.75 3.503-9.07 9.11-9.07 1.713 0 3.7.4 4.6.972l-1.17 7.203c-.387 2.298-.115 3.3 1 3.4 1.674 0 3.774-2.102 3.774-6.58 0-5.06-3.27-8.994-9.304-8.994C9.05 2.87 3.83 7.545 3.83 14.97c0 6.5 4.2 10.2 10 10.202 1.987 0 4.09-.43 5.647-1.245l.634 2.22zM16.647 10.1c-.31-.078-.7-.155-1.207-.155-2.572 0-4.596 2.53-4.596 5.53 0 1.5.7 2.4 1.9 2.4 1.44 0 2.96-1.83 3.31-4.088l.592-3.72z\" \/>\n      <\/svg>\n    <\/span>\n    <span class=\"ngfb-text\"><\/span>\n  <\/a>\n<\/div><\/div><!-- .ngfb-buttons.en_US -->\n<\/div><!-- .ngfb-content-buttons -->\n<!-- ngfb content-buttons end -->\n\n\n<!-- ngfb schema image for pinterest pin it button -->\n<div class=\"ngfb-schema-image-for-pinterest\" style=\"display:none;\">\n<img loading=\"lazy\" decoding=\"async\" src=\"https:\/\/propertybook.ro\/blog\/wp-content\/uploads\/2025\/03\/151446.webp\" width=\"0\" height=\"0\" style=\"width:0;height:0;\" data-pin-description=\"Cluj-Napoca, M\u0103n\u0103\u0219tur - Apartamentul cu 3 camere din Cartierul M\u0103n\u0103\u015ftur ofer\u0103 o loca\u021bie accesibil\u0103, aproape de institu\u021bii de &icirc;nv\u0103\u021b\u0103m&acirc;nt, supermarketuri \u0219i mijloace de transport &icirc;n comun. Suprafa\u021ba util\u0103 de 47 mp include un balcon de 5 mp \u0219i este compartimentat\u0103 &icirc;n 2 dormitoare, un hol \u0219i o...\" alt=\"\"\/>\n<\/div><!-- .ngfb-schema-image-for-pinterest -->\n\n<figure class=\"wp-block-image size-large\"><img decoding=\"async\" src=\"https:\/\/cdn.propertybook.ro\/napoca_imobiliare\/151446.webp\" alt=\"\" \/><\/figure>\n<ul>\n<li><a href=\"\/cluj-napoca\/\">Imobiliare Cluj-Napoca<\/a><\/li>\n<li><a href=\"\/cluj-napoca\/apartamente-vanzare\/\">Apartamente de vanzare Cluj-Napoca<\/a><\/li>\n<li><a href=\"\/cluj-napoca\/apartamente-vanzare\/3-camere\/\">Apartamente cu 3 camere de vanzare Cluj-Napoca<\/a><\/li>\n<li><a href=\"\/cluj-napoca\/apartamente-vanzare\/manastur\/3-camere\/\">Apartamente cu 3 camere de vanzare M\u0103n\u0103\u0219tur, Cluj-Napoca<\/a><\/li>\n<\/ul>\n<p><a href=\"\/cluj-napoca\/imobiliare-25-151446-de-vanzare-apartament-3-camere-in-manastur\/\" class=\"pb-listing-action\">Detaliile proprietatii<\/a><\/p>\n<p><h2 class=\"wp-block-heading\">Descoper\u0103 confortul \u0219i accesibilitatea \u00een Cartierul M\u0103n\u0103\u015ftur<\/h2>\n<p>Dac\u0103 e\u0219ti \u00een c\u0103utarea unui apartament care s\u0103 combine confortul, accesibilitatea \u0219i o via\u021b\u0103 lini\u0219tit\u0103 de familie, avem propunerea perfect\u0103 pentru tine: un apartament cu 3 camere situat \u00eentr-o zon\u0103 foarte bine cotat\u0103 din Cartierul M\u0103n\u0103\u015ftur.<\/p>\n<p>#<\/p>\n<h2 class=\"wp-block-heading\">Loca\u021bie ideal\u0103<\/h2>\n<p>Una dintre cele mai mari avantaje ale acestui apartament este amplasamentul s\u0103u. Situat \u00eentr-o zon\u0103 accesibil\u0103, acesta beneficiaz\u0103 de apropierea de institu\u021bii de \u00eenv\u0103\u021b\u0103m\u00e2nt precum \u0219coli generale, gr\u0103dini\u021be \u0219i cre\u0219e, ceea ce \u00eel face ideal pentru familii cu copii. De asemenea, \u00een imediata vecin\u0103tate se afl\u0103 supermarketuri \u0219i pia\u021ba local\u0103, satisf\u0103c\u00e2nd astfel toate nevoile zilnice. Transportul \u00een comun nu reprezint\u0103 o problem\u0103, fiind la doar 3 minute de mers pe jos de sta\u021biile care conecteaz\u0103 aceast\u0103 zon\u0103 cu restul ora\u0219ului.<\/p>\n<p>#<\/p>\n<h2 class=\"wp-block-heading\">Spa\u021biu \u0219i confort<\/h2>\n<p>Apartamentul are o suprafa\u021b\u0103 util\u0103 de 47 mp, fiind completat de un balcon de aproximativ 5 mp, perfect pentru momentele de relaxare \u00een aer liber. Compartimentarea este bine g\u00e2ndit\u0103, incluz\u00e2nd un hol care te \u00eent\u00e2mpin\u0103 la intrare, dou\u0103 dormitoare spa\u021bioase ideale pentru odihn\u0103 \u0219i o buc\u0103t\u0103rie generoas\u0103, dotat\u0103 cu un loc de luat masa. Aceasta din urm\u0103 reprezint\u0103 centrul fiec\u0103rei gospod\u0103rii \u0219i ofer\u0103 un spa\u021biu propice pentru mese \u00een familie sau cu prietenii.<\/p>\n<p>#<\/p>\n<h2 class=\"wp-block-heading\">Finisaje moderne<\/h2>\n<p>Finisajele apartamentului sunt contemporane \u0219i de bun gust, cre\u00e2nd o atmosfer\u0103 pl\u0103cut\u0103 \u0219i primitoare. Pardoseala din parchet laminat, gresia \u0219i faian\u021ba de pe pere\u021bi, precum \u0219i vopseaua lavabil\u0103 adaug\u0103 un plus de valoare estetic\u0103. U\u0219ile interioare din lemn confer\u0103 un aer cald \u0219i elegant, \u00een timp ce u\u015fa metalic\u0103 de la intrare asigur\u0103 siguran\u021ba \u0219i intimitatea necesar\u0103 unui c\u0103min.<\/p>\n<p>#<\/p>\n<h2 class=\"wp-block-heading\">Mobilat \u0219i utilat<\/h2>\n<p>Apartamentul se vinde complet mobilat \u0219i utilat, ceea ce \u00eenseamn\u0103 c\u0103 te po\u021bi muta f\u0103r\u0103 a mai fi nevoie s\u0103 te \u00eengrijorezi de cump\u0103rarea de mobil\u0103 sau electrocasnice. Tot ce trebuie s\u0103 faci este s\u0103 \u00ee\u021bi aduci lucrurile personale \u0219i s\u0103 te bucuri de noua ta locuin\u021b\u0103.<\/p>\n<h2 class=\"wp-block-heading\">Concluzie<\/h2>\n<p>Acest apartament din Cartierul M\u0103n\u0103\u015ftur este alegerea ideal\u0103 pentru cei care caut\u0103 o proprietate lini\u0219tit\u0103, aproape de toate facilit\u0103\u021bile necesare unei vie\u021bi confortabile. Fie c\u0103 e\u0219ti o familie \u00een c\u0103utare de un nou c\u0103min sau un investitor \u00een c\u0103utarea unei propriet\u0103\u021bi de \u00eenchiriat, aceast\u0103 ofert\u0103 merit\u0103 s\u0103 fie luat\u0103 \u00een considerare. Nu rata oportunitatea de a viziona acest apartament \u0219i de a descoperi tot ce are de oferit!<\/p>\n<p><a href=\"\/cluj-napoca\/imobiliare-25-151446-de-vanzare-apartament-3-camere-in-manastur\/\" class=\"pb-listing-action\">Stabileste o vizionare<\/a><\/p>\n<ul>\n<li><a href=\"\/cluj-napoca\/\">Imobiliare Cluj-Napoca<\/a><\/li>\n<li><a href=\"\/cluj-napoca\/apartamente-vanzare\/\">Apartamente de vanzare Cluj-Napoca<\/a><\/li>\n<li><a href=\"\/cluj-napoca\/apartamente-vanzare\/3-camere\/\">Apartamente cu 3 camere de vanzare Cluj-Napoca<\/a><\/li>\n<li><a href=\"\/cluj-napoca\/apartamente-vanzare\/manastur\/3-camere\/\">Apartamente cu 3 camere de vanzare M\u0103n\u0103\u0219tur, Cluj-Napoca<\/a><\/li>\n<\/ul>\n\n<!-- ngfb content-buttons begin -->\n<!-- generated on 2026-04-30T04:12:01+00:00 -->\n<div class=\"ngfb-content-buttons\">\n<div class=\"ngfb-buttons en_US\">\n<!-- Email Button --><div class=\"css-button email-button\">\n  <a href=\"mailto:?subject=Share:%20Apartament%20modern%20cu%203%20camere%20%C3%AEn%20Cartier%20M%C4%83n%C4%83%C5%9Ftur%20%E2%80%93%20ideal%20pentru%20familie%21&body=Cluj-Napoca%2C%20M%C4%83n%C4%83%C8%99tur%20-%20Apartamentul%20cu%203%20camere%20din%20Cartierul%20M%C4%83n%C4%83%C5%9Ftur%20ofer%C4%83%20o%20loca%C8%9Bie%20accesibil%C4%83%2C%20aproape%20de%20institu%C8%9Bii%20de%20%C3%AEnv%C4%83%C8%9B%C4%83m%C3%A2nt%2C%20supermarketuri%20%C8%99i%20mijloace%20de%20transport%20%C3%AEn%20comun.%20Suprafa%C8%9Ba%20util%C4%83%20de%2047%20mp%20include%20un%20balcon%20de%205%20mp%20%C8%99i%20este%20compartimentat%C4%83%20%C3%AEn%202%20dormitoare%2C%20un%20hol%20%C8%99i%20o%20buc%C4%83t%C4%83rie%20spa%C8%9Bioas%C4%83.%20Finisajele%20moderne%2C%20precum%20parchet%20laminat%20%C8%99i%20u%C8%99i%20interioare%20de%20lemn%2C%20%C3%AEmpreun%C4%83%20cu%20mobilierul%20utilat%2C%20%C3%AEl%20fac%20ideal%20pentru%20o%20familie.%0D%0A%0D%0AShared%20from%20https:\/\/propertybook.ro\/blog\/apartament-modern-cu-3-camere-in-cartier-manastur-ideal-pentru-familie\/%0D%0A\">\n    <span class=\"ngfb-icon\">\n      <svg xmlns=\"http:\/\/www.w3.org\/2000\/svg\" width=\"9\" height=\"9\" viewBox=\"0 0 28 28\">\n        <path d=\"M20.11 26.147c-2.335 1.05-4.36 1.4-7.124 1.4C6.524 27.548.84 22.916.84 15.284.84 7.343 6.602.45 15.4.45c6.854 0 11.8 4.7 11.8 11.252 0 5.684-3.193 9.265-7.398 9.3-1.83 0-3.153-.934-3.347-2.997h-.077c-1.208 1.986-2.96 2.997-5.023 2.997-2.532 0-4.36-1.868-4.36-5.062 0-4.75 3.503-9.07 9.11-9.07 1.713 0 3.7.4 4.6.972l-1.17 7.203c-.387 2.298-.115 3.3 1 3.4 1.674 0 3.774-2.102 3.774-6.58 0-5.06-3.27-8.994-9.304-8.994C9.05 2.87 3.83 7.545 3.83 14.97c0 6.5 4.2 10.2 10 10.202 1.987 0 4.09-.43 5.647-1.245l.634 2.22zM16.647 10.1c-.31-.078-.7-.155-1.207-.155-2.572 0-4.596 2.53-4.596 5.53 0 1.5.7 2.4 1.9 2.4 1.44 0 2.96-1.83 3.31-4.088l.592-3.72z\" \/>\n      <\/svg>\n    <\/span>\n    <span class=\"ngfb-text\"><\/span>\n  <\/a>\n<\/div><\/div><!-- .ngfb-buttons.en_US -->\n<\/div><!-- .ngfb-content-buttons -->\n<!-- ngfb content-buttons end -->\n\n","protected":false},"excerpt":{"rendered":"<p>Cluj-Napoca, M\u0103n\u0103\u0219tur &#8211; Apartamentul cu 3 camere din Cartierul M\u0103n\u0103\u015ftur ofer\u0103 o loca\u021bie accesibil\u0103, aproape de institu\u021bii de \u00eenv\u0103\u021b\u0103m\u00e2nt, supermarketuri \u0219i mijloace de transport \u00een comun. Suprafa\u021ba util\u0103 de 47 mp include un balcon de 5 mp \u0219i este compartimentat\u0103 \u00een 2 dormitoare, un hol \u0219i o buc\u0103t\u0103rie spa\u021bioas\u0103. Finisajele moderne, precum parchet laminat \u0219i u\u0219i interioare de lemn, \u00eempreun\u0103 cu mobilierul utilat, \u00eel fac ideal pentru o familie.<\/p>\n","protected":false},"author":8,"featured_media":4508,"comment_status":"open","ping_status":"open","sticky":false,"template":"","format":"standard","meta":{"footnotes":""},"categories":[50,48,47],"tags":[55,74,91,68,113,123,376,70],"class_list":["post-4509","post","type-post","status-publish","format-standard","has-post-thumbnail","hentry","category-apartamente-de-vanzare-in-cluj-napoca","category-oferte-imobiliare-in-cluj-napoca","category-oferte","tag-3-camere","tag-balcon","tag-cluj-napoca","tag-decomandat","tag-etaj-3-4","tag-manastur","tag-o-baie","tag-parchet"],"_links":{"self":[{"href":"https:\/\/propertybook.ro\/blog\/wp-json\/wp\/v2\/posts\/4509","targetHints":{"allow":["GET"]}}],"collection":[{"href":"https:\/\/propertybook.ro\/blog\/wp-json\/wp\/v2\/posts"}],"about":[{"href":"https:\/\/propertybook.ro\/blog\/wp-json\/wp\/v2\/types\/post"}],"author":[{"embeddable":true,"href":"https:\/\/propertybook.ro\/blog\/wp-json\/wp\/v2\/users\/8"}],"replies":[{"embeddable":true,"href":"https:\/\/propertybook.ro\/blog\/wp-json\/wp\/v2\/comments?post=4509"}],"version-history":[{"count":0,"href":"https:\/\/propertybook.ro\/blog\/wp-json\/wp\/v2\/posts\/4509\/revisions"}],"wp:featuredmedia":[{"embeddable":true,"href":"https:\/\/propertybook.ro\/blog\/wp-json\/wp\/v2\/media\/4508"}],"wp:attachment":[{"href":"https:\/\/propertybook.ro\/blog\/wp-json\/wp\/v2\/media?parent=4509"}],"wp:term":[{"taxonomy":"category","embeddable":true,"href":"https:\/\/propertybook.ro\/blog\/wp-json\/wp\/v2\/categories?post=4509"},{"taxonomy":"post_tag","embeddable":true,"href":"https:\/\/propertybook.ro\/blog\/wp-json\/wp\/v2\/tags?post=4509"}],"curies":[{"name":"wp","href":"https:\/\/api.w.org\/{rel}","templated":true}]}}