{"id":4529,"date":"2025-03-14T13:43:48","date_gmt":"2025-03-14T11:43:48","guid":{"rendered":"https:\/\/propertybook.ro\/blog\/apartament-recent-renovate-cu-3-camere-si-spatiu-generos-in-vila-eleganta\/"},"modified":"2025-03-14T13:43:48","modified_gmt":"2025-03-14T11:43:48","slug":"apartament-recent-renovate-cu-3-camere-si-spatiu-generos-in-vila-eleganta","status":"publish","type":"post","link":"https:\/\/propertybook.ro\/blog\/apartament-recent-renovate-cu-3-camere-si-spatiu-generos-in-vila-eleganta\/","title":{"rendered":"Apartament Recent Renovate cu 3 Camere \u0219i Spa\u021biu Generos \u00een Vila Elegant\u0103"},"content":{"rendered":"\n<!-- ngfb content-buttons begin -->\n<!-- generated on 2026-04-27T18:48:47+00:00 -->\n<div class=\"ngfb-content-buttons\">\n<div class=\"ngfb-buttons en_US\">\n<!-- Email Button --><div class=\"css-button email-button\">\n  <a href=\"mailto:?subject=Share:%20Apartament%20Recent%20Renovate%20cu%203%20Camere%20%C8%99i%20Spa%C8%9Biu%20Generos%20%C3%AEn%20Vila%20Elegant%C4%83&body=Bucure%C8%99ti%2C%20Centrul%20Civic%20-%20Apartament%20de%203%20camere%2C%20situat%20la%20parterul%20%C3%AEnalt%20al%20unei%20vile%20cu%203%20etaje%2C%20cu%20o%20suprafa%C8%9B%C4%83%20util%C4%83%20de%2088%20mp.%20Complet%20renovat%2C%20include%20instala%C8%9Bii%20electrice%20%C8%99i%20sanitare%20noi.%20Compus%20din%20living%20spacious%2C%20dou%C4%83%20camere%20luminoase%2C%20buc%C4%83t%C4%83rie%20practic%C4%83%20%C8%99i%20baie%20modern%C4%83.%20Ideal%20at%C3%A2t%20pentru%20locuit%2C%20c%C3%A2t%20%C8%99i%20pentru%20birouri%2C%20oferind%20un%20ambient%20pl%C4%83cut%20%C8%99i%20lini%C8%99tit.%20Box%C4%83%20inclus%C4%83%20pentru%20depozitare.%0D%0A%0D%0AShared%20from%20https:\/\/propertybook.ro\/blog\/apartament-recent-renovate-cu-3-camere-si-spatiu-generos-in-vila-eleganta\/%0D%0A\">\n    <span class=\"ngfb-icon\">\n      <svg xmlns=\"http:\/\/www.w3.org\/2000\/svg\" width=\"9\" height=\"9\" viewBox=\"0 0 28 28\">\n        <path d=\"M20.11 26.147c-2.335 1.05-4.36 1.4-7.124 1.4C6.524 27.548.84 22.916.84 15.284.84 7.343 6.602.45 15.4.45c6.854 0 11.8 4.7 11.8 11.252 0 5.684-3.193 9.265-7.398 9.3-1.83 0-3.153-.934-3.347-2.997h-.077c-1.208 1.986-2.96 2.997-5.023 2.997-2.532 0-4.36-1.868-4.36-5.062 0-4.75 3.503-9.07 9.11-9.07 1.713 0 3.7.4 4.6.972l-1.17 7.203c-.387 2.298-.115 3.3 1 3.4 1.674 0 3.774-2.102 3.774-6.58 0-5.06-3.27-8.994-9.304-8.994C9.05 2.87 3.83 7.545 3.83 14.97c0 6.5 4.2 10.2 10 10.202 1.987 0 4.09-.43 5.647-1.245l.634 2.22zM16.647 10.1c-.31-.078-.7-.155-1.207-.155-2.572 0-4.596 2.53-4.596 5.53 0 1.5.7 2.4 1.9 2.4 1.44 0 2.96-1.83 3.31-4.088l.592-3.72z\" \/>\n      <\/svg>\n    <\/span>\n    <span class=\"ngfb-text\"><\/span>\n  <\/a>\n<\/div><\/div><!-- .ngfb-buttons.en_US -->\n<\/div><!-- .ngfb-content-buttons -->\n<!-- ngfb content-buttons end -->\n\n\n<!-- ngfb schema image for pinterest pin it button -->\n<div class=\"ngfb-schema-image-for-pinterest\" style=\"display:none;\">\n<img loading=\"lazy\" decoding=\"async\" src=\"https:\/\/propertybook.ro\/blog\/wp-content\/uploads\/2025\/03\/11023016.webp\" width=\"0\" height=\"0\" style=\"width:0;height:0;\" data-pin-description=\"Bucure\u0219ti, Centrul Civic - Apartament de 3 camere, situat la parterul &icirc;nalt al unei vile cu 3 etaje, cu o suprafa\u021b\u0103 util\u0103 de 88 mp. Complet renovat, include instala\u021bii electrice \u0219i sanitare noi. Compus din living spacious, dou\u0103 camere luminoase, buc\u0103t\u0103rie practic\u0103 \u0219i baie modern\u0103. Ideal at&acirc;t...\" alt=\"\"\/>\n<\/div><!-- .ngfb-schema-image-for-pinterest -->\n\n<figure class=\"wp-block-image size-large\"><img decoding=\"async\" src=\"https:\/\/cdn.propertybook.ro\/svn_residentialist\/11023016.webp\" alt=\"\" \/><\/figure>\n<ul>\n<li><a href=\"\/bucuresti\/\">Imobiliare Bucure\u0219ti<\/a><\/li>\n<li><a href=\"\/bucuresti\/apartamente-vanzare\/\">Apartamente de vanzare Bucure\u0219ti<\/a><\/li>\n<li><a href=\"\/bucuresti\/apartamente-vanzare\/3-camere\/\">Apartamente cu 3 camere de vanzare Bucure\u0219ti<\/a><\/li>\n<li><a href=\"\/bucuresti\/apartamente-vanzare\/centrul_civic\/3-camere\/\">Apartamente cu 3 camere de vanzare Centrul Civic, Bucure\u0219ti<\/a><\/li>\n<\/ul>\n<p><a href=\"\/bucuresti\/imobiliare-163-11023016-vanzare-apartament-3-camere-in-sector-3-zona-unirii-s3-\/\" class=\"pb-listing-action\">Detaliile proprietatii<\/a><\/p>\n<p><h2 class=\"wp-block-heading\">Descoper\u0103 Fascina\u021bia unui Apartament Modern de 3 Camere<\/h2>\n<p>Cau\u021bi un loc perfect pentru a te sim\u021bi acas\u0103, un spa\u021biu ce \u00eembin\u0103 elegan\u021ba \u0219i confortul? Te invit\u0103m s\u0103 descoperi un apartament de 3 camere, situat la parterul inalt al unei vile frumoase cu trei etaje. Cu o suprafa\u021b\u0103 generoas\u0103 de 88 mp utili, acest apartament recent renovat este conceput pentru a satisface cele mai exigente cerin\u021be.<\/p>\n<p><h2 class=\"wp-block-heading\">Un Spa\u021biu Generos \u0219i Func\u021bional<\/h2>\n<p>Intr\u00e2nd \u00een apartament, e\u0219ti \u00eent\u00e2mpinat de un living spa\u021bios de 20.92 mp, ideal pentru momentele de relaxare sau \u00eent\u00e2lniri cu prietenii. Spa\u021biul este luminos \u0219i primitor, oferind o atmosfer\u0103 cald\u0103 \u0219i confortabil\u0103. Cele dou\u0103 camere, de 20.75 mp \u0219i 17.71 mp, sunt perfecte pentru a fi amenajate fie ca dormitoare, fie ca birouri elegante, oferindu-\u021bi flexibilitate \u00een func\u021bie de nevoile tale.<\/p>\n<p>Buc\u0103t\u0103ria se afl\u0103 \u00eentr-o zon\u0103 practic\u0103, av\u00e2nd o suprafa\u021b\u0103 de 8.16 mp, iar baie modern\u0103 de 5.75 mp, complet utilat\u0103, asigur\u0103 toate func\u021bionalit\u0103\u021bile necesare. Fiecare detaliu a fost g\u00e2ndit cu aten\u021bie, inclusiv instala\u021biile electrice \u0219i sanitare, care sunt complet noi, oferind un plus de siguran\u021b\u0103 \u0219i confort.<\/p>\n<p><h2 class=\"wp-block-heading\">Un Loc Ideal pentru Birouri sau Locuin\u021b\u0103<\/h2>\n<p>Compartimentarea inteligent\u0103 a apartamentului permite at\u00e2t utilizarea acestuia ca locuin\u021b\u0103, c\u00e2t \u0219i amenajarea ca spa\u021biu de birouri. Aceast\u0103 versatilitate este ideal\u0103 \u00een special pentru cei care caut\u0103 un mediu de lucru pl\u0103cut \u0219i lini\u0219tit. Ambian\u021ba pl\u0103cut\u0103 \u0219i atmosfera relaxant\u0103 te vor ajuta s\u0103 \u00ee\u021bi concentrezi energiile \u00een activit\u0103\u021bile de zi cu zi.<\/p>\n<p><h2 class=\"wp-block-heading\">Beneficii Supplimentare<\/h2>\n<p>Apartamentul vine la pachet cu o box\u0103 la subsol, perfect\u0103 pentru depozitare, ceea ce \u00ee\u021bi ofer\u0103 mai mult spa\u021biu pentru a-\u021bi p\u0103stra lucrurile organizate. Vila elegant\u0103, \u00een care se afl\u0103 apartamentul, completeaz\u0103 experien\u021ba de locuire prin estetic\u0103 \u0219i un mediu fascinant.<\/p>\n<h2 class=\"wp-block-heading\">Concluzie<\/h2>\n<p>Nu rata ocazia de a vizualiza acest apartament modern, care \u00eembin\u0103 confortul cu elegan\u021ba. Fie c\u0103 te g\u00e2nde\u0219ti s\u0103 te mu\u021bi cu familia sau s\u0103 \u00ee\u021bi stabile\u0219ti un birou de acas\u0103, acest spa\u021biu are toate caracteristicile pentru a deveni locul t\u0103u ideal. Pentru mai multe detalii \u0219i vizion\u0103ri, nu ezita s\u0103 explorezi aceast\u0103 oportunitate fantastic\u0103!<\/p>\n<p><a href=\"\/bucuresti\/imobiliare-163-11023016-vanzare-apartament-3-camere-in-sector-3-zona-unirii-s3-\/\" class=\"pb-listing-action\">Stabileste o vizionare<\/a><\/p>\n<ul>\n<li><a href=\"\/bucuresti\/\">Imobiliare Bucure\u0219ti<\/a><\/li>\n<li><a href=\"\/bucuresti\/apartamente-vanzare\/\">Apartamente de vanzare Bucure\u0219ti<\/a><\/li>\n<li><a href=\"\/bucuresti\/apartamente-vanzare\/3-camere\/\">Apartamente cu 3 camere de vanzare Bucure\u0219ti<\/a><\/li>\n<li><a href=\"\/bucuresti\/apartamente-vanzare\/centrul_civic\/3-camere\/\">Apartamente cu 3 camere de vanzare Centrul Civic, Bucure\u0219ti<\/a><\/li>\n<\/ul>\n\n<!-- ngfb content-buttons begin -->\n<!-- generated on 2026-04-27T18:48:47+00:00 -->\n<div class=\"ngfb-content-buttons\">\n<div class=\"ngfb-buttons en_US\">\n<!-- Email Button --><div class=\"css-button email-button\">\n  <a href=\"mailto:?subject=Share:%20Apartament%20Recent%20Renovate%20cu%203%20Camere%20%C8%99i%20Spa%C8%9Biu%20Generos%20%C3%AEn%20Vila%20Elegant%C4%83&body=Bucure%C8%99ti%2C%20Centrul%20Civic%20-%20Apartament%20de%203%20camere%2C%20situat%20la%20parterul%20%C3%AEnalt%20al%20unei%20vile%20cu%203%20etaje%2C%20cu%20o%20suprafa%C8%9B%C4%83%20util%C4%83%20de%2088%20mp.%20Complet%20renovat%2C%20include%20instala%C8%9Bii%20electrice%20%C8%99i%20sanitare%20noi.%20Compus%20din%20living%20spacious%2C%20dou%C4%83%20camere%20luminoase%2C%20buc%C4%83t%C4%83rie%20practic%C4%83%20%C8%99i%20baie%20modern%C4%83.%20Ideal%20at%C3%A2t%20pentru%20locuit%2C%20c%C3%A2t%20%C8%99i%20pentru%20birouri%2C%20oferind%20un%20ambient%20pl%C4%83cut%20%C8%99i%20lini%C8%99tit.%20Box%C4%83%20inclus%C4%83%20pentru%20depozitare.%0D%0A%0D%0AShared%20from%20https:\/\/propertybook.ro\/blog\/apartament-recent-renovate-cu-3-camere-si-spatiu-generos-in-vila-eleganta\/%0D%0A\">\n    <span class=\"ngfb-icon\">\n      <svg xmlns=\"http:\/\/www.w3.org\/2000\/svg\" width=\"9\" height=\"9\" viewBox=\"0 0 28 28\">\n        <path d=\"M20.11 26.147c-2.335 1.05-4.36 1.4-7.124 1.4C6.524 27.548.84 22.916.84 15.284.84 7.343 6.602.45 15.4.45c6.854 0 11.8 4.7 11.8 11.252 0 5.684-3.193 9.265-7.398 9.3-1.83 0-3.153-.934-3.347-2.997h-.077c-1.208 1.986-2.96 2.997-5.023 2.997-2.532 0-4.36-1.868-4.36-5.062 0-4.75 3.503-9.07 9.11-9.07 1.713 0 3.7.4 4.6.972l-1.17 7.203c-.387 2.298-.115 3.3 1 3.4 1.674 0 3.774-2.102 3.774-6.58 0-5.06-3.27-8.994-9.304-8.994C9.05 2.87 3.83 7.545 3.83 14.97c0 6.5 4.2 10.2 10 10.202 1.987 0 4.09-.43 5.647-1.245l.634 2.22zM16.647 10.1c-.31-.078-.7-.155-1.207-.155-2.572 0-4.596 2.53-4.596 5.53 0 1.5.7 2.4 1.9 2.4 1.44 0 2.96-1.83 3.31-4.088l.592-3.72z\" \/>\n      <\/svg>\n    <\/span>\n    <span class=\"ngfb-text\"><\/span>\n  <\/a>\n<\/div><\/div><!-- .ngfb-buttons.en_US -->\n<\/div><!-- .ngfb-content-buttons -->\n<!-- ngfb content-buttons end -->\n\n","protected":false},"excerpt":{"rendered":"<p>Bucure\u0219ti, Centrul Civic &#8211; Apartament de 3 camere, situat la parterul \u00eenalt al unei vile cu 3 etaje, cu o suprafa\u021b\u0103 util\u0103 de 88 mp. Complet renovat, include instala\u021bii electrice \u0219i sanitare noi. Compus din living spacious, dou\u0103 camere luminoase, buc\u0103t\u0103rie practic\u0103 \u0219i baie modern\u0103. Ideal at\u00e2t pentru locuit, c\u00e2t \u0219i pentru birouri, oferind un ambient pl\u0103cut \u0219i lini\u0219tit. Box\u0103 inclus\u0103 pentru depozitare.<\/p>\n","protected":false},"author":8,"featured_media":4528,"comment_status":"open","ping_status":"open","sticky":false,"template":"","format":"standard","meta":{"footnotes":""},"categories":[52,49,47],"tags":[377,59,55,183,89,90,68,70,85],"class_list":["post-4529","post","type-post","status-publish","format-standard","has-post-thumbnail","hentry","category-apartamente-de-vanzare-bucuresti","category-oferte-imobiliare-bucuresti","category-oferte","tag-2-bai","tag-2-balcoane","tag-3-camere","tag-an-const-1950","tag-bucuresti","tag-centrul-civic","tag-decomandat","tag-parchet","tag-termopane"],"_links":{"self":[{"href":"https:\/\/propertybook.ro\/blog\/wp-json\/wp\/v2\/posts\/4529","targetHints":{"allow":["GET"]}}],"collection":[{"href":"https:\/\/propertybook.ro\/blog\/wp-json\/wp\/v2\/posts"}],"about":[{"href":"https:\/\/propertybook.ro\/blog\/wp-json\/wp\/v2\/types\/post"}],"author":[{"embeddable":true,"href":"https:\/\/propertybook.ro\/blog\/wp-json\/wp\/v2\/users\/8"}],"replies":[{"embeddable":true,"href":"https:\/\/propertybook.ro\/blog\/wp-json\/wp\/v2\/comments?post=4529"}],"version-history":[{"count":0,"href":"https:\/\/propertybook.ro\/blog\/wp-json\/wp\/v2\/posts\/4529\/revisions"}],"wp:featuredmedia":[{"embeddable":true,"href":"https:\/\/propertybook.ro\/blog\/wp-json\/wp\/v2\/media\/4528"}],"wp:attachment":[{"href":"https:\/\/propertybook.ro\/blog\/wp-json\/wp\/v2\/media?parent=4529"}],"wp:term":[{"taxonomy":"category","embeddable":true,"href":"https:\/\/propertybook.ro\/blog\/wp-json\/wp\/v2\/categories?post=4529"},{"taxonomy":"post_tag","embeddable":true,"href":"https:\/\/propertybook.ro\/blog\/wp-json\/wp\/v2\/tags?post=4529"}],"curies":[{"name":"wp","href":"https:\/\/api.w.org\/{rel}","templated":true}]}}