{"id":4533,"date":"2025-03-14T15:44:16","date_gmt":"2025-03-14T13:44:16","guid":{"rendered":"https:\/\/propertybook.ro\/blog\/apartament-spacious-cu-4-camere-intr-o-zona-dinamica-a-clujului\/"},"modified":"2025-03-14T15:44:16","modified_gmt":"2025-03-14T13:44:16","slug":"apartament-spacious-cu-4-camere-intr-o-zona-dinamica-a-clujului","status":"publish","type":"post","link":"https:\/\/propertybook.ro\/blog\/apartament-spacious-cu-4-camere-intr-o-zona-dinamica-a-clujului\/","title":{"rendered":"Apartament Spacious cu 4 Camere \u00eentr-o Zon\u0103 Dinamic\u0103 a Clujului!"},"content":{"rendered":"\n<!-- ngfb content-buttons begin -->\n<!-- generated on 2026-04-23T05:15:29+00:00 -->\n<div class=\"ngfb-content-buttons\">\n<div class=\"ngfb-buttons en_US\">\n<!-- Email Button --><div class=\"css-button email-button\">\n  <a href=\"mailto:?subject=Share:%20Apartament%20Spacious%20cu%204%20Camere%20%C3%AEntr-o%20Zon%C4%83%20Dinamic%C4%83%20a%20Clujului%21&body=Cluj-Napoca%2C%20M%C4%83r%C4%83%C8%99ti%20-%20Apartament%20de%20v%C3%A2nzare%20cu%204%20camere%20%C3%AEn%20Marasti%2C%20Cluj%2C%20ideal%20pentru%20familii.%20Situat%20%C3%AEn%20zon%C4%83%20dinamic%C4%83%2C%20aproape%20de%20institu%C8%9Bii%20de%20%C3%AEnv%C4%83%C8%9B%C4%83m%C3%A2nt%20%C8%99i%20facilit%C4%83%C8%9Bi.%20Dispune%20de%20un%20living%20generos%2C%20trei%20dormitoare%20decomandate%2C%20buc%C4%83t%C4%83rie%20practic%C4%83%2C%20dou%C4%83%20b%C4%83i%20%C8%99i%20hol%20mare.%20Bloc%20cu%20lift%2C%20orientare%20mixt%C4%83%20care%20asigur%C4%83%20lumin%C4%83%20natural%C4%83.%20V%C3%A2ndut%20par%C8%9Bial%20mobilat%2C%20oferind%20oportunitatea%20de%20amenajare%20conform%20preferin%C8%9Belor.%20Perfect%20pentru%20cei%20%C3%AEn%20c%C4%83utarea%20unui%20spa%C8%9Biu%20bine%20compartimentat.%0D%0A%0D%0AShared%20from%20https:\/\/propertybook.ro\/blog\/apartament-spacious-cu-4-camere-intr-o-zona-dinamica-a-clujului\/%0D%0A\">\n    <span class=\"ngfb-icon\">\n      <svg xmlns=\"http:\/\/www.w3.org\/2000\/svg\" width=\"9\" height=\"9\" viewBox=\"0 0 28 28\">\n        <path d=\"M20.11 26.147c-2.335 1.05-4.36 1.4-7.124 1.4C6.524 27.548.84 22.916.84 15.284.84 7.343 6.602.45 15.4.45c6.854 0 11.8 4.7 11.8 11.252 0 5.684-3.193 9.265-7.398 9.3-1.83 0-3.153-.934-3.347-2.997h-.077c-1.208 1.986-2.96 2.997-5.023 2.997-2.532 0-4.36-1.868-4.36-5.062 0-4.75 3.503-9.07 9.11-9.07 1.713 0 3.7.4 4.6.972l-1.17 7.203c-.387 2.298-.115 3.3 1 3.4 1.674 0 3.774-2.102 3.774-6.58 0-5.06-3.27-8.994-9.304-8.994C9.05 2.87 3.83 7.545 3.83 14.97c0 6.5 4.2 10.2 10 10.202 1.987 0 4.09-.43 5.647-1.245l.634 2.22zM16.647 10.1c-.31-.078-.7-.155-1.207-.155-2.572 0-4.596 2.53-4.596 5.53 0 1.5.7 2.4 1.9 2.4 1.44 0 2.96-1.83 3.31-4.088l.592-3.72z\" \/>\n      <\/svg>\n    <\/span>\n    <span class=\"ngfb-text\"><\/span>\n  <\/a>\n<\/div><\/div><!-- .ngfb-buttons.en_US -->\n<\/div><!-- .ngfb-content-buttons -->\n<!-- ngfb content-buttons end -->\n\n\n<!-- ngfb schema image for pinterest pin it button -->\n<div class=\"ngfb-schema-image-for-pinterest\" style=\"display:none;\">\n<img loading=\"lazy\" decoding=\"async\" src=\"https:\/\/propertybook.ro\/blog\/wp-content\/uploads\/2025\/03\/151482.webp\" width=\"0\" height=\"0\" style=\"width:0;height:0;\" data-pin-description=\"Cluj-Napoca, M\u0103r\u0103\u0219ti - Apartament de v&acirc;nzare cu 4 camere &icirc;n Marasti, Cluj, ideal pentru familii. Situat &icirc;n zon\u0103 dinamic\u0103, aproape de institu\u021bii de &icirc;nv\u0103\u021b\u0103m&acirc;nt \u0219i facilit\u0103\u021bi. Dispune de un living generos, trei dormitoare decomandate, buc\u0103t\u0103rie practic\u0103, dou\u0103 b\u0103i \u0219i hol mare. Bloc cu lift...\" alt=\"\"\/>\n<\/div><!-- .ngfb-schema-image-for-pinterest -->\n\n<figure class=\"wp-block-image size-large\"><img decoding=\"async\" src=\"https:\/\/cdn.propertybook.ro\/napoca_imobiliare\/151482.webp\" alt=\"\" \/><\/figure>\n<ul>\n<li><a href=\"\/cluj-napoca\/\">Imobiliare Cluj-Napoca<\/a><\/li>\n<li><a href=\"\/cluj-napoca\/apartamente-vanzare\/\">Apartamente de vanzare Cluj-Napoca<\/a><\/li>\n<li><a href=\"\/cluj-napoca\/apartamente-vanzare\/4-camere\/\">Apartamente cu 4 camere de vanzare Cluj-Napoca<\/a><\/li>\n<li><a href=\"\/cluj-napoca\/apartamente-vanzare\/marasti\/4-camere\/\">Apartamente cu 4 camere de vanzare M\u0103r\u0103\u0219ti, Cluj-Napoca<\/a><\/li>\n<\/ul>\n<p><a href=\"\/cluj-napoca\/imobiliare-25-151482-de-vanzare-apartament-4-camere-in-marasti\/\" class=\"pb-listing-action\">Detaliile proprietatii<\/a><\/p>\n<p><h2 class=\"wp-block-heading\">Descoper\u0103 Apartamentul Ideal \u00een M\u0103r\u0103\u0219ti: Spa\u021biu \u0219i Confort \u00een Inima Clujului<\/h2>\n<p>Dac\u0103 e\u0219ti \u00een c\u0103utarea unui apartament spa\u021bios \u0219i bine compartimentat, situat \u00eentr-o zon\u0103 dinamic\u0103 a Clujului, te invit s\u0103 descoperi aceast\u0103 minunat\u0103 proprietate cu 4 camere din M\u0103r\u0103\u0219ti. Aceast\u0103 zon\u0103 vibrant\u0103 este cunoscut\u0103 pentru accesibilitate \u0219i diversele facilit\u0103\u021bi disponibile, ceea ce o face alegerea perfect\u0103 pentru familii sau pentru cei care doresc s\u0103 fie aproape de centrul ora\u0219ului.<\/p>\n<p><h2 class=\"wp-block-heading\">Loca\u021bia: Avantajul Principal<\/h2>\n<p>Situat aproape de \u0218coala de Muzic\u0103 Sigismund Toduta, acest apartament se bucur\u0103 de proximitatea mai multor institu\u021bii de \u00eenv\u0103\u021b\u0103m\u00e2nt, ceea ce \u00eel face ideal pentru familii cu copii sau pentru studen\u021bi. \u00cen plus, transportul public din zon\u0103 ofer\u0103 conexiuni rapide spre centrul ora\u0219ului \u0219i alte zone importante, facilit\u00e2nd deplas\u0103rile zilnice. Nu mai pu\u021bin importante sunt op\u021biunile de comer\u021b \u0219i servicii: Pia\u021ba M\u0103r\u0103\u0219ti, magazinele, supermarketurile, farmaciile \u0219i cafenelele din apropiere ofer\u0103 tot ce ai nevoie la doar c\u00e2teva minute distan\u021b\u0103.<\/p>\n<p><h2 class=\"wp-block-heading\">Detalii Despre Proprietate<\/h2>\n<p>Apartamentul dispune de un living generos cu acces pe balcon, oferind un spa\u021biu perfect pentru relaxare sau petrecerea timpului cu familia. Cele trei dormitoare decomandate contribuie la crearea unui mediu confortabil \u0219i privat, ideal pentru familii numeroase sau pentru cei care doresc s\u0103 aib\u0103 un birou acas\u0103. Buc\u0103t\u0103ria practic\u0103, \u00eempreun\u0103 cu o c\u0103mar\u0103 pentru depozitare, face g\u0103titul \u0219i organizarea u\u0219oare \u0219i pl\u0103cute.<\/p>\n<p>Cele dou\u0103 b\u0103i aduc un plus de confort, fiind extrem de utile pentru familii, iar holul mare completeaz\u0103 atmosfera de spa\u021biu \u0219i aerisire a apartamentului. \u00cen plus, blocul dispune de lift, ceea ce faciliteaz\u0103 accesul, mai ales pentru cei care locuiesc la etaje superioare.<\/p>\n<p><h2 class=\"wp-block-heading\">Orientarea Mixt\u0103: Lumin\u0103 \u0219i C\u0103ldur\u0103<\/h2>\n<p>Apartamentul are o orientare mixt\u0103, cu camerele de nord care primesc o lumin\u0103 bl\u00e2nd\u0103 \u00een timpul zilei, iar cele de sud se bucur\u0103 de razele soarelui, cre\u00e2nd un ambient cald \u0219i primitor. Aceast\u0103 caracteristic\u0103 nu numai c\u0103 \u00eembun\u0103t\u0103\u021be\u0219te confortul termic, dar \u0219i contribuie la o atmosfer\u0103 pl\u0103cut\u0103 \u0219i luminos\u0103 \u00een fiecare \u00eenc\u0103pere.<\/p>\n<p><h2 class=\"wp-block-heading\">Un Apartament Flexibil, Gata de Personalizare<\/h2>\n<p>Se vinde par\u021bial mobilat, oferind astfel flexibilitate \u00een ceea ce prive\u0219te amenajarea. Aceasta \u00eenseamn\u0103 c\u0103 \u00ee\u021bi po\u021bi aduce propriile idei \u0219i stiluri \u00een decorarea noului t\u0103u c\u0103min, transform\u00e2ndu-l cu adev\u0103rat \u00een locul pe care \u021bi-l dore\u0219ti.<\/p>\n<h2 class=\"wp-block-heading\">\u00cen Concluzie<\/h2>\n<p>Dac\u0103 e\u0219ti \u00een c\u0103utarea unui apartament generos, bine compartimentat \u0219i \u00eentr-o zon\u0103 excelent\u0103, acest spa\u021biu din M\u0103r\u0103\u0219ti poate fi alegerea perfect\u0103 pentru tine. Nu rata ocazia de a viziona aceast\u0103 proprietate \u0219i de a experimenta \u00een persoan\u0103 tot ceea ce are de oferit. \u00ce\u021bi dorim mult succes \u00een g\u0103sirea c\u0103minului visurilor tale!<\/p>\n<p><a href=\"\/cluj-napoca\/imobiliare-25-151482-de-vanzare-apartament-4-camere-in-marasti\/\" class=\"pb-listing-action\">Stabileste o vizionare<\/a><\/p>\n<ul>\n<li><a href=\"\/cluj-napoca\/\">Imobiliare Cluj-Napoca<\/a><\/li>\n<li><a href=\"\/cluj-napoca\/apartamente-vanzare\/\">Apartamente de vanzare Cluj-Napoca<\/a><\/li>\n<li><a href=\"\/cluj-napoca\/apartamente-vanzare\/4-camere\/\">Apartamente cu 4 camere de vanzare Cluj-Napoca<\/a><\/li>\n<li><a href=\"\/cluj-napoca\/apartamente-vanzare\/marasti\/4-camere\/\">Apartamente cu 4 camere de vanzare M\u0103r\u0103\u0219ti, Cluj-Napoca<\/a><\/li>\n<\/ul>\n\n<!-- ngfb content-buttons begin -->\n<!-- generated on 2026-04-23T05:15:29+00:00 -->\n<div class=\"ngfb-content-buttons\">\n<div class=\"ngfb-buttons en_US\">\n<!-- Email Button --><div class=\"css-button email-button\">\n  <a href=\"mailto:?subject=Share:%20Apartament%20Spacious%20cu%204%20Camere%20%C3%AEntr-o%20Zon%C4%83%20Dinamic%C4%83%20a%20Clujului%21&body=Cluj-Napoca%2C%20M%C4%83r%C4%83%C8%99ti%20-%20Apartament%20de%20v%C3%A2nzare%20cu%204%20camere%20%C3%AEn%20Marasti%2C%20Cluj%2C%20ideal%20pentru%20familii.%20Situat%20%C3%AEn%20zon%C4%83%20dinamic%C4%83%2C%20aproape%20de%20institu%C8%9Bii%20de%20%C3%AEnv%C4%83%C8%9B%C4%83m%C3%A2nt%20%C8%99i%20facilit%C4%83%C8%9Bi.%20Dispune%20de%20un%20living%20generos%2C%20trei%20dormitoare%20decomandate%2C%20buc%C4%83t%C4%83rie%20practic%C4%83%2C%20dou%C4%83%20b%C4%83i%20%C8%99i%20hol%20mare.%20Bloc%20cu%20lift%2C%20orientare%20mixt%C4%83%20care%20asigur%C4%83%20lumin%C4%83%20natural%C4%83.%20V%C3%A2ndut%20par%C8%9Bial%20mobilat%2C%20oferind%20oportunitatea%20de%20amenajare%20conform%20preferin%C8%9Belor.%20Perfect%20pentru%20cei%20%C3%AEn%20c%C4%83utarea%20unui%20spa%C8%9Biu%20bine%20compartimentat.%0D%0A%0D%0AShared%20from%20https:\/\/propertybook.ro\/blog\/apartament-spacious-cu-4-camere-intr-o-zona-dinamica-a-clujului\/%0D%0A\">\n    <span class=\"ngfb-icon\">\n      <svg xmlns=\"http:\/\/www.w3.org\/2000\/svg\" width=\"9\" height=\"9\" viewBox=\"0 0 28 28\">\n        <path d=\"M20.11 26.147c-2.335 1.05-4.36 1.4-7.124 1.4C6.524 27.548.84 22.916.84 15.284.84 7.343 6.602.45 15.4.45c6.854 0 11.8 4.7 11.8 11.252 0 5.684-3.193 9.265-7.398 9.3-1.83 0-3.153-.934-3.347-2.997h-.077c-1.208 1.986-2.96 2.997-5.023 2.997-2.532 0-4.36-1.868-4.36-5.062 0-4.75 3.503-9.07 9.11-9.07 1.713 0 3.7.4 4.6.972l-1.17 7.203c-.387 2.298-.115 3.3 1 3.4 1.674 0 3.774-2.102 3.774-6.58 0-5.06-3.27-8.994-9.304-8.994C9.05 2.87 3.83 7.545 3.83 14.97c0 6.5 4.2 10.2 10 10.202 1.987 0 4.09-.43 5.647-1.245l.634 2.22zM16.647 10.1c-.31-.078-.7-.155-1.207-.155-2.572 0-4.596 2.53-4.596 5.53 0 1.5.7 2.4 1.9 2.4 1.44 0 2.96-1.83 3.31-4.088l.592-3.72z\" \/>\n      <\/svg>\n    <\/span>\n    <span class=\"ngfb-text\"><\/span>\n  <\/a>\n<\/div><\/div><!-- .ngfb-buttons.en_US -->\n<\/div><!-- .ngfb-content-buttons -->\n<!-- ngfb content-buttons end -->\n\n","protected":false},"excerpt":{"rendered":"<p>Cluj-Napoca, M\u0103r\u0103\u0219ti &#8211; Apartament de v\u00e2nzare cu 4 camere \u00een Marasti, Cluj, ideal pentru familii. Situat \u00een zon\u0103 dinamic\u0103, aproape de institu\u021bii de \u00eenv\u0103\u021b\u0103m\u00e2nt \u0219i facilit\u0103\u021bi. Dispune de un living generos, trei dormitoare decomandate, buc\u0103t\u0103rie practic\u0103, dou\u0103 b\u0103i \u0219i hol mare. Bloc cu lift, orientare mixt\u0103 care asigur\u0103 lumin\u0103 natural\u0103. V\u00e2ndut par\u021bial mobilat, oferind oportunitatea de amenajare conform preferin\u021belor. Perfect pentru cei \u00een c\u0103utarea unui spa\u021biu bine compartimentat.<\/p>\n","protected":false},"author":8,"featured_media":4532,"comment_status":"open","ping_status":"open","sticky":false,"template":"","format":"standard","meta":{"footnotes":""},"categories":[50,48,47],"tags":[380,93,74,91,68,72,92],"class_list":["post-4533","post","type-post","status-publish","format-standard","has-post-thumbnail","hentry","category-apartamente-de-vanzare-in-cluj-napoca","category-oferte-imobiliare-in-cluj-napoca","category-oferte","tag-1-bai","tag-4-camere","tag-balcon","tag-cluj-napoca","tag-decomandat","tag-etaj-3","tag-marasti"],"_links":{"self":[{"href":"https:\/\/propertybook.ro\/blog\/wp-json\/wp\/v2\/posts\/4533","targetHints":{"allow":["GET"]}}],"collection":[{"href":"https:\/\/propertybook.ro\/blog\/wp-json\/wp\/v2\/posts"}],"about":[{"href":"https:\/\/propertybook.ro\/blog\/wp-json\/wp\/v2\/types\/post"}],"author":[{"embeddable":true,"href":"https:\/\/propertybook.ro\/blog\/wp-json\/wp\/v2\/users\/8"}],"replies":[{"embeddable":true,"href":"https:\/\/propertybook.ro\/blog\/wp-json\/wp\/v2\/comments?post=4533"}],"version-history":[{"count":0,"href":"https:\/\/propertybook.ro\/blog\/wp-json\/wp\/v2\/posts\/4533\/revisions"}],"wp:featuredmedia":[{"embeddable":true,"href":"https:\/\/propertybook.ro\/blog\/wp-json\/wp\/v2\/media\/4532"}],"wp:attachment":[{"href":"https:\/\/propertybook.ro\/blog\/wp-json\/wp\/v2\/media?parent=4533"}],"wp:term":[{"taxonomy":"category","embeddable":true,"href":"https:\/\/propertybook.ro\/blog\/wp-json\/wp\/v2\/categories?post=4533"},{"taxonomy":"post_tag","embeddable":true,"href":"https:\/\/propertybook.ro\/blog\/wp-json\/wp\/v2\/tags?post=4533"}],"curies":[{"name":"wp","href":"https:\/\/api.w.org\/{rel}","templated":true}]}}