{"id":4561,"date":"2025-03-17T19:43:34","date_gmt":"2025-03-17T17:43:34","guid":{"rendered":"https:\/\/propertybook.ro\/blog\/apartament-modern-cu-2-camere-pe-calea-grivitei-ideal-pentru-relaxare-in-centrul-bucurestiului\/"},"modified":"2025-03-17T19:43:34","modified_gmt":"2025-03-17T17:43:34","slug":"apartament-modern-cu-2-camere-pe-calea-grivitei-ideal-pentru-relaxare-in-centrul-bucurestiului","status":"publish","type":"post","link":"https:\/\/propertybook.ro\/blog\/apartament-modern-cu-2-camere-pe-calea-grivitei-ideal-pentru-relaxare-in-centrul-bucurestiului\/","title":{"rendered":"Apartament Modern cu 2 Camere pe Calea Grivitei &#8211; Ideal pentru Relaxare \u00een Centrul Bucure\u0219tiului"},"content":{"rendered":"\n<!-- ngfb content-buttons begin -->\n<!-- generated on 2026-04-30T08:32:47+00:00 -->\n<div class=\"ngfb-content-buttons\">\n<div class=\"ngfb-buttons en_US\">\n<!-- Email Button --><div class=\"css-button email-button\">\n  <a href=\"mailto:?subject=Share:%20Apartament%20Modern%20cu%202%20Camere%20pe%20Calea%20Grivitei%20%26%238211%3B%20Ideal%20pentru%20Relaxare%20%C3%AEn%20Centrul%20Bucure%C8%99tiului&body=Bucure%C8%99ti%20-%20Apartament%20cu%202%20camere%20situat%20pe%20Calea%20Grivitei%2C%20la%204%20minute%20de%20metrou%201%20Mai.%20Acesta%20se%20afl%C4%83%20la%20etajul%207%20din%207%2C%20oferind%20o%20priveliste%20lini%C8%99tit%C4%83%20%C8%99i%20a%20fost%20recent%20renovat%2C%20fiind%20mobilat%20%C8%99i%20utilat.%20Dispune%20de%20aer%20condi%C8%9Bionat%20%C8%99i%20balcon%20%C3%AEnchis.%20F%C4%83r%C4%83%20risc%20seismic%2C%20ideal%20pentru%20locuit%20sau%20investi%C8%9Bie%2C%20av%C3%A2nd%20acces%20facil%20la%20transport%20%C8%99i%20puncte%20de%20interes%20precum%20Gara%20de%20Nord%20%C8%99i%20Parcul%20Kiseleff.%20Certificatul%20energetic%20va%20fi%20disponibil%20la%20v%C3%A2nzare.%0D%0A%0D%0AShared%20from%20https:\/\/propertybook.ro\/blog\/apartament-modern-cu-2-camere-pe-calea-grivitei-ideal-pentru-relaxare-in-centrul-bucurestiului\/%0D%0A\">\n    <span class=\"ngfb-icon\">\n      <svg xmlns=\"http:\/\/www.w3.org\/2000\/svg\" width=\"9\" height=\"9\" viewBox=\"0 0 28 28\">\n        <path d=\"M20.11 26.147c-2.335 1.05-4.36 1.4-7.124 1.4C6.524 27.548.84 22.916.84 15.284.84 7.343 6.602.45 15.4.45c6.854 0 11.8 4.7 11.8 11.252 0 5.684-3.193 9.265-7.398 9.3-1.83 0-3.153-.934-3.347-2.997h-.077c-1.208 1.986-2.96 2.997-5.023 2.997-2.532 0-4.36-1.868-4.36-5.062 0-4.75 3.503-9.07 9.11-9.07 1.713 0 3.7.4 4.6.972l-1.17 7.203c-.387 2.298-.115 3.3 1 3.4 1.674 0 3.774-2.102 3.774-6.58 0-5.06-3.27-8.994-9.304-8.994C9.05 2.87 3.83 7.545 3.83 14.97c0 6.5 4.2 10.2 10 10.202 1.987 0 4.09-.43 5.647-1.245l.634 2.22zM16.647 10.1c-.31-.078-.7-.155-1.207-.155-2.572 0-4.596 2.53-4.596 5.53 0 1.5.7 2.4 1.9 2.4 1.44 0 2.96-1.83 3.31-4.088l.592-3.72z\" \/>\n      <\/svg>\n    <\/span>\n    <span class=\"ngfb-text\"><\/span>\n  <\/a>\n<\/div><\/div><!-- .ngfb-buttons.en_US -->\n<\/div><!-- .ngfb-content-buttons -->\n<!-- ngfb content-buttons end -->\n\n\n<!-- ngfb schema image for pinterest pin it button -->\n<div class=\"ngfb-schema-image-for-pinterest\" style=\"display:none;\">\n<img loading=\"lazy\" decoding=\"async\" src=\"https:\/\/propertybook.ro\/blog\/wp-content\/uploads\/2025\/03\/11023024.webp\" width=\"0\" height=\"0\" style=\"width:0;height:0;\" data-pin-description=\"Bucure\u0219ti - Apartament cu 2 camere situat pe Calea Grivitei, la 4 minute de metrou 1 Mai. Acesta se afl\u0103 la etajul 7 din 7, oferind o priveliste lini\u0219tit\u0103 \u0219i a fost recent renovat, fiind mobilat \u0219i utilat. Dispune de aer condi\u021bionat \u0219i balcon &icirc;nchis. F\u0103r\u0103 risc seismic, ideal pentru locuit sau...\" alt=\"\"\/>\n<\/div><!-- .ngfb-schema-image-for-pinterest -->\n\n<figure class=\"wp-block-image size-large\"><img decoding=\"async\" src=\"https:\/\/cdn.propertybook.ro\/svn_residentialist\/11023024.webp\" alt=\"\" \/><\/figure>\n<ul>\n<li><a href=\"\/bucuresti\/\">Imobiliare Bucure\u0219ti<\/a><\/li>\n<li><a href=\"\/bucuresti\/apartamente-vanzare\/2-camere\/\">Apartamente cu 2 camere de vanzare Bucure\u0219ti<\/a><\/li>\n<\/ul>\n<p><a href=\"\/bucuresti\/imobiliare-163-11023024-se-vinde-apartament-2-camere-in-sector-1-zona-1-mai\/\" class=\"pb-listing-action\">Detaliile proprietatii<\/a><\/p>\n<p><h2 class=\"wp-block-heading\">Apartament cu 2 Camere pe Calea Grivitei: O Oaz\u0103 de Lini\u0219te \u00een Inima Bucure\u0219tiului<\/h2>\n<p>\u00cen c\u0103utarea unui apartament \u00een Bucure\u0219ti, cu siguran\u021b\u0103, una dintre cele mai importante aspecte este pozi\u021bionarea &#8211; accesibilitatea la transport, apropierea de punctele de interes \u0219i, desigur, comfortul personal. Ast\u0103zi, v\u0103 prezent\u0103m o proprietate care \u00eembin\u0103 toate aceste calit\u0103\u021bi: un apartament cu 2 camere, situat pe Calea Grivitei, la doar c\u00e2teva minute de sta\u021bia de metrou 1 Mai.<\/p>\n<p><h2 class=\"wp-block-heading\">Loca\u021bie Ideal\u0103<\/h2>\n<p>Situat \u00een inima capitalei, acest apartament beneficiaz\u0103 de o amplasare excelent\u0103. La doar 4 minute de mers pe jos p\u00e2n\u0103 la metrou, locatarii se pot bucura de acces rapid c\u0103tre diverse col\u021buri ale ora\u0219ului. \u00cen plus, vecin\u0103tatea cu Registrul Auto Rom\u00e2n (R.A.R.), Gara de Nord \u0219i Parcul Kiseleff ofer\u0103 nu doar comoditate, ci \u0219i o gam\u0103 variat\u0103 de activit\u0103\u021bi culturale, educa\u021bionale \u0219i comerciale la \u00eendem\u00e2n\u0103.<\/p>\n<p><h2 class=\"wp-block-heading\">Un Spa\u021biu de Tranquilitate<\/h2>\n<p>Apartamentul se afl\u0103 la etajul 7 dintr-o cl\u0103dire cu 7 nivele, ceea ce asigur\u0103 nu doar intimitate, ci \u0219i o priveli\u0219te lini\u0219tit\u0103 spre spatele cl\u0103dirii, departe de agita\u021bia urban\u0103. Aceast\u0103 loca\u021bie ofer\u0103 o oaz\u0103 de lini\u0219te, ideal\u0103 pentru cei care doresc s\u0103 se relaxeze dup\u0103 o zi plin\u0103 de activitate. <\/p>\n<p><h2 class=\"wp-block-heading\">Confort \u0219i Modernitate<\/h2>\n<p>Experien\u021ba de locuit aici este \u00eembun\u0103t\u0103\u021bit\u0103 de renov\u0103rile recente, care au transformat acest apartament \u00eentr-un spa\u021biu modern, confortabil, mobilat \u0219i utilat conform standardelor actuale. Aerul condi\u021bionat asigur\u0103 o temperatur\u0103 pl\u0103cut\u0103 \u00een zilele c\u0103lduroase de var\u0103, iar balconul \u00eenchis poate fi utilizat ca un spa\u021biu suplimentar pentru relaxare sau depozitare.<\/p>\n<p><h2 class=\"wp-block-heading\">Siguran\u021b\u0103 \u0219i Stabilitate<\/h2>\n<p>Un alt aspect demn de men\u021bionat al acestei propriet\u0103\u021bi este c\u0103 imobilul nu se \u00eencadreaz\u0103 \u00een clase de risc seismic sau de urgen\u021b\u0103. Aceasta ofer\u0103 locatarilor un sentiment suplimentar de siguran\u021b\u0103 \u0219i stabilitate, un factor esen\u021bial \u00een alegerea unui nou c\u0103min.<\/p>\n<p><h2 class=\"wp-block-heading\">Oportunitate de Investi\u021bie<\/h2>\n<p>Pe l\u00e2ng\u0103 faptul c\u0103 reprezint\u0103 o alegere excelent\u0103 pentru cei care doresc s\u0103 locuiasc\u0103 \u00een zon\u0103, aceast\u0103 proprietate are un poten\u021bial ridicat ca investi\u021bie. Datorit\u0103 pozi\u021bion\u0103rii centrale \u0219i accesului facil la servicii \u0219i facilit\u0103\u021bi, apartamentul este ideal pentru \u00eenchiriere, \u00een special pentru cei care caut\u0103 un loc de cazare temporar\u0103 \u00een centrul ora\u0219ului.<\/p>\n<p><h2 class=\"wp-block-heading\">Concluzie<\/h2>\n<p>Pentru cei care caut\u0103 un apartament modern, confortabil, situat \u00eentr-o zon\u0103 central\u0103, cu acces rapid la transport \u0219i puncte de interes, acest apartament cu 2 camere pe Calea Grivitei reprezint\u0103 o alegere excelent\u0103. Fie c\u0103 este vorba despre un c\u0103min personal sau o investi\u021bie pe termen lung, aceast\u0103 proprietate are toate calit\u0103\u021bile necesare pentru a satisface cele mai exigente cerin\u021be. <\/p>\n<p>Dac\u0103 sunte\u021bi interesat de acest apartament, nu ezita\u021bi s\u0103 explora\u021bi mai multe detalii \u0219i oportunit\u0103\u021bi. Aceasta ar putea fi \u0219ansa pe care o a\u0219tepta\u021bi!<\/p>\n<p><a href=\"\/bucuresti\/imobiliare-163-11023024-se-vinde-apartament-2-camere-in-sector-1-zona-1-mai\/\" class=\"pb-listing-action\">Stabileste o vizionare<\/a><\/p>\n<ul>\n<li><a href=\"\/bucuresti\/\">Imobiliare Bucure\u0219ti<\/a><\/li>\n<li><a href=\"\/bucuresti\/apartamente-vanzare\/2-camere\/\">Apartamente cu 2 camere de vanzare Bucure\u0219ti<\/a><\/li>\n<\/ul>\n\n<!-- ngfb content-buttons begin -->\n<!-- generated on 2026-04-30T08:32:47+00:00 -->\n<div class=\"ngfb-content-buttons\">\n<div class=\"ngfb-buttons en_US\">\n<!-- Email Button --><div class=\"css-button email-button\">\n  <a href=\"mailto:?subject=Share:%20Apartament%20Modern%20cu%202%20Camere%20pe%20Calea%20Grivitei%20%26%238211%3B%20Ideal%20pentru%20Relaxare%20%C3%AEn%20Centrul%20Bucure%C8%99tiului&body=Bucure%C8%99ti%20-%20Apartament%20cu%202%20camere%20situat%20pe%20Calea%20Grivitei%2C%20la%204%20minute%20de%20metrou%201%20Mai.%20Acesta%20se%20afl%C4%83%20la%20etajul%207%20din%207%2C%20oferind%20o%20priveliste%20lini%C8%99tit%C4%83%20%C8%99i%20a%20fost%20recent%20renovat%2C%20fiind%20mobilat%20%C8%99i%20utilat.%20Dispune%20de%20aer%20condi%C8%9Bionat%20%C8%99i%20balcon%20%C3%AEnchis.%20F%C4%83r%C4%83%20risc%20seismic%2C%20ideal%20pentru%20locuit%20sau%20investi%C8%9Bie%2C%20av%C3%A2nd%20acces%20facil%20la%20transport%20%C8%99i%20puncte%20de%20interes%20precum%20Gara%20de%20Nord%20%C8%99i%20Parcul%20Kiseleff.%20Certificatul%20energetic%20va%20fi%20disponibil%20la%20v%C3%A2nzare.%0D%0A%0D%0AShared%20from%20https:\/\/propertybook.ro\/blog\/apartament-modern-cu-2-camere-pe-calea-grivitei-ideal-pentru-relaxare-in-centrul-bucurestiului\/%0D%0A\">\n    <span class=\"ngfb-icon\">\n      <svg xmlns=\"http:\/\/www.w3.org\/2000\/svg\" width=\"9\" height=\"9\" viewBox=\"0 0 28 28\">\n        <path d=\"M20.11 26.147c-2.335 1.05-4.36 1.4-7.124 1.4C6.524 27.548.84 22.916.84 15.284.84 7.343 6.602.45 15.4.45c6.854 0 11.8 4.7 11.8 11.252 0 5.684-3.193 9.265-7.398 9.3-1.83 0-3.153-.934-3.347-2.997h-.077c-1.208 1.986-2.96 2.997-5.023 2.997-2.532 0-4.36-1.868-4.36-5.062 0-4.75 3.503-9.07 9.11-9.07 1.713 0 3.7.4 4.6.972l-1.17 7.203c-.387 2.298-.115 3.3 1 3.4 1.674 0 3.774-2.102 3.774-6.58 0-5.06-3.27-8.994-9.304-8.994C9.05 2.87 3.83 7.545 3.83 14.97c0 6.5 4.2 10.2 10 10.202 1.987 0 4.09-.43 5.647-1.245l.634 2.22zM16.647 10.1c-.31-.078-.7-.155-1.207-.155-2.572 0-4.596 2.53-4.596 5.53 0 1.5.7 2.4 1.9 2.4 1.44 0 2.96-1.83 3.31-4.088l.592-3.72z\" \/>\n      <\/svg>\n    <\/span>\n    <span class=\"ngfb-text\"><\/span>\n  <\/a>\n<\/div><\/div><!-- .ngfb-buttons.en_US -->\n<\/div><!-- .ngfb-content-buttons -->\n<!-- ngfb content-buttons end -->\n\n","protected":false},"excerpt":{"rendered":"<p>Bucure\u0219ti &#8211; Apartament cu 2 camere situat pe Calea Grivitei, la 4 minute de metrou 1 Mai. Acesta se afl\u0103 la etajul 7 din 7, oferind o priveliste lini\u0219tit\u0103 \u0219i a fost recent renovat, fiind mobilat \u0219i utilat. Dispune de aer condi\u021bionat \u0219i balcon \u00eenchis. F\u0103r\u0103 risc seismic, ideal pentru locuit sau investi\u021bie, av\u00e2nd acces facil la transport \u0219i puncte de interes precum Gara de Nord \u0219i Parcul Kiseleff. Certificatul energetic va fi disponibil la v\u00e2nzare.<\/p>\n","protected":false},"author":8,"featured_media":4560,"comment_status":"open","ping_status":"open","sticky":false,"template":"","format":"standard","meta":{"footnotes":""},"categories":[52,49,47],"tags":[62,214,74,89,305,376,70,63,85],"class_list":["post-4561","post","type-post","status-publish","format-standard","has-post-thumbnail","hentry","category-apartamente-de-vanzare-bucuresti","category-oferte-imobiliare-bucuresti","category-oferte","tag-2-camere","tag-an-const-1962","tag-balcon","tag-bucuresti","tag-etaj-7-7","tag-o-baie","tag-parchet","tag-semidecomandat","tag-termopane"],"_links":{"self":[{"href":"https:\/\/propertybook.ro\/blog\/wp-json\/wp\/v2\/posts\/4561","targetHints":{"allow":["GET"]}}],"collection":[{"href":"https:\/\/propertybook.ro\/blog\/wp-json\/wp\/v2\/posts"}],"about":[{"href":"https:\/\/propertybook.ro\/blog\/wp-json\/wp\/v2\/types\/post"}],"author":[{"embeddable":true,"href":"https:\/\/propertybook.ro\/blog\/wp-json\/wp\/v2\/users\/8"}],"replies":[{"embeddable":true,"href":"https:\/\/propertybook.ro\/blog\/wp-json\/wp\/v2\/comments?post=4561"}],"version-history":[{"count":0,"href":"https:\/\/propertybook.ro\/blog\/wp-json\/wp\/v2\/posts\/4561\/revisions"}],"wp:featuredmedia":[{"embeddable":true,"href":"https:\/\/propertybook.ro\/blog\/wp-json\/wp\/v2\/media\/4560"}],"wp:attachment":[{"href":"https:\/\/propertybook.ro\/blog\/wp-json\/wp\/v2\/media?parent=4561"}],"wp:term":[{"taxonomy":"category","embeddable":true,"href":"https:\/\/propertybook.ro\/blog\/wp-json\/wp\/v2\/categories?post=4561"},{"taxonomy":"post_tag","embeddable":true,"href":"https:\/\/propertybook.ro\/blog\/wp-json\/wp\/v2\/tags?post=4561"}],"curies":[{"name":"wp","href":"https:\/\/api.w.org\/{rel}","templated":true}]}}