{"id":4575,"date":"2025-03-18T15:43:33","date_gmt":"2025-03-18T13:43:33","guid":{"rendered":"https:\/\/propertybook.ro\/blog\/iti-doresti-un-apartament-modern-de-2-camere-in-la-citadela-vezi-aceasta-oportunitate\/"},"modified":"2025-03-18T15:43:33","modified_gmt":"2025-03-18T13:43:33","slug":"iti-doresti-un-apartament-modern-de-2-camere-in-la-citadela-vezi-aceasta-oportunitate","status":"publish","type":"post","link":"https:\/\/propertybook.ro\/blog\/iti-doresti-un-apartament-modern-de-2-camere-in-la-citadela-vezi-aceasta-oportunitate\/","title":{"rendered":"\u00ce\u021bi dore\u0219ti un apartament modern de 2 camere \u00een La Citadela? Vezi aceast\u0103 oportunitate!"},"content":{"rendered":"\n<!-- ngfb content-buttons begin -->\n<!-- generated on 2026-05-01T07:01:57+00:00 -->\n<div class=\"ngfb-content-buttons\">\n<div class=\"ngfb-buttons en_US\">\n<!-- Email Button --><div class=\"css-button email-button\">\n  <a href=\"mailto:?subject=Share:%20%C3%8E%C8%9Bi%20dore%C8%99ti%20un%20apartament%20modern%20de%202%20camere%20%C3%AEn%20La%20Citadela%3F%20Vezi%20aceast%C4%83%20oportunitate%21&body=Bucure%C8%99ti%20-%20Apartament%20de%202%20camere%20de%20v%C3%A2nzare%20%C3%AEn%20ansamblul%20La%20Citadela%2C%20cu%20o%20suprafa%C8%9B%C4%83%20construit%C4%83%20de%2065%20mp%20%C8%99i%20util%C4%83%20de%2048%2C44%20mp.%20Dispune%20de%20living%2C%20hol%2C%20buc%C4%83t%C4%83rie%20%C3%AEnchis%C4%83%2C%20dormitor%20cu%20dressing%20%C8%99i%20baie%20cu%20cad%C4%83.%20Este%20amenajat%20cu%20bun%20gust%2C%20iar%20mobilierul%20%C8%99i%20electrocasnicele%20sunt%20incluse.%20Se%20vinde%20%C8%99i%20un%20loc%20de%20parcare%20spatios.%20Pre%C8%9Bul%20apartamentului%20este%20139.000%20Euro%2C%20iar%20locul%20de%20parcare%2014.000%20Euro.%0D%0A%0D%0AShared%20from%20https:\/\/propertybook.ro\/blog\/iti-doresti-un-apartament-modern-de-2-camere-in-la-citadela-vezi-aceasta-oportunitate\/%0D%0A\">\n    <span class=\"ngfb-icon\">\n      <svg xmlns=\"http:\/\/www.w3.org\/2000\/svg\" width=\"9\" height=\"9\" viewBox=\"0 0 28 28\">\n        <path d=\"M20.11 26.147c-2.335 1.05-4.36 1.4-7.124 1.4C6.524 27.548.84 22.916.84 15.284.84 7.343 6.602.45 15.4.45c6.854 0 11.8 4.7 11.8 11.252 0 5.684-3.193 9.265-7.398 9.3-1.83 0-3.153-.934-3.347-2.997h-.077c-1.208 1.986-2.96 2.997-5.023 2.997-2.532 0-4.36-1.868-4.36-5.062 0-4.75 3.503-9.07 9.11-9.07 1.713 0 3.7.4 4.6.972l-1.17 7.203c-.387 2.298-.115 3.3 1 3.4 1.674 0 3.774-2.102 3.774-6.58 0-5.06-3.27-8.994-9.304-8.994C9.05 2.87 3.83 7.545 3.83 14.97c0 6.5 4.2 10.2 10 10.202 1.987 0 4.09-.43 5.647-1.245l.634 2.22zM16.647 10.1c-.31-.078-.7-.155-1.207-.155-2.572 0-4.596 2.53-4.596 5.53 0 1.5.7 2.4 1.9 2.4 1.44 0 2.96-1.83 3.31-4.088l.592-3.72z\" \/>\n      <\/svg>\n    <\/span>\n    <span class=\"ngfb-text\"><\/span>\n  <\/a>\n<\/div><\/div><!-- .ngfb-buttons.en_US -->\n<\/div><!-- .ngfb-content-buttons -->\n<!-- ngfb content-buttons end -->\n\n\n<!-- ngfb schema image for pinterest pin it button -->\n<div class=\"ngfb-schema-image-for-pinterest\" style=\"display:none;\">\n<img loading=\"lazy\" decoding=\"async\" src=\"https:\/\/propertybook.ro\/blog\/wp-content\/uploads\/2025\/03\/11021823.webp\" width=\"0\" height=\"0\" style=\"width:0;height:0;\" data-pin-description=\"Bucure\u0219ti - Apartament de 2 camere de v&acirc;nzare &icirc;n ansamblul La Citadela, cu o suprafa\u021b\u0103 construit\u0103 de 65 mp \u0219i util\u0103 de 48,44 mp. Dispune de living, hol, buc\u0103t\u0103rie &icirc;nchis\u0103, dormitor cu dressing \u0219i baie cu cad\u0103. Este amenajat cu bun gust, iar mobilierul \u0219i electrocasnicele sunt incluse. Se vinde...\" alt=\"\"\/>\n<\/div><!-- .ngfb-schema-image-for-pinterest -->\n\n<figure class=\"wp-block-image size-large\"><img decoding=\"async\" src=\"https:\/\/cdn.propertybook.ro\/svn_residentialist\/11021823.webp\" alt=\"\" \/><\/figure>\n<ul>\n<li><a href=\"\/bucuresti\/\">Imobiliare Bucure\u0219ti<\/a><\/li>\n<li><a href=\"\/bucuresti\/apartamente-vanzare\/2-camere\/\">Apartamente cu 2 camere de vanzare Bucure\u0219ti<\/a><\/li>\n<\/ul>\n<p><a href=\"\/bucuresti\/imobiliare-163-11021823-de-vanzare-apartament-2-camere-in-sector-1-zona-sisesti\/\" class=\"pb-listing-action\">Detaliile proprietatii<\/a><\/p>\n<p><h2 class=\"wp-block-heading\">Apartament de 2 camere \u00een ansamblul La Citadela &#8211; O oportunitate rar\u0103!<\/h2>\n<p>Dac\u0103 e\u0219ti \u00een c\u0103utarea unui apartament cozy \u0219i modern, care s\u0103 \u00ee\u021bi ofere confortul dorit, atunci am o propunere pentru tine. \u00cen inima unui ansamblu reziden\u021bial de succes, \u00abLa Citadela\u00bb, este disponibil un apartament de 2 camere ce promite s\u0103 devin\u0103 noua ta cas\u0103.<\/p>\n<p>#<\/p>\n<h2 class=\"wp-block-heading\">Detalii despre apartament<\/h2>\n<p>Acest apartament spa\u021bios are o suprafa\u021b\u0103 construit\u0103 de 65 mp, iar suprafata util\u0103 se ridic\u0103 la 48,44 mp. Designul interior este bine g\u00e2ndit, incluz\u00e2nd un living luminos, hol de intrare, o buc\u0103t\u0103rie \u00eenchis\u0103 dotat\u0103 cu geam \u0219i un dormitor cu dressing. Baia, elegant amenajat\u0103, dispune de cad\u0103, ad\u0103ug\u00e2nd un plus de confort. <\/p>\n<p>Un aspect remarcabil al acestui apartament este calitatea amenaj\u0103rilor, care au fost realizate cu bun gust. Mobila \u0219i electrocasnicele sunt incluse \u00een pre\u021b, astfel \u00eenc\u00e2t te po\u021bi muta f\u0103r\u0103 griji, av\u00e2nd tot ce \u00ee\u021bi trebuie pentru un trai confortabil.<\/p>\n<p>#<\/p>\n<h2 class=\"wp-block-heading\">Un loc de parcare convenabil<\/h2>\n<p>Pentru a completa aceast\u0103 ofert\u0103, apartamentul include \u0219i un loc de parcare spacious, situat \u00een incinta complexului reziden\u021bial. Aceasta este o ad\u0103ugire extrem de util\u0103, mai ales \u00een condi\u021biile \u00een care parcarea devine din ce \u00een ce mai greu de g\u0103sit \u00een zonele urbane.<\/p>\n<p>#<\/p>\n<h2 class=\"wp-block-heading\">Loca\u021bie deosebit\u0103<\/h2>\n<p>Ansamblul La Citadela se bucur\u0103 de o pozi\u021bie excelent\u0103, fiind situat \u00eentr-o zon\u0103 lini\u0219tit\u0103, dar totodat\u0103 aproape de toate facilit\u0103\u021bile necesare. Accesibilitatea c\u0103tre transportul public, magazine, \u0219coli \u0219i parcuri face ca acest apartament s\u0103 fie alegerea ideal\u0103 at\u00e2t pentru familii, c\u00e2t \u0219i pentru tineri profesioni\u0219ti.<\/p>\n<p>#<\/p>\n<h2 class=\"wp-block-heading\">Pre\u021bul<\/h2>\n<p>Apartamentul este prezentat la pre\u021bul de 139.000 Euro, iar locul de parcare este disponibil pentru 14.000 Euro. Aceasta este o oportunitate rar\u0103, av\u00e2nd \u00een vedere cererea crescut\u0103 pentru astfel de propriet\u0103\u021bi \u00eentr-un complex at\u00e2t de bine cotat.<\/p>\n<p>#<\/p>\n<h2 class=\"wp-block-heading\">Concluzie<\/h2>\n<p>Dac\u0103 e\u0219ti \u00een c\u0103utarea unei noi locuin\u021be care s\u0103 \u00eembine confortul, elegan\u021ba \u0219i accesibilitatea, acest apartament din ansamblul La Citadela merit\u0103 o vizionare. Nu l\u0103sa aceast\u0103 oportunitate s\u0103 \u00ee\u021bi scape! Fie c\u0103 e\u0219ti un cump\u0103r\u0103tor pentru prima dat\u0103 sau un investitor experimentat, aceast\u0103 proprietate are poten\u021bialul de a deveni acas\u0103 pentru tine.<\/p>\n<p>Nu ezita s\u0103 \u00ee\u021bi programezi o vizionare \u0219i s\u0103 descoperi pe propria piele toate avantajele acestui apartament minunat!<\/p>\n<p><a href=\"\/bucuresti\/imobiliare-163-11021823-de-vanzare-apartament-2-camere-in-sector-1-zona-sisesti\/\" class=\"pb-listing-action\">Stabileste o vizionare<\/a><\/p>\n<ul>\n<li><a href=\"\/bucuresti\/\">Imobiliare Bucure\u0219ti<\/a><\/li>\n<li><a href=\"\/bucuresti\/apartamente-vanzare\/2-camere\/\">Apartamente cu 2 camere de vanzare Bucure\u0219ti<\/a><\/li>\n<\/ul>\n\n<!-- ngfb content-buttons begin -->\n<!-- generated on 2026-05-01T07:01:57+00:00 -->\n<div class=\"ngfb-content-buttons\">\n<div class=\"ngfb-buttons en_US\">\n<!-- Email Button --><div class=\"css-button email-button\">\n  <a href=\"mailto:?subject=Share:%20%C3%8E%C8%9Bi%20dore%C8%99ti%20un%20apartament%20modern%20de%202%20camere%20%C3%AEn%20La%20Citadela%3F%20Vezi%20aceast%C4%83%20oportunitate%21&body=Bucure%C8%99ti%20-%20Apartament%20de%202%20camere%20de%20v%C3%A2nzare%20%C3%AEn%20ansamblul%20La%20Citadela%2C%20cu%20o%20suprafa%C8%9B%C4%83%20construit%C4%83%20de%2065%20mp%20%C8%99i%20util%C4%83%20de%2048%2C44%20mp.%20Dispune%20de%20living%2C%20hol%2C%20buc%C4%83t%C4%83rie%20%C3%AEnchis%C4%83%2C%20dormitor%20cu%20dressing%20%C8%99i%20baie%20cu%20cad%C4%83.%20Este%20amenajat%20cu%20bun%20gust%2C%20iar%20mobilierul%20%C8%99i%20electrocasnicele%20sunt%20incluse.%20Se%20vinde%20%C8%99i%20un%20loc%20de%20parcare%20spatios.%20Pre%C8%9Bul%20apartamentului%20este%20139.000%20Euro%2C%20iar%20locul%20de%20parcare%2014.000%20Euro.%0D%0A%0D%0AShared%20from%20https:\/\/propertybook.ro\/blog\/iti-doresti-un-apartament-modern-de-2-camere-in-la-citadela-vezi-aceasta-oportunitate\/%0D%0A\">\n    <span class=\"ngfb-icon\">\n      <svg xmlns=\"http:\/\/www.w3.org\/2000\/svg\" width=\"9\" height=\"9\" viewBox=\"0 0 28 28\">\n        <path d=\"M20.11 26.147c-2.335 1.05-4.36 1.4-7.124 1.4C6.524 27.548.84 22.916.84 15.284.84 7.343 6.602.45 15.4.45c6.854 0 11.8 4.7 11.8 11.252 0 5.684-3.193 9.265-7.398 9.3-1.83 0-3.153-.934-3.347-2.997h-.077c-1.208 1.986-2.96 2.997-5.023 2.997-2.532 0-4.36-1.868-4.36-5.062 0-4.75 3.503-9.07 9.11-9.07 1.713 0 3.7.4 4.6.972l-1.17 7.203c-.387 2.298-.115 3.3 1 3.4 1.674 0 3.774-2.102 3.774-6.58 0-5.06-3.27-8.994-9.304-8.994C9.05 2.87 3.83 7.545 3.83 14.97c0 6.5 4.2 10.2 10 10.202 1.987 0 4.09-.43 5.647-1.245l.634 2.22zM16.647 10.1c-.31-.078-.7-.155-1.207-.155-2.572 0-4.596 2.53-4.596 5.53 0 1.5.7 2.4 1.9 2.4 1.44 0 2.96-1.83 3.31-4.088l.592-3.72z\" \/>\n      <\/svg>\n    <\/span>\n    <span class=\"ngfb-text\"><\/span>\n  <\/a>\n<\/div><\/div><!-- .ngfb-buttons.en_US -->\n<\/div><!-- .ngfb-content-buttons -->\n<!-- ngfb content-buttons end -->\n\n","protected":false},"excerpt":{"rendered":"<p>Bucure\u0219ti &#8211; Apartament de 2 camere de v\u00e2nzare \u00een ansamblul La Citadela, cu o suprafa\u021b\u0103 construit\u0103 de 65 mp \u0219i util\u0103 de 48,44 mp. Dispune de living, hol, buc\u0103t\u0103rie \u00eenchis\u0103, dormitor cu dressing \u0219i baie cu cad\u0103. Este amenajat cu bun gust, iar mobilierul \u0219i electrocasnicele sunt incluse. Se vinde \u0219i un loc de parcare spatios. Pre\u021bul apartamentului este 139.000 Euro, iar locul de parcare 14.000 Euro.<\/p>\n","protected":false},"author":8,"featured_media":4574,"comment_status":"open","ping_status":"open","sticky":false,"template":"","format":"standard","meta":{"footnotes":""},"categories":[52,49,47],"tags":[62,210,74,89,68,103,376,70,85],"class_list":["post-4575","post","type-post","status-publish","format-standard","has-post-thumbnail","hentry","category-apartamente-de-vanzare-bucuresti","category-oferte-imobiliare-bucuresti","category-oferte","tag-2-camere","tag-an-const-2024","tag-balcon","tag-bucuresti","tag-decomandat","tag-etaj-1-3","tag-o-baie","tag-parchet","tag-termopane"],"_links":{"self":[{"href":"https:\/\/propertybook.ro\/blog\/wp-json\/wp\/v2\/posts\/4575","targetHints":{"allow":["GET"]}}],"collection":[{"href":"https:\/\/propertybook.ro\/blog\/wp-json\/wp\/v2\/posts"}],"about":[{"href":"https:\/\/propertybook.ro\/blog\/wp-json\/wp\/v2\/types\/post"}],"author":[{"embeddable":true,"href":"https:\/\/propertybook.ro\/blog\/wp-json\/wp\/v2\/users\/8"}],"replies":[{"embeddable":true,"href":"https:\/\/propertybook.ro\/blog\/wp-json\/wp\/v2\/comments?post=4575"}],"version-history":[{"count":0,"href":"https:\/\/propertybook.ro\/blog\/wp-json\/wp\/v2\/posts\/4575\/revisions"}],"wp:featuredmedia":[{"embeddable":true,"href":"https:\/\/propertybook.ro\/blog\/wp-json\/wp\/v2\/media\/4574"}],"wp:attachment":[{"href":"https:\/\/propertybook.ro\/blog\/wp-json\/wp\/v2\/media?parent=4575"}],"wp:term":[{"taxonomy":"category","embeddable":true,"href":"https:\/\/propertybook.ro\/blog\/wp-json\/wp\/v2\/categories?post=4575"},{"taxonomy":"post_tag","embeddable":true,"href":"https:\/\/propertybook.ro\/blog\/wp-json\/wp\/v2\/tags?post=4575"}],"curies":[{"name":"wp","href":"https:\/\/api.w.org\/{rel}","templated":true}]}}