{"id":4637,"date":"2025-03-21T15:44:07","date_gmt":"2025-03-21T13:44:07","guid":{"rendered":"https:\/\/propertybook.ro\/blog\/apartament-modern-cu-3-camere-si-parcare-in-zona-eugen-ionesco\/"},"modified":"2025-03-21T15:44:07","modified_gmt":"2025-03-21T13:44:07","slug":"apartament-modern-cu-3-camere-si-parcare-in-zona-eugen-ionesco","status":"publish","type":"post","link":"https:\/\/propertybook.ro\/blog\/apartament-modern-cu-3-camere-si-parcare-in-zona-eugen-ionesco\/","title":{"rendered":"Apartament modern cu 3 camere \u0219i parcare \u00een zona Eugen Ionesco"},"content":{"rendered":"\n<!-- ngfb content-buttons begin -->\n<!-- generated on 2026-04-30T01:31:20+00:00 -->\n<div class=\"ngfb-content-buttons\">\n<div class=\"ngfb-buttons en_US\">\n<!-- Email Button --><div class=\"css-button email-button\">\n  <a href=\"mailto:?subject=Share:%20Apartament%20modern%20cu%203%20camere%20%C8%99i%20parcare%20%C3%AEn%20zona%20Eugen%20Ionesco&body=Cluj-Napoca%2C%20Europa%20-%20Apartament%20cu%203%20camere%2C%20etaj%201%2C%20situat%20%C3%AEn%20cartierul%20Europa%2C%20cu%20o%20suprafa%C8%9B%C4%83%20util%C4%83%20de%2079%20mp.%20Compartimentat%20%C3%AEn%202%20dormitoare%2C%201%20camera%20de%20zi%2C%20buc%C4%83t%C4%83rie%20spa%C8%9Bioas%C4%83%2C%202%20b%C4%83i%20%C8%99i%202%20balcoane.%20Finisaje%20moderne%2C%20inclusiv%20parchet%20laminat%20%C8%99i%20feronerie%20de%20calitate.%20Confortul%20termic%20este%20asigurat%20de%20centrala%20proprie.%20Proprietatea%20dispune%20de%202%20locuri%20de%20parcare%20exterioare%2C%20situat%C4%83%20%C3%AEntr-o%20zon%C4%83%20cu%20construc%C8%9Bii%20noi%20%C8%99i%20puncte%20de%20interes.%0D%0A%0D%0AShared%20from%20https:\/\/propertybook.ro\/blog\/apartament-modern-cu-3-camere-si-parcare-in-zona-eugen-ionesco\/%0D%0A\">\n    <span class=\"ngfb-icon\">\n      <svg xmlns=\"http:\/\/www.w3.org\/2000\/svg\" width=\"9\" height=\"9\" viewBox=\"0 0 28 28\">\n        <path d=\"M20.11 26.147c-2.335 1.05-4.36 1.4-7.124 1.4C6.524 27.548.84 22.916.84 15.284.84 7.343 6.602.45 15.4.45c6.854 0 11.8 4.7 11.8 11.252 0 5.684-3.193 9.265-7.398 9.3-1.83 0-3.153-.934-3.347-2.997h-.077c-1.208 1.986-2.96 2.997-5.023 2.997-2.532 0-4.36-1.868-4.36-5.062 0-4.75 3.503-9.07 9.11-9.07 1.713 0 3.7.4 4.6.972l-1.17 7.203c-.387 2.298-.115 3.3 1 3.4 1.674 0 3.774-2.102 3.774-6.58 0-5.06-3.27-8.994-9.304-8.994C9.05 2.87 3.83 7.545 3.83 14.97c0 6.5 4.2 10.2 10 10.202 1.987 0 4.09-.43 5.647-1.245l.634 2.22zM16.647 10.1c-.31-.078-.7-.155-1.207-.155-2.572 0-4.596 2.53-4.596 5.53 0 1.5.7 2.4 1.9 2.4 1.44 0 2.96-1.83 3.31-4.088l.592-3.72z\" \/>\n      <\/svg>\n    <\/span>\n    <span class=\"ngfb-text\"><\/span>\n  <\/a>\n<\/div><\/div><!-- .ngfb-buttons.en_US -->\n<\/div><!-- .ngfb-content-buttons -->\n<!-- ngfb content-buttons end -->\n\n\n<!-- ngfb schema image for pinterest pin it button -->\n<div class=\"ngfb-schema-image-for-pinterest\" style=\"display:none;\">\n<img loading=\"lazy\" decoding=\"async\" src=\"https:\/\/propertybook.ro\/blog\/wp-content\/uploads\/2025\/03\/151635.webp\" width=\"0\" height=\"0\" style=\"width:0;height:0;\" data-pin-description=\"Cluj-Napoca, Europa - Apartament cu 3 camere, etaj 1, situat &icirc;n cartierul Europa, cu o suprafa\u021b\u0103 util\u0103 de 79 mp. Compartimentat &icirc;n 2 dormitoare, 1 camera de zi, buc\u0103t\u0103rie spa\u021bioas\u0103, 2 b\u0103i \u0219i 2 balcoane. Finisaje moderne, inclusiv parchet laminat \u0219i feronerie de calitate. Confortul termic este...\" alt=\"\"\/>\n<\/div><!-- .ngfb-schema-image-for-pinterest -->\n\n<figure class=\"wp-block-image size-large\"><img decoding=\"async\" src=\"https:\/\/cdn.propertybook.ro\/napoca_imobiliare\/151635.webp\" alt=\"\" \/><\/figure>\n<ul>\n<li><a href=\"\/cluj-napoca\/\">Imobiliare Cluj-Napoca<\/a><\/li>\n<li><a href=\"\/cluj-napoca\/apartamente-vanzare\/\">Apartamente de vanzare Cluj-Napoca<\/a><\/li>\n<li><a href=\"\/cluj-napoca\/apartamente-vanzare\/3-camere\/\">Apartamente cu 3 camere de vanzare Cluj-Napoca<\/a><\/li>\n<li><a href=\"\/cluj-napoca\/apartamente-vanzare\/europa\/3-camere\/\">Apartamente cu 3 camere de vanzare Europa, Cluj-Napoca<\/a><\/li>\n<\/ul>\n<p><a href=\"\/cluj-napoca\/imobiliare-25-151635-de-vanzare-apartament-3-camere-in-europa\/\" class=\"pb-listing-action\">Detaliile proprietatii<\/a><\/p>\n<p><h2 class=\"wp-block-heading\">Ideea de Acas\u0103: Apartament cu 3 Camere \u00een Cartierul Europa<\/h2>\n<p>Dac\u0103 sunte\u021bi \u00een c\u0103utarea unei locuin\u021be moderne \u0219i confortabile, un apartament cu 3 camere din cartierul Europa ar putea fi exact ce v\u0103 doriti. Situat pe strada Eugen Ionescu, acest imobil nou v\u0103 ofer\u0103 nu doar un spa\u021biu generos, ci \u0219i o atmosfer\u0103 pl\u0103cut\u0103 \u0219i accesibilitate la toate facilit\u0103\u021bile necesare unui stil de via\u021b\u0103 urban.<\/p>\n<p>#<\/p>\n<h2 class=\"wp-block-heading\">Detalii Despre Apartament<\/h2>\n<p>Apartamentul se afl\u0103 la etajul 1 al unui imobil cu dou\u0103 etaje \u0219i are o suprafa\u021b\u0103 util\u0103 de 79 mp. Compartimentarea acestuia include:<\/p>\n<p>&#8211; **2 Dormitoare:** Perfecte pentru o familie sau pentru a oferi un spa\u021biu de odihn\u0103 pentru oaspe\u021bi.<\/p>\n<p>&#8211; **1 Camer\u0103 de Zi:** Un loc ideal pentru relaxare, petrecerea timpului liber sau \u00eent\u00e2lniri cu prietenii.<\/p>\n<p>&#8211; **1 Buc\u0103t\u0103rie Spa\u021bioas\u0103:** Dotat\u0103 pentru a satisface nevoile oric\u0103rui pasionat de g\u0103tit.<\/p>\n<p>&#8211; **Hol \u0219i 2 B\u0103i:** Oferind confort \u0219i intimitate fiec\u0103rui utilizator.<\/p>\n<p>&#8211; **2 Balcoane:** Cu suprafe\u021be de 4.6 mp \u0219i 5.2 mp, unde pute\u021bi savura o cafea \u00een aer liber sau pur \u0219i simplu s\u0103 v\u0103 bucura\u021bi de razele soarelui.<\/p>\n<p>#<\/p>\n<h2 class=\"wp-block-heading\">Finisaje Moderne<\/h2>\n<p>Apartamentul se remarc\u0103 prin finisaje de calitate superioar\u0103. Pardoseala este realizat\u0103 din parchet laminat, iar pere\u021bii sunt zugr\u0103vi\u021bi cu vopsea lavabil\u0103, oferind un aspect modern \u0219i elegant. U\u0219ile interioare din lemn \u0219i u\u0219a de la intrare din metal confer\u0103 un plus de stil \u0219i siguran\u021b\u0103, iar feroneria termoizolant\u0103 din PVC asigur\u0103 confortul termic al locuin\u021bei.<\/p>\n<p>B\u0103ile \u0219i buc\u0103t\u0103ria sunt placate cu gresie \u0219i faian\u021b\u0103 moderne, care nu doar c\u0103 sunt estetice, dar sunt \u0219i u\u0219or de \u00eentre\u021binut. Confortul termic este garantat de o central\u0103 proprie, ceea ce v\u0103 ofer\u0103 control suplimentar asupra temperaturii din apartament.<\/p>\n<p>#<\/p>\n<h2 class=\"wp-block-heading\">Loca\u021bia Ideal\u0103<\/h2>\n<p>Unul dintre cele mai mari avantaje ale acestei propriet\u0103\u021bi este amplasarea sa strategic\u0103. Cartierul Europa este cunoscut pentru dezvolt\u0103rile sale recente \u0219i pentru faptul c\u0103 are toate punctele de interes la mic\u0103 distan\u021b\u0103 \u2013 magazine, \u0219coli, parcuri \u0219i mijloace de transport \u00een comun. Astfel, ve\u021bi beneficia de un mediu dinamic \u0219i vibrant, care \u00eembin\u0103 facilitatea accesului cu confortul unui spa\u021biu familiar.<\/p>\n<p>#<\/p>\n<h2 class=\"wp-block-heading\">Locuri de Parcare<\/h2>\n<p>Un alt aspect care distinge acest apartament este faptul c\u0103 beneficiaz\u0103 de **2 locuri de parcare exterioare**. Acest detaliu este esen\u021bial \u00eentr-un ora\u0219 aglomerat, oferindu-v\u0103 comoditatea de a parca f\u0103r\u0103 griji \u00een apropierea locuin\u021bei dumneavoastr\u0103.<\/p>\n<h2 class=\"wp-block-heading\">Concluzie<\/h2>\n<p>Acest apartament cu 3 camere din cartierul Europa este o alegere excelent\u0103 pentru cei care caut\u0103 un c\u0103min modern, confortabil \u0219i bine amplasat. Cu finisaje de calitate, un layout practic \u0219i toate facilit\u0103\u021bile necesare la \u00eendem\u00e2n\u0103, aceast\u0103 proprietate are poten\u021bialul de a deveni locuin\u021ba perfect\u0103 pentru dumneavoastr\u0103 \u0219i familia dumneavoastr\u0103. Dac\u0103 sunte\u021bi interesa\u021bi de o vizionare, nu ezita\u021bi s\u0103 explora\u021bi aceast\u0103 oportunitate!<\/p>\n<p><a href=\"\/cluj-napoca\/imobiliare-25-151635-de-vanzare-apartament-3-camere-in-europa\/\" class=\"pb-listing-action\">Stabileste o vizionare<\/a><\/p>\n<ul>\n<li><a href=\"\/cluj-napoca\/\">Imobiliare Cluj-Napoca<\/a><\/li>\n<li><a href=\"\/cluj-napoca\/apartamente-vanzare\/\">Apartamente de vanzare Cluj-Napoca<\/a><\/li>\n<li><a href=\"\/cluj-napoca\/apartamente-vanzare\/3-camere\/\">Apartamente cu 3 camere de vanzare Cluj-Napoca<\/a><\/li>\n<li><a href=\"\/cluj-napoca\/apartamente-vanzare\/europa\/3-camere\/\">Apartamente cu 3 camere de vanzare Europa, Cluj-Napoca<\/a><\/li>\n<\/ul>\n\n<!-- ngfb content-buttons begin -->\n<!-- generated on 2026-04-30T01:31:20+00:00 -->\n<div class=\"ngfb-content-buttons\">\n<div class=\"ngfb-buttons en_US\">\n<!-- Email Button --><div class=\"css-button email-button\">\n  <a href=\"mailto:?subject=Share:%20Apartament%20modern%20cu%203%20camere%20%C8%99i%20parcare%20%C3%AEn%20zona%20Eugen%20Ionesco&body=Cluj-Napoca%2C%20Europa%20-%20Apartament%20cu%203%20camere%2C%20etaj%201%2C%20situat%20%C3%AEn%20cartierul%20Europa%2C%20cu%20o%20suprafa%C8%9B%C4%83%20util%C4%83%20de%2079%20mp.%20Compartimentat%20%C3%AEn%202%20dormitoare%2C%201%20camera%20de%20zi%2C%20buc%C4%83t%C4%83rie%20spa%C8%9Bioas%C4%83%2C%202%20b%C4%83i%20%C8%99i%202%20balcoane.%20Finisaje%20moderne%2C%20inclusiv%20parchet%20laminat%20%C8%99i%20feronerie%20de%20calitate.%20Confortul%20termic%20este%20asigurat%20de%20centrala%20proprie.%20Proprietatea%20dispune%20de%202%20locuri%20de%20parcare%20exterioare%2C%20situat%C4%83%20%C3%AEntr-o%20zon%C4%83%20cu%20construc%C8%9Bii%20noi%20%C8%99i%20puncte%20de%20interes.%0D%0A%0D%0AShared%20from%20https:\/\/propertybook.ro\/blog\/apartament-modern-cu-3-camere-si-parcare-in-zona-eugen-ionesco\/%0D%0A\">\n    <span class=\"ngfb-icon\">\n      <svg xmlns=\"http:\/\/www.w3.org\/2000\/svg\" width=\"9\" height=\"9\" viewBox=\"0 0 28 28\">\n        <path d=\"M20.11 26.147c-2.335 1.05-4.36 1.4-7.124 1.4C6.524 27.548.84 22.916.84 15.284.84 7.343 6.602.45 15.4.45c6.854 0 11.8 4.7 11.8 11.252 0 5.684-3.193 9.265-7.398 9.3-1.83 0-3.153-.934-3.347-2.997h-.077c-1.208 1.986-2.96 2.997-5.023 2.997-2.532 0-4.36-1.868-4.36-5.062 0-4.75 3.503-9.07 9.11-9.07 1.713 0 3.7.4 4.6.972l-1.17 7.203c-.387 2.298-.115 3.3 1 3.4 1.674 0 3.774-2.102 3.774-6.58 0-5.06-3.27-8.994-9.304-8.994C9.05 2.87 3.83 7.545 3.83 14.97c0 6.5 4.2 10.2 10 10.202 1.987 0 4.09-.43 5.647-1.245l.634 2.22zM16.647 10.1c-.31-.078-.7-.155-1.207-.155-2.572 0-4.596 2.53-4.596 5.53 0 1.5.7 2.4 1.9 2.4 1.44 0 2.96-1.83 3.31-4.088l.592-3.72z\" \/>\n      <\/svg>\n    <\/span>\n    <span class=\"ngfb-text\"><\/span>\n  <\/a>\n<\/div><\/div><!-- .ngfb-buttons.en_US -->\n<\/div><!-- .ngfb-content-buttons -->\n<!-- ngfb content-buttons end -->\n\n","protected":false},"excerpt":{"rendered":"<p>Cluj-Napoca, Europa &#8211; Apartament cu 3 camere, etaj 1, situat \u00een cartierul Europa, cu o suprafa\u021b\u0103 util\u0103 de 79 mp. Compartimentat \u00een 2 dormitoare, 1 camera de zi, buc\u0103t\u0103rie spa\u021bioas\u0103, 2 b\u0103i \u0219i 2 balcoane. Finisaje moderne, inclusiv parchet laminat \u0219i feronerie de calitate. Confortul termic este asigurat de centrala proprie. Proprietatea dispune de 2 locuri de parcare exterioare, situat\u0103 \u00eentr-o zon\u0103 cu construc\u021bii noi \u0219i puncte de interes.<\/p>\n","protected":false},"author":8,"featured_media":4636,"comment_status":"open","ping_status":"open","sticky":false,"template":"","format":"standard","meta":{"footnotes":""},"categories":[50,48,47],"tags":[377,59,55,65,91,105,106,60,70,63],"class_list":["post-4637","post","type-post","status-publish","format-standard","has-post-thumbnail","hentry","category-apartamente-de-vanzare-in-cluj-napoca","category-oferte-imobiliare-in-cluj-napoca","category-oferte","tag-2-bai","tag-2-balcoane","tag-3-camere","tag-centrala-termica","tag-cluj-napoca","tag-etaj-1-2","tag-europa","tag-parcare","tag-parchet","tag-semidecomandat"],"_links":{"self":[{"href":"https:\/\/propertybook.ro\/blog\/wp-json\/wp\/v2\/posts\/4637","targetHints":{"allow":["GET"]}}],"collection":[{"href":"https:\/\/propertybook.ro\/blog\/wp-json\/wp\/v2\/posts"}],"about":[{"href":"https:\/\/propertybook.ro\/blog\/wp-json\/wp\/v2\/types\/post"}],"author":[{"embeddable":true,"href":"https:\/\/propertybook.ro\/blog\/wp-json\/wp\/v2\/users\/8"}],"replies":[{"embeddable":true,"href":"https:\/\/propertybook.ro\/blog\/wp-json\/wp\/v2\/comments?post=4637"}],"version-history":[{"count":0,"href":"https:\/\/propertybook.ro\/blog\/wp-json\/wp\/v2\/posts\/4637\/revisions"}],"wp:featuredmedia":[{"embeddable":true,"href":"https:\/\/propertybook.ro\/blog\/wp-json\/wp\/v2\/media\/4636"}],"wp:attachment":[{"href":"https:\/\/propertybook.ro\/blog\/wp-json\/wp\/v2\/media?parent=4637"}],"wp:term":[{"taxonomy":"category","embeddable":true,"href":"https:\/\/propertybook.ro\/blog\/wp-json\/wp\/v2\/categories?post=4637"},{"taxonomy":"post_tag","embeddable":true,"href":"https:\/\/propertybook.ro\/blog\/wp-json\/wp\/v2\/tags?post=4637"}],"curies":[{"name":"wp","href":"https:\/\/api.w.org\/{rel}","templated":true}]}}