{"id":4649,"date":"2025-03-21T19:43:46","date_gmt":"2025-03-21T17:43:46","guid":{"rendered":"https:\/\/propertybook.ro\/blog\/pentru-cei-care-apreciaza-confortul-apartament-modern-cu-3-camere-in-sisesti-aproape-de-metrou-si-cu-vedere-la-lac\/"},"modified":"2025-03-21T19:43:46","modified_gmt":"2025-03-21T17:43:46","slug":"pentru-cei-care-apreciaza-confortul-apartament-modern-cu-3-camere-in-sisesti-aproape-de-metrou-si-cu-vedere-la-lac","status":"publish","type":"post","link":"https:\/\/propertybook.ro\/blog\/pentru-cei-care-apreciaza-confortul-apartament-modern-cu-3-camere-in-sisesti-aproape-de-metrou-si-cu-vedere-la-lac\/","title":{"rendered":"Pentru cei care apreciaz\u0103 confortul: Apartament modern cu 3 camere \u00een Sisesti, aproape de metrou \u0219i cu vedere la lac"},"content":{"rendered":"\n<!-- ngfb content-buttons begin -->\n<!-- generated on 2026-05-01T03:03:02+00:00 -->\n<div class=\"ngfb-content-buttons\">\n<div class=\"ngfb-buttons en_US\">\n<!-- Email Button --><div class=\"css-button email-button\">\n  <a href=\"mailto:?subject=Share:%20Pentru%20cei%20care%20apreciaz%C4%83%20confortul%3A%20Apartament%20modern%20cu%203%20camere%20%C3%AEn%20Sisesti%2C%20aproape%20de%20metrou%20%C8%99i%20cu%20vedere%20la%20lac&body=Bucure%C8%99ti%20-%20Apartament%20modern%20cu%203%20camere%2C%20mobilat%20%C8%99i%20utilat%2C%20situat%20%C3%AEn%20Sise%C8%99ti%2C%20la%205%20minute%20de%20metrou%20Str%C4%83ule%C8%99ti.%20Amplasat%20la%20etajul%204%20%C3%AEntr-un%20complex%20cu%207000%20mp%20de%20spa%C8%9Bii%20verzi%20%C8%99i%20vedere%20la%20lacul%20Grivi%C8%9Ba%2C%20acesta%20dispune%20de%2080.93%20mp%2C%20inclusiv%20balcon.%20Designul%20interior%20include%20mobiliere%20pe%20comand%C4%83%2C%20aer%20condi%C8%9Bionat%2C%20centrala%20termic%C4%83%20proprie%20%C8%99i%20dot%C4%83ri%20moderne%2C%20precum%20iluminat%20LED%20smart%20%C8%99i%20obloane%20electrice.%0D%0A%0D%0AShared%20from%20https:\/\/propertybook.ro\/blog\/pentru-cei-care-apreciaza-confortul-apartament-modern-cu-3-camere-in-sisesti-aproape-de-metrou-si-cu-vedere-la-lac\/%0D%0A\">\n    <span class=\"ngfb-icon\">\n      <svg xmlns=\"http:\/\/www.w3.org\/2000\/svg\" width=\"9\" height=\"9\" viewBox=\"0 0 28 28\">\n        <path d=\"M20.11 26.147c-2.335 1.05-4.36 1.4-7.124 1.4C6.524 27.548.84 22.916.84 15.284.84 7.343 6.602.45 15.4.45c6.854 0 11.8 4.7 11.8 11.252 0 5.684-3.193 9.265-7.398 9.3-1.83 0-3.153-.934-3.347-2.997h-.077c-1.208 1.986-2.96 2.997-5.023 2.997-2.532 0-4.36-1.868-4.36-5.062 0-4.75 3.503-9.07 9.11-9.07 1.713 0 3.7.4 4.6.972l-1.17 7.203c-.387 2.298-.115 3.3 1 3.4 1.674 0 3.774-2.102 3.774-6.58 0-5.06-3.27-8.994-9.304-8.994C9.05 2.87 3.83 7.545 3.83 14.97c0 6.5 4.2 10.2 10 10.202 1.987 0 4.09-.43 5.647-1.245l.634 2.22zM16.647 10.1c-.31-.078-.7-.155-1.207-.155-2.572 0-4.596 2.53-4.596 5.53 0 1.5.7 2.4 1.9 2.4 1.44 0 2.96-1.83 3.31-4.088l.592-3.72z\" \/>\n      <\/svg>\n    <\/span>\n    <span class=\"ngfb-text\"><\/span>\n  <\/a>\n<\/div><\/div><!-- .ngfb-buttons.en_US -->\n<\/div><!-- .ngfb-content-buttons -->\n<!-- ngfb content-buttons end -->\n\n\n<!-- ngfb schema image for pinterest pin it button -->\n<div class=\"ngfb-schema-image-for-pinterest\" style=\"display:none;\">\n<img loading=\"lazy\" decoding=\"async\" src=\"https:\/\/propertybook.ro\/blog\/wp-content\/uploads\/2025\/03\/11015475.webp\" width=\"0\" height=\"0\" style=\"width:0;height:0;\" data-pin-description=\"Bucure\u0219ti - Apartament modern cu 3 camere, mobilat \u0219i utilat, situat &icirc;n Sise\u0219ti, la 5 minute de metrou Str\u0103ule\u0219ti. Amplasat la etajul 4 &icirc;ntr-un complex cu 7000 mp de spa\u021bii verzi \u0219i vedere la lacul Grivi\u021ba, acesta dispune de 80.93 mp, inclusiv balcon. Designul interior include mobiliere pe...\" alt=\"\"\/>\n<\/div><!-- .ngfb-schema-image-for-pinterest -->\n\n<figure class=\"wp-block-image size-large\"><img decoding=\"async\" src=\"https:\/\/cdn.propertybook.ro\/svn_residentialist\/11015475.webp\" alt=\"\" \/><\/figure>\n<ul>\n<li><a href=\"\/bucuresti\/\">Imobiliare Bucure\u0219ti<\/a><\/li>\n<li><a href=\"\/bucuresti\/apartamente-vanzare\/3-camere\/\">Apartamente cu 3 camere de vanzare Bucure\u0219ti<\/a><\/li>\n<\/ul>\n<p><a href=\"\/bucuresti\/imobiliare-163-11015475-de-vanzare-apartament-3-camere-in-sector-1-zona-sisesti\/\" class=\"pb-listing-action\">Detaliile proprietatii<\/a><\/p>\n<p><h2 class=\"wp-block-heading\">Descoper\u0103 Apartamentul Ideal \u00een Sise\u0219ti: Comfort \u0219i Elegan\u021b\u0103<\/h2>\n<p>Dac\u0103 e\u0219ti \u00een c\u0103utarea unei locuin\u021be care s\u0103 \u00eembine confortul, modernitatea \u0219i accesibilitatea, acest apartament cu 3 camere din Sise\u0219ti ar putea fi alegerea perfect\u0103 pentru tine. Situat la doar 5 minute distan\u021b\u0103 de sta\u021bia de metrou Str\u0103ule\u0219ti, acest imobil ofer\u0103 nu doar o loca\u021bie excelent\u0103, ci \u0219i un mediu deosebit pentru a tr\u0103i.<\/p>\n<p>#<\/p>\n<h2 class=\"wp-block-heading\">Spa\u021bii Verzi \u0219i Peisaje Spectaculoase<\/h2>\n<p>Unul dintre cele mai atr\u0103g\u0103toare aspecte ale complexului reziden\u021bial este spa\u021biul generos de peste 7000 mp de zone verzi. Aici, locuitorii pot savura momente de relaxare al\u0103turi de familie sau prieteni, bucur\u00e2ndu-se de aer curat \u0219i de priveli\u0219ti spectaculoase asupra lacului Grivi\u021ba. Pontonul privat adaug\u0103 un plus de farmec acestui loc, oferind oportunit\u0103\u021bi minunate pentru activit\u0103\u021bi recreative \u00een aer liber.<\/p>\n<p>#<\/p>\n<h2 class=\"wp-block-heading\">Un Apartament Modern \u0219i Confortabil<\/h2>\n<p>Apartamentul este situat la etajul 4 al unui imobil cu 10 etaje, construit \u00een 2022, \u0219i are o suprafa\u021b\u0103 util\u0103 total\u0103 de 80.93 mp, incluz\u00e2nd un balcon generos de 9,9 mp. Designul interior este modern \u0219i bine g\u00e2ndit, cu o compartimentare semidecomandat\u0103 care maximizeaz\u0103 func\u021bionalitatea.<\/p>\n<p>Layout-ul include un hol de primire, un living luminos cu acces la balcon, o buc\u0103t\u0103rie open space, dou\u0103 dormitoare, dintre care unul beneficiaz\u0103 de baie proprie, \u0219i o baie suplimentar\u0103 cu dus walk-in. Fiecare detaliu al apartamentului a fost atent ales, iar mobilierul personalizat \u0219i solu\u021biile de depozitare aduc un plus de organizare \u0219i stil.<\/p>\n<p>#<\/p>\n<h2 class=\"wp-block-heading\">Dot\u0103ri \u0219i Confort<\/h2>\n<p>Apartamentul este echipat cu toate facilit\u0103\u021bile necesare pentru un trai modern \u0219i confortabil. Printre dot\u0103rile incluse se num\u0103r\u0103:<\/p>\n<p>&#8211; Aer condi\u021bionat pentru zilele c\u0103lduroase de var\u0103<\/p>\n<p>&#8211; Ma\u0219in\u0103 de sp\u0103lat \u0219i usc\u0103tor LG pentru confortul t\u0103u<\/p>\n<p>&#8211; Televizor Philips pentru momente de relaxare<\/p>\n<p>&#8211; Ventilator automatizat \u00een b\u0103i, reglat \u00een func\u021bie de umiditate<\/p>\n<p>&#8211; Iluminare LED smart de 45w \u00een toate camerele<\/p>\n<p>&#8211; T\u00e2mpl\u0103rie Rehau, pentru eficien\u021b\u0103 energetic\u0103<\/p>\n<p>&#8211; Obloane electrice cu telecomand\u0103, pentru un confort sporit \u00een fiecare diminea\u021b\u0103<\/p>\n<p>&#8211; Buc\u0103t\u0103rie complet utilat\u0103 cu cuptor, plit\u0103 \u0219i hot\u0103 integrat\u0103<\/p>\n<p>Centrala termic\u0103 proprie asigur\u0103 o \u00eenc\u0103lzire uniform\u0103 \u00een pardoseal\u0103, garant\u00e2nd confortul pe timpul iernii.<\/p>\n<p>#<\/p>\n<h2 class=\"wp-block-heading\">Concluzie<\/h2>\n<p>Acest apartament din Sise\u0219ti este mai mult dec\u00e2t o simpl\u0103 locuin\u021b\u0103; este un loc unde confortul \u0219i stilul de via\u021b\u0103 modern se \u00eent\u00e2lnesc. Cu o loca\u021bie excelent\u0103, spa\u021bii verzi deosebite \u0219i dot\u0103ri de \u00eenalt\u0103 calitate, aceast\u0103 proprietate reprezint\u0103 o oportunitate unic\u0103 pentru cei care \u00ee\u0219i doresc s\u0103 \u00ee\u0219i construiasc\u0103 o via\u021b\u0103 plin\u0103 de momente frumoase. Dac\u0103 e\u0219ti \u00een c\u0103utarea unui nou \u201eacas\u0103\u201d, acest apartament merit\u0103 s\u0103 fie pe lista ta de vizionare!<\/p>\n<p><a href=\"\/bucuresti\/imobiliare-163-11015475-de-vanzare-apartament-3-camere-in-sector-1-zona-sisesti\/\" class=\"pb-listing-action\">Stabileste o vizionare<\/a><\/p>\n<ul>\n<li><a href=\"\/bucuresti\/\">Imobiliare Bucure\u0219ti<\/a><\/li>\n<li><a href=\"\/bucuresti\/apartamente-vanzare\/3-camere\/\">Apartamente cu 3 camere de vanzare Bucure\u0219ti<\/a><\/li>\n<\/ul>\n\n<!-- ngfb content-buttons begin -->\n<!-- generated on 2026-05-01T03:03:02+00:00 -->\n<div class=\"ngfb-content-buttons\">\n<div class=\"ngfb-buttons en_US\">\n<!-- Email Button --><div class=\"css-button email-button\">\n  <a href=\"mailto:?subject=Share:%20Pentru%20cei%20care%20apreciaz%C4%83%20confortul%3A%20Apartament%20modern%20cu%203%20camere%20%C3%AEn%20Sisesti%2C%20aproape%20de%20metrou%20%C8%99i%20cu%20vedere%20la%20lac&body=Bucure%C8%99ti%20-%20Apartament%20modern%20cu%203%20camere%2C%20mobilat%20%C8%99i%20utilat%2C%20situat%20%C3%AEn%20Sise%C8%99ti%2C%20la%205%20minute%20de%20metrou%20Str%C4%83ule%C8%99ti.%20Amplasat%20la%20etajul%204%20%C3%AEntr-un%20complex%20cu%207000%20mp%20de%20spa%C8%9Bii%20verzi%20%C8%99i%20vedere%20la%20lacul%20Grivi%C8%9Ba%2C%20acesta%20dispune%20de%2080.93%20mp%2C%20inclusiv%20balcon.%20Designul%20interior%20include%20mobiliere%20pe%20comand%C4%83%2C%20aer%20condi%C8%9Bionat%2C%20centrala%20termic%C4%83%20proprie%20%C8%99i%20dot%C4%83ri%20moderne%2C%20precum%20iluminat%20LED%20smart%20%C8%99i%20obloane%20electrice.%0D%0A%0D%0AShared%20from%20https:\/\/propertybook.ro\/blog\/pentru-cei-care-apreciaza-confortul-apartament-modern-cu-3-camere-in-sisesti-aproape-de-metrou-si-cu-vedere-la-lac\/%0D%0A\">\n    <span class=\"ngfb-icon\">\n      <svg xmlns=\"http:\/\/www.w3.org\/2000\/svg\" width=\"9\" height=\"9\" viewBox=\"0 0 28 28\">\n        <path d=\"M20.11 26.147c-2.335 1.05-4.36 1.4-7.124 1.4C6.524 27.548.84 22.916.84 15.284.84 7.343 6.602.45 15.4.45c6.854 0 11.8 4.7 11.8 11.252 0 5.684-3.193 9.265-7.398 9.3-1.83 0-3.153-.934-3.347-2.997h-.077c-1.208 1.986-2.96 2.997-5.023 2.997-2.532 0-4.36-1.868-4.36-5.062 0-4.75 3.503-9.07 9.11-9.07 1.713 0 3.7.4 4.6.972l-1.17 7.203c-.387 2.298-.115 3.3 1 3.4 1.674 0 3.774-2.102 3.774-6.58 0-5.06-3.27-8.994-9.304-8.994C9.05 2.87 3.83 7.545 3.83 14.97c0 6.5 4.2 10.2 10 10.202 1.987 0 4.09-.43 5.647-1.245l.634 2.22zM16.647 10.1c-.31-.078-.7-.155-1.207-.155-2.572 0-4.596 2.53-4.596 5.53 0 1.5.7 2.4 1.9 2.4 1.44 0 2.96-1.83 3.31-4.088l.592-3.72z\" \/>\n      <\/svg>\n    <\/span>\n    <span class=\"ngfb-text\"><\/span>\n  <\/a>\n<\/div><\/div><!-- .ngfb-buttons.en_US -->\n<\/div><!-- .ngfb-content-buttons -->\n<!-- ngfb content-buttons end -->\n\n","protected":false},"excerpt":{"rendered":"<p>Bucure\u0219ti &#8211; Apartament modern cu 3 camere, mobilat \u0219i utilat, situat \u00een Sise\u0219ti, la 5 minute de metrou Str\u0103ule\u0219ti. Amplasat la etajul 4 \u00eentr-un complex cu 7000 mp de spa\u021bii verzi \u0219i vedere la lacul Grivi\u021ba, acesta dispune de 80.93 mp, inclusiv balcon. Designul interior include mobiliere pe comand\u0103, aer condi\u021bionat, centrala termic\u0103 proprie \u0219i dot\u0103ri moderne, precum iluminat LED smart \u0219i obloane electrice.<\/p>\n","protected":false},"author":8,"featured_media":4648,"comment_status":"open","ping_status":"open","sticky":false,"template":"","format":"standard","meta":{"footnotes":""},"categories":[52,49,47],"tags":[380,55,131,74,89,68,141,70,85],"class_list":["post-4649","post","type-post","status-publish","format-standard","has-post-thumbnail","hentry","category-apartamente-de-vanzare-bucuresti","category-oferte-imobiliare-bucuresti","category-oferte","tag-1-bai","tag-3-camere","tag-an-const-2022","tag-balcon","tag-bucuresti","tag-decomandat","tag-etaj-4-10","tag-parchet","tag-termopane"],"_links":{"self":[{"href":"https:\/\/propertybook.ro\/blog\/wp-json\/wp\/v2\/posts\/4649","targetHints":{"allow":["GET"]}}],"collection":[{"href":"https:\/\/propertybook.ro\/blog\/wp-json\/wp\/v2\/posts"}],"about":[{"href":"https:\/\/propertybook.ro\/blog\/wp-json\/wp\/v2\/types\/post"}],"author":[{"embeddable":true,"href":"https:\/\/propertybook.ro\/blog\/wp-json\/wp\/v2\/users\/8"}],"replies":[{"embeddable":true,"href":"https:\/\/propertybook.ro\/blog\/wp-json\/wp\/v2\/comments?post=4649"}],"version-history":[{"count":0,"href":"https:\/\/propertybook.ro\/blog\/wp-json\/wp\/v2\/posts\/4649\/revisions"}],"wp:featuredmedia":[{"embeddable":true,"href":"https:\/\/propertybook.ro\/blog\/wp-json\/wp\/v2\/media\/4648"}],"wp:attachment":[{"href":"https:\/\/propertybook.ro\/blog\/wp-json\/wp\/v2\/media?parent=4649"}],"wp:term":[{"taxonomy":"category","embeddable":true,"href":"https:\/\/propertybook.ro\/blog\/wp-json\/wp\/v2\/categories?post=4649"},{"taxonomy":"post_tag","embeddable":true,"href":"https:\/\/propertybook.ro\/blog\/wp-json\/wp\/v2\/tags?post=4649"}],"curies":[{"name":"wp","href":"https:\/\/api.w.org\/{rel}","templated":true}]}}