{"id":4663,"date":"2025-03-22T15:44:37","date_gmt":"2025-03-22T13:44:37","guid":{"rendered":"https:\/\/propertybook.ro\/blog\/apartament-modern-la-parter-cu-curte-interioara-si-terasa-predare-la-cheie-in-decembrie-2024\/"},"modified":"2025-03-22T15:44:37","modified_gmt":"2025-03-22T13:44:37","slug":"apartament-modern-la-parter-cu-curte-interioara-si-terasa-predare-la-cheie-in-decembrie-2024","status":"publish","type":"post","link":"https:\/\/propertybook.ro\/blog\/apartament-modern-la-parter-cu-curte-interioara-si-terasa-predare-la-cheie-in-decembrie-2024\/","title":{"rendered":"Apartament modern la parter cu curte interioar\u0103 \u0219i teras\u0103, predare la cheie \u00een decembrie 2024"},"content":{"rendered":"\n<!-- ngfb content-buttons begin -->\n<!-- generated on 2026-04-30T14:01:50+00:00 -->\n<div class=\"ngfb-content-buttons\">\n<div class=\"ngfb-buttons en_US\">\n<!-- Email Button --><div class=\"css-button email-button\">\n  <a href=\"mailto:?subject=Share:%20Apartament%20modern%20la%20parter%20cu%20curte%20interioar%C4%83%20%C8%99i%20teras%C4%83%2C%20predare%20la%20cheie%20%C3%AEn%20decembrie%202024&body=Bucure%C8%99ti%2C%20Obor%20-%20Apartamentul%20situat%20la%20parter%20va%20fi%20predat%20la%20cheie%2C%20nemobilat%2C%20cu%20centrala%20termic%C4%83%20%C8%99i%20calorifere.%20Noul%20proprietar%20va%20alege%20finisajele%2C%20iar%20predarea%20este%20estimat%C4%83%20pentru%20decembrie%202024.%20Suprafa%C8%9Ba%20total%C4%83%20este%20de%2091%2C21%20m%C2%B2%2C%20incluz%C3%A2nd%20curte%20interioar%C4%83%20%C8%99i%20teras%C4%83.%20Pre%C8%9Bul%20include%20%C8%99i%20un%20loc%20de%20parcare.%20De%20asemenea%2C%20sunt%20disponibile%20apartamente%20cu%202%20camere%20la%20etajele%201%2C%202%20%C8%99i%20mansard%C4%83%2C%20cu%20suprafe%C8%9Be%20%C3%AEntre%2051%20%C8%99i%2058%20m%C2%B2.%0D%0A%0D%0AShared%20from%20https:\/\/propertybook.ro\/blog\/apartament-modern-la-parter-cu-curte-interioara-si-terasa-predare-la-cheie-in-decembrie-2024\/%0D%0A\">\n    <span class=\"ngfb-icon\">\n      <svg xmlns=\"http:\/\/www.w3.org\/2000\/svg\" width=\"9\" height=\"9\" viewBox=\"0 0 28 28\">\n        <path d=\"M20.11 26.147c-2.335 1.05-4.36 1.4-7.124 1.4C6.524 27.548.84 22.916.84 15.284.84 7.343 6.602.45 15.4.45c6.854 0 11.8 4.7 11.8 11.252 0 5.684-3.193 9.265-7.398 9.3-1.83 0-3.153-.934-3.347-2.997h-.077c-1.208 1.986-2.96 2.997-5.023 2.997-2.532 0-4.36-1.868-4.36-5.062 0-4.75 3.503-9.07 9.11-9.07 1.713 0 3.7.4 4.6.972l-1.17 7.203c-.387 2.298-.115 3.3 1 3.4 1.674 0 3.774-2.102 3.774-6.58 0-5.06-3.27-8.994-9.304-8.994C9.05 2.87 3.83 7.545 3.83 14.97c0 6.5 4.2 10.2 10 10.202 1.987 0 4.09-.43 5.647-1.245l.634 2.22zM16.647 10.1c-.31-.078-.7-.155-1.207-.155-2.572 0-4.596 2.53-4.596 5.53 0 1.5.7 2.4 1.9 2.4 1.44 0 2.96-1.83 3.31-4.088l.592-3.72z\" \/>\n      <\/svg>\n    <\/span>\n    <span class=\"ngfb-text\"><\/span>\n  <\/a>\n<\/div><\/div><!-- .ngfb-buttons.en_US -->\n<\/div><!-- .ngfb-content-buttons -->\n<!-- ngfb content-buttons end -->\n\n<figure class=\"wp-block-image size-large\"><img decoding=\"async\" src=\"https:\/\/cdn.propertybook.ro\/agentia-imobiliara.ro\/2455737.webp\" alt=\"\" \/><\/figure>\n<ul>\n<li><a href=\"\/bucuresti\/\">Imobiliare Bucure\u0219ti<\/a><\/li>\n<li><a href=\"\/bucuresti\/apartamente-vanzare\/\">Apartamente de vanzare Bucure\u0219ti<\/a><\/li>\n<li><a href=\"\/bucuresti\/apartamente-vanzare\/3-camere\/\">Apartamente cu 3 camere de vanzare Bucure\u0219ti<\/a><\/li>\n<li><a href=\"\/bucuresti\/apartamente-vanzare\/obor\/3-camere\/\">Apartamente cu 3 camere de vanzare Obor, Bucure\u0219ti<\/a><\/li>\n<\/ul>\n<p><a href=\"\/bucuresti\/imobiliare-184-2455737-3-camere-obor-2025\/\" class=\"pb-listing-action\">Detaliile proprietatii<\/a><\/p>\n<p><h2 class=\"wp-block-heading\">Apartament Nou de V\u00e2nzare: Modernitate \u0219i Confort la Parter<\/h2>\n<p>Dac\u0103 e\u0219ti \u00een c\u0103utarea unei locuin\u021be moderne \u0219i foarte bine situate, acest apartament de la parter ar putea fi exact ceea ce cau\u021bi! Cu un design contemporan \u0219i facilit\u0103\u021bi care \u00ee\u021bi vor \u00eembun\u0103t\u0103\u021bi stilul de via\u021b\u0103, aceast\u0103 proprietate se prezint\u0103 ca o oportunitate unic\u0103 pe pia\u021ba imobiliar\u0103.<\/p>\n<p>#<\/p>\n<h2 class=\"wp-block-heading\">Detalii Cheie:<\/h2>\n<p>&#8211; **Predare la Cheie:** Apartamentul se va preda la cheie, ceea ce \u00eenseamn\u0103 c\u0103 noul proprietar va putea s\u0103 se mute f\u0103r\u0103 s\u0103 se preocupe de lucr\u0103ri suplimentare. De asemenea, proprietarul are libertatea de a alege gresia, faian\u021ba \u0219i parchetul, personaliz\u00e2nd astfel spa\u021biul \u00een func\u021bie de propriile preferin\u021be.<\/p>\n<p>&#8211; **Facilit\u0103\u021bi Moderne:** Este dotat cu central\u0103 termic\u0103 \u0219i calorifere, asigur\u00e2nd confortul termic \u00een sezonul rece. Acest aspect este esen\u021bial pentru un trai pl\u0103cut \u0219i relaxant.<\/p>\n<p>&#8211; **Spa\u021biu Generos:** Apartamentul dispune de o suprafa\u021b\u0103 total\u0103 de 91,21 m\u00b2, inclusiv terasa. Aceast\u0103 suprafa\u021b\u0103 generoas\u0103 permite amenajarea unui living confortabil, dormitor \u0219i o zon\u0103 de relaxare, fiind perfect pentru familii sau pentru cei care doresc un spa\u021biu personal mai amplu.<\/p>\n<p>&#8211; **Curte Interioar\u0103 \u0219i Teras\u0103:** Un mare avantaj al acestui apartament este curtea interioar\u0103 \u0219i terasa, un loc ideal pentru a te bucura de aerul liber, de vremea frumoas\u0103 sau de momentele de relaxare dup\u0103 o zi lung\u0103.<\/p>\n<p>&#8211; **Loc de Parcare Inclus:** \u00cen plus, apartamentul vine cu un loc de parcare inclus \u00een pre\u021b, un bonus extrem de valoros \u00een zonele urbane, unde parcarea poate fi o adev\u0103rat\u0103 provocare.<\/p>\n<p>&#8211; **Disponibilitate Imediat\u0103:** Predarea se va face \u00een aproximativ 1-3 luni, ceea ce \u00eenseamn\u0103 c\u0103 vei putea s\u0103 te mu\u021bi \u00eentr-un timp relativ scurt, odat\u0103 ce procesul de apartamentare \u0219i intabulare este finalizat.<\/p>\n<p>#<\/p>\n<h2 class=\"wp-block-heading\">Alte Op\u021biuni Disponibile:<\/h2>\n<p>Dac\u0103 e\u0219ti interesat de alte op\u021biuni \u00een acela\u0219i complex, exist\u0103 \u0219i apartamente cu 2 camere disponibile la etajele 1, 2 \u0219i mansard\u0103, cu suprafe\u021be cuprinse \u00eentre 51 \u0219i 58 m\u00b2. Acest lucru \u00ee\u021bi ofer\u0103 flexibilitate \u00een alegerea unui spa\u021biu adecvat stilului t\u0103u de via\u021b\u0103.<\/p>\n<h2 class=\"wp-block-heading\">Concluzie<\/h2>\n<p>Acesta este un moment superb pentru a investi \u00eentr-o proprietate modern\u0103, confortabil\u0103 \u0219i bine situat\u0103. Cu facilit\u0103\u021bi excelente \u0219i op\u021biuni de personalizare, acest apartament reprezint\u0103 o alegere inspirat\u0103. Dac\u0103 e\u0219ti \u00een c\u0103utarea unui c\u0103min care s\u0103 \u00eembine stilul de via\u021b\u0103 contemporan cu confortul, nu ezita s\u0103 explorezi aceast\u0103 oportunitate!<\/p>\n<p><a href=\"\/bucuresti\/imobiliare-184-2455737-3-camere-obor-2025\/\" class=\"pb-listing-action\">Stabileste o vizionare<\/a><\/p>\n<ul>\n<li><a href=\"\/bucuresti\/\">Imobiliare Bucure\u0219ti<\/a><\/li>\n<li><a href=\"\/bucuresti\/apartamente-vanzare\/\">Apartamente de vanzare Bucure\u0219ti<\/a><\/li>\n<li><a href=\"\/bucuresti\/apartamente-vanzare\/3-camere\/\">Apartamente cu 3 camere de vanzare Bucure\u0219ti<\/a><\/li>\n<li><a href=\"\/bucuresti\/apartamente-vanzare\/obor\/3-camere\/\">Apartamente cu 3 camere de vanzare Obor, Bucure\u0219ti<\/a><\/li>\n<\/ul>\n\n<!-- ngfb content-buttons begin -->\n<!-- generated on 2026-04-30T14:01:50+00:00 -->\n<div class=\"ngfb-content-buttons\">\n<div class=\"ngfb-buttons en_US\">\n<!-- Email Button --><div class=\"css-button email-button\">\n  <a href=\"mailto:?subject=Share:%20Apartament%20modern%20la%20parter%20cu%20curte%20interioar%C4%83%20%C8%99i%20teras%C4%83%2C%20predare%20la%20cheie%20%C3%AEn%20decembrie%202024&body=Bucure%C8%99ti%2C%20Obor%20-%20Apartamentul%20situat%20la%20parter%20va%20fi%20predat%20la%20cheie%2C%20nemobilat%2C%20cu%20centrala%20termic%C4%83%20%C8%99i%20calorifere.%20Noul%20proprietar%20va%20alege%20finisajele%2C%20iar%20predarea%20este%20estimat%C4%83%20pentru%20decembrie%202024.%20Suprafa%C8%9Ba%20total%C4%83%20este%20de%2091%2C21%20m%C2%B2%2C%20incluz%C3%A2nd%20curte%20interioar%C4%83%20%C8%99i%20teras%C4%83.%20Pre%C8%9Bul%20include%20%C8%99i%20un%20loc%20de%20parcare.%20De%20asemenea%2C%20sunt%20disponibile%20apartamente%20cu%202%20camere%20la%20etajele%201%2C%202%20%C8%99i%20mansard%C4%83%2C%20cu%20suprafe%C8%9Be%20%C3%AEntre%2051%20%C8%99i%2058%20m%C2%B2.%0D%0A%0D%0AShared%20from%20https:\/\/propertybook.ro\/blog\/apartament-modern-la-parter-cu-curte-interioara-si-terasa-predare-la-cheie-in-decembrie-2024\/%0D%0A\">\n    <span class=\"ngfb-icon\">\n      <svg xmlns=\"http:\/\/www.w3.org\/2000\/svg\" width=\"9\" height=\"9\" viewBox=\"0 0 28 28\">\n        <path d=\"M20.11 26.147c-2.335 1.05-4.36 1.4-7.124 1.4C6.524 27.548.84 22.916.84 15.284.84 7.343 6.602.45 15.4.45c6.854 0 11.8 4.7 11.8 11.252 0 5.684-3.193 9.265-7.398 9.3-1.83 0-3.153-.934-3.347-2.997h-.077c-1.208 1.986-2.96 2.997-5.023 2.997-2.532 0-4.36-1.868-4.36-5.062 0-4.75 3.503-9.07 9.11-9.07 1.713 0 3.7.4 4.6.972l-1.17 7.203c-.387 2.298-.115 3.3 1 3.4 1.674 0 3.774-2.102 3.774-6.58 0-5.06-3.27-8.994-9.304-8.994C9.05 2.87 3.83 7.545 3.83 14.97c0 6.5 4.2 10.2 10 10.202 1.987 0 4.09-.43 5.647-1.245l.634 2.22zM16.647 10.1c-.31-.078-.7-.155-1.207-.155-2.572 0-4.596 2.53-4.596 5.53 0 1.5.7 2.4 1.9 2.4 1.44 0 2.96-1.83 3.31-4.088l.592-3.72z\" \/>\n      <\/svg>\n    <\/span>\n    <span class=\"ngfb-text\"><\/span>\n  <\/a>\n<\/div><\/div><!-- .ngfb-buttons.en_US -->\n<\/div><!-- .ngfb-content-buttons -->\n<!-- ngfb content-buttons end -->\n\n","protected":false},"excerpt":{"rendered":"<p>Bucure\u0219ti, Obor &#8211; Apartamentul situat la parter va fi predat la cheie, nemobilat, cu centrala termic\u0103 \u0219i calorifere. Noul proprietar va alege finisajele, iar predarea este estimat\u0103 pentru decembrie 2024. Suprafa\u021ba total\u0103 este de 91,21 m\u00b2, incluz\u00e2nd curte interioar\u0103 \u0219i teras\u0103. Pre\u021bul include \u0219i un loc de parcare. De asemenea, sunt disponibile apartamente cu 2 camere la etajele 1, 2 \u0219i mansard\u0103, cu suprafe\u021be \u00eentre 51 \u0219i 58 m\u00b2.<\/p>\n","protected":false},"author":8,"featured_media":4662,"comment_status":"open","ping_status":"open","sticky":false,"template":"","format":"standard","meta":{"footnotes":""},"categories":[52,49,47],"tags":[55,246,89,65,68,139,231,60],"class_list":["post-4663","post","type-post","status-publish","format-standard","has-post-thumbnail","hentry","category-apartamente-de-vanzare-bucuresti","category-oferte-imobiliare-bucuresti","category-oferte","tag-3-camere","tag-an-const-2025","tag-bucuresti","tag-centrala-termica","tag-decomandat","tag-etaj-1","tag-obor","tag-parcare"],"_links":{"self":[{"href":"https:\/\/propertybook.ro\/blog\/wp-json\/wp\/v2\/posts\/4663","targetHints":{"allow":["GET"]}}],"collection":[{"href":"https:\/\/propertybook.ro\/blog\/wp-json\/wp\/v2\/posts"}],"about":[{"href":"https:\/\/propertybook.ro\/blog\/wp-json\/wp\/v2\/types\/post"}],"author":[{"embeddable":true,"href":"https:\/\/propertybook.ro\/blog\/wp-json\/wp\/v2\/users\/8"}],"replies":[{"embeddable":true,"href":"https:\/\/propertybook.ro\/blog\/wp-json\/wp\/v2\/comments?post=4663"}],"version-history":[{"count":0,"href":"https:\/\/propertybook.ro\/blog\/wp-json\/wp\/v2\/posts\/4663\/revisions"}],"wp:featuredmedia":[{"embeddable":true,"href":"https:\/\/propertybook.ro\/blog\/wp-json\/wp\/v2\/media\/4662"}],"wp:attachment":[{"href":"https:\/\/propertybook.ro\/blog\/wp-json\/wp\/v2\/media?parent=4663"}],"wp:term":[{"taxonomy":"category","embeddable":true,"href":"https:\/\/propertybook.ro\/blog\/wp-json\/wp\/v2\/categories?post=4663"},{"taxonomy":"post_tag","embeddable":true,"href":"https:\/\/propertybook.ro\/blog\/wp-json\/wp\/v2\/tags?post=4663"}],"curies":[{"name":"wp","href":"https:\/\/api.w.org\/{rel}","templated":true}]}}