{"id":4665,"date":"2025-03-22T17:43:57","date_gmt":"2025-03-22T15:43:57","guid":{"rendered":"https:\/\/propertybook.ro\/blog\/apartament-nou-cu-predare-la-cheie-si-loc-de-parcare-inclus-mansarda-47-66-m%c2%b2\/"},"modified":"2025-03-22T17:43:57","modified_gmt":"2025-03-22T15:43:57","slug":"apartament-nou-cu-predare-la-cheie-si-loc-de-parcare-inclus-mansarda-47-66-m%c2%b2","status":"publish","type":"post","link":"https:\/\/propertybook.ro\/blog\/apartament-nou-cu-predare-la-cheie-si-loc-de-parcare-inclus-mansarda-47-66-m%c2%b2\/","title":{"rendered":"Apartament Nou cu Predare la Cheie \u0219i Loc de Parcare Inclus \u2013 Mansard\u0103, 47.66 m\u00b2!"},"content":{"rendered":"\n<!-- ngfb content-buttons begin -->\n<!-- generated on 2026-04-25T11:53:57+00:00 -->\n<div class=\"ngfb-content-buttons\">\n<div class=\"ngfb-buttons en_US\">\n<!-- Email Button --><div class=\"css-button email-button\">\n  <a href=\"mailto:?subject=Share:%20Apartament%20Nou%20cu%20Predare%20la%20Cheie%20%C8%99i%20Loc%20de%20Parcare%20Inclus%20%E2%80%93%20Mansard%C4%83%2C%2047.66%20m%C2%B2%21&body=Bucure%C8%99ti%2C%20Obor%20-%20Apartamentul%2C%20situat%20la%20mansard%C4%83%2C%20va%20fi%20predat%20la%20cheie%20%C3%AEn%202024%2C%20fiind%20nemobilat%20%C8%99i%20av%C3%A2nd%20o%20suprafa%C8%9B%C4%83%20de%2047.66%20m%C2%B2%20%28f%C4%83r%C4%83%20balcon%29.%20Beneficiaz%C4%83%20de%20dou%C4%83%20balcoane%2C%20central%C4%83%20termic%C4%83%20cu%20calorifere%20%C8%99i%20op%C8%9Biunea%20de%20a%20alege%20finisajele%20interioare.%20Este%20inclus%20un%20loc%20de%20parcare%20%C3%AEn%20pre%C8%9B.%20Predarea%20se%20va%20face%20dup%C4%83%20completarea%20apartament%C4%83rii%20%C8%99i%20intabul%C4%83rii%2C%20estimat%C4%83%20%C3%AEn%201-3%20luni.%0D%0A%0D%0AShared%20from%20https:\/\/propertybook.ro\/blog\/apartament-nou-cu-predare-la-cheie-si-loc-de-parcare-inclus-mansarda-47-66-m%c2%b2\/%0D%0A\">\n    <span class=\"ngfb-icon\">\n      <svg xmlns=\"http:\/\/www.w3.org\/2000\/svg\" width=\"9\" height=\"9\" viewBox=\"0 0 28 28\">\n        <path d=\"M20.11 26.147c-2.335 1.05-4.36 1.4-7.124 1.4C6.524 27.548.84 22.916.84 15.284.84 7.343 6.602.45 15.4.45c6.854 0 11.8 4.7 11.8 11.252 0 5.684-3.193 9.265-7.398 9.3-1.83 0-3.153-.934-3.347-2.997h-.077c-1.208 1.986-2.96 2.997-5.023 2.997-2.532 0-4.36-1.868-4.36-5.062 0-4.75 3.503-9.07 9.11-9.07 1.713 0 3.7.4 4.6.972l-1.17 7.203c-.387 2.298-.115 3.3 1 3.4 1.674 0 3.774-2.102 3.774-6.58 0-5.06-3.27-8.994-9.304-8.994C9.05 2.87 3.83 7.545 3.83 14.97c0 6.5 4.2 10.2 10 10.202 1.987 0 4.09-.43 5.647-1.245l.634 2.22zM16.647 10.1c-.31-.078-.7-.155-1.207-.155-2.572 0-4.596 2.53-4.596 5.53 0 1.5.7 2.4 1.9 2.4 1.44 0 2.96-1.83 3.31-4.088l.592-3.72z\" \/>\n      <\/svg>\n    <\/span>\n    <span class=\"ngfb-text\"><\/span>\n  <\/a>\n<\/div><\/div><!-- .ngfb-buttons.en_US -->\n<\/div><!-- .ngfb-content-buttons -->\n<!-- ngfb content-buttons end -->\n\n<figure class=\"wp-block-image size-large\"><img decoding=\"async\" src=\"https:\/\/cdn.propertybook.ro\/agentia-imobiliara.ro\/2455790.webp\" alt=\"\" \/><\/figure>\n<ul>\n<li><a href=\"\/bucuresti\/\">Imobiliare Bucure\u0219ti<\/a><\/li>\n<li><a href=\"\/bucuresti\/apartamente-vanzare\/\">Apartamente de vanzare Bucure\u0219ti<\/a><\/li>\n<li><a href=\"\/bucuresti\/apartamente-vanzare\/2-camere\/\">Apartamente cu 2 camere de vanzare Bucure\u0219ti<\/a><\/li>\n<li><a href=\"\/bucuresti\/apartamente-vanzare\/obor\/2-camere\/\">Apartamente cu 2 camere de vanzare Obor, Bucure\u0219ti<\/a><\/li>\n<\/ul>\n<p><a href=\"\/bucuresti\/imobiliare-184-2455790-2-camere-obor-2025-47mp\/\" class=\"pb-listing-action\">Detaliile proprietatii<\/a><\/p>\n<p><h2 class=\"wp-block-heading\">Apartament Nou de V\u00e2nzare &#8211; Ideal pentru Tine!<\/h2>\n<p>Te-ai g\u00e2ndit vreodat\u0103 la un apartament care s\u0103 fie exact ceea ce ai visat? Avem o ofert\u0103 care ar putea s\u0103 \u021bi se par\u0103 interesant\u0103: un apartament la mansard\u0103, situat \u00eentr-un complex nou, care se va preda la cheie, oferindu-\u021bi oportunitatea de a-\u021bi personaliza spa\u021biul exact a\u0219a cum \u00ee\u021bi dore\u0219ti!<\/p>\n<p>#<\/p>\n<h2 class=\"wp-block-heading\">Detalii despre apartament<\/h2>\n<p>Acest apartament modern dispune de o suprafa\u021b\u0103 de 47,66 m\u00b2 (f\u0103r\u0103 balcon) \u0219i promite un confort extraordinar. Iat\u0103 c\u00e2teva dintre caracteristicile care \u00eel fac special:<\/p>\n<p>&#8211; **Design Open Space**: Livingul generos \u0219i buc\u0103t\u0103ria open space \u00ee\u021bi ofer\u0103 un spa\u021biu luminos \u0219i primitor, perfect pentru a te bucura de momente pl\u0103cute al\u0103turi de familie \u0219i prieteni.<\/p>\n<p>&#8211; **Baloane Spa\u021bioase**: \u00ce\u021bi po\u021bi savura cafeaua de diminea\u021b\u0103 pe cele dou\u0103 balcoane, relax\u00e2ndu-te \u00een aer liber.<\/p>\n<p>&#8211; **Confort Termic**: Apartamentul este dotat cu central\u0103 termic\u0103 \u0219i calorifere, asigur\u00e2ndu-\u021bi un confort termic optim pe timpul iernii.<\/p>\n<p>#<\/p>\n<h2 class=\"wp-block-heading\">Personalizare dup\u0103 Preferin\u021bele Tale<\/h2>\n<p>Unul dintre cele mai atractive aspecte ale acestei oferte este faptul c\u0103 predarea se va realiza la cheie, iar tu vei avea ocazia s\u0103 alegi gresia, faian\u021ba \u0219i parchetul care \u00ee\u021bi plac cel mai mult. Astfel, apartamentul va reflecta stilul \u0219i personalitatea ta.<\/p>\n<p>#<\/p>\n<h2 class=\"wp-block-heading\">\u00centregul Proces de Finalizare<\/h2>\n<p>Finalizarea proiectului este a\u0219teptat\u0103 \u00een termen de 1-3 luni, iar apartamentul va fi gata pentru intabulare. Astfel, vei avea parte de un proces rapid \u0219i eficient de mutare.<\/p>\n<p>#<\/p>\n<h2 class=\"wp-block-heading\">Alte Avantaje<\/h2>\n<p>Printre avantajele acestei propriet\u0103\u021bi se num\u0103r\u0103 \u0219i un loc de parcare inclus \u00een pre\u021b, ceea ce reprezint\u0103 o comoditate important\u0103 \u00een via\u021ba urban\u0103 aglomerat\u0103.<\/p>\n<p>#<\/p>\n<h2 class=\"wp-block-heading\">An de Construc\u021bie<\/h2>\n<p>Apartamentul se afl\u0103 \u00eentr-un imobil construit \u00een 2024, bucur\u00e2ndu-se de toate facilit\u0103\u021bile \u0219i dot\u0103rile moderne necesare unui stil de via\u021b\u0103 confortabil \u0219i practic.<\/p>\n<h2 class=\"wp-block-heading\">Concluzie<\/h2>\n<p>Dac\u0103 e\u0219ti \u00een c\u0103utarea unui apartament care s\u0103 \u00ee\u021bi ofere at\u00e2t confort, c\u00e2t \u0219i posibilitatea de personalizare, acest imobil este cu siguran\u021b\u0103 o op\u021biune de luat \u00een considerare. Nu rata ocazia de a deveni proprietar al acestui apartament modern \u0219i bine pozi\u021bionat! A\u0219adar, nu ezita s\u0103 \u00ee\u021bi faci planuri pentru noul t\u0103u c\u0103min!<\/p>\n<p><a href=\"\/bucuresti\/imobiliare-184-2455790-2-camere-obor-2025-47mp\/\" class=\"pb-listing-action\">Stabileste o vizionare<\/a><\/p>\n<ul>\n<li><a href=\"\/bucuresti\/\">Imobiliare Bucure\u0219ti<\/a><\/li>\n<li><a href=\"\/bucuresti\/apartamente-vanzare\/\">Apartamente de vanzare Bucure\u0219ti<\/a><\/li>\n<li><a href=\"\/bucuresti\/apartamente-vanzare\/2-camere\/\">Apartamente cu 2 camere de vanzare Bucure\u0219ti<\/a><\/li>\n<li><a href=\"\/bucuresti\/apartamente-vanzare\/obor\/2-camere\/\">Apartamente cu 2 camere de vanzare Obor, Bucure\u0219ti<\/a><\/li>\n<\/ul>\n\n<!-- ngfb content-buttons begin -->\n<!-- generated on 2026-04-25T11:53:57+00:00 -->\n<div class=\"ngfb-content-buttons\">\n<div class=\"ngfb-buttons en_US\">\n<!-- Email Button --><div class=\"css-button email-button\">\n  <a href=\"mailto:?subject=Share:%20Apartament%20Nou%20cu%20Predare%20la%20Cheie%20%C8%99i%20Loc%20de%20Parcare%20Inclus%20%E2%80%93%20Mansard%C4%83%2C%2047.66%20m%C2%B2%21&body=Bucure%C8%99ti%2C%20Obor%20-%20Apartamentul%2C%20situat%20la%20mansard%C4%83%2C%20va%20fi%20predat%20la%20cheie%20%C3%AEn%202024%2C%20fiind%20nemobilat%20%C8%99i%20av%C3%A2nd%20o%20suprafa%C8%9B%C4%83%20de%2047.66%20m%C2%B2%20%28f%C4%83r%C4%83%20balcon%29.%20Beneficiaz%C4%83%20de%20dou%C4%83%20balcoane%2C%20central%C4%83%20termic%C4%83%20cu%20calorifere%20%C8%99i%20op%C8%9Biunea%20de%20a%20alege%20finisajele%20interioare.%20Este%20inclus%20un%20loc%20de%20parcare%20%C3%AEn%20pre%C8%9B.%20Predarea%20se%20va%20face%20dup%C4%83%20completarea%20apartament%C4%83rii%20%C8%99i%20intabul%C4%83rii%2C%20estimat%C4%83%20%C3%AEn%201-3%20luni.%0D%0A%0D%0AShared%20from%20https:\/\/propertybook.ro\/blog\/apartament-nou-cu-predare-la-cheie-si-loc-de-parcare-inclus-mansarda-47-66-m%c2%b2\/%0D%0A\">\n    <span class=\"ngfb-icon\">\n      <svg xmlns=\"http:\/\/www.w3.org\/2000\/svg\" width=\"9\" height=\"9\" viewBox=\"0 0 28 28\">\n        <path d=\"M20.11 26.147c-2.335 1.05-4.36 1.4-7.124 1.4C6.524 27.548.84 22.916.84 15.284.84 7.343 6.602.45 15.4.45c6.854 0 11.8 4.7 11.8 11.252 0 5.684-3.193 9.265-7.398 9.3-1.83 0-3.153-.934-3.347-2.997h-.077c-1.208 1.986-2.96 2.997-5.023 2.997-2.532 0-4.36-1.868-4.36-5.062 0-4.75 3.503-9.07 9.11-9.07 1.713 0 3.7.4 4.6.972l-1.17 7.203c-.387 2.298-.115 3.3 1 3.4 1.674 0 3.774-2.102 3.774-6.58 0-5.06-3.27-8.994-9.304-8.994C9.05 2.87 3.83 7.545 3.83 14.97c0 6.5 4.2 10.2 10 10.202 1.987 0 4.09-.43 5.647-1.245l.634 2.22zM16.647 10.1c-.31-.078-.7-.155-1.207-.155-2.572 0-4.596 2.53-4.596 5.53 0 1.5.7 2.4 1.9 2.4 1.44 0 2.96-1.83 3.31-4.088l.592-3.72z\" \/>\n      <\/svg>\n    <\/span>\n    <span class=\"ngfb-text\"><\/span>\n  <\/a>\n<\/div><\/div><!-- .ngfb-buttons.en_US -->\n<\/div><!-- .ngfb-content-buttons -->\n<!-- ngfb content-buttons end -->\n\n","protected":false},"excerpt":{"rendered":"<p>Bucure\u0219ti, Obor &#8211; Apartamentul, situat la mansard\u0103, va fi predat la cheie \u00een 2024, fiind nemobilat \u0219i av\u00e2nd o suprafa\u021b\u0103 de 47.66 m\u00b2 (f\u0103r\u0103 balcon). Beneficiaz\u0103 de dou\u0103 balcoane, central\u0103 termic\u0103 cu calorifere \u0219i op\u021biunea de a alege finisajele interioare. Este inclus un loc de parcare \u00een pre\u021b. Predarea se va face dup\u0103 completarea apartament\u0103rii \u0219i intabul\u0103rii, estimat\u0103 \u00een 1-3 luni.<\/p>\n","protected":false},"author":8,"featured_media":4664,"comment_status":"open","ping_status":"open","sticky":false,"template":"","format":"standard","meta":{"footnotes":""},"categories":[52,49,47],"tags":[59,62,246,89,65,68,137,376,231,60],"class_list":["post-4665","post","type-post","status-publish","format-standard","has-post-thumbnail","hentry","category-apartamente-de-vanzare-bucuresti","category-oferte-imobiliare-bucuresti","category-oferte","tag-2-balcoane","tag-2-camere","tag-an-const-2025","tag-bucuresti","tag-centrala-termica","tag-decomandat","tag-etaj-2","tag-o-baie","tag-obor","tag-parcare"],"_links":{"self":[{"href":"https:\/\/propertybook.ro\/blog\/wp-json\/wp\/v2\/posts\/4665","targetHints":{"allow":["GET"]}}],"collection":[{"href":"https:\/\/propertybook.ro\/blog\/wp-json\/wp\/v2\/posts"}],"about":[{"href":"https:\/\/propertybook.ro\/blog\/wp-json\/wp\/v2\/types\/post"}],"author":[{"embeddable":true,"href":"https:\/\/propertybook.ro\/blog\/wp-json\/wp\/v2\/users\/8"}],"replies":[{"embeddable":true,"href":"https:\/\/propertybook.ro\/blog\/wp-json\/wp\/v2\/comments?post=4665"}],"version-history":[{"count":0,"href":"https:\/\/propertybook.ro\/blog\/wp-json\/wp\/v2\/posts\/4665\/revisions"}],"wp:featuredmedia":[{"embeddable":true,"href":"https:\/\/propertybook.ro\/blog\/wp-json\/wp\/v2\/media\/4664"}],"wp:attachment":[{"href":"https:\/\/propertybook.ro\/blog\/wp-json\/wp\/v2\/media?parent=4665"}],"wp:term":[{"taxonomy":"category","embeddable":true,"href":"https:\/\/propertybook.ro\/blog\/wp-json\/wp\/v2\/categories?post=4665"},{"taxonomy":"post_tag","embeddable":true,"href":"https:\/\/propertybook.ro\/blog\/wp-json\/wp\/v2\/tags?post=4665"}],"curies":[{"name":"wp","href":"https:\/\/api.w.org\/{rel}","templated":true}]}}