{"id":4669,"date":"2025-03-22T19:43:32","date_gmt":"2025-03-22T17:43:32","guid":{"rendered":"https:\/\/propertybook.ro\/blog\/caracteristici-excelente-pentru-apartament-cu-3-balcoane-situat-pe-etajul-6\/"},"modified":"2025-03-22T19:43:32","modified_gmt":"2025-03-22T17:43:32","slug":"caracteristici-excelente-pentru-apartament-cu-3-balcoane-situat-pe-etajul-6","status":"publish","type":"post","link":"https:\/\/propertybook.ro\/blog\/caracteristici-excelente-pentru-apartament-cu-3-balcoane-situat-pe-etajul-6\/","title":{"rendered":"Caracteristici excelente pentru apartament cu 3 balcoane, situat pe etajul 6"},"content":{"rendered":"\n<!-- ngfb content-buttons begin -->\n<!-- generated on 2026-04-30T05:42:07+00:00 -->\n<div class=\"ngfb-content-buttons\">\n<div class=\"ngfb-buttons en_US\">\n<!-- Email Button --><div class=\"css-button email-button\">\n  <a href=\"mailto:?subject=Share:%20Caracteristici%20excelente%20pentru%20apartament%20cu%203%20balcoane%2C%20situat%20pe%20etajul%206&body=Bucure%C8%99ti%2C%20Centrul%20Civic%20-%20Apartament%20luminos%20de%2062%2C92%20mp%2C%20situat%20la%20etajul%206%20din%209%2C%20construit%20%C3%AEn%201993.%20Se%20vinde%20complet%20mobilat%20%C8%99i%20utilat%2C%20cu%20%C3%AEnc%C4%83lzire%20de%20la%20RADET.%20Include%20trei%20balcoane%20cu%20o%20suprafa%C8%9B%C4%83%20total%C4%83%20de%208%2C70%20mp%20%C8%99i%20loc%20de%20parcare%20disponibil%20prin%20muta%C8%9Bie%20pe%20sector%203.%20Ideal%20pentru%20cei%20care%20apreciaz%C4%83%20confortul%20%C8%99i%20loca%C8%9Bia.%0D%0A%0D%0AShared%20from%20https:\/\/propertybook.ro\/blog\/caracteristici-excelente-pentru-apartament-cu-3-balcoane-situat-pe-etajul-6\/%0D%0A\">\n    <span class=\"ngfb-icon\">\n      <svg xmlns=\"http:\/\/www.w3.org\/2000\/svg\" width=\"9\" height=\"9\" viewBox=\"0 0 28 28\">\n        <path d=\"M20.11 26.147c-2.335 1.05-4.36 1.4-7.124 1.4C6.524 27.548.84 22.916.84 15.284.84 7.343 6.602.45 15.4.45c6.854 0 11.8 4.7 11.8 11.252 0 5.684-3.193 9.265-7.398 9.3-1.83 0-3.153-.934-3.347-2.997h-.077c-1.208 1.986-2.96 2.997-5.023 2.997-2.532 0-4.36-1.868-4.36-5.062 0-4.75 3.503-9.07 9.11-9.07 1.713 0 3.7.4 4.6.972l-1.17 7.203c-.387 2.298-.115 3.3 1 3.4 1.674 0 3.774-2.102 3.774-6.58 0-5.06-3.27-8.994-9.304-8.994C9.05 2.87 3.83 7.545 3.83 14.97c0 6.5 4.2 10.2 10 10.202 1.987 0 4.09-.43 5.647-1.245l.634 2.22zM16.647 10.1c-.31-.078-.7-.155-1.207-.155-2.572 0-4.596 2.53-4.596 5.53 0 1.5.7 2.4 1.9 2.4 1.44 0 2.96-1.83 3.31-4.088l.592-3.72z\" \/>\n      <\/svg>\n    <\/span>\n    <span class=\"ngfb-text\"><\/span>\n  <\/a>\n<\/div><\/div><!-- .ngfb-buttons.en_US -->\n<\/div><!-- .ngfb-content-buttons -->\n<!-- ngfb content-buttons end -->\n\n\n<!-- ngfb schema image for pinterest pin it button -->\n<div class=\"ngfb-schema-image-for-pinterest\" style=\"display:none;\">\n<img loading=\"lazy\" decoding=\"async\" src=\"https:\/\/propertybook.ro\/blog\/wp-content\/uploads\/2025\/03\/2455796.webp\" width=\"0\" height=\"0\" style=\"width:0;height:0;\" data-pin-description=\"Bucure\u0219ti, Centrul Civic - Apartament luminos de 62,92 mp, situat la etajul 6 din 9, construit &icirc;n 1993. Se vinde complet mobilat \u0219i utilat, cu &icirc;nc\u0103lzire de la RADET. Include trei balcoane cu o suprafa\u021b\u0103 total\u0103 de 8,70 mp \u0219i loc de parcare disponibil prin muta\u021bie pe sector 3. Ideal pentru cei...\" alt=\"\"\/>\n<\/div><!-- .ngfb-schema-image-for-pinterest -->\n\n<figure class=\"wp-block-image size-large\"><img decoding=\"async\" src=\"https:\/\/cdn.propertybook.ro\/agentia-imobiliara.ro\/2455796.webp\" alt=\"\" \/><\/figure>\n<ul>\n<li><a href=\"\/bucuresti\/\">Imobiliare Bucure\u0219ti<\/a><\/li>\n<li><a href=\"\/bucuresti\/apartamente-vanzare\/\">Apartamente de vanzare Bucure\u0219ti<\/a><\/li>\n<li><a href=\"\/bucuresti\/apartamente-vanzare\/2-camere\/\">Apartamente cu 2 camere de vanzare Bucure\u0219ti<\/a><\/li>\n<li><a href=\"\/bucuresti\/apartamente-vanzare\/centrul_civic\/2-camere\/\">Apartamente cu 2 camere de vanzare Centrul Civic, Bucure\u0219ti<\/a><\/li>\n<\/ul>\n<p><a href=\"\/bucuresti\/imobiliare-184-2455796-2-camere-unirii-66mp\/\" class=\"pb-listing-action\">Detaliile proprietatii<\/a><\/p>\n<p><h2 class=\"wp-block-heading\">Apartament Confortabil \u00een Sectorul 3: O Oaz\u0103 de Relaxare<\/h2>\n<p>Dac\u0103 sunte\u021bi \u00een c\u0103utarea unui apartament care s\u0103 \u00eembine confortul cu luminositatea, acest apartament situat \u00een Sectorul 3 ar putea fi alegerea perfect\u0103 pentru dumneavoastr\u0103. Cu specifica\u021bii care r\u0103spund nevoilor unei familii moderne sau ale unui profesionist, aceast\u0103 proprietate promite un stil de via\u021b\u0103 pl\u0103cut \u0219i f\u0103r\u0103 griji.<\/p>\n<p>#<\/p>\n<h2 class=\"wp-block-heading\">Detalii esen\u021biale ale apartamentului:<\/h2>\n<p>&#8211; **Suprafa\u021b\u0103 generoas\u0103**: Cu o suprafa\u021b\u0103 de 62,92 mp, apartamentul v\u0103 ofer\u0103 suficient spa\u021biu pentru a v\u0103 desf\u0103\u0219ura activit\u0103\u021bile zilnice \u00een confort. De asemenea, cele trei balcoane, care adaug\u0103 8,70 mp suplimentari, sunt ideale pentru a v\u0103 bucura de cafeaua de diminea\u021b\u0103 sau pentru a v\u0103 relaxa dup\u0103 o zi lung\u0103 de munc\u0103.<\/p>\n<p>&#8211; **Mobilat \u0219i utilat complet**: Proprietatea se vinde complet mobilat\u0103 \u0219i utilat\u0103, ceea ce \u00eenseamn\u0103 c\u0103 nu va trebui s\u0103 face\u021bi dec\u00e2t s\u0103 v\u0103 aduce\u021bi bagajele. Fiecare detaliu a fost g\u00e2ndit pentru a crea un ambient pl\u0103cut \u0219i func\u021bional.<\/p>\n<p>&#8211; **\u00cenc\u0103lzire eficient\u0103**: Sistemul de \u00eenc\u0103lzire este furnizat de RADET, oferind confort pe timpul iernilor reci, f\u0103r\u0103 grija costurilor excesive.<\/p>\n<p>&#8211; **Loca\u021bie privilegiat\u0103**: Apartamentul se afl\u0103 la etajul 6 dintr-un imobil de 9 etaje, pe partea luminoas\u0103 a zilei, ceea ce \u00eenseamn\u0103 c\u0103 ve\u021bi beneficia de lumin\u0103 natural\u0103 pe parcursul \u00eentregii zile. Aceast\u0103 caracteristic\u0103 este deosebit de apreciat\u0103 de cei care \u00ee\u0219i doresc un mediu pl\u0103cut \u0219i vesel.<\/p>\n<p>&#8211; **Accesibilitate**: Anul de construc\u021bie al imobilului este 1993, ceea ce asigur\u0103 o structur\u0103 bine definit\u0103 \u0219i o pozi\u021bie bun\u0103 \u00een cadrul sectorului. \u00cen plus, ave\u021bi la dispozi\u021bie un loc de parcare oferit de prim\u0103rie, valabil cu muta\u021bie pe sector 3, un avantaj considerabil pentru cei care \u00ee\u0219i doresc confortul unui vehicul personal.<\/p>\n<p>#<\/p>\n<h2 class=\"wp-block-heading\">De ce s\u0103 alege\u021bi acest apartament?<\/h2>\n<p>Pentru cei care caut\u0103 un loc unde s\u0103 se simt\u0103 acas\u0103, acest apartament ofer\u0103 nu doar condi\u021bii excelente de trai, ci \u0219i oportunitatea de a face parte dintr-o comunitate vibrant\u0103 din Sectorul 3. Cu acces la transport public, magazine, restaurante \u0219i parcuri, ve\u021bi avea tot ce ave\u021bi nevoie la \u00eendem\u00e2n\u0103.<\/p>\n<p>Dac\u0103 v\u0103 dori\u021bi un apartament care s\u0103 combine confortul cu o localizare ideal\u0103, nu pierde\u021bi ocazia de a explora aceast\u0103 proprietate. Este o alegere care v\u0103 poate transforma stilul de via\u021b\u0103 \u0219i v\u0103 poate oferi un nou \u00eenceput!<\/p>\n<p><a href=\"\/bucuresti\/imobiliare-184-2455796-2-camere-unirii-66mp\/\" class=\"pb-listing-action\">Stabileste o vizionare<\/a><\/p>\n<ul>\n<li><a href=\"\/bucuresti\/\">Imobiliare Bucure\u0219ti<\/a><\/li>\n<li><a href=\"\/bucuresti\/apartamente-vanzare\/\">Apartamente de vanzare Bucure\u0219ti<\/a><\/li>\n<li><a href=\"\/bucuresti\/apartamente-vanzare\/2-camere\/\">Apartamente cu 2 camere de vanzare Bucure\u0219ti<\/a><\/li>\n<li><a href=\"\/bucuresti\/apartamente-vanzare\/centrul_civic\/2-camere\/\">Apartamente cu 2 camere de vanzare Centrul Civic, Bucure\u0219ti<\/a><\/li>\n<\/ul>\n\n<!-- ngfb content-buttons begin -->\n<!-- generated on 2026-04-30T05:42:07+00:00 -->\n<div class=\"ngfb-content-buttons\">\n<div class=\"ngfb-buttons en_US\">\n<!-- Email Button --><div class=\"css-button email-button\">\n  <a href=\"mailto:?subject=Share:%20Caracteristici%20excelente%20pentru%20apartament%20cu%203%20balcoane%2C%20situat%20pe%20etajul%206&body=Bucure%C8%99ti%2C%20Centrul%20Civic%20-%20Apartament%20luminos%20de%2062%2C92%20mp%2C%20situat%20la%20etajul%206%20din%209%2C%20construit%20%C3%AEn%201993.%20Se%20vinde%20complet%20mobilat%20%C8%99i%20utilat%2C%20cu%20%C3%AEnc%C4%83lzire%20de%20la%20RADET.%20Include%20trei%20balcoane%20cu%20o%20suprafa%C8%9B%C4%83%20total%C4%83%20de%208%2C70%20mp%20%C8%99i%20loc%20de%20parcare%20disponibil%20prin%20muta%C8%9Bie%20pe%20sector%203.%20Ideal%20pentru%20cei%20care%20apreciaz%C4%83%20confortul%20%C8%99i%20loca%C8%9Bia.%0D%0A%0D%0AShared%20from%20https:\/\/propertybook.ro\/blog\/caracteristici-excelente-pentru-apartament-cu-3-balcoane-situat-pe-etajul-6\/%0D%0A\">\n    <span class=\"ngfb-icon\">\n      <svg xmlns=\"http:\/\/www.w3.org\/2000\/svg\" width=\"9\" height=\"9\" viewBox=\"0 0 28 28\">\n        <path d=\"M20.11 26.147c-2.335 1.05-4.36 1.4-7.124 1.4C6.524 27.548.84 22.916.84 15.284.84 7.343 6.602.45 15.4.45c6.854 0 11.8 4.7 11.8 11.252 0 5.684-3.193 9.265-7.398 9.3-1.83 0-3.153-.934-3.347-2.997h-.077c-1.208 1.986-2.96 2.997-5.023 2.997-2.532 0-4.36-1.868-4.36-5.062 0-4.75 3.503-9.07 9.11-9.07 1.713 0 3.7.4 4.6.972l-1.17 7.203c-.387 2.298-.115 3.3 1 3.4 1.674 0 3.774-2.102 3.774-6.58 0-5.06-3.27-8.994-9.304-8.994C9.05 2.87 3.83 7.545 3.83 14.97c0 6.5 4.2 10.2 10 10.202 1.987 0 4.09-.43 5.647-1.245l.634 2.22zM16.647 10.1c-.31-.078-.7-.155-1.207-.155-2.572 0-4.596 2.53-4.596 5.53 0 1.5.7 2.4 1.9 2.4 1.44 0 2.96-1.83 3.31-4.088l.592-3.72z\" \/>\n      <\/svg>\n    <\/span>\n    <span class=\"ngfb-text\"><\/span>\n  <\/a>\n<\/div><\/div><!-- .ngfb-buttons.en_US -->\n<\/div><!-- .ngfb-content-buttons -->\n<!-- ngfb content-buttons end -->\n\n","protected":false},"excerpt":{"rendered":"<p>Bucure\u0219ti, Centrul Civic &#8211; Apartament luminos de 62,92 mp, situat la etajul 6 din 9, construit \u00een 1993. Se vinde complet mobilat \u0219i utilat, cu \u00eenc\u0103lzire de la RADET. Include trei balcoane cu o suprafa\u021b\u0103 total\u0103 de 8,70 mp \u0219i loc de parcare disponibil prin muta\u021bie pe sector 3. Ideal pentru cei care apreciaz\u0103 confortul \u0219i loca\u021bia.<\/p>\n","protected":false},"author":8,"featured_media":4668,"comment_status":"open","ping_status":"open","sticky":false,"template":"","format":"standard","meta":{"footnotes":""},"categories":[52,49,47],"tags":[59,62,329,89,90,68,284,376,60],"class_list":["post-4669","post","type-post","status-publish","format-standard","has-post-thumbnail","hentry","category-apartamente-de-vanzare-bucuresti","category-oferte-imobiliare-bucuresti","category-oferte","tag-2-balcoane","tag-2-camere","tag-an-const-1993","tag-bucuresti","tag-centrul-civic","tag-decomandat","tag-etaj-6-9","tag-o-baie","tag-parcare"],"_links":{"self":[{"href":"https:\/\/propertybook.ro\/blog\/wp-json\/wp\/v2\/posts\/4669","targetHints":{"allow":["GET"]}}],"collection":[{"href":"https:\/\/propertybook.ro\/blog\/wp-json\/wp\/v2\/posts"}],"about":[{"href":"https:\/\/propertybook.ro\/blog\/wp-json\/wp\/v2\/types\/post"}],"author":[{"embeddable":true,"href":"https:\/\/propertybook.ro\/blog\/wp-json\/wp\/v2\/users\/8"}],"replies":[{"embeddable":true,"href":"https:\/\/propertybook.ro\/blog\/wp-json\/wp\/v2\/comments?post=4669"}],"version-history":[{"count":0,"href":"https:\/\/propertybook.ro\/blog\/wp-json\/wp\/v2\/posts\/4669\/revisions"}],"wp:featuredmedia":[{"embeddable":true,"href":"https:\/\/propertybook.ro\/blog\/wp-json\/wp\/v2\/media\/4668"}],"wp:attachment":[{"href":"https:\/\/propertybook.ro\/blog\/wp-json\/wp\/v2\/media?parent=4669"}],"wp:term":[{"taxonomy":"category","embeddable":true,"href":"https:\/\/propertybook.ro\/blog\/wp-json\/wp\/v2\/categories?post=4669"},{"taxonomy":"post_tag","embeddable":true,"href":"https:\/\/propertybook.ro\/blog\/wp-json\/wp\/v2\/tags?post=4669"}],"curies":[{"name":"wp","href":"https:\/\/api.w.org\/{rel}","templated":true}]}}