{"id":4679,"date":"2025-03-24T15:43:58","date_gmt":"2025-03-24T13:43:58","guid":{"rendered":"https:\/\/propertybook.ro\/blog\/apartament-decomandat-cu-3-camere-si-vedere-spre-piata-alba-iulia-bucuresti\/"},"modified":"2025-03-24T15:43:58","modified_gmt":"2025-03-24T13:43:58","slug":"apartament-decomandat-cu-3-camere-si-vedere-spre-piata-alba-iulia-bucuresti","status":"publish","type":"post","link":"https:\/\/propertybook.ro\/blog\/apartament-decomandat-cu-3-camere-si-vedere-spre-piata-alba-iulia-bucuresti\/","title":{"rendered":"Apartament decomandat cu 3 camere \u0219i vedere spre Pia\u021ba Alba Iulia, Bucure\u0219ti"},"content":{"rendered":"\n<!-- ngfb content-buttons begin -->\n<!-- generated on 2026-04-29T07:28:32+00:00 -->\n<div class=\"ngfb-content-buttons\">\n<div class=\"ngfb-buttons en_US\">\n<!-- Email Button --><div class=\"css-button email-button\">\n  <a href=\"mailto:?subject=Share:%20Apartament%20decomandat%20cu%203%20camere%20%C8%99i%20vedere%20spre%20Pia%C8%9Ba%20Alba%20Iulia%2C%20Bucure%C8%99ti&body=Bucure%C8%99ti%2C%20Centrul%20Civic%20-%20Apartament%20de%203%20camere%20de%20v%C3%A2nzare%20%C3%AEn%20zona%20central%C4%83%20a%20Bucure%C8%99tiului%2C%20pe%20Bulevardul%20Unirii%2C%20la%20etajul%203%20din%208.%20Are%20o%20compartimentare%20decomandat%C4%83%2C%20cu%20hol%2C%20living%2C%20buc%C4%83t%C4%83rie%20%C3%AEnchis%C4%83%2C%202%20dormitoare%2C%202%20b%C4%83i%20%C8%99i%202%20balcoane%20cu%20vedere%20c%C4%83tre%20Pia%C8%9Ba%20Alba%20Iulia%2C%20av%C3%A2nd%20o%20suprafa%C8%9B%C4%83%20util%C4%83%20de%2076%20mp.%20Aproape%20se%20g%C4%83sesc%20magazine%2C%20restaurante%2C%20farmacii%2C%20gr%C4%83dini%C8%9Be%20%C8%99i%20%C8%99coli.%20Informa%C8%9Biile%20despre%20clasa%20energetic%C4%83%20nu%20sunt%20disponibile.%0D%0A%0D%0AShared%20from%20https:\/\/propertybook.ro\/blog\/apartament-decomandat-cu-3-camere-si-vedere-spre-piata-alba-iulia-bucuresti\/%0D%0A\">\n    <span class=\"ngfb-icon\">\n      <svg xmlns=\"http:\/\/www.w3.org\/2000\/svg\" width=\"9\" height=\"9\" viewBox=\"0 0 28 28\">\n        <path d=\"M20.11 26.147c-2.335 1.05-4.36 1.4-7.124 1.4C6.524 27.548.84 22.916.84 15.284.84 7.343 6.602.45 15.4.45c6.854 0 11.8 4.7 11.8 11.252 0 5.684-3.193 9.265-7.398 9.3-1.83 0-3.153-.934-3.347-2.997h-.077c-1.208 1.986-2.96 2.997-5.023 2.997-2.532 0-4.36-1.868-4.36-5.062 0-4.75 3.503-9.07 9.11-9.07 1.713 0 3.7.4 4.6.972l-1.17 7.203c-.387 2.298-.115 3.3 1 3.4 1.674 0 3.774-2.102 3.774-6.58 0-5.06-3.27-8.994-9.304-8.994C9.05 2.87 3.83 7.545 3.83 14.97c0 6.5 4.2 10.2 10 10.202 1.987 0 4.09-.43 5.647-1.245l.634 2.22zM16.647 10.1c-.31-.078-.7-.155-1.207-.155-2.572 0-4.596 2.53-4.596 5.53 0 1.5.7 2.4 1.9 2.4 1.44 0 2.96-1.83 3.31-4.088l.592-3.72z\" \/>\n      <\/svg>\n    <\/span>\n    <span class=\"ngfb-text\"><\/span>\n  <\/a>\n<\/div><\/div><!-- .ngfb-buttons.en_US -->\n<\/div><!-- .ngfb-content-buttons -->\n<!-- ngfb content-buttons end -->\n\n\n<!-- ngfb schema image for pinterest pin it button -->\n<div class=\"ngfb-schema-image-for-pinterest\" style=\"display:none;\">\n<img loading=\"lazy\" decoding=\"async\" src=\"https:\/\/propertybook.ro\/blog\/wp-content\/uploads\/2025\/03\/11023048.webp\" width=\"0\" height=\"0\" style=\"width:0;height:0;\" data-pin-description=\"Bucure\u0219ti, Centrul Civic - Apartament de 3 camere de v&acirc;nzare &icirc;n zona central\u0103 a Bucure\u0219tiului, pe Bulevardul Unirii, la etajul 3 din 8. Are o compartimentare decomandat\u0103, cu hol, living, buc\u0103t\u0103rie &icirc;nchis\u0103, 2 dormitoare, 2 b\u0103i \u0219i 2 balcoane cu vedere c\u0103tre Pia\u021ba Alba Iulia, av&acirc;nd o suprafa\u021b\u0103...\" alt=\"\"\/>\n<\/div><!-- .ngfb-schema-image-for-pinterest -->\n\n<figure class=\"wp-block-image size-large\"><img decoding=\"async\" src=\"https:\/\/cdn.propertybook.ro\/svn_residentialist\/11023048.webp\" alt=\"\" \/><\/figure>\n<ul>\n<li><a href=\"\/bucuresti\/\">Imobiliare Bucure\u0219ti<\/a><\/li>\n<li><a href=\"\/bucuresti\/apartamente-vanzare\/\">Apartamente de vanzare Bucure\u0219ti<\/a><\/li>\n<li><a href=\"\/bucuresti\/apartamente-vanzare\/3-camere\/\">Apartamente cu 3 camere de vanzare Bucure\u0219ti<\/a><\/li>\n<li><a href=\"\/bucuresti\/apartamente-vanzare\/centrul_civic\/3-camere\/\">Apartamente cu 3 camere de vanzare Centrul Civic, Bucure\u0219ti<\/a><\/li>\n<\/ul>\n<p><a href=\"\/bucuresti\/imobiliare-163-11023048-se-vinde-apartament-3-camere-in-sector-3-zona-alba-iulia\/\" class=\"pb-listing-action\">Detaliile proprietatii<\/a><\/p>\n<p><h2 class=\"wp-block-heading\">Descoper\u0103 Apartamentul Ideal \u00een Inima Bucure\u0219tiului<\/h2>\n<p>Dac\u0103 e\u0219ti \u00een c\u0103utarea unui apartament spa\u021bios \u0219i bine situat \u00een Bucure\u0219ti, acest imobil de 3 camere ar putea fi exact ceea ce \u00ee\u021bi dore\u0219ti. Amplasat \u00een zona Bulevardului Unirii, \u00een apropierea Rondului Alba Iulia, apartamentul se bucur\u0103 de o loca\u021bie central\u0103 care \u00ee\u021bi ofer\u0103 acces rapid la cele mai importante puncte de interes din ora\u0219.<\/p>\n<p><h2 class=\"wp-block-heading\">Detalii despre Proprietate<\/h2>\n<p>Apartamentul se afl\u0103 la etajul 3 dintr-un imobil cu 8 etaje, av\u00e2nd o compartimentare decomandat\u0103 care maximizeaz\u0103 confortul. Suprafa\u021ba util\u0103 de 76 mp \u00ee\u021bi ofer\u0103 spa\u021biu generos pentru relaxare \u0219i activit\u0103\u021bi zilnice. Compartimentarea const\u0103 \u00eentr-un hol primitor, un living luminos, o buc\u0103t\u0103rie \u00eenchis\u0103, dou\u0103 dormitoare, dou\u0103 b\u0103i \u0219i nu \u00een ultimul r\u00e2nd, dou\u0103 balcoane cu vedere c\u0103tre Pia\u021ba Alba Iulia.<\/p>\n<p><h2 class=\"wp-block-heading\">Avantajele Zonei<\/h2>\n<p>Zona Bulevardului Unirii este cunoscut\u0103 pentru dinamismul s\u0103u, fiind \u00eenconjurat\u0103 de numeroase magazine, restaurante, farmacii \u0219i institu\u021bii de \u00eenv\u0103\u021b\u0103m\u00e2nt. Aceast\u0103 loca\u021bie \u00eei confer\u0103 apartamentului nu doar confort, ci \u0219i un stil de via\u021b\u0103 urban, plin de oportunit\u0103\u021bi. Indiferent dac\u0103 e\u0219ti \u00een c\u0103utarea unui loc de petrecere a timpului liber sau a unor necesit\u0103\u021bi zilnice, totul se afl\u0103 la c\u00e2teva minute distan\u021b\u0103.<\/p>\n<p><h2 class=\"wp-block-heading\">De ce s\u0103 alegi acest apartament?<\/h2>\n<p>Pe l\u00e2ng\u0103 loca\u021bia sa excelent\u0103, apartamentul ofer\u0103 un spa\u021biu bine structurat care se potriveste at\u00e2t familiilor, c\u00e2t \u0219i persoanelor care desf\u0103\u0219oar\u0103 activit\u0103\u021bi profesionale ce necesit\u0103 un mediu pl\u0103cut \u0219i func\u021bional. Balcoanele sunt un plus, oferindu-\u021bi un loc unde te po\u021bi bucura de o cafea diminea\u021ba sau de o carte la apus.<\/p>\n<h2 class=\"wp-block-heading\">Concluzie<\/h2>\n<p>Acest apartament reprezint\u0103 o oportunitate rar\u0103 pe pia\u021ba imobiliar\u0103 din Bucure\u0219ti. Cu toate avantajele pe care le ofer\u0103 at\u00e2t imobilul, c\u00e2t \u0219i zona \u00een care se afl\u0103, nu trebuie s\u0103 ratezi ocazia de a-l vizita. Dac\u0103 e\u0219ti interesat s\u0103 experimentezi via\u021ba \u00een inima Bucure\u0219tiului, nu ezita s\u0103 explorezi mai multe detalii \u0219i s\u0103 \u00ee\u021bi planifici o vizionare. Bucure\u0219tiul te a\u0219teapt\u0103!<\/p>\n<p><a href=\"\/bucuresti\/imobiliare-163-11023048-se-vinde-apartament-3-camere-in-sector-3-zona-alba-iulia\/\" class=\"pb-listing-action\">Stabileste o vizionare<\/a><\/p>\n<ul>\n<li><a href=\"\/bucuresti\/\">Imobiliare Bucure\u0219ti<\/a><\/li>\n<li><a href=\"\/bucuresti\/apartamente-vanzare\/\">Apartamente de vanzare Bucure\u0219ti<\/a><\/li>\n<li><a href=\"\/bucuresti\/apartamente-vanzare\/3-camere\/\">Apartamente cu 3 camere de vanzare Bucure\u0219ti<\/a><\/li>\n<li><a href=\"\/bucuresti\/apartamente-vanzare\/centrul_civic\/3-camere\/\">Apartamente cu 3 camere de vanzare Centrul Civic, Bucure\u0219ti<\/a><\/li>\n<\/ul>\n\n<!-- ngfb content-buttons begin -->\n<!-- generated on 2026-04-29T07:28:32+00:00 -->\n<div class=\"ngfb-content-buttons\">\n<div class=\"ngfb-buttons en_US\">\n<!-- Email Button --><div class=\"css-button email-button\">\n  <a href=\"mailto:?subject=Share:%20Apartament%20decomandat%20cu%203%20camere%20%C8%99i%20vedere%20spre%20Pia%C8%9Ba%20Alba%20Iulia%2C%20Bucure%C8%99ti&body=Bucure%C8%99ti%2C%20Centrul%20Civic%20-%20Apartament%20de%203%20camere%20de%20v%C3%A2nzare%20%C3%AEn%20zona%20central%C4%83%20a%20Bucure%C8%99tiului%2C%20pe%20Bulevardul%20Unirii%2C%20la%20etajul%203%20din%208.%20Are%20o%20compartimentare%20decomandat%C4%83%2C%20cu%20hol%2C%20living%2C%20buc%C4%83t%C4%83rie%20%C3%AEnchis%C4%83%2C%202%20dormitoare%2C%202%20b%C4%83i%20%C8%99i%202%20balcoane%20cu%20vedere%20c%C4%83tre%20Pia%C8%9Ba%20Alba%20Iulia%2C%20av%C3%A2nd%20o%20suprafa%C8%9B%C4%83%20util%C4%83%20de%2076%20mp.%20Aproape%20se%20g%C4%83sesc%20magazine%2C%20restaurante%2C%20farmacii%2C%20gr%C4%83dini%C8%9Be%20%C8%99i%20%C8%99coli.%20Informa%C8%9Biile%20despre%20clasa%20energetic%C4%83%20nu%20sunt%20disponibile.%0D%0A%0D%0AShared%20from%20https:\/\/propertybook.ro\/blog\/apartament-decomandat-cu-3-camere-si-vedere-spre-piata-alba-iulia-bucuresti\/%0D%0A\">\n    <span class=\"ngfb-icon\">\n      <svg xmlns=\"http:\/\/www.w3.org\/2000\/svg\" width=\"9\" height=\"9\" viewBox=\"0 0 28 28\">\n        <path d=\"M20.11 26.147c-2.335 1.05-4.36 1.4-7.124 1.4C6.524 27.548.84 22.916.84 15.284.84 7.343 6.602.45 15.4.45c6.854 0 11.8 4.7 11.8 11.252 0 5.684-3.193 9.265-7.398 9.3-1.83 0-3.153-.934-3.347-2.997h-.077c-1.208 1.986-2.96 2.997-5.023 2.997-2.532 0-4.36-1.868-4.36-5.062 0-4.75 3.503-9.07 9.11-9.07 1.713 0 3.7.4 4.6.972l-1.17 7.203c-.387 2.298-.115 3.3 1 3.4 1.674 0 3.774-2.102 3.774-6.58 0-5.06-3.27-8.994-9.304-8.994C9.05 2.87 3.83 7.545 3.83 14.97c0 6.5 4.2 10.2 10 10.202 1.987 0 4.09-.43 5.647-1.245l.634 2.22zM16.647 10.1c-.31-.078-.7-.155-1.207-.155-2.572 0-4.596 2.53-4.596 5.53 0 1.5.7 2.4 1.9 2.4 1.44 0 2.96-1.83 3.31-4.088l.592-3.72z\" \/>\n      <\/svg>\n    <\/span>\n    <span class=\"ngfb-text\"><\/span>\n  <\/a>\n<\/div><\/div><!-- .ngfb-buttons.en_US -->\n<\/div><!-- .ngfb-content-buttons -->\n<!-- ngfb content-buttons end -->\n\n","protected":false},"excerpt":{"rendered":"<p>Bucure\u0219ti, Centrul Civic &#8211; Apartament de 3 camere de v\u00e2nzare \u00een zona central\u0103 a Bucure\u0219tiului, pe Bulevardul Unirii, la etajul 3 din 8. Are o compartimentare decomandat\u0103, cu hol, living, buc\u0103t\u0103rie \u00eenchis\u0103, 2 dormitoare, 2 b\u0103i \u0219i 2 balcoane cu vedere c\u0103tre Pia\u021ba Alba Iulia, av\u00e2nd o suprafa\u021b\u0103 util\u0103 de 76 mp. Aproape se g\u0103sesc magazine, restaurante, farmacii, gr\u0103dini\u021be \u0219i \u0219coli. Informa\u021biile despre clasa energetic\u0103 nu sunt disponibile.<\/p>\n","protected":false},"author":8,"featured_media":4678,"comment_status":"open","ping_status":"open","sticky":false,"template":"","format":"standard","meta":{"footnotes":""},"categories":[52,49,47],"tags":[377,59,55,203,89,90,82,70,63,85],"class_list":["post-4679","post","type-post","status-publish","format-standard","has-post-thumbnail","hentry","category-apartamente-de-vanzare-bucuresti","category-oferte-imobiliare-bucuresti","category-oferte","tag-2-bai","tag-2-balcoane","tag-3-camere","tag-an-const-1991","tag-bucuresti","tag-centrul-civic","tag-etaj-3-8","tag-parchet","tag-semidecomandat","tag-termopane"],"_links":{"self":[{"href":"https:\/\/propertybook.ro\/blog\/wp-json\/wp\/v2\/posts\/4679","targetHints":{"allow":["GET"]}}],"collection":[{"href":"https:\/\/propertybook.ro\/blog\/wp-json\/wp\/v2\/posts"}],"about":[{"href":"https:\/\/propertybook.ro\/blog\/wp-json\/wp\/v2\/types\/post"}],"author":[{"embeddable":true,"href":"https:\/\/propertybook.ro\/blog\/wp-json\/wp\/v2\/users\/8"}],"replies":[{"embeddable":true,"href":"https:\/\/propertybook.ro\/blog\/wp-json\/wp\/v2\/comments?post=4679"}],"version-history":[{"count":0,"href":"https:\/\/propertybook.ro\/blog\/wp-json\/wp\/v2\/posts\/4679\/revisions"}],"wp:featuredmedia":[{"embeddable":true,"href":"https:\/\/propertybook.ro\/blog\/wp-json\/wp\/v2\/media\/4678"}],"wp:attachment":[{"href":"https:\/\/propertybook.ro\/blog\/wp-json\/wp\/v2\/media?parent=4679"}],"wp:term":[{"taxonomy":"category","embeddable":true,"href":"https:\/\/propertybook.ro\/blog\/wp-json\/wp\/v2\/categories?post=4679"},{"taxonomy":"post_tag","embeddable":true,"href":"https:\/\/propertybook.ro\/blog\/wp-json\/wp\/v2\/tags?post=4679"}],"curies":[{"name":"wp","href":"https:\/\/api.w.org\/{rel}","templated":true}]}}