{"id":4689,"date":"2025-03-24T19:44:19","date_gmt":"2025-03-24T17:44:19","guid":{"rendered":"https:\/\/propertybook.ro\/blog\/apartament-de-lux-cu-3-camere-in-aviatiei-tower-design-modern-si-terase-spatioase\/"},"modified":"2025-03-24T19:44:19","modified_gmt":"2025-03-24T17:44:19","slug":"apartament-de-lux-cu-3-camere-in-aviatiei-tower-design-modern-si-terase-spatioase","status":"publish","type":"post","link":"https:\/\/propertybook.ro\/blog\/apartament-de-lux-cu-3-camere-in-aviatiei-tower-design-modern-si-terase-spatioase\/","title":{"rendered":"Apartament de Lux cu 3 Camere \u00een Aviatiei Tower &#8211; Design Modern \u0219i Terase Spa\u021bioase"},"content":{"rendered":"\n<!-- ngfb content-buttons begin -->\n<!-- generated on 2026-04-29T15:24:55+00:00 -->\n<div class=\"ngfb-content-buttons\">\n<div class=\"ngfb-buttons en_US\">\n<!-- Email Button --><div class=\"css-button email-button\">\n  <a href=\"mailto:?subject=Share:%20Apartament%20de%20Lux%20cu%203%20Camere%20%C3%AEn%20Aviatiei%20Tower%20%26%238211%3B%20Design%20Modern%20%C8%99i%20Terase%20Spa%C8%9Bioase&body=Bucure%C8%99ti%20-%20Apartament%20de%203%20camere%20%C3%AEn%20Aviatiei%20Tower%2C%20cu%20o%20suprafa%C8%9B%C4%83%20util%C4%83%20de%20142%20mp%2C%20situat%20la%20etajul%202%20din%2010.%20Dou%C4%83%20dormitoare%20cu%20b%C4%83i%20proprii%20%C8%99i%20terase%20%2814%20mp%20%C8%99i%2020%20mp%29%2C%20living%20luminos%20cu%20buc%C4%83t%C4%83rie%20open%20space.%20Complet%20mobilat%20%C8%99i%20utilat%2C%20cu%20finisaje%20de%20%C3%AEnalt%C4%83%20calitate.%20Include%20loc%20de%20parcare%20subteran.%20Amplasat%20aproape%20de%20zone%20de%20business%2C%20Promenada%20Mall%20%C8%99i%20sta%C8%9Bii%20de%20metrou.%20Ideal%20pentru%20relaxare%20%C8%99i%20sporturi%20%C3%AEn%20aer%20liber.%0D%0A%0D%0AShared%20from%20https:\/\/propertybook.ro\/blog\/apartament-de-lux-cu-3-camere-in-aviatiei-tower-design-modern-si-terase-spatioase\/%0D%0A\">\n    <span class=\"ngfb-icon\">\n      <svg xmlns=\"http:\/\/www.w3.org\/2000\/svg\" width=\"9\" height=\"9\" viewBox=\"0 0 28 28\">\n        <path d=\"M20.11 26.147c-2.335 1.05-4.36 1.4-7.124 1.4C6.524 27.548.84 22.916.84 15.284.84 7.343 6.602.45 15.4.45c6.854 0 11.8 4.7 11.8 11.252 0 5.684-3.193 9.265-7.398 9.3-1.83 0-3.153-.934-3.347-2.997h-.077c-1.208 1.986-2.96 2.997-5.023 2.997-2.532 0-4.36-1.868-4.36-5.062 0-4.75 3.503-9.07 9.11-9.07 1.713 0 3.7.4 4.6.972l-1.17 7.203c-.387 2.298-.115 3.3 1 3.4 1.674 0 3.774-2.102 3.774-6.58 0-5.06-3.27-8.994-9.304-8.994C9.05 2.87 3.83 7.545 3.83 14.97c0 6.5 4.2 10.2 10 10.202 1.987 0 4.09-.43 5.647-1.245l.634 2.22zM16.647 10.1c-.31-.078-.7-.155-1.207-.155-2.572 0-4.596 2.53-4.596 5.53 0 1.5.7 2.4 1.9 2.4 1.44 0 2.96-1.83 3.31-4.088l.592-3.72z\" \/>\n      <\/svg>\n    <\/span>\n    <span class=\"ngfb-text\"><\/span>\n  <\/a>\n<\/div><\/div><!-- .ngfb-buttons.en_US -->\n<\/div><!-- .ngfb-content-buttons -->\n<!-- ngfb content-buttons end -->\n\n\n<!-- ngfb schema image for pinterest pin it button -->\n<div class=\"ngfb-schema-image-for-pinterest\" style=\"display:none;\">\n<img loading=\"lazy\" decoding=\"async\" src=\"https:\/\/propertybook.ro\/blog\/wp-content\/uploads\/2025\/03\/11023060.webp\" width=\"0\" height=\"0\" style=\"width:0;height:0;\" data-pin-description=\"Bucure\u0219ti - Apartament de 3 camere &icirc;n Aviatiei Tower, cu o suprafa\u021b\u0103 util\u0103 de 142 mp, situat la etajul 2 din 10. Dou\u0103 dormitoare cu b\u0103i proprii \u0219i terase (14 mp \u0219i 20 mp), living luminos cu buc\u0103t\u0103rie open space. Complet mobilat \u0219i utilat, cu finisaje de &icirc;nalt\u0103 calitate. Include loc de parcare...\" alt=\"\"\/>\n<\/div><!-- .ngfb-schema-image-for-pinterest -->\n\n<figure class=\"wp-block-image size-large\"><img decoding=\"async\" src=\"https:\/\/cdn.propertybook.ro\/svn_residentialist\/11023060.webp\" alt=\"\" \/><\/figure>\n<ul>\n<li><a href=\"\/bucuresti\/\">Imobiliare Bucure\u0219ti<\/a><\/li>\n<li><a href=\"\/bucuresti\/apartamente-vanzare\/3-camere\/\">Apartamente cu 3 camere de vanzare Bucure\u0219ti<\/a><\/li>\n<\/ul>\n<p><a href=\"\/bucuresti\/imobiliare-163-11023060-se-vinde-apartament-3-camere-in-sector-1-zona-aviatiei\/\" class=\"pb-listing-action\">Detaliile proprietatii<\/a><\/p>\n<p><h2 class=\"wp-block-heading\">Descoper\u0103 Luxul \u0219i Confortul \u00een Inima Aviatiei Tower<\/h2>\n<p>\u00centr-o lume agitat\u0103, unde fiecare zi aduce noi provoc\u0103ri, g\u0103sirea unei locuin\u021be care ofer\u0103 un refugiu de calm \u0219i confort devine esen\u021bial\u0103. Aviatiei Tower, un proiect reziden\u021bial premium situat \u00een centrul vibrant al capitalei, reu\u0219e\u0219te s\u0103 \u00eembine perfect elegan\u021ba cu func\u021bionalitatea. \u00cen acest context, un apartament de 3 camere se dovede\u0219te a fi alegerea ideal\u0103 pentru cei care caut\u0103 un c\u0103min modern \u0219i confortabil.<\/p>\n<p><h2 class=\"wp-block-heading\">Spa\u021biu Generos \u0219i Design Modern<\/h2>\n<p>Apartamentul de 142 mp, situat la etajul 2 dintr-un imobil finalizat \u00een 2020, se prezint\u0103 ca un spa\u021biu decomandat, perfect pentru familii sau pentru cei care apreciaz\u0103 confortul \u0219i intimitatea. Cele dou\u0103 dormitoare, fiecare dotat cu baie proprie \u0219i zona de dressing, ofer\u0103 nu doar intimitate, ci \u0219i acces direct c\u0103tre o teras\u0103 de 14 mp, perfect\u0103 pentru momente de relaxare \u00een aer liber.<\/p>\n<p>Livingul, generos \u0219i luminos, integreaz\u0103 buc\u0103t\u0103ria open space, cre\u00e2nd un spa\u021biu ideal pentru serile petrecute al\u0103turi de prieteni sau familie. Aici, accesul c\u0103tre cea de-a doua teras\u0103 de 20 mp adaug\u0103 un plus de valoare, transform\u00e2ndu-l \u00eentr-un loc perfect pentru plimb\u0103ri la apus sau dimine\u021bi lene\u0219e cu o cafea \u00een m\u00e2n\u0103.<\/p>\n<p><h2 class=\"wp-block-heading\">Finisaje de \u00cenalt\u0103 Calitate<\/h2>\n<p>Fiecare detaliu al apartamentului a fost atent ales, av\u00e2nd \u00een vedere confortul locatarilor. Finisajele de cea mai \u00eenalt\u0103 calitate \u0219i designul modern contribuie la crearea unei atmosfere sofisticate \u0219i primitoare. Fie c\u0103 este vorba despre dormitoare, living sau b\u0103i, fiecare col\u021bi\u0219or este g\u00e2ndit pentru a oferi o experien\u021b\u0103 de neuitat.<\/p>\n<p><h2 class=\"wp-block-heading\">Facilit\u0103\u021bi \u0219i Confort<\/h2>\n<p>Un aspect remarcabil al acestui apartament este includerea unui loc de parcare subteran, aspect esen\u021bial \u00een ora\u0219ul aglomerat de ast\u0103zi. Aviatiei Tower nu ofer\u0103 doar locuin\u021be deosebite, ci \u0219i facilit\u0103\u021bi moderne, precum spa\u021bii comerciale \u0219i birouri la parter. Plusurile nu se opresc aici; complexul dispune de insule de verdea\u021b\u0103 ce aduc natura mai aproape \u0219i parc\u0103ri echipate cu sta\u021bii de \u00eenc\u0103rcare pentru ma\u0219ini electrice, promov\u00e2nd un stil de via\u021b\u0103 sustenabil.<\/p>\n<p><h2 class=\"wp-block-heading\">Loca\u021bie Ideal\u0103<\/h2>\n<p>Aviatiei Tower se afl\u0103 \u00eentr-o zon\u0103 dinamic\u0103, renumit\u0103 pentru restaurantele \u0219i cafenelele sale, dar \u0219i pentru oportunit\u0103\u021bile de relaxare \u0219i sporturi \u00een aer liber. \u00cen apropierea complexului se g\u0103se\u0219te centrul comercial Promenada Mall, care ofer\u0103 o gam\u0103 variat\u0103 de magazine, cafenele \u0219i divertisment. De asemenea, sta\u021biile de metrou Aurel Vlaicu \u0219i Pipera sunt la doar 8 minute de mers pe jos, facilit\u00e2nd accesul rapid c\u0103tre alte zone ale capitalei.<\/p>\n<h2 class=\"wp-block-heading\">Concluzie<\/h2>\n<p>Cump\u0103rarea unei locuin\u021be este o decizie important\u0103, iar acest apartament din Aviatiei Tower promite nu doar confort \u0219i elegan\u021b\u0103, ci \u0219i un stil de via\u021b\u0103 care \u00eembin\u0103 modernitatea cu natura. Dac\u0103 e\u0219ti \u00een c\u0103utarea unui c\u0103min rafinat, acest apartament ar putea fi locul ideal pentru a \u00eencepe un nou capitol \u00een via\u021ba ta. Nu rata ocazia de a experimenta luxul \u0219i confortul \u00een inima capitalei!<\/p>\n<p><a href=\"\/bucuresti\/imobiliare-163-11023060-se-vinde-apartament-3-camere-in-sector-1-zona-aviatiei\/\" class=\"pb-listing-action\">Stabileste o vizionare<\/a><\/p>\n<ul>\n<li><a href=\"\/bucuresti\/\">Imobiliare Bucure\u0219ti<\/a><\/li>\n<li><a href=\"\/bucuresti\/apartamente-vanzare\/3-camere\/\">Apartamente cu 3 camere de vanzare Bucure\u0219ti<\/a><\/li>\n<\/ul>\n\n<!-- ngfb content-buttons begin -->\n<!-- generated on 2026-04-29T15:24:55+00:00 -->\n<div class=\"ngfb-content-buttons\">\n<div class=\"ngfb-buttons en_US\">\n<!-- Email Button --><div class=\"css-button email-button\">\n  <a href=\"mailto:?subject=Share:%20Apartament%20de%20Lux%20cu%203%20Camere%20%C3%AEn%20Aviatiei%20Tower%20%26%238211%3B%20Design%20Modern%20%C8%99i%20Terase%20Spa%C8%9Bioase&body=Bucure%C8%99ti%20-%20Apartament%20de%203%20camere%20%C3%AEn%20Aviatiei%20Tower%2C%20cu%20o%20suprafa%C8%9B%C4%83%20util%C4%83%20de%20142%20mp%2C%20situat%20la%20etajul%202%20din%2010.%20Dou%C4%83%20dormitoare%20cu%20b%C4%83i%20proprii%20%C8%99i%20terase%20%2814%20mp%20%C8%99i%2020%20mp%29%2C%20living%20luminos%20cu%20buc%C4%83t%C4%83rie%20open%20space.%20Complet%20mobilat%20%C8%99i%20utilat%2C%20cu%20finisaje%20de%20%C3%AEnalt%C4%83%20calitate.%20Include%20loc%20de%20parcare%20subteran.%20Amplasat%20aproape%20de%20zone%20de%20business%2C%20Promenada%20Mall%20%C8%99i%20sta%C8%9Bii%20de%20metrou.%20Ideal%20pentru%20relaxare%20%C8%99i%20sporturi%20%C3%AEn%20aer%20liber.%0D%0A%0D%0AShared%20from%20https:\/\/propertybook.ro\/blog\/apartament-de-lux-cu-3-camere-in-aviatiei-tower-design-modern-si-terase-spatioase\/%0D%0A\">\n    <span class=\"ngfb-icon\">\n      <svg xmlns=\"http:\/\/www.w3.org\/2000\/svg\" width=\"9\" height=\"9\" viewBox=\"0 0 28 28\">\n        <path d=\"M20.11 26.147c-2.335 1.05-4.36 1.4-7.124 1.4C6.524 27.548.84 22.916.84 15.284.84 7.343 6.602.45 15.4.45c6.854 0 11.8 4.7 11.8 11.252 0 5.684-3.193 9.265-7.398 9.3-1.83 0-3.153-.934-3.347-2.997h-.077c-1.208 1.986-2.96 2.997-5.023 2.997-2.532 0-4.36-1.868-4.36-5.062 0-4.75 3.503-9.07 9.11-9.07 1.713 0 3.7.4 4.6.972l-1.17 7.203c-.387 2.298-.115 3.3 1 3.4 1.674 0 3.774-2.102 3.774-6.58 0-5.06-3.27-8.994-9.304-8.994C9.05 2.87 3.83 7.545 3.83 14.97c0 6.5 4.2 10.2 10 10.202 1.987 0 4.09-.43 5.647-1.245l.634 2.22zM16.647 10.1c-.31-.078-.7-.155-1.207-.155-2.572 0-4.596 2.53-4.596 5.53 0 1.5.7 2.4 1.9 2.4 1.44 0 2.96-1.83 3.31-4.088l.592-3.72z\" \/>\n      <\/svg>\n    <\/span>\n    <span class=\"ngfb-text\"><\/span>\n  <\/a>\n<\/div><\/div><!-- .ngfb-buttons.en_US -->\n<\/div><!-- .ngfb-content-buttons -->\n<!-- ngfb content-buttons end -->\n\n","protected":false},"excerpt":{"rendered":"<p>Bucure\u0219ti &#8211; Apartament de 3 camere \u00een Aviatiei Tower, cu o suprafa\u021b\u0103 util\u0103 de 142 mp, situat la etajul 2 din 10. Dou\u0103 dormitoare cu b\u0103i proprii \u0219i terase (14 mp \u0219i 20 mp), living luminos cu buc\u0103t\u0103rie open space. Complet mobilat \u0219i utilat, cu finisaje de \u00eenalt\u0103 calitate. Include loc de parcare subteran. Amplasat aproape de zone de business, Promenada Mall \u0219i sta\u021bii de metrou. Ideal pentru relaxare \u0219i sporturi \u00een aer liber.<\/p>\n","protected":false},"author":8,"featured_media":4688,"comment_status":"open","ping_status":"open","sticky":false,"template":"","format":"standard","meta":{"footnotes":""},"categories":[52,49,47],"tags":[377,59,55,207,89,68,140,70,85],"class_list":["post-4689","post","type-post","status-publish","format-standard","has-post-thumbnail","hentry","category-apartamente-de-vanzare-bucuresti","category-oferte-imobiliare-bucuresti","category-oferte","tag-2-bai","tag-2-balcoane","tag-3-camere","tag-an-const-2020","tag-bucuresti","tag-decomandat","tag-etaj-2-10","tag-parchet","tag-termopane"],"_links":{"self":[{"href":"https:\/\/propertybook.ro\/blog\/wp-json\/wp\/v2\/posts\/4689","targetHints":{"allow":["GET"]}}],"collection":[{"href":"https:\/\/propertybook.ro\/blog\/wp-json\/wp\/v2\/posts"}],"about":[{"href":"https:\/\/propertybook.ro\/blog\/wp-json\/wp\/v2\/types\/post"}],"author":[{"embeddable":true,"href":"https:\/\/propertybook.ro\/blog\/wp-json\/wp\/v2\/users\/8"}],"replies":[{"embeddable":true,"href":"https:\/\/propertybook.ro\/blog\/wp-json\/wp\/v2\/comments?post=4689"}],"version-history":[{"count":0,"href":"https:\/\/propertybook.ro\/blog\/wp-json\/wp\/v2\/posts\/4689\/revisions"}],"wp:featuredmedia":[{"embeddable":true,"href":"https:\/\/propertybook.ro\/blog\/wp-json\/wp\/v2\/media\/4688"}],"wp:attachment":[{"href":"https:\/\/propertybook.ro\/blog\/wp-json\/wp\/v2\/media?parent=4689"}],"wp:term":[{"taxonomy":"category","embeddable":true,"href":"https:\/\/propertybook.ro\/blog\/wp-json\/wp\/v2\/categories?post=4689"},{"taxonomy":"post_tag","embeddable":true,"href":"https:\/\/propertybook.ro\/blog\/wp-json\/wp\/v2\/tags?post=4689"}],"curies":[{"name":"wp","href":"https:\/\/api.w.org\/{rel}","templated":true}]}}