{"id":4693,"date":"2025-03-25T13:43:54","date_gmt":"2025-03-25T11:43:54","guid":{"rendered":"https:\/\/propertybook.ro\/blog\/apartament-cu-3-camere-semidecomandat-in-aviatiei-aproape-de-metrou-si-promenada-mall\/"},"modified":"2025-03-25T13:43:54","modified_gmt":"2025-03-25T11:43:54","slug":"apartament-cu-3-camere-semidecomandat-in-aviatiei-aproape-de-metrou-si-promenada-mall","status":"publish","type":"post","link":"https:\/\/propertybook.ro\/blog\/apartament-cu-3-camere-semidecomandat-in-aviatiei-aproape-de-metrou-si-promenada-mall\/","title":{"rendered":"Apartament cu 3 camere semidecomandat \u00een Aviatiei, aproape de metrou \u0219i Promenada Mall"},"content":{"rendered":"\n<!-- ngfb content-buttons begin -->\n<!-- generated on 2026-04-28T13:34:10+00:00 -->\n<div class=\"ngfb-content-buttons\">\n<div class=\"ngfb-buttons en_US\">\n<!-- Email Button --><div class=\"css-button email-button\">\n  <a href=\"mailto:?subject=Share:%20Apartament%20cu%203%20camere%20semidecomandat%20%C3%AEn%20Aviatiei%2C%20aproape%20de%20metrou%20%C8%99i%20Promenada%20Mall&body=Bucure%C8%99ti%2C%20Avia%C8%9Biei%20-%20Apartament%20cu%203%20camere%20semidecomandat%2C%20situat%20%C3%AEn%20Aviatiei%2C%20la%208%20minute%20de%20metrou%20Aurel%20Vlaicu%20%C8%99i%20Promenada%20Mall.%20Suprafa%C8%9B%C4%83%20util%C4%83%20de%2057%20mp%2C%20compus%20din%20living%20cu%20buc%C4%83t%C4%83rie%20open%20space%2C%202%20dormitoare%2C%201%20baie%20%C8%99i%202%20balcoane%20%2810%20mp%29.%20Vedere%20mixt%C4%83%2C%20etaj%204%2F4%2C%20%C3%AEntr-un%20bloc%20construit%20%C3%AEn%201987.%20Ideal%20pentru%20investi%C8%9Bie%20sau%20locuin%C8%9B%C4%83%2C%20cu%20acces%20facil%20la%20transport%20%C3%AEn%20comun%2C%20restaurante%20%C8%99i%20magazine.%20Certificat%20energetic%20disponibil%20la%20tranzac%C8%9Bie.%0D%0A%0D%0AShared%20from%20https:\/\/propertybook.ro\/blog\/apartament-cu-3-camere-semidecomandat-in-aviatiei-aproape-de-metrou-si-promenada-mall\/%0D%0A\">\n    <span class=\"ngfb-icon\">\n      <svg xmlns=\"http:\/\/www.w3.org\/2000\/svg\" width=\"9\" height=\"9\" viewBox=\"0 0 28 28\">\n        <path d=\"M20.11 26.147c-2.335 1.05-4.36 1.4-7.124 1.4C6.524 27.548.84 22.916.84 15.284.84 7.343 6.602.45 15.4.45c6.854 0 11.8 4.7 11.8 11.252 0 5.684-3.193 9.265-7.398 9.3-1.83 0-3.153-.934-3.347-2.997h-.077c-1.208 1.986-2.96 2.997-5.023 2.997-2.532 0-4.36-1.868-4.36-5.062 0-4.75 3.503-9.07 9.11-9.07 1.713 0 3.7.4 4.6.972l-1.17 7.203c-.387 2.298-.115 3.3 1 3.4 1.674 0 3.774-2.102 3.774-6.58 0-5.06-3.27-8.994-9.304-8.994C9.05 2.87 3.83 7.545 3.83 14.97c0 6.5 4.2 10.2 10 10.202 1.987 0 4.09-.43 5.647-1.245l.634 2.22zM16.647 10.1c-.31-.078-.7-.155-1.207-.155-2.572 0-4.596 2.53-4.596 5.53 0 1.5.7 2.4 1.9 2.4 1.44 0 2.96-1.83 3.31-4.088l.592-3.72z\" \/>\n      <\/svg>\n    <\/span>\n    <span class=\"ngfb-text\"><\/span>\n  <\/a>\n<\/div><\/div><!-- .ngfb-buttons.en_US -->\n<\/div><!-- .ngfb-content-buttons -->\n<!-- ngfb content-buttons end -->\n\n\n<!-- ngfb schema image for pinterest pin it button -->\n<div class=\"ngfb-schema-image-for-pinterest\" style=\"display:none;\">\n<img loading=\"lazy\" decoding=\"async\" src=\"https:\/\/propertybook.ro\/blog\/wp-content\/uploads\/2025\/03\/11023122.webp\" width=\"0\" height=\"0\" style=\"width:0;height:0;\" data-pin-description=\"Bucure\u0219ti, Avia\u021biei - Apartament cu 3 camere semidecomandat, situat &icirc;n Aviatiei, la 8 minute de metrou Aurel Vlaicu \u0219i Promenada Mall. Suprafa\u021b\u0103 util\u0103 de 57 mp, compus din living cu buc\u0103t\u0103rie open space, 2 dormitoare, 1 baie \u0219i 2 balcoane (10 mp). Vedere mixt\u0103, etaj 4\/4, &icirc;ntr-un bloc construit...\" alt=\"\"\/>\n<\/div><!-- .ngfb-schema-image-for-pinterest -->\n\n<figure class=\"wp-block-image size-large\"><img decoding=\"async\" src=\"https:\/\/cdn.propertybook.ro\/svn_residentialist\/11023122.webp\" alt=\"\" \/><\/figure>\n<ul>\n<li><a href=\"\/bucuresti\/\">Imobiliare Bucure\u0219ti<\/a><\/li>\n<li><a href=\"\/bucuresti\/apartamente-vanzare\/\">Apartamente de vanzare Bucure\u0219ti<\/a><\/li>\n<li><a href=\"\/bucuresti\/apartamente-vanzare\/3-camere\/\">Apartamente cu 3 camere de vanzare Bucure\u0219ti<\/a><\/li>\n<li><a href=\"\/bucuresti\/apartamente-vanzare\/aviatiei\/3-camere\/\">Apartamente cu 3 camere de vanzare Avia\u021biei, Bucure\u0219ti<\/a><\/li>\n<\/ul>\n<p><a href=\"\/bucuresti\/imobiliare-163-11023122-de-vanzare-apartament-3-camere-in-sector-1-zona-aviatiei\/\" class=\"pb-listing-action\">Detaliile proprietatii<\/a><\/p>\n<p><h2 class=\"wp-block-heading\">Descoper\u0103 apartamentul ideal \u00een Aviatiei!<\/h2>\n<p>Dac\u0103 e\u0219ti \u00een c\u0103utarea unei locuin\u021be moderne \u0219i confortabile \u00een Bucure\u0219ti, acest apartament cu 3 camere din cartierul Aviatiei ar putea fi alegerea perfect\u0103 pentru tine. Situat la doar 8 minute de mers pe jos de statia de metrou Aurel Vlaicu \u0219i de Promenada Mall, acest imobil beneficiaz\u0103 de o pozi\u021bie excelent\u0103, care \u00ee\u021bi va facilita accesul la toate facilit\u0103\u021bile de care ai nevoie.<\/p>\n<p>Cu o suprafa\u021b\u0103 util\u0103 de 57 mp, apartamentul este conceput pentru a oferi un spa\u021biu optim de trai. Componen\u021ba sa include un living spacious, integrat cu o buc\u0103t\u0103rie open space, perfect pentru serile de relaxare sau \u00eent\u00e2lnirile cu prietenii. Cele dou\u0103 dormitoare ofer\u0103 intimitate \u0219i confort, iar baia modern\u0103 este un alt avantaj pentru locatari. Nu \u00een ultimul r\u00e2nd, apartamentul dispune de dou\u0103 balcoane cu o suprafa\u021b\u0103 total\u0103 de 10 mp, ideale pentru a te bucura de o cafea \u00een aer liber sau pentru a te relaxa dup\u0103 o zi lung\u0103.<\/p>\n<p>Un alt aspect important este c\u0103 proprietatea este mobilat\u0103 \u0219i utilat\u0103 conform imaginilor, astfel c\u0103 te po\u021bi muta imediat f\u0103r\u0103 a fi nevoie de investi\u021bii suplimentare. Vederea mixt\u0103 a apartamentului adaug\u0103 un plus de farmec, oferind lumin\u0103 natural\u0103 \u00een fiecare col\u021b al locuin\u021bei.<\/p>\n<p>Blocul \u00een care este situat apartamentul a fost construit \u00een 1987 \u0219i se afl\u0103 la etajul 4 din 4, oferind liniste \u0219i intimitate printr-o pozi\u021bie mai sus de tumultul str\u0103zilor aglomerate. Zona Aviatiei este cunoscut\u0103 pentru livrarea unei calit\u0103\u021bi ridicate a vie\u021bii, fiind \u00eenconjurat\u0103 de multiple op\u021biuni de transport \u00een comun, restaurante, supermarket-uri, \u0219coli \u0219i gr\u0103dini\u021be, ceea ce face ca apartamentul s\u0103 fie o alegere excelent\u0103 at\u00e2t pentru cei care \u00ee\u0219i doresc un c\u0103min confortabil, c\u00e2t \u0219i pentru investitori.<\/p>\n<p>Certificatul energetic va fi disponibil la momentul tranzac\u021biei, oferindu-\u021bi asigurarea transparen\u021bei \u0219i eficien\u021bei energetice a locuin\u021bei.<\/p>\n<p>Dac\u0103 e\u0219ti interesat s\u0103 afli mai multe informa\u021bii sau s\u0103 programezi o vizionare, nu ezita s\u0103 p\u0103trunzi \u00een universul acestei locuin\u021be ce a\u0219teapt\u0103 s\u0103 devin\u0103 \u201eacasa\u201d ta. \u00cencepe acum aventura de a g\u0103si locuin\u021ba perfect\u0103 \u00een inima Bucure\u0219tiului!<\/p>\n<p><a href=\"\/bucuresti\/imobiliare-163-11023122-de-vanzare-apartament-3-camere-in-sector-1-zona-aviatiei\/\" class=\"pb-listing-action\">Stabileste o vizionare<\/a><\/p>\n<ul>\n<li><a href=\"\/bucuresti\/\">Imobiliare Bucure\u0219ti<\/a><\/li>\n<li><a href=\"\/bucuresti\/apartamente-vanzare\/\">Apartamente de vanzare Bucure\u0219ti<\/a><\/li>\n<li><a href=\"\/bucuresti\/apartamente-vanzare\/3-camere\/\">Apartamente cu 3 camere de vanzare Bucure\u0219ti<\/a><\/li>\n<li><a href=\"\/bucuresti\/apartamente-vanzare\/aviatiei\/3-camere\/\">Apartamente cu 3 camere de vanzare Avia\u021biei, Bucure\u0219ti<\/a><\/li>\n<\/ul>\n\n<!-- ngfb content-buttons begin -->\n<!-- generated on 2026-04-28T13:34:10+00:00 -->\n<div class=\"ngfb-content-buttons\">\n<div class=\"ngfb-buttons en_US\">\n<!-- Email Button --><div class=\"css-button email-button\">\n  <a href=\"mailto:?subject=Share:%20Apartament%20cu%203%20camere%20semidecomandat%20%C3%AEn%20Aviatiei%2C%20aproape%20de%20metrou%20%C8%99i%20Promenada%20Mall&body=Bucure%C8%99ti%2C%20Avia%C8%9Biei%20-%20Apartament%20cu%203%20camere%20semidecomandat%2C%20situat%20%C3%AEn%20Aviatiei%2C%20la%208%20minute%20de%20metrou%20Aurel%20Vlaicu%20%C8%99i%20Promenada%20Mall.%20Suprafa%C8%9B%C4%83%20util%C4%83%20de%2057%20mp%2C%20compus%20din%20living%20cu%20buc%C4%83t%C4%83rie%20open%20space%2C%202%20dormitoare%2C%201%20baie%20%C8%99i%202%20balcoane%20%2810%20mp%29.%20Vedere%20mixt%C4%83%2C%20etaj%204%2F4%2C%20%C3%AEntr-un%20bloc%20construit%20%C3%AEn%201987.%20Ideal%20pentru%20investi%C8%9Bie%20sau%20locuin%C8%9B%C4%83%2C%20cu%20acces%20facil%20la%20transport%20%C3%AEn%20comun%2C%20restaurante%20%C8%99i%20magazine.%20Certificat%20energetic%20disponibil%20la%20tranzac%C8%9Bie.%0D%0A%0D%0AShared%20from%20https:\/\/propertybook.ro\/blog\/apartament-cu-3-camere-semidecomandat-in-aviatiei-aproape-de-metrou-si-promenada-mall\/%0D%0A\">\n    <span class=\"ngfb-icon\">\n      <svg xmlns=\"http:\/\/www.w3.org\/2000\/svg\" width=\"9\" height=\"9\" viewBox=\"0 0 28 28\">\n        <path d=\"M20.11 26.147c-2.335 1.05-4.36 1.4-7.124 1.4C6.524 27.548.84 22.916.84 15.284.84 7.343 6.602.45 15.4.45c6.854 0 11.8 4.7 11.8 11.252 0 5.684-3.193 9.265-7.398 9.3-1.83 0-3.153-.934-3.347-2.997h-.077c-1.208 1.986-2.96 2.997-5.023 2.997-2.532 0-4.36-1.868-4.36-5.062 0-4.75 3.503-9.07 9.11-9.07 1.713 0 3.7.4 4.6.972l-1.17 7.203c-.387 2.298-.115 3.3 1 3.4 1.674 0 3.774-2.102 3.774-6.58 0-5.06-3.27-8.994-9.304-8.994C9.05 2.87 3.83 7.545 3.83 14.97c0 6.5 4.2 10.2 10 10.202 1.987 0 4.09-.43 5.647-1.245l.634 2.22zM16.647 10.1c-.31-.078-.7-.155-1.207-.155-2.572 0-4.596 2.53-4.596 5.53 0 1.5.7 2.4 1.9 2.4 1.44 0 2.96-1.83 3.31-4.088l.592-3.72z\" \/>\n      <\/svg>\n    <\/span>\n    <span class=\"ngfb-text\"><\/span>\n  <\/a>\n<\/div><\/div><!-- .ngfb-buttons.en_US -->\n<\/div><!-- .ngfb-content-buttons -->\n<!-- ngfb content-buttons end -->\n\n","protected":false},"excerpt":{"rendered":"<p>Bucure\u0219ti, Avia\u021biei &#8211; Apartament cu 3 camere semidecomandat, situat \u00een Aviatiei, la 8 minute de metrou Aurel Vlaicu \u0219i Promenada Mall. Suprafa\u021b\u0103 util\u0103 de 57 mp, compus din living cu buc\u0103t\u0103rie open space, 2 dormitoare, 1 baie \u0219i 2 balcoane (10 mp). Vedere mixt\u0103, etaj 4\/4, \u00eentr-un bloc construit \u00een 1987. Ideal pentru investi\u021bie sau locuin\u021b\u0103, cu acces facil la transport \u00een comun, restaurante \u0219i magazine. Certificat energetic disponibil la tranzac\u021bie.<\/p>\n","protected":false},"author":8,"featured_media":4692,"comment_status":"open","ping_status":"open","sticky":false,"template":"","format":"standard","meta":{"footnotes":""},"categories":[52,49,47],"tags":[59,55,181,204,89,79,376,70,63,85],"class_list":["post-4693","post","type-post","status-publish","format-standard","has-post-thumbnail","hentry","category-apartamente-de-vanzare-bucuresti","category-oferte-imobiliare-bucuresti","category-oferte","tag-2-balcoane","tag-3-camere","tag-an-const-1987","tag-aviatiei","tag-bucuresti","tag-etaj-4-4","tag-o-baie","tag-parchet","tag-semidecomandat","tag-termopane"],"_links":{"self":[{"href":"https:\/\/propertybook.ro\/blog\/wp-json\/wp\/v2\/posts\/4693","targetHints":{"allow":["GET"]}}],"collection":[{"href":"https:\/\/propertybook.ro\/blog\/wp-json\/wp\/v2\/posts"}],"about":[{"href":"https:\/\/propertybook.ro\/blog\/wp-json\/wp\/v2\/types\/post"}],"author":[{"embeddable":true,"href":"https:\/\/propertybook.ro\/blog\/wp-json\/wp\/v2\/users\/8"}],"replies":[{"embeddable":true,"href":"https:\/\/propertybook.ro\/blog\/wp-json\/wp\/v2\/comments?post=4693"}],"version-history":[{"count":0,"href":"https:\/\/propertybook.ro\/blog\/wp-json\/wp\/v2\/posts\/4693\/revisions"}],"wp:featuredmedia":[{"embeddable":true,"href":"https:\/\/propertybook.ro\/blog\/wp-json\/wp\/v2\/media\/4692"}],"wp:attachment":[{"href":"https:\/\/propertybook.ro\/blog\/wp-json\/wp\/v2\/media?parent=4693"}],"wp:term":[{"taxonomy":"category","embeddable":true,"href":"https:\/\/propertybook.ro\/blog\/wp-json\/wp\/v2\/categories?post=4693"},{"taxonomy":"post_tag","embeddable":true,"href":"https:\/\/propertybook.ro\/blog\/wp-json\/wp\/v2\/tags?post=4693"}],"curies":[{"name":"wp","href":"https:\/\/api.w.org\/{rel}","templated":true}]}}