{"id":4709,"date":"2025-03-26T11:43:42","date_gmt":"2025-03-26T09:43:42","guid":{"rendered":"https:\/\/propertybook.ro\/blog\/apartament-modern-cu-2-camere-si-terasa-impresionanta-in-zona-1-mai-pregatit-pentru-mutare\/"},"modified":"2025-03-26T11:43:42","modified_gmt":"2025-03-26T09:43:42","slug":"apartament-modern-cu-2-camere-si-terasa-impresionanta-in-zona-1-mai-pregatit-pentru-mutare","status":"publish","type":"post","link":"https:\/\/propertybook.ro\/blog\/apartament-modern-cu-2-camere-si-terasa-impresionanta-in-zona-1-mai-pregatit-pentru-mutare\/","title":{"rendered":"Apartament modern cu 2 camere \u0219i teras\u0103 impresionant\u0103 \u00een zona 1 Mai &#8211; preg\u0103tit pentru mutare!"},"content":{"rendered":"\n<!-- ngfb content-buttons begin -->\n<!-- generated on 2026-04-28T03:45:27+00:00 -->\n<div class=\"ngfb-content-buttons\">\n<div class=\"ngfb-buttons en_US\">\n<!-- Email Button --><div class=\"css-button email-button\">\n  <a href=\"mailto:?subject=Share:%20Apartament%20modern%20cu%202%20camere%20%C8%99i%20teras%C4%83%20impresionant%C4%83%20%C3%AEn%20zona%201%20Mai%20%26%238211%3B%20preg%C4%83tit%20pentru%20mutare%21&body=Bucure%C8%99ti%20-%20Apartament%20modern%20cu%202%20camere%20situat%20%C3%AEn%20zona%201%20Mai%2C%20la%20etajul%205%20al%20unui%20imobil%20construit%20%C3%AEn%202012.%20Suprafa%C8%9Ba%20util%C4%83%20este%20de%2046.74%20mp%2C%20incluz%C3%A2nd%20un%20living%20spa%C8%9Bios%2C%20dormitor%20confortabil%2C%20buc%C4%83t%C4%83rie%2C%20baie%20%C8%99i%20hol.%20Teras%C4%83%20impresionant%C4%83%20de%2073%20mp%20%C8%99i%20balcon%20de%202.38%20mp.%20Dotat%20cu%20central%C4%83%20proprie%20%C8%99i%20aer%20condi%C8%9Bionat%2C%20se%20vinde%20mobilat%20%C8%99i%20utilat%2C%20gata%20pentru%20mutare%20imediat%C4%83.%0D%0A%0D%0AShared%20from%20https:\/\/propertybook.ro\/blog\/apartament-modern-cu-2-camere-si-terasa-impresionanta-in-zona-1-mai-pregatit-pentru-mutare\/%0D%0A\">\n    <span class=\"ngfb-icon\">\n      <svg xmlns=\"http:\/\/www.w3.org\/2000\/svg\" width=\"9\" height=\"9\" viewBox=\"0 0 28 28\">\n        <path d=\"M20.11 26.147c-2.335 1.05-4.36 1.4-7.124 1.4C6.524 27.548.84 22.916.84 15.284.84 7.343 6.602.45 15.4.45c6.854 0 11.8 4.7 11.8 11.252 0 5.684-3.193 9.265-7.398 9.3-1.83 0-3.153-.934-3.347-2.997h-.077c-1.208 1.986-2.96 2.997-5.023 2.997-2.532 0-4.36-1.868-4.36-5.062 0-4.75 3.503-9.07 9.11-9.07 1.713 0 3.7.4 4.6.972l-1.17 7.203c-.387 2.298-.115 3.3 1 3.4 1.674 0 3.774-2.102 3.774-6.58 0-5.06-3.27-8.994-9.304-8.994C9.05 2.87 3.83 7.545 3.83 14.97c0 6.5 4.2 10.2 10 10.202 1.987 0 4.09-.43 5.647-1.245l.634 2.22zM16.647 10.1c-.31-.078-.7-.155-1.207-.155-2.572 0-4.596 2.53-4.596 5.53 0 1.5.7 2.4 1.9 2.4 1.44 0 2.96-1.83 3.31-4.088l.592-3.72z\" \/>\n      <\/svg>\n    <\/span>\n    <span class=\"ngfb-text\"><\/span>\n  <\/a>\n<\/div><\/div><!-- .ngfb-buttons.en_US -->\n<\/div><!-- .ngfb-content-buttons -->\n<!-- ngfb content-buttons end -->\n\n\n<!-- ngfb schema image for pinterest pin it button -->\n<div class=\"ngfb-schema-image-for-pinterest\" style=\"display:none;\">\n<img loading=\"lazy\" decoding=\"async\" src=\"https:\/\/propertybook.ro\/blog\/wp-content\/uploads\/2025\/03\/11023156.webp\" width=\"0\" height=\"0\" style=\"width:0;height:0;\" data-pin-description=\"Bucure\u0219ti - Apartament modern cu 2 camere situat &icirc;n zona 1 Mai, la etajul 5 al unui imobil construit &icirc;n 2012. Suprafa\u021ba util\u0103 este de 46.74 mp, incluz&acirc;nd un living spa\u021bios, dormitor confortabil, buc\u0103t\u0103rie, baie \u0219i hol. Teras\u0103 impresionant\u0103 de 73 mp \u0219i balcon de 2.38 mp. Dotat cu central\u0103 proprie...\" alt=\"\"\/>\n<\/div><!-- .ngfb-schema-image-for-pinterest -->\n\n<figure class=\"wp-block-image size-large\"><img decoding=\"async\" src=\"https:\/\/cdn.propertybook.ro\/svn_residentialist\/11023156.webp\" alt=\"\" \/><\/figure>\n<ul>\n<li><a href=\"\/bucuresti\/\">Imobiliare Bucure\u0219ti<\/a><\/li>\n<li><a href=\"\/bucuresti\/apartamente-vanzare\/2-camere\/\">Apartamente cu 2 camere de vanzare Bucure\u0219ti<\/a><\/li>\n<\/ul>\n<p><a href=\"\/bucuresti\/imobiliare-163-11023156-se-vinde-apartament-2-camere-in-sector-1-zona-1-mai\/\" class=\"pb-listing-action\">Detaliile proprietatii<\/a><\/p>\n<p><h2 class=\"wp-block-heading\">Descoper\u0103 Apartamentul Ideal \u00een Zona 1 Mai<\/h2>\n<p>Dac\u0103 e\u0219ti \u00een c\u0103utarea unei locuin\u021be moderne, confortabile \u0219i situate \u00eentr-o zon\u0103 accesibil\u0103, acest apartament de 2 camere din zona 1 Mai ar putea fi r\u0103spunsul. Situat la etajul 5 al unui imobil edificat \u00een 2012, apartamentul are toate caracteristicile necesare pentru un stil de via\u021b\u0103 contemporan.<\/p>\n<p>#<\/p>\n<h2 class=\"wp-block-heading\">Detalii despre Apartament<\/h2>\n<p>Cu o suprafa\u021b\u0103 util\u0103 de 46.74 mp, apartamentul este eficient compartimentat, oferind un echilibru perfect \u00eentre spa\u021biu \u0219i confort. Iat\u0103 cum este organizat:<\/p>\n<p>&#8211; **Living Spa\u021bios (15.06 mp):** Acest spa\u021biu deschis este ideal pentru relaxare sau pentru petrecere a timpului liber cu prietenii \u0219i familia.<\/p>\n<p>&#8211; **Dormitor Confortabil (12.45 mp):** Un refugiu personal care asigur\u0103 odihn\u0103 \u0219i intimitate.<\/p>\n<p>&#8211; **Buc\u0103t\u0103rie Func\u021bional\u0103 (10.23 mp):** Spa\u021biu ideal pentru g\u0103tit \u0219i servit masa, echipat pentru a face fiecare experien\u021b\u0103 culinar\u0103 una pl\u0103cut\u0103.<\/p>\n<p>&#8211; **Baie (5 mp):** Modern\u0103 \u0219i bine echipat\u0103, contribuind la confortul zilnic.<\/p>\n<p>&#8211; **Hol (4 mp):** Permite un acces facil \u00eentre camere, optimiz\u00e2nd astfel spatiul.<\/p>\n<p>#<\/p>\n<h2 class=\"wp-block-heading\">Terasa \u0219i Balconul<\/h2>\n<p>Unul dintre cele mai atr\u0103g\u0103toare aspecte ale acestei propriet\u0103\u021bi este terasa impresionant\u0103 de 73 mp. Acest spa\u021biu exterior generos este perfect pentru relaxare, citit, sau pentru organizarea de \u00eent\u00e2lniri cu prietenii \u00een aer liber. \u00cen plus, apartamentul dispune \u0219i de un balcon de 2.38 mp, ideal pentru a savura o cafea sau pentru a te bucura de soare.<\/p>\n<p>#<\/p>\n<h2 class=\"wp-block-heading\">Dot\u0103ri \u0219i Confort<\/h2>\n<p>Pentru un trai c\u00e2t mai pl\u0103cut, apartamentul dispune de central\u0103 proprie \u0219i aer condi\u021bionat, asigur\u00e2ndu-le locatarilor confort termic pe tot parcursul anului. De asemenea, acesta se vinde complet mobilat \u0219i utilat, preg\u0103tit pentru o mutare imediat\u0103 f\u0103r\u0103 alte b\u0103t\u0103i de cap.<\/p>\n<p>#<\/p>\n<h2 class=\"wp-block-heading\">Loca\u021bia<\/h2>\n<p>Zona 1 Mai este cunoscut\u0103 pentru accesibilitatea sa \u0219i pentru diversitatea facilit\u0103\u021bilor disponibile. Aproape de transportul public, magazine, restaurante \u0219i parcuri, aceast\u0103 loca\u021bie ofer\u0103 un mediu pl\u0103cut \u0219i convenabil pentru a tr\u0103i.<\/p>\n<h2 class=\"wp-block-heading\">\u00cen Concluzie<\/h2>\n<p>Acest apartament de 2 camere din zona 1 Mai reprezint\u0103 o oportunitate excelen\u021b\u0103 pentru cei care caut\u0103 un c\u0103min modern \u00eentr-o zon\u0103 atr\u0103g\u0103toare. Fie c\u0103 e\u0219ti un t\u00e2n\u0103r profesionist sau o familie, acest spa\u021biu promite s\u0103 devin\u0103 locul ideal pentru a-\u021bi construi amintiri de neuitat. Nu rata ocazia de a-l vizita!<\/p>\n<p><a href=\"\/bucuresti\/imobiliare-163-11023156-se-vinde-apartament-2-camere-in-sector-1-zona-1-mai\/\" class=\"pb-listing-action\">Stabileste o vizionare<\/a><\/p>\n<ul>\n<li><a href=\"\/bucuresti\/\">Imobiliare Bucure\u0219ti<\/a><\/li>\n<li><a href=\"\/bucuresti\/apartamente-vanzare\/2-camere\/\">Apartamente cu 2 camere de vanzare Bucure\u0219ti<\/a><\/li>\n<\/ul>\n\n<!-- ngfb content-buttons begin -->\n<!-- generated on 2026-04-28T03:45:27+00:00 -->\n<div class=\"ngfb-content-buttons\">\n<div class=\"ngfb-buttons en_US\">\n<!-- Email Button --><div class=\"css-button email-button\">\n  <a href=\"mailto:?subject=Share:%20Apartament%20modern%20cu%202%20camere%20%C8%99i%20teras%C4%83%20impresionant%C4%83%20%C3%AEn%20zona%201%20Mai%20%26%238211%3B%20preg%C4%83tit%20pentru%20mutare%21&body=Bucure%C8%99ti%20-%20Apartament%20modern%20cu%202%20camere%20situat%20%C3%AEn%20zona%201%20Mai%2C%20la%20etajul%205%20al%20unui%20imobil%20construit%20%C3%AEn%202012.%20Suprafa%C8%9Ba%20util%C4%83%20este%20de%2046.74%20mp%2C%20incluz%C3%A2nd%20un%20living%20spa%C8%9Bios%2C%20dormitor%20confortabil%2C%20buc%C4%83t%C4%83rie%2C%20baie%20%C8%99i%20hol.%20Teras%C4%83%20impresionant%C4%83%20de%2073%20mp%20%C8%99i%20balcon%20de%202.38%20mp.%20Dotat%20cu%20central%C4%83%20proprie%20%C8%99i%20aer%20condi%C8%9Bionat%2C%20se%20vinde%20mobilat%20%C8%99i%20utilat%2C%20gata%20pentru%20mutare%20imediat%C4%83.%0D%0A%0D%0AShared%20from%20https:\/\/propertybook.ro\/blog\/apartament-modern-cu-2-camere-si-terasa-impresionanta-in-zona-1-mai-pregatit-pentru-mutare\/%0D%0A\">\n    <span class=\"ngfb-icon\">\n      <svg xmlns=\"http:\/\/www.w3.org\/2000\/svg\" width=\"9\" height=\"9\" viewBox=\"0 0 28 28\">\n        <path d=\"M20.11 26.147c-2.335 1.05-4.36 1.4-7.124 1.4C6.524 27.548.84 22.916.84 15.284.84 7.343 6.602.45 15.4.45c6.854 0 11.8 4.7 11.8 11.252 0 5.684-3.193 9.265-7.398 9.3-1.83 0-3.153-.934-3.347-2.997h-.077c-1.208 1.986-2.96 2.997-5.023 2.997-2.532 0-4.36-1.868-4.36-5.062 0-4.75 3.503-9.07 9.11-9.07 1.713 0 3.7.4 4.6.972l-1.17 7.203c-.387 2.298-.115 3.3 1 3.4 1.674 0 3.774-2.102 3.774-6.58 0-5.06-3.27-8.994-9.304-8.994C9.05 2.87 3.83 7.545 3.83 14.97c0 6.5 4.2 10.2 10 10.202 1.987 0 4.09-.43 5.647-1.245l.634 2.22zM16.647 10.1c-.31-.078-.7-.155-1.207-.155-2.572 0-4.596 2.53-4.596 5.53 0 1.5.7 2.4 1.9 2.4 1.44 0 2.96-1.83 3.31-4.088l.592-3.72z\" \/>\n      <\/svg>\n    <\/span>\n    <span class=\"ngfb-text\"><\/span>\n  <\/a>\n<\/div><\/div><!-- .ngfb-buttons.en_US -->\n<\/div><!-- .ngfb-content-buttons -->\n<!-- ngfb content-buttons end -->\n\n","protected":false},"excerpt":{"rendered":"<p>Bucure\u0219ti &#8211; Apartament modern cu 2 camere situat \u00een zona 1 Mai, la etajul 5 al unui imobil construit \u00een 2012. Suprafa\u021ba util\u0103 este de 46.74 mp, incluz\u00e2nd un living spa\u021bios, dormitor confortabil, buc\u0103t\u0103rie, baie \u0219i hol. Teras\u0103 impresionant\u0103 de 73 mp \u0219i balcon de 2.38 mp. Dotat cu central\u0103 proprie \u0219i aer condi\u021bionat, se vinde mobilat \u0219i utilat, gata pentru mutare imediat\u0103.<\/p>\n","protected":false},"author":8,"featured_media":4708,"comment_status":"open","ping_status":"open","sticky":false,"template":"","format":"standard","meta":{"footnotes":""},"categories":[52,49,47],"tags":[62,189,74,89,265,376,70,63,85],"class_list":["post-4709","post","type-post","status-publish","format-standard","has-post-thumbnail","hentry","category-apartamente-de-vanzare-bucuresti","category-oferte-imobiliare-bucuresti","category-oferte","tag-2-camere","tag-an-const-2012","tag-balcon","tag-bucuresti","tag-etaj-5-5","tag-o-baie","tag-parchet","tag-semidecomandat","tag-termopane"],"_links":{"self":[{"href":"https:\/\/propertybook.ro\/blog\/wp-json\/wp\/v2\/posts\/4709","targetHints":{"allow":["GET"]}}],"collection":[{"href":"https:\/\/propertybook.ro\/blog\/wp-json\/wp\/v2\/posts"}],"about":[{"href":"https:\/\/propertybook.ro\/blog\/wp-json\/wp\/v2\/types\/post"}],"author":[{"embeddable":true,"href":"https:\/\/propertybook.ro\/blog\/wp-json\/wp\/v2\/users\/8"}],"replies":[{"embeddable":true,"href":"https:\/\/propertybook.ro\/blog\/wp-json\/wp\/v2\/comments?post=4709"}],"version-history":[{"count":0,"href":"https:\/\/propertybook.ro\/blog\/wp-json\/wp\/v2\/posts\/4709\/revisions"}],"wp:featuredmedia":[{"embeddable":true,"href":"https:\/\/propertybook.ro\/blog\/wp-json\/wp\/v2\/media\/4708"}],"wp:attachment":[{"href":"https:\/\/propertybook.ro\/blog\/wp-json\/wp\/v2\/media?parent=4709"}],"wp:term":[{"taxonomy":"category","embeddable":true,"href":"https:\/\/propertybook.ro\/blog\/wp-json\/wp\/v2\/categories?post=4709"},{"taxonomy":"post_tag","embeddable":true,"href":"https:\/\/propertybook.ro\/blog\/wp-json\/wp\/v2\/tags?post=4709"}],"curies":[{"name":"wp","href":"https:\/\/api.w.org\/{rel}","templated":true}]}}