{"id":4715,"date":"2025-03-26T15:43:49","date_gmt":"2025-03-26T13:43:49","guid":{"rendered":"https:\/\/propertybook.ro\/blog\/apartament-decomandat-cu-3-camere-in-manastur-aproape-de-penny-si-transport-in-comun\/"},"modified":"2025-03-26T15:43:49","modified_gmt":"2025-03-26T13:43:49","slug":"apartament-decomandat-cu-3-camere-in-manastur-aproape-de-penny-si-transport-in-comun","status":"publish","type":"post","link":"https:\/\/propertybook.ro\/blog\/apartament-decomandat-cu-3-camere-in-manastur-aproape-de-penny-si-transport-in-comun\/","title":{"rendered":"Apartament Decomandat cu 3 Camere \u00een Manastur, Aproape de Penny \u0219i Transport \u00een Comun"},"content":{"rendered":"\n<!-- ngfb content-buttons begin -->\n<!-- generated on 2026-04-29T22:58:38+00:00 -->\n<div class=\"ngfb-content-buttons\">\n<div class=\"ngfb-buttons en_US\">\n<!-- Email Button --><div class=\"css-button email-button\">\n  <a href=\"mailto:?subject=Share:%20Apartament%20Decomandat%20cu%203%20Camere%20%C3%AEn%20Manastur%2C%20Aproape%20de%20Penny%20%C8%99i%20Transport%20%C3%AEn%20Comun&body=Cluj-Napoca%2C%20Gr%C4%83dini%20M%C4%83n%C4%83%C8%99tur%20-%20Apartament%20cu%203%20camere%20decomandate%2C%20situat%20%C3%AEn%20cartierul%20M%C4%83n%C4%83%C8%99tur%2C%20cu%20o%20suprafat%C4%83%20util%C4%83%20de%2076%20mp%2C%20la%20etajul%202%20din%208.%20Fiecare%20camer%C4%83%20are%20balcon%2C%20iar%20apartamentul%20dispune%20de%20buc%C4%83t%C4%83rie%20%C8%99i%20dou%C4%83%20b%C4%83i%2C%20fiind%20v%C3%A2ndut%20mobilat%20%C8%99i%20utilat.%20Finisajele%20sunt%20mixte%2C%20camerele%20fiind%20renovate%20recent.%20Imobilul%20este%20retras%20de%20la%20zgomot%2C%20aproape%20de%20transport%20%C3%AEn%20comun%20%C8%99i%20magazine.%20Include%20%C8%99i%20un%20spa%C8%9Biu%20de%20depozitare%20%C3%AEn%20subsol.%0D%0A%0D%0AShared%20from%20https:\/\/propertybook.ro\/blog\/apartament-decomandat-cu-3-camere-in-manastur-aproape-de-penny-si-transport-in-comun\/%0D%0A\">\n    <span class=\"ngfb-icon\">\n      <svg xmlns=\"http:\/\/www.w3.org\/2000\/svg\" width=\"9\" height=\"9\" viewBox=\"0 0 28 28\">\n        <path d=\"M20.11 26.147c-2.335 1.05-4.36 1.4-7.124 1.4C6.524 27.548.84 22.916.84 15.284.84 7.343 6.602.45 15.4.45c6.854 0 11.8 4.7 11.8 11.252 0 5.684-3.193 9.265-7.398 9.3-1.83 0-3.153-.934-3.347-2.997h-.077c-1.208 1.986-2.96 2.997-5.023 2.997-2.532 0-4.36-1.868-4.36-5.062 0-4.75 3.503-9.07 9.11-9.07 1.713 0 3.7.4 4.6.972l-1.17 7.203c-.387 2.298-.115 3.3 1 3.4 1.674 0 3.774-2.102 3.774-6.58 0-5.06-3.27-8.994-9.304-8.994C9.05 2.87 3.83 7.545 3.83 14.97c0 6.5 4.2 10.2 10 10.202 1.987 0 4.09-.43 5.647-1.245l.634 2.22zM16.647 10.1c-.31-.078-.7-.155-1.207-.155-2.572 0-4.596 2.53-4.596 5.53 0 1.5.7 2.4 1.9 2.4 1.44 0 2.96-1.83 3.31-4.088l.592-3.72z\" \/>\n      <\/svg>\n    <\/span>\n    <span class=\"ngfb-text\"><\/span>\n  <\/a>\n<\/div><\/div><!-- .ngfb-buttons.en_US -->\n<\/div><!-- .ngfb-content-buttons -->\n<!-- ngfb content-buttons end -->\n\n\n<!-- ngfb schema image for pinterest pin it button -->\n<div class=\"ngfb-schema-image-for-pinterest\" style=\"display:none;\">\n<img loading=\"lazy\" decoding=\"async\" src=\"https:\/\/propertybook.ro\/blog\/wp-content\/uploads\/2025\/03\/2460192.webp\" width=\"0\" height=\"0\" style=\"width:0;height:0;\" data-pin-description=\"Cluj-Napoca, Gr\u0103dini M\u0103n\u0103\u0219tur - Apartament cu 3 camere decomandate, situat &icirc;n cartierul M\u0103n\u0103\u0219tur, cu o suprafat\u0103 util\u0103 de 76 mp, la etajul 2 din 8. Fiecare camer\u0103 are balcon, iar apartamentul dispune de buc\u0103t\u0103rie \u0219i dou\u0103 b\u0103i, fiind v&acirc;ndut mobilat \u0219i utilat. Finisajele sunt mixte, camerele fiind...\" alt=\"\"\/>\n<\/div><!-- .ngfb-schema-image-for-pinterest -->\n\n<figure class=\"wp-block-image size-large\"><img decoding=\"async\" src=\"https:\/\/cdn.propertybook.ro\/habitas\/2460192.webp\" alt=\"\" \/><\/figure>\n<ul>\n<li><a href=\"\/cluj-napoca\/\">Imobiliare Cluj-Napoca<\/a><\/li>\n<li><a href=\"\/cluj-napoca\/apartamente-vanzare\/\">Apartamente de vanzare Cluj-Napoca<\/a><\/li>\n<li><a href=\"\/cluj-napoca\/apartamente-vanzare\/3-camere\/\">Apartamente cu 3 camere de vanzare Cluj-Napoca<\/a><\/li>\n<li><a href=\"\/cluj-napoca\/apartamente-vanzare\/gradini_manastur\/3-camere\/\">Apartamente cu 3 camere de vanzare Gr\u0103dini M\u0103n\u0103\u0219tur, Cluj-Napoca<\/a><\/li>\n<\/ul>\n<p><a href=\"\/cluj-napoca\/imobiliare-31-2460192-ap-3-camere-decomandat-etajul-2-zona-penny-supeco-manastur\/\" class=\"pb-listing-action\">Detaliile proprietatii<\/a><\/p>\n<p><h2 class=\"wp-block-heading\">Apartament Deosebit cu 3 Camere \u00een Cartierul M\u0103n\u0103\u0219tur<\/h2>\n<p>Dac\u0103 e\u0219ti \u00een c\u0103utarea unui apartament confortabil \u0219i bine amplasat \u00een Cluj-Napoca, am g\u0103sit pentru tine o proprietate care merit\u0103 aten\u021bia ta. Situat \u00een cartierul M\u0103n\u0103\u0219tur, \u00een apropierea Penny, SupeCo \u0219i OMV, acest apartament cu 3 camere ofer\u0103 un mix perfect de confort \u0219i accesibilitate.<\/p>\n<p>#<\/p>\n<h2 class=\"wp-block-heading\">Detalii Despre Proprietate<\/h2>\n<p>Apartamentul are o suprafa\u021b\u0103 util\u0103 de 76 mp \u0219i se afl\u0103 la etajul 2 din 8, \u00eentr-un imobil modern dotat cu lift, ceea ce face accesul la toate nivelurile foarte u\u0219or. Cu doar 3 apartamente pe etaj, vei beneficia de o atmosfer\u0103 lini\u0219tit\u0103 \u0219i de un vecin\u0103tate mai restr\u00e2ns.<\/p>\n<p>##<\/p>\n<h2 class=\"wp-block-heading\">Compartimentare<\/h2>\n<p>Imobilul este decomandat, cu un layout foarte practic, incluz\u00e2nd:<\/p>\n<p>&#8211; **3 camere decomandate**, fiecare av\u00e2nd un balcon dedicat, oferind un spa\u021biu exterior pentru relaxare (total estimat de 16 mp pentru balcoane)<\/p>\n<p>&#8211; **O buc\u0103t\u0103rie** spa\u021bioas\u0103 \u0219i bine echipat\u0103<\/p>\n<p>&#8211; **2 b\u0103i**, dintre care una este dotat\u0103 cu du\u0219<\/p>\n<p>&#8211; **Hol central** generos, ideal pentru a crea un spa\u021biu primitor<\/p>\n<p>Apartamentul se vinde complet mobilat \u0219i utilat, conform fotografiilor, ceea ce \u00eel face o op\u021biune excelent\u0103 pentru cei care doresc s\u0103 se mute f\u0103r\u0103 a fi nevoi\u021bi s\u0103 investeasc\u0103 \u00een mobil\u0103 nou\u0103. De asemenea, dispune de un spa\u021biu de depozitare de aproximativ 4-6 mp \u00een subsol, perfect pentru a p\u0103stra diverse obiecte.<\/p>\n<p>#<\/p>\n<h2 class=\"wp-block-heading\">Finisaje \u0219i Confort<\/h2>\n<p>Apartamentul a fost \u00eentre\u021binut cu grij\u0103, iar finisajele sunt diverse. Holul \u0219i baia de serviciu au un stil clasic, \u00een timp ce camerele, buc\u0103t\u0103ria \u0219i baia cu du\u0219 au fost renovate recent, aduc\u00e2nd un aer modern \u0219i proasp\u0103t. Finisajele includ geamuri termopan, gresie, faian\u021b\u0103 \u0219i parchet din lemn masiv, toate contribuind la un mediu confortabil \u0219i pl\u0103cut.<\/p>\n<p>#<\/p>\n<h2 class=\"wp-block-heading\">Loca\u021bie \u0219i Beneficii<\/h2>\n<p>Unul dintre cele mai mari avantaje ale acestui apartament este localizarea sa. Imobilul este retras de la strada principal\u0103, oferind un refugiu lini\u0219tit de agita\u021bia ora\u0219ului, dar \u00een acela\u0219i timp, aproape de toate facilit\u0103\u021bile necesare. Sta\u021biile de transport \u00een comun, magazinele \u0219i supermarketurile sunt la doar c\u00e2teva minute distan\u021b\u0103, f\u0103c\u00e2ndu-l u\u0219or accesibil pentru naveti\u0219ti \u0219i familii deopotriv\u0103.<\/p>\n<p>#<\/p>\n<h2 class=\"wp-block-heading\">Concluzie<\/h2>\n<p>Acest apartament de 3 camere din M\u0103n\u0103\u0219tur reprezint\u0103 o oportunitate excelent\u0103 pentru cei care caut\u0103 un c\u0103min confortabil \u0219i modern \u00eentr-o zon\u0103 c\u0103utat\u0103. Cu compartimentare inteligent\u0103, finisaje de calitate \u0219i o loca\u021bie ideal\u0103, este cu siguran\u021b\u0103 un loc unde te po\u021bi sim\u021bi acas\u0103. Dac\u0103 e\u0219ti interesat de mai multe detalii sau de o vizionare, nu ezita s\u0103 explorezi aceast\u0103 proprietate!<\/p>\n<p><a href=\"\/cluj-napoca\/imobiliare-31-2460192-ap-3-camere-decomandat-etajul-2-zona-penny-supeco-manastur\/\" class=\"pb-listing-action\">Stabileste o vizionare<\/a><\/p>\n<ul>\n<li><a href=\"\/cluj-napoca\/\">Imobiliare Cluj-Napoca<\/a><\/li>\n<li><a href=\"\/cluj-napoca\/apartamente-vanzare\/\">Apartamente de vanzare Cluj-Napoca<\/a><\/li>\n<li><a href=\"\/cluj-napoca\/apartamente-vanzare\/3-camere\/\">Apartamente cu 3 camere de vanzare Cluj-Napoca<\/a><\/li>\n<li><a href=\"\/cluj-napoca\/apartamente-vanzare\/gradini_manastur\/3-camere\/\">Apartamente cu 3 camere de vanzare Gr\u0103dini M\u0103n\u0103\u0219tur, Cluj-Napoca<\/a><\/li>\n<\/ul>\n\n<!-- ngfb content-buttons begin -->\n<!-- generated on 2026-04-29T22:58:38+00:00 -->\n<div class=\"ngfb-content-buttons\">\n<div class=\"ngfb-buttons en_US\">\n<!-- Email Button --><div class=\"css-button email-button\">\n  <a href=\"mailto:?subject=Share:%20Apartament%20Decomandat%20cu%203%20Camere%20%C3%AEn%20Manastur%2C%20Aproape%20de%20Penny%20%C8%99i%20Transport%20%C3%AEn%20Comun&body=Cluj-Napoca%2C%20Gr%C4%83dini%20M%C4%83n%C4%83%C8%99tur%20-%20Apartament%20cu%203%20camere%20decomandate%2C%20situat%20%C3%AEn%20cartierul%20M%C4%83n%C4%83%C8%99tur%2C%20cu%20o%20suprafat%C4%83%20util%C4%83%20de%2076%20mp%2C%20la%20etajul%202%20din%208.%20Fiecare%20camer%C4%83%20are%20balcon%2C%20iar%20apartamentul%20dispune%20de%20buc%C4%83t%C4%83rie%20%C8%99i%20dou%C4%83%20b%C4%83i%2C%20fiind%20v%C3%A2ndut%20mobilat%20%C8%99i%20utilat.%20Finisajele%20sunt%20mixte%2C%20camerele%20fiind%20renovate%20recent.%20Imobilul%20este%20retras%20de%20la%20zgomot%2C%20aproape%20de%20transport%20%C3%AEn%20comun%20%C8%99i%20magazine.%20Include%20%C8%99i%20un%20spa%C8%9Biu%20de%20depozitare%20%C3%AEn%20subsol.%0D%0A%0D%0AShared%20from%20https:\/\/propertybook.ro\/blog\/apartament-decomandat-cu-3-camere-in-manastur-aproape-de-penny-si-transport-in-comun\/%0D%0A\">\n    <span class=\"ngfb-icon\">\n      <svg xmlns=\"http:\/\/www.w3.org\/2000\/svg\" width=\"9\" height=\"9\" viewBox=\"0 0 28 28\">\n        <path d=\"M20.11 26.147c-2.335 1.05-4.36 1.4-7.124 1.4C6.524 27.548.84 22.916.84 15.284.84 7.343 6.602.45 15.4.45c6.854 0 11.8 4.7 11.8 11.252 0 5.684-3.193 9.265-7.398 9.3-1.83 0-3.153-.934-3.347-2.997h-.077c-1.208 1.986-2.96 2.997-5.023 2.997-2.532 0-4.36-1.868-4.36-5.062 0-4.75 3.503-9.07 9.11-9.07 1.713 0 3.7.4 4.6.972l-1.17 7.203c-.387 2.298-.115 3.3 1 3.4 1.674 0 3.774-2.102 3.774-6.58 0-5.06-3.27-8.994-9.304-8.994C9.05 2.87 3.83 7.545 3.83 14.97c0 6.5 4.2 10.2 10 10.202 1.987 0 4.09-.43 5.647-1.245l.634 2.22zM16.647 10.1c-.31-.078-.7-.155-1.207-.155-2.572 0-4.596 2.53-4.596 5.53 0 1.5.7 2.4 1.9 2.4 1.44 0 2.96-1.83 3.31-4.088l.592-3.72z\" \/>\n      <\/svg>\n    <\/span>\n    <span class=\"ngfb-text\"><\/span>\n  <\/a>\n<\/div><\/div><!-- .ngfb-buttons.en_US -->\n<\/div><!-- .ngfb-content-buttons -->\n<!-- ngfb content-buttons end -->\n\n","protected":false},"excerpt":{"rendered":"<p>Cluj-Napoca, Gr\u0103dini M\u0103n\u0103\u0219tur &#8211; Apartament cu 3 camere decomandate, situat \u00een cartierul M\u0103n\u0103\u0219tur, cu o suprafat\u0103 util\u0103 de 76 mp, la etajul 2 din 8. Fiecare camer\u0103 are balcon, iar apartamentul dispune de buc\u0103t\u0103rie \u0219i dou\u0103 b\u0103i, fiind v\u00e2ndut mobilat \u0219i utilat. Finisajele sunt mixte, camerele fiind renovate recent. Imobilul este retras de la zgomot, aproape de transport \u00een comun \u0219i magazine. Include \u0219i un spa\u021biu de depozitare \u00een subsol.<\/p>\n","protected":false},"author":8,"featured_media":4714,"comment_status":"open","ping_status":"open","sticky":false,"template":"","format":"standard","meta":{"footnotes":""},"categories":[50,48,47],"tags":[380,55,274,74,91,68,158,188,70,85],"class_list":["post-4715","post","type-post","status-publish","format-standard","has-post-thumbnail","hentry","category-apartamente-de-vanzare-in-cluj-napoca","category-oferte-imobiliare-in-cluj-napoca","category-oferte","tag-1-bai","tag-3-camere","tag-an-const-1988","tag-balcon","tag-cluj-napoca","tag-decomandat","tag-etaj-2-8","tag-gradini-manastur","tag-parchet","tag-termopane"],"_links":{"self":[{"href":"https:\/\/propertybook.ro\/blog\/wp-json\/wp\/v2\/posts\/4715","targetHints":{"allow":["GET"]}}],"collection":[{"href":"https:\/\/propertybook.ro\/blog\/wp-json\/wp\/v2\/posts"}],"about":[{"href":"https:\/\/propertybook.ro\/blog\/wp-json\/wp\/v2\/types\/post"}],"author":[{"embeddable":true,"href":"https:\/\/propertybook.ro\/blog\/wp-json\/wp\/v2\/users\/8"}],"replies":[{"embeddable":true,"href":"https:\/\/propertybook.ro\/blog\/wp-json\/wp\/v2\/comments?post=4715"}],"version-history":[{"count":0,"href":"https:\/\/propertybook.ro\/blog\/wp-json\/wp\/v2\/posts\/4715\/revisions"}],"wp:featuredmedia":[{"embeddable":true,"href":"https:\/\/propertybook.ro\/blog\/wp-json\/wp\/v2\/media\/4714"}],"wp:attachment":[{"href":"https:\/\/propertybook.ro\/blog\/wp-json\/wp\/v2\/media?parent=4715"}],"wp:term":[{"taxonomy":"category","embeddable":true,"href":"https:\/\/propertybook.ro\/blog\/wp-json\/wp\/v2\/categories?post=4715"},{"taxonomy":"post_tag","embeddable":true,"href":"https:\/\/propertybook.ro\/blog\/wp-json\/wp\/v2\/tags?post=4715"}],"curies":[{"name":"wp","href":"https:\/\/api.w.org\/{rel}","templated":true}]}}