{"id":4743,"date":"2025-03-27T17:43:56","date_gmt":"2025-03-27T15:43:56","guid":{"rendered":"https:\/\/propertybook.ro\/blog\/apartament-de-vanzare-51-m%c2%b2-predare-la-cheie-personalizare-finisaje\/"},"modified":"2025-03-27T17:43:56","modified_gmt":"2025-03-27T15:43:56","slug":"apartament-de-vanzare-51-m%c2%b2-predare-la-cheie-personalizare-finisaje","status":"publish","type":"post","link":"https:\/\/propertybook.ro\/blog\/apartament-de-vanzare-51-m%c2%b2-predare-la-cheie-personalizare-finisaje\/","title":{"rendered":"Apartament de v\u00e2nzare, 51 m\u00b2, predare la cheie, personalizare finisaje!"},"content":{"rendered":"\n<!-- ngfb content-buttons begin -->\n<!-- generated on 2026-04-24T09:19:07+00:00 -->\n<div class=\"ngfb-content-buttons\">\n<div class=\"ngfb-buttons en_US\">\n<!-- Email Button --><div class=\"css-button email-button\">\n  <a href=\"mailto:?subject=Share:%20Apartament%20de%20v%C3%A2nzare%2C%2051%20m%C2%B2%2C%20predare%20la%20cheie%2C%20personalizare%20finisaje%21&body=Bucure%C8%99ti%2C%20Obor%20-%20Apartamentul%2C%20cu%20o%20suprafa%C8%9B%C4%83%20de%2051%20m%C2%B2%2C%20se%20pred%C4%83%20la%20cheie%2C%20nemobilat%2C%20%C8%99i%20include%20central%C4%83%20termic%C4%83%20%C8%99i%20calorifere.%20Predarea%20se%20va%20realiza%20dup%C4%83%20alegerea%20finisajelor%20%28gresie%2C%20faian%C8%9B%C4%83%2C%20parchet%29%20de%20c%C4%83tre%20noul%20proprietar.%20Construc%C8%9Bia%20va%20fi%20finalizat%C4%83%20%C3%AEn%20decembrie%202024%20%C8%99i%20include%20un%20loc%20de%20parcare%20%C3%AEn%20pre%C8%9B.%20Intabularea%20apartamentelor%20va%20fi%20finalizat%C4%83%20%C3%AEn%20termen%20de%20o%20lun%C4%83.%0D%0A%0D%0AShared%20from%20https:\/\/propertybook.ro\/blog\/apartament-de-vanzare-51-m%c2%b2-predare-la-cheie-personalizare-finisaje\/%0D%0A\">\n    <span class=\"ngfb-icon\">\n      <svg xmlns=\"http:\/\/www.w3.org\/2000\/svg\" width=\"9\" height=\"9\" viewBox=\"0 0 28 28\">\n        <path d=\"M20.11 26.147c-2.335 1.05-4.36 1.4-7.124 1.4C6.524 27.548.84 22.916.84 15.284.84 7.343 6.602.45 15.4.45c6.854 0 11.8 4.7 11.8 11.252 0 5.684-3.193 9.265-7.398 9.3-1.83 0-3.153-.934-3.347-2.997h-.077c-1.208 1.986-2.96 2.997-5.023 2.997-2.532 0-4.36-1.868-4.36-5.062 0-4.75 3.503-9.07 9.11-9.07 1.713 0 3.7.4 4.6.972l-1.17 7.203c-.387 2.298-.115 3.3 1 3.4 1.674 0 3.774-2.102 3.774-6.58 0-5.06-3.27-8.994-9.304-8.994C9.05 2.87 3.83 7.545 3.83 14.97c0 6.5 4.2 10.2 10 10.202 1.987 0 4.09-.43 5.647-1.245l.634 2.22zM16.647 10.1c-.31-.078-.7-.155-1.207-.155-2.572 0-4.596 2.53-4.596 5.53 0 1.5.7 2.4 1.9 2.4 1.44 0 2.96-1.83 3.31-4.088l.592-3.72z\" \/>\n      <\/svg>\n    <\/span>\n    <span class=\"ngfb-text\"><\/span>\n  <\/a>\n<\/div><\/div><!-- .ngfb-buttons.en_US -->\n<\/div><!-- .ngfb-content-buttons -->\n<!-- ngfb content-buttons end -->\n\n<figure class=\"wp-block-image size-large\"><img decoding=\"async\" src=\"https:\/\/cdn.propertybook.ro\/agentia-imobiliara.ro\/2462040.webp\" alt=\"\" \/><\/figure>\n<ul>\n<li><a href=\"\/bucuresti\/\">Imobiliare Bucure\u0219ti<\/a><\/li>\n<li><a href=\"\/bucuresti\/apartamente-vanzare\/\">Apartamente de vanzare Bucure\u0219ti<\/a><\/li>\n<li><a href=\"\/bucuresti\/apartamente-vanzare\/2-camere\/\">Apartamente cu 2 camere de vanzare Bucure\u0219ti<\/a><\/li>\n<li><a href=\"\/bucuresti\/apartamente-vanzare\/obor\/2-camere\/\">Apartamente cu 2 camere de vanzare Obor, Bucure\u0219ti<\/a><\/li>\n<\/ul>\n<p><a href=\"\/bucuresti\/imobiliare-184-2462040-2-camere-obor-2025\/\" class=\"pb-listing-action\">Detaliile proprietatii<\/a><\/p>\n<p><h2 class=\"wp-block-heading\">Apartament Modern de V\u00e2nzare: O Oportunitate de Neratat!<\/h2>\n<p>Cau\u021bi un nou c\u0103min care s\u0103 combine confortul modern cu posibilitatea de a-\u021bi personaliza spa\u021biul? Atunci, acest apartament de 51 m\u00b2 ar putea fi exact ceea ce \u00ee\u021bi dore\u0219ti! Situat \u00eentr-o zon\u0103 tot mai cerut\u0103, acest apartament ofer\u0103 toate caracteristicile necesare pentru o via\u021b\u0103 pl\u0103cut\u0103 \u0219i confortabil\u0103.<\/p>\n<p>#<\/p>\n<h2 class=\"wp-block-heading\">Detalii esen\u021biale<\/h2>\n<p>**Predare la cheie:** Apartamentul se va preda complet la cheie, ceea ce \u00eenseamn\u0103 c\u0103 totul va fi gata pentru mutare. Vei putea s\u0103 te bucuri de un spa\u021biu proasp\u0103t, f\u0103r\u0103 griji legate de finaliz\u0103ri.<\/p>\n<p>**Nemobilat:** Acesta este un avantaj, deoarece \u00ee\u021bi permite s\u0103 \u00ee\u021bi pui amprenta personal\u0103 asupra designului interior. Vei avea ocazia s\u0103 alegi \u00eentre diverse tipuri de gresie, faian\u021b\u0103 \u0219i parchet, astfel \u00eenc\u00e2t fiecare col\u021bi\u0219or s\u0103 reflecte stilul t\u0103u.<\/p>\n<p>**Construc\u021bie recent\u0103:** Apartamentul este parte dintr-un proiect nou, cu finalizarea \u00een decembrie 2024. Aceasta \u00eenseamn\u0103 c\u0103 nu va trebui s\u0103 \u00ee\u021bi faci griji despre uzura obi\u0219nuit\u0103 a imobilelor mai vechi.<\/p>\n<p>**Facilit\u0103\u021bi moderne:** Proprietatea este dotat\u0103 cu central\u0103 termic\u0103 \u0219i calorifere, asigur\u00e2nd o \u00eenc\u0103lzire eficient\u0103 \u0219i confortabil\u0103 pe timpul sezonului rece.<\/p>\n<p>**Loc de parcare inclus:** Un alt avantaj major este locul de parcare inclus \u00een pre\u021b. Acest aspect este adesea neglijat, dar este esen\u021bial pentru confortul t\u0103u zilnic, mai ales \u00een zonele cu trafic intens.<\/p>\n<p>#<\/p>\n<h2 class=\"wp-block-heading\">De ce s\u0103 alegi acest apartament?<\/h2>\n<p>Vie\u021bile moderne sunt adesea aglomerate, iar g\u0103sirea unui loc care \u00eembin\u0103 confortul, modernitatea \u0219i personalizarea poate fi o provocare. Acest apartament r\u0103spunde acestei nevoi printr-o configurare flexibil\u0103 \u0219i oportunitatea de a crea un spa\u021biu care s\u0103 te reprezinte cu adev\u0103rat.<\/p>\n<p>Este perfect pentru tineri profesioni\u0219ti, cupluri sau chiar familii mici, c\u0103ut\u00e2nd un loc unde s\u0103 se simt\u0103 acas\u0103. Datorit\u0103 proiectului nou, totul este conceput pentru a oferi un stil de via\u021b\u0103 mai bun.<\/p>\n<p>\u00cen concluzie, dac\u0103 e\u0219ti \u00een c\u0103utarea unei propriet\u0103\u021bi care \u00ee\u021bi ofer\u0103 nu doar un loc de locuit, ci \u0219i o experien\u021b\u0103 de via\u021b\u0103 de calitate, ia \u00een considerare acest apartament. Cu facilit\u0103\u021bi moderne \u0219i flexibilitate \u00een alegerea finisajelor, acesta este o oportunitate pe care nu vrei s\u0103 o ratezi!<\/p>\n<p><a href=\"\/bucuresti\/imobiliare-184-2462040-2-camere-obor-2025\/\" class=\"pb-listing-action\">Stabileste o vizionare<\/a><\/p>\n<ul>\n<li><a href=\"\/bucuresti\/\">Imobiliare Bucure\u0219ti<\/a><\/li>\n<li><a href=\"\/bucuresti\/apartamente-vanzare\/\">Apartamente de vanzare Bucure\u0219ti<\/a><\/li>\n<li><a href=\"\/bucuresti\/apartamente-vanzare\/2-camere\/\">Apartamente cu 2 camere de vanzare Bucure\u0219ti<\/a><\/li>\n<li><a href=\"\/bucuresti\/apartamente-vanzare\/obor\/2-camere\/\">Apartamente cu 2 camere de vanzare Obor, Bucure\u0219ti<\/a><\/li>\n<\/ul>\n\n<!-- ngfb content-buttons begin -->\n<!-- generated on 2026-04-24T09:19:07+00:00 -->\n<div class=\"ngfb-content-buttons\">\n<div class=\"ngfb-buttons en_US\">\n<!-- Email Button --><div class=\"css-button email-button\">\n  <a href=\"mailto:?subject=Share:%20Apartament%20de%20v%C3%A2nzare%2C%2051%20m%C2%B2%2C%20predare%20la%20cheie%2C%20personalizare%20finisaje%21&body=Bucure%C8%99ti%2C%20Obor%20-%20Apartamentul%2C%20cu%20o%20suprafa%C8%9B%C4%83%20de%2051%20m%C2%B2%2C%20se%20pred%C4%83%20la%20cheie%2C%20nemobilat%2C%20%C8%99i%20include%20central%C4%83%20termic%C4%83%20%C8%99i%20calorifere.%20Predarea%20se%20va%20realiza%20dup%C4%83%20alegerea%20finisajelor%20%28gresie%2C%20faian%C8%9B%C4%83%2C%20parchet%29%20de%20c%C4%83tre%20noul%20proprietar.%20Construc%C8%9Bia%20va%20fi%20finalizat%C4%83%20%C3%AEn%20decembrie%202024%20%C8%99i%20include%20un%20loc%20de%20parcare%20%C3%AEn%20pre%C8%9B.%20Intabularea%20apartamentelor%20va%20fi%20finalizat%C4%83%20%C3%AEn%20termen%20de%20o%20lun%C4%83.%0D%0A%0D%0AShared%20from%20https:\/\/propertybook.ro\/blog\/apartament-de-vanzare-51-m%c2%b2-predare-la-cheie-personalizare-finisaje\/%0D%0A\">\n    <span class=\"ngfb-icon\">\n      <svg xmlns=\"http:\/\/www.w3.org\/2000\/svg\" width=\"9\" height=\"9\" viewBox=\"0 0 28 28\">\n        <path d=\"M20.11 26.147c-2.335 1.05-4.36 1.4-7.124 1.4C6.524 27.548.84 22.916.84 15.284.84 7.343 6.602.45 15.4.45c6.854 0 11.8 4.7 11.8 11.252 0 5.684-3.193 9.265-7.398 9.3-1.83 0-3.153-.934-3.347-2.997h-.077c-1.208 1.986-2.96 2.997-5.023 2.997-2.532 0-4.36-1.868-4.36-5.062 0-4.75 3.503-9.07 9.11-9.07 1.713 0 3.7.4 4.6.972l-1.17 7.203c-.387 2.298-.115 3.3 1 3.4 1.674 0 3.774-2.102 3.774-6.58 0-5.06-3.27-8.994-9.304-8.994C9.05 2.87 3.83 7.545 3.83 14.97c0 6.5 4.2 10.2 10 10.202 1.987 0 4.09-.43 5.647-1.245l.634 2.22zM16.647 10.1c-.31-.078-.7-.155-1.207-.155-2.572 0-4.596 2.53-4.596 5.53 0 1.5.7 2.4 1.9 2.4 1.44 0 2.96-1.83 3.31-4.088l.592-3.72z\" \/>\n      <\/svg>\n    <\/span>\n    <span class=\"ngfb-text\"><\/span>\n  <\/a>\n<\/div><\/div><!-- .ngfb-buttons.en_US -->\n<\/div><!-- .ngfb-content-buttons -->\n<!-- ngfb content-buttons end -->\n\n","protected":false},"excerpt":{"rendered":"<p>Bucure\u0219ti, Obor &#8211; Apartamentul, cu o suprafa\u021b\u0103 de 51 m\u00b2, se pred\u0103 la cheie, nemobilat, \u0219i include central\u0103 termic\u0103 \u0219i calorifere. Predarea se va realiza dup\u0103 alegerea finisajelor (gresie, faian\u021b\u0103, parchet) de c\u0103tre noul proprietar. Construc\u021bia va fi finalizat\u0103 \u00een decembrie 2024 \u0219i include un loc de parcare \u00een pre\u021b. Intabularea apartamentelor va fi finalizat\u0103 \u00een termen de o lun\u0103.<\/p>\n","protected":false},"author":8,"featured_media":4742,"comment_status":"open","ping_status":"open","sticky":false,"template":"","format":"standard","meta":{"footnotes":""},"categories":[52,49,47],"tags":[62,246,89,65,68,139,376,231,60],"class_list":["post-4743","post","type-post","status-publish","format-standard","has-post-thumbnail","hentry","category-apartamente-de-vanzare-bucuresti","category-oferte-imobiliare-bucuresti","category-oferte","tag-2-camere","tag-an-const-2025","tag-bucuresti","tag-centrala-termica","tag-decomandat","tag-etaj-1","tag-o-baie","tag-obor","tag-parcare"],"_links":{"self":[{"href":"https:\/\/propertybook.ro\/blog\/wp-json\/wp\/v2\/posts\/4743","targetHints":{"allow":["GET"]}}],"collection":[{"href":"https:\/\/propertybook.ro\/blog\/wp-json\/wp\/v2\/posts"}],"about":[{"href":"https:\/\/propertybook.ro\/blog\/wp-json\/wp\/v2\/types\/post"}],"author":[{"embeddable":true,"href":"https:\/\/propertybook.ro\/blog\/wp-json\/wp\/v2\/users\/8"}],"replies":[{"embeddable":true,"href":"https:\/\/propertybook.ro\/blog\/wp-json\/wp\/v2\/comments?post=4743"}],"version-history":[{"count":0,"href":"https:\/\/propertybook.ro\/blog\/wp-json\/wp\/v2\/posts\/4743\/revisions"}],"wp:featuredmedia":[{"embeddable":true,"href":"https:\/\/propertybook.ro\/blog\/wp-json\/wp\/v2\/media\/4742"}],"wp:attachment":[{"href":"https:\/\/propertybook.ro\/blog\/wp-json\/wp\/v2\/media?parent=4743"}],"wp:term":[{"taxonomy":"category","embeddable":true,"href":"https:\/\/propertybook.ro\/blog\/wp-json\/wp\/v2\/categories?post=4743"},{"taxonomy":"post_tag","embeddable":true,"href":"https:\/\/propertybook.ro\/blog\/wp-json\/wp\/v2\/tags?post=4743"}],"curies":[{"name":"wp","href":"https:\/\/api.w.org\/{rel}","templated":true}]}}