{"id":4761,"date":"2025-03-28T15:44:20","date_gmt":"2025-03-28T13:44:20","guid":{"rendered":"https:\/\/propertybook.ro\/blog\/vila-istorica-complet-renovata-in-inima-zonei-armenesca-din-bucuresti-eleganta-si-functionalitate\/"},"modified":"2025-03-28T15:44:20","modified_gmt":"2025-03-28T13:44:20","slug":"vila-istorica-complet-renovata-in-inima-zonei-armenesca-din-bucuresti-eleganta-si-functionalitate","status":"publish","type":"post","link":"https:\/\/propertybook.ro\/blog\/vila-istorica-complet-renovata-in-inima-zonei-armenesca-din-bucuresti-eleganta-si-functionalitate\/","title":{"rendered":"Vila Istoric\u0103 Complet Renovat\u0103 \u00een Inima Zonei Armenesca din Bucure\u0219ti &#8211; Elegan\u021b\u0103 \u0219i Func\u021bionalitate!"},"content":{"rendered":"\n<!-- ngfb content-buttons begin -->\n<!-- generated on 2026-04-24T15:01:45+00:00 -->\n<div class=\"ngfb-content-buttons\">\n<div class=\"ngfb-buttons en_US\">\n<!-- Email Button --><div class=\"css-button email-button\">\n  <a href=\"mailto:?subject=Share:%20Vila%20Istoric%C4%83%20Complet%20Renovat%C4%83%20%C3%AEn%20Inima%20Zonei%20Armenesca%20din%20Bucure%C8%99ti%20%26%238211%3B%20Elegan%C8%9B%C4%83%20%C8%99i%20Func%C8%9Bionalitate%21&body=Bucure%C8%99ti%2C%20Cartierul%20Armenesc%20-%20Vila%20istoric%C4%83%20de%20excep%C8%9Bie%2C%20complet%20renovat%C4%83%2C%20situat%C4%83%20%C3%AEn%20zona%20Armenesca%20din%20Bucure%C8%99ti.%20Are%20o%20suprafa%C8%9B%C4%83%20util%C4%83%20de%20283%20mp%2C%20structurat%20pe%204%20niveluri%2C%20incluz%C3%A2nd%20birouri%2C%20camere%20de%20lucru%20%C8%99i%20grupuri%20sanitare.%20Dot%C4%83rile%20premium%20includ%20pardoseli%20marmorate%2C%20climatizare%20individual%C4%83%20%C8%99i%20finisaje%20de%20top.%20Curtea%20privat%C4%83%20ofer%C4%83%20un%20spa%C8%9Biu%20ideal%20pentru%20relaxare%20sau%20%C3%AEnt%C3%A2lniri.%20Pozi%C8%9Bionat%C4%83%20ultracentral%2C%20este%20perfect%C4%83%20pentru%20activit%C4%83%C8%9Bi%20de%20elit%C4%83.%0D%0A%0D%0AShared%20from%20https:\/\/propertybook.ro\/blog\/vila-istorica-complet-renovata-in-inima-zonei-armenesca-din-bucuresti-eleganta-si-functionalitate\/%0D%0A\">\n    <span class=\"ngfb-icon\">\n      <svg xmlns=\"http:\/\/www.w3.org\/2000\/svg\" width=\"9\" height=\"9\" viewBox=\"0 0 28 28\">\n        <path d=\"M20.11 26.147c-2.335 1.05-4.36 1.4-7.124 1.4C6.524 27.548.84 22.916.84 15.284.84 7.343 6.602.45 15.4.45c6.854 0 11.8 4.7 11.8 11.252 0 5.684-3.193 9.265-7.398 9.3-1.83 0-3.153-.934-3.347-2.997h-.077c-1.208 1.986-2.96 2.997-5.023 2.997-2.532 0-4.36-1.868-4.36-5.062 0-4.75 3.503-9.07 9.11-9.07 1.713 0 3.7.4 4.6.972l-1.17 7.203c-.387 2.298-.115 3.3 1 3.4 1.674 0 3.774-2.102 3.774-6.58 0-5.06-3.27-8.994-9.304-8.994C9.05 2.87 3.83 7.545 3.83 14.97c0 6.5 4.2 10.2 10 10.202 1.987 0 4.09-.43 5.647-1.245l.634 2.22zM16.647 10.1c-.31-.078-.7-.155-1.207-.155-2.572 0-4.596 2.53-4.596 5.53 0 1.5.7 2.4 1.9 2.4 1.44 0 2.96-1.83 3.31-4.088l.592-3.72z\" \/>\n      <\/svg>\n    <\/span>\n    <span class=\"ngfb-text\"><\/span>\n  <\/a>\n<\/div><\/div><!-- .ngfb-buttons.en_US -->\n<\/div><!-- .ngfb-content-buttons -->\n<!-- ngfb content-buttons end -->\n\n\n<!-- ngfb schema image for pinterest pin it button -->\n<div class=\"ngfb-schema-image-for-pinterest\" style=\"display:none;\">\n<img loading=\"lazy\" decoding=\"async\" src=\"https:\/\/propertybook.ro\/blog\/wp-content\/uploads\/2025\/03\/22004652.webp\" width=\"0\" height=\"0\" style=\"width:0;height:0;\" data-pin-description=\"Bucure\u0219ti, Cartierul Armenesc - Vila istoric\u0103 de excep\u021bie, complet renovat\u0103, situat\u0103 &icirc;n zona Armenesca din Bucure\u0219ti. Are o suprafa\u021b\u0103 util\u0103 de 283 mp, structurat pe 4 niveluri, incluz&acirc;nd birouri, camere de lucru \u0219i grupuri sanitare. Dot\u0103rile premium includ pardoseli marmorate, climatizare...\" alt=\"\"\/>\n<\/div><!-- .ngfb-schema-image-for-pinterest -->\n\n<figure class=\"wp-block-image size-large\"><img decoding=\"async\" src=\"https:\/\/cdn.propertybook.ro\/svn_residentialist\/22004652.webp\" alt=\"\" \/><\/figure>\n<ul>\n<li><a href=\"\/bucuresti\/\">Imobiliare Bucure\u0219ti<\/a><\/li>\n<li><a href=\"\/bucuresti\/case-vanzare\/\">Case de vanzare Bucure\u0219ti<\/a><\/li>\n<li><a href=\"\/bucuresti\/case-vanzare\/8-camere\/\">Case cu 8 camere de vanzare Bucure\u0219ti<\/a><\/li>\n<li><a href=\"\/bucuresti\/case-vanzare\/cartierul_armenesc\/8-camere\/\">Case cu 8 camere de vanzare Cartierul Armenesc, Bucure\u0219ti<\/a><\/li>\n<\/ul>\n<p><a href=\"\/bucuresti\/imobiliare-163-22004652-de-vanzare-casa-8-camere-in-sector-2-zona-armeneasca\/\" class=\"pb-listing-action\">Detaliile proprietatii<\/a><\/p>\n<p><h2 class=\"wp-block-heading\">Descoperi\u021bi O Vila Istoric\u0103 de Excep\u021bie \u00een Inima Bucure\u0219tiului<\/h2>\n<p>Bucure\u0219tiul, un ora\u0219 cu o istorie bogat\u0103 \u0219i o arhitectur\u0103 fascinant\u0103, ascunde \u00een inima sa o proprietate care combin\u0103 elegan\u021ba clasic\u0103 cu confortul modern. Aceast\u0103 vil\u0103 istoric\u0103, recent renovat\u0103, se afl\u0103 \u00een zona Armenesca, un cartier de prestigiu ce ofer\u0103 toate avantajele vie\u021bii urbane.<\/p>\n<p><h2 class=\"wp-block-heading\">Un Spa\u021biu Generos pentru Profesioni\u0219ti<\/h2>\n<p>Cu o suprafa\u021b\u0103 util\u0103 de 283 mp, aceast\u0103 vil\u0103 se extinde pe patru niveluri ingenios compartimentate, oferind un mediu perfect pentru activit\u0103\u021bi profesionale de elit\u0103. La demisol se afl\u0103 o camer\u0103 tehnic\u0103, un spa\u021biu de depozitare, un grup sanitar \u0219i un birou, ideal pentru gestionarea eficient\u0103 a activit\u0103\u021bilor zilnice.<\/p>\n<p>Parterul impresioneaz\u0103 printr-o zon\u0103 de recep\u021bie de 25 mp, un spa\u021biu de a\u0219teptare confortabil \u0219i dou\u0103 camere de lucru de 20 mp fiecare. Acest nivel este conceput pentru a asigura o primire cald\u0103 \u0219i profesional\u0103 a clien\u021bilor.<\/p>\n<p>Etajul 1 ofer\u0103 trei camere spa\u021bioase, fiecare av\u00e2nd suficient loc pentru \u00eent\u00e2lniri \u0219i discu\u021bii. De asemenea, etajul 2 include dou\u0103 camere luminoase, fiecare dotat\u0103 cu grup sanitar propriu \u0219i balcon, oferind un spa\u021biu intim \u0219i confortabil pentru momente de relaxare sau brainstorming.<\/p>\n<p><h2 class=\"wp-block-heading\">Dot\u0103ri Premium pentru Confort Maxim<\/h2>\n<p>Pere\u021bii acestei vile sunt m\u00e2ng\u00e2ia\u021bi de pardoseli marmorate, iar parchetul triplu stratificat adaug\u0103 o not\u0103 de rafinament interiorului. T\u00e2mpl\u0103ria din aluminiu personalizat\u0103 asigur\u0103 o izola\u021bie excelent\u0103, iar sistemul de climatizare reglabil individual \u0219i centrala termic\u0103 proprie ofer\u0103 un confort suprem pe tot parcursul anului.<\/p>\n<p>Fiecare grup sanitar este dotat cu finisaje de top, reflect\u00e2nd aten\u021bia la detalii \u0219i dorin\u021ba de a oferi un mediu ideal pentru to\u021bi utilizatorii.<\/p>\n<p><h2 class=\"wp-block-heading\">O Curte Privat\u0103 pentru Relaxare \u0219i \u00cent\u00e2lniri<\/h2>\n<p>Pe l\u00e2ng\u0103 spa\u021biile interioare impresionante, aceast\u0103 proprietate beneficiaz\u0103 \u0219i de o curte privat\u0103, perfect\u0103 pentru relaxare sau \u00eent\u00e2lniri informale. Aceasta reprezint\u0103 un refugiu urban, oferind un spa\u021biu verde ce completeaz\u0103 elegan\u021ba vilei.<\/p>\n<p><h2 class=\"wp-block-heading\">Un Loc cu o Pozi\u021bie Ultrarcental\u0103<\/h2>\n<p>Situat\u0103 \u00eentr-o zon\u0103 de prestigiu, aceast\u0103 vil\u0103 ofer\u0103 acces rapid la cele mai importante puncte de interes din Bucure\u0219ti. Cu un ambient reprezentativ, este locul ideal pentru profesioni\u0219tii care doresc s\u0103-\u0219i dezvolte activit\u0103\u021bile \u00eentr-un cadru sofisticat, dar \u0219i confortabil.<\/p>\n<p>Dac\u0103 sunte\u021bi \u00een c\u0103utarea unui spa\u021biu reprezentativ care \u00eembin\u0103 stilul clasic cu facilit\u0103\u021bi moderne, nu rata\u021bi ocazia de a vizita aceast\u0103 vil\u0103 unic\u0103 din inima Bucure\u0219tiului. Aceasta este mai mult dec\u00e2t o simpl\u0103 proprietate; este o oportunitate de a experimenta elegan\u021ba arhitecturii de epoc\u0103 \u0219i confortul vie\u021bii contemporane.<\/p>\n<p><a href=\"\/bucuresti\/imobiliare-163-22004652-de-vanzare-casa-8-camere-in-sector-2-zona-armeneasca\/\" class=\"pb-listing-action\">Stabileste o vizionare<\/a><\/p>\n<ul>\n<li><a href=\"\/bucuresti\/\">Imobiliare Bucure\u0219ti<\/a><\/li>\n<li><a href=\"\/bucuresti\/case-vanzare\/\">Case de vanzare Bucure\u0219ti<\/a><\/li>\n<li><a href=\"\/bucuresti\/case-vanzare\/8-camere\/\">Case cu 8 camere de vanzare Bucure\u0219ti<\/a><\/li>\n<li><a href=\"\/bucuresti\/case-vanzare\/cartierul_armenesc\/8-camere\/\">Case cu 8 camere de vanzare Cartierul Armenesc, Bucure\u0219ti<\/a><\/li>\n<\/ul>\n\n<!-- ngfb content-buttons begin -->\n<!-- generated on 2026-04-24T15:01:45+00:00 -->\n<div class=\"ngfb-content-buttons\">\n<div class=\"ngfb-buttons en_US\">\n<!-- Email Button --><div class=\"css-button email-button\">\n  <a href=\"mailto:?subject=Share:%20Vila%20Istoric%C4%83%20Complet%20Renovat%C4%83%20%C3%AEn%20Inima%20Zonei%20Armenesca%20din%20Bucure%C8%99ti%20%26%238211%3B%20Elegan%C8%9B%C4%83%20%C8%99i%20Func%C8%9Bionalitate%21&body=Bucure%C8%99ti%2C%20Cartierul%20Armenesc%20-%20Vila%20istoric%C4%83%20de%20excep%C8%9Bie%2C%20complet%20renovat%C4%83%2C%20situat%C4%83%20%C3%AEn%20zona%20Armenesca%20din%20Bucure%C8%99ti.%20Are%20o%20suprafa%C8%9B%C4%83%20util%C4%83%20de%20283%20mp%2C%20structurat%20pe%204%20niveluri%2C%20incluz%C3%A2nd%20birouri%2C%20camere%20de%20lucru%20%C8%99i%20grupuri%20sanitare.%20Dot%C4%83rile%20premium%20includ%20pardoseli%20marmorate%2C%20climatizare%20individual%C4%83%20%C8%99i%20finisaje%20de%20top.%20Curtea%20privat%C4%83%20ofer%C4%83%20un%20spa%C8%9Biu%20ideal%20pentru%20relaxare%20sau%20%C3%AEnt%C3%A2lniri.%20Pozi%C8%9Bionat%C4%83%20ultracentral%2C%20este%20perfect%C4%83%20pentru%20activit%C4%83%C8%9Bi%20de%20elit%C4%83.%0D%0A%0D%0AShared%20from%20https:\/\/propertybook.ro\/blog\/vila-istorica-complet-renovata-in-inima-zonei-armenesca-din-bucuresti-eleganta-si-functionalitate\/%0D%0A\">\n    <span class=\"ngfb-icon\">\n      <svg xmlns=\"http:\/\/www.w3.org\/2000\/svg\" width=\"9\" height=\"9\" viewBox=\"0 0 28 28\">\n        <path d=\"M20.11 26.147c-2.335 1.05-4.36 1.4-7.124 1.4C6.524 27.548.84 22.916.84 15.284.84 7.343 6.602.45 15.4.45c6.854 0 11.8 4.7 11.8 11.252 0 5.684-3.193 9.265-7.398 9.3-1.83 0-3.153-.934-3.347-2.997h-.077c-1.208 1.986-2.96 2.997-5.023 2.997-2.532 0-4.36-1.868-4.36-5.062 0-4.75 3.503-9.07 9.11-9.07 1.713 0 3.7.4 4.6.972l-1.17 7.203c-.387 2.298-.115 3.3 1 3.4 1.674 0 3.774-2.102 3.774-6.58 0-5.06-3.27-8.994-9.304-8.994C9.05 2.87 3.83 7.545 3.83 14.97c0 6.5 4.2 10.2 10 10.202 1.987 0 4.09-.43 5.647-1.245l.634 2.22zM16.647 10.1c-.31-.078-.7-.155-1.207-.155-2.572 0-4.596 2.53-4.596 5.53 0 1.5.7 2.4 1.9 2.4 1.44 0 2.96-1.83 3.31-4.088l.592-3.72z\" \/>\n      <\/svg>\n    <\/span>\n    <span class=\"ngfb-text\"><\/span>\n  <\/a>\n<\/div><\/div><!-- .ngfb-buttons.en_US -->\n<\/div><!-- .ngfb-content-buttons -->\n<!-- ngfb content-buttons end -->\n\n","protected":false},"excerpt":{"rendered":"<p>Bucure\u0219ti, Cartierul Armenesc &#8211; Vila istoric\u0103 de excep\u021bie, complet renovat\u0103, situat\u0103 \u00een zona Armenesca din Bucure\u0219ti. Are o suprafa\u021b\u0103 util\u0103 de 283 mp, structurat pe 4 niveluri, incluz\u00e2nd birouri, camere de lucru \u0219i grupuri sanitare. Dot\u0103rile premium includ pardoseli marmorate, climatizare individual\u0103 \u0219i finisaje de top. Curtea privat\u0103 ofer\u0103 un spa\u021biu ideal pentru relaxare sau \u00eent\u00e2lniri. Pozi\u021bionat\u0103 ultracentral, este perfect\u0103 pentru activit\u0103\u021bi de elit\u0103.<\/p>\n","protected":false},"author":8,"featured_media":4760,"comment_status":"open","ping_status":"open","sticky":false,"template":"","format":"standard","meta":{"footnotes":""},"categories":[49,53,47],"tags":[380,217,345,74,89,292,70,85],"class_list":["post-4761","post","type-post","status-publish","format-standard","has-post-thumbnail","hentry","category-oferte-imobiliare-bucuresti","category-case-de-vanzare-bucuresti","category-oferte","tag-1-bai","tag-8-camere","tag-an-const-1947","tag-balcon","tag-bucuresti","tag-cartierul-armenesc","tag-parchet","tag-termopane"],"_links":{"self":[{"href":"https:\/\/propertybook.ro\/blog\/wp-json\/wp\/v2\/posts\/4761","targetHints":{"allow":["GET"]}}],"collection":[{"href":"https:\/\/propertybook.ro\/blog\/wp-json\/wp\/v2\/posts"}],"about":[{"href":"https:\/\/propertybook.ro\/blog\/wp-json\/wp\/v2\/types\/post"}],"author":[{"embeddable":true,"href":"https:\/\/propertybook.ro\/blog\/wp-json\/wp\/v2\/users\/8"}],"replies":[{"embeddable":true,"href":"https:\/\/propertybook.ro\/blog\/wp-json\/wp\/v2\/comments?post=4761"}],"version-history":[{"count":0,"href":"https:\/\/propertybook.ro\/blog\/wp-json\/wp\/v2\/posts\/4761\/revisions"}],"wp:featuredmedia":[{"embeddable":true,"href":"https:\/\/propertybook.ro\/blog\/wp-json\/wp\/v2\/media\/4760"}],"wp:attachment":[{"href":"https:\/\/propertybook.ro\/blog\/wp-json\/wp\/v2\/media?parent=4761"}],"wp:term":[{"taxonomy":"category","embeddable":true,"href":"https:\/\/propertybook.ro\/blog\/wp-json\/wp\/v2\/categories?post=4761"},{"taxonomy":"post_tag","embeddable":true,"href":"https:\/\/propertybook.ro\/blog\/wp-json\/wp\/v2\/tags?post=4761"}],"curies":[{"name":"wp","href":"https:\/\/api.w.org\/{rel}","templated":true}]}}