{"id":4765,"date":"2025-03-28T17:44:06","date_gmt":"2025-03-28T15:44:06","guid":{"rendered":"https:\/\/propertybook.ro\/blog\/apartament-modern-cu-2-camere-si-terasa-generoasa-in-complexul-asmita-gardens-langa-parcul-tineretului\/"},"modified":"2025-03-28T17:44:06","modified_gmt":"2025-03-28T15:44:06","slug":"apartament-modern-cu-2-camere-si-terasa-generoasa-in-complexul-asmita-gardens-langa-parcul-tineretului","status":"publish","type":"post","link":"https:\/\/propertybook.ro\/blog\/apartament-modern-cu-2-camere-si-terasa-generoasa-in-complexul-asmita-gardens-langa-parcul-tineretului\/","title":{"rendered":"Apartament Modern cu 2 Camere \u0219i Teras\u0103 Generoas\u0103 \u00een Complexul Asmita Gardens, l\u00e2ng\u0103 Parcul Tineretului"},"content":{"rendered":"\n<!-- ngfb content-buttons begin -->\n<!-- generated on 2026-04-25T02:57:14+00:00 -->\n<div class=\"ngfb-content-buttons\">\n<div class=\"ngfb-buttons en_US\">\n<!-- Email Button --><div class=\"css-button email-button\">\n  <a href=\"mailto:?subject=Share:%20Apartament%20Modern%20cu%202%20Camere%20%C8%99i%20Teras%C4%83%20Generoas%C4%83%20%C3%AEn%20Complexul%20Asmita%20Gardens%2C%20l%C3%A2ng%C4%83%20Parcul%20Tineretului&body=Bucure%C8%99ti%2C%20V%C4%83c%C4%83re%C8%99ti%20-%20Apartament%20decomandat%20cu%202%20camere%20situat%20la%20etajul%209%20din%20complexul%20Asmita%20Gardens%2C%20l%C3%A2ng%C4%83%20Parcul%20Tineretului.%20Are%20o%20suprafat%C4%83%20util%C4%83%20de%2054%20mp%2C%20cu%20teras%C4%83%20de%2015%20mp%2C%20totaliz%C3%A2nd%2069%20mp.%20Include%20loc%20de%20parcare%2C%20living%20spa%C8%9Bios%2C%20buc%C4%83t%C4%83rie%20%C3%AEnchis%C4%83%2C%20dormitor%20cu%20dressing%20%C8%99i%20baie%20proprie.%20Complexul%20dispune%20de%20sal%C4%83%20de%20fitness%2C%20piscin%C4%83%2C%20supermarket%20%C8%99i%20spa%C8%9Bii%20verzi%2C%20fiind%20aproape%20de%20sta%C8%9Bia%20de%20metrou%20Mihai%20Bravu%20%C8%99i%20diverse%20facilit%C4%83%C8%9Bi.%0D%0A%0D%0AShared%20from%20https:\/\/propertybook.ro\/blog\/apartament-modern-cu-2-camere-si-terasa-generoasa-in-complexul-asmita-gardens-langa-parcul-tineretului\/%0D%0A\">\n    <span class=\"ngfb-icon\">\n      <svg xmlns=\"http:\/\/www.w3.org\/2000\/svg\" width=\"9\" height=\"9\" viewBox=\"0 0 28 28\">\n        <path d=\"M20.11 26.147c-2.335 1.05-4.36 1.4-7.124 1.4C6.524 27.548.84 22.916.84 15.284.84 7.343 6.602.45 15.4.45c6.854 0 11.8 4.7 11.8 11.252 0 5.684-3.193 9.265-7.398 9.3-1.83 0-3.153-.934-3.347-2.997h-.077c-1.208 1.986-2.96 2.997-5.023 2.997-2.532 0-4.36-1.868-4.36-5.062 0-4.75 3.503-9.07 9.11-9.07 1.713 0 3.7.4 4.6.972l-1.17 7.203c-.387 2.298-.115 3.3 1 3.4 1.674 0 3.774-2.102 3.774-6.58 0-5.06-3.27-8.994-9.304-8.994C9.05 2.87 3.83 7.545 3.83 14.97c0 6.5 4.2 10.2 10 10.202 1.987 0 4.09-.43 5.647-1.245l.634 2.22zM16.647 10.1c-.31-.078-.7-.155-1.207-.155-2.572 0-4.596 2.53-4.596 5.53 0 1.5.7 2.4 1.9 2.4 1.44 0 2.96-1.83 3.31-4.088l.592-3.72z\" \/>\n      <\/svg>\n    <\/span>\n    <span class=\"ngfb-text\"><\/span>\n  <\/a>\n<\/div><\/div><!-- .ngfb-buttons.en_US -->\n<\/div><!-- .ngfb-content-buttons -->\n<!-- ngfb content-buttons end -->\n\n\n<!-- ngfb schema image for pinterest pin it button -->\n<div class=\"ngfb-schema-image-for-pinterest\" style=\"display:none;\">\n<img loading=\"lazy\" decoding=\"async\" src=\"https:\/\/propertybook.ro\/blog\/wp-content\/uploads\/2025\/03\/11023189.webp\" width=\"0\" height=\"0\" style=\"width:0;height:0;\" data-pin-description=\"Bucure\u0219ti, V\u0103c\u0103re\u0219ti - Apartament decomandat cu 2 camere situat la etajul 9 din complexul Asmita Gardens, l&acirc;ng\u0103 Parcul Tineretului. Are o suprafat\u0103 util\u0103 de 54 mp, cu teras\u0103 de 15 mp, totaliz&acirc;nd 69 mp. Include loc de parcare, living spa\u021bios, buc\u0103t\u0103rie &icirc;nchis\u0103, dormitor cu dressing \u0219i baie...\" alt=\"\"\/>\n<\/div><!-- .ngfb-schema-image-for-pinterest -->\n\n<figure class=\"wp-block-image size-large\"><img decoding=\"async\" src=\"https:\/\/cdn.propertybook.ro\/svn_residentialist\/11023189.webp\" alt=\"\" \/><\/figure>\n<ul>\n<li><a href=\"\/bucuresti\/\">Imobiliare Bucure\u0219ti<\/a><\/li>\n<li><a href=\"\/bucuresti\/apartamente-vanzare\/\">Apartamente de vanzare Bucure\u0219ti<\/a><\/li>\n<li><a href=\"\/bucuresti\/apartamente-vanzare\/2-camere\/\">Apartamente cu 2 camere de vanzare Bucure\u0219ti<\/a><\/li>\n<li><a href=\"\/bucuresti\/apartamente-vanzare\/vacaresti\/2-camere\/\">Apartamente cu 2 camere de vanzare V\u0103c\u0103re\u0219ti, Bucure\u0219ti<\/a><\/li>\n<\/ul>\n<p><a href=\"\/bucuresti\/imobiliare-163-11023189-se-vinde-apartament-2-camere-in-sector-4-zona-splaiul-unirii-s4-\/\" class=\"pb-listing-action\">Detaliile proprietatii<\/a><\/p>\n<p><h2 class=\"wp-block-heading\">Descoper\u0103 confortul urban la Asmita Gardens: Apartament cu 2 camere, ideal pentru tine!<\/h2>\n<p>\u00centr-un ora\u0219 \u00een continu\u0103 schimbare, alegerea locuin\u021bei perfecte devine un aspect esen\u021bial \u00een via\u021ba de zi cu zi. Dac\u0103 e\u0219ti \u00een c\u0103utarea unui apartament care s\u0103 \u00eembine confortul, accesibilitatea \u0219i facilit\u0103\u021bile moderne, Asmita Gardens ar putea fi r\u0103spunsul pe care \u00eel cau\u021bi.<\/p>\n<p><h2 class=\"wp-block-heading\">Un apartament de vis<\/h2>\n<p>Situat la etajul 9 din 24, acest apartament cu 2 camere are o suprafa\u021b\u0103 util\u0103 de 54 mp, plus o teras\u0103 generoas\u0103 de 15 mp, oferind astfel un total de 69 mp pentru a-\u021bi crea spa\u021biul ideal. Designul decomandat al apartamentului permite o utilizare eficient\u0103 a spa\u021biului, cu un hol de intrare care \u00eembin\u0103 estetica cu func\u021bionalitatea.<\/p>\n<p>Apartamentul se compune dintr-un living spa\u021bios, perfect pentru \u00eent\u00e2lniri cu prietenii sau relaxare, o buc\u0103t\u0103rie \u00eenchis\u0103 care \u00ee\u021bi ofer\u0103 intimitatea necesar\u0103 \u00een timpul prepar\u0103rii meselor \u0219i un dormitor cu dressing \u0219i baie proprie, asigur\u00e2nd tot confortul de care ai nevoie. Terasa, par\u021bial \u00eenchis\u0103 cu sticl\u0103 armonic\u0103, devine un loc ideal pentru a te bucura de aerul liber, indiferent de vreme.<\/p>\n<p><h2 class=\"wp-block-heading\">Facilit\u0103\u021bi premium la \u00eendem\u00e2n\u0103<\/h2>\n<p>Una dintre cele mai mari avantaje ale acestui complex este gama diversificat\u0103 de facilit\u0103\u021bi disponibile. La Asmita Gardens, locatarii au acces la o sal\u0103 de fitness modern\u0103 (World Class), un salon SPA \u0219i o piscin\u0103 interioar\u0103, contribuind astfel la un stil de via\u021b\u0103 s\u0103n\u0103tos \u0219i activ. \u00cen plus, un supermarket \u0219i diferite magazine se afl\u0103 la parterul complexului, oferind toate necesit\u0103\u021bile la c\u00e2teva minute distan\u021b\u0103.<\/p>\n<p>Spa\u021biile verzi amenajate \u0219i locurile de joac\u0103 pentru copii din curtea complexului transform\u0103 zona \u00eentr-un loc prietenos pentru familii, promov\u00e2nd un mediu de via\u021b\u0103 armonios.<\/p>\n<p><h2 class=\"wp-block-heading\">O loca\u021bie excelent\u0103<\/h2>\n<p>Complexul Asmita Gardens se afl\u0103 \u00eentr-o zon\u0103 central\u0103, aproape de Parcul Tineretului, un spa\u021biu verde ideal pentru plimb\u0103ri \u0219i activit\u0103\u021bi recreative. \u00cen apropiere, g\u0103se\u0219ti numeroase magazine, farmacii, cafenele \u0219i restaurante, ceea ce face ca via\u021ba de zi cu zi s\u0103 fie extrem de convenabil\u0103.<\/p>\n<p>Universitatea Titu Maiorescu, Palatul Na\u021bional al Copiilor \u0219i Stadionul Olimpia sunt, de asemenea, la distan\u021b\u0103 mic\u0103, ad\u0103ug\u00e2nd un plus de valoare pentru cei care \u00ee\u0219i doresc acces rapid la educa\u021bie \u0219i distrac\u021bie.<\/p>\n<p>Transportul public este asigurat de sta\u021bia de metrou Mihai Bravu, situat\u0103 la doar 500 de metri distan\u021b\u0103, precum \u0219i de linii de tramvai \u0219i autobuz, facilit\u00e2nd leg\u0103turile cu celelalte zone ale ora\u0219ului.<\/p>\n<h2 class=\"wp-block-heading\">Locul t\u0103u de acas\u0103 te a\u0219teapt\u0103!<\/h2>\n<p>Dac\u0103 e\u0219ti \u00een c\u0103utarea unei propriet\u0103\u021bi care s\u0103 \u00ee\u021bi ofere tot ce ai nevoie pentru un stil de via\u021b\u0103 modern, acest apartament din Asmita Gardens ar putea fi alegerea ideal\u0103. Nu rata ocazia de a tr\u0103i \u00eentr-un complex care \u00eembin\u0103 confortul, accesibilitatea \u0219i facilit\u0103\u021bile de top! Vizion\u0103rile sunt deschise, iar acest spa\u021biu ar putea deveni foarte cur\u00e2nd noul t\u0103u c\u0103min!<\/p>\n<p><a href=\"\/bucuresti\/imobiliare-163-11023189-se-vinde-apartament-2-camere-in-sector-4-zona-splaiul-unirii-s4-\/\" class=\"pb-listing-action\">Stabileste o vizionare<\/a><\/p>\n<ul>\n<li><a href=\"\/bucuresti\/\">Imobiliare Bucure\u0219ti<\/a><\/li>\n<li><a href=\"\/bucuresti\/apartamente-vanzare\/\">Apartamente de vanzare Bucure\u0219ti<\/a><\/li>\n<li><a href=\"\/bucuresti\/apartamente-vanzare\/2-camere\/\">Apartamente cu 2 camere de vanzare Bucure\u0219ti<\/a><\/li>\n<li><a href=\"\/bucuresti\/apartamente-vanzare\/vacaresti\/2-camere\/\">Apartamente cu 2 camere de vanzare V\u0103c\u0103re\u0219ti, Bucure\u0219ti<\/a><\/li>\n<\/ul>\n\n<!-- ngfb content-buttons begin -->\n<!-- generated on 2026-04-25T02:57:14+00:00 -->\n<div class=\"ngfb-content-buttons\">\n<div class=\"ngfb-buttons en_US\">\n<!-- Email Button --><div class=\"css-button email-button\">\n  <a href=\"mailto:?subject=Share:%20Apartament%20Modern%20cu%202%20Camere%20%C8%99i%20Teras%C4%83%20Generoas%C4%83%20%C3%AEn%20Complexul%20Asmita%20Gardens%2C%20l%C3%A2ng%C4%83%20Parcul%20Tineretului&body=Bucure%C8%99ti%2C%20V%C4%83c%C4%83re%C8%99ti%20-%20Apartament%20decomandat%20cu%202%20camere%20situat%20la%20etajul%209%20din%20complexul%20Asmita%20Gardens%2C%20l%C3%A2ng%C4%83%20Parcul%20Tineretului.%20Are%20o%20suprafat%C4%83%20util%C4%83%20de%2054%20mp%2C%20cu%20teras%C4%83%20de%2015%20mp%2C%20totaliz%C3%A2nd%2069%20mp.%20Include%20loc%20de%20parcare%2C%20living%20spa%C8%9Bios%2C%20buc%C4%83t%C4%83rie%20%C3%AEnchis%C4%83%2C%20dormitor%20cu%20dressing%20%C8%99i%20baie%20proprie.%20Complexul%20dispune%20de%20sal%C4%83%20de%20fitness%2C%20piscin%C4%83%2C%20supermarket%20%C8%99i%20spa%C8%9Bii%20verzi%2C%20fiind%20aproape%20de%20sta%C8%9Bia%20de%20metrou%20Mihai%20Bravu%20%C8%99i%20diverse%20facilit%C4%83%C8%9Bi.%0D%0A%0D%0AShared%20from%20https:\/\/propertybook.ro\/blog\/apartament-modern-cu-2-camere-si-terasa-generoasa-in-complexul-asmita-gardens-langa-parcul-tineretului\/%0D%0A\">\n    <span class=\"ngfb-icon\">\n      <svg xmlns=\"http:\/\/www.w3.org\/2000\/svg\" width=\"9\" height=\"9\" viewBox=\"0 0 28 28\">\n        <path d=\"M20.11 26.147c-2.335 1.05-4.36 1.4-7.124 1.4C6.524 27.548.84 22.916.84 15.284.84 7.343 6.602.45 15.4.45c6.854 0 11.8 4.7 11.8 11.252 0 5.684-3.193 9.265-7.398 9.3-1.83 0-3.153-.934-3.347-2.997h-.077c-1.208 1.986-2.96 2.997-5.023 2.997-2.532 0-4.36-1.868-4.36-5.062 0-4.75 3.503-9.07 9.11-9.07 1.713 0 3.7.4 4.6.972l-1.17 7.203c-.387 2.298-.115 3.3 1 3.4 1.674 0 3.774-2.102 3.774-6.58 0-5.06-3.27-8.994-9.304-8.994C9.05 2.87 3.83 7.545 3.83 14.97c0 6.5 4.2 10.2 10 10.202 1.987 0 4.09-.43 5.647-1.245l.634 2.22zM16.647 10.1c-.31-.078-.7-.155-1.207-.155-2.572 0-4.596 2.53-4.596 5.53 0 1.5.7 2.4 1.9 2.4 1.44 0 2.96-1.83 3.31-4.088l.592-3.72z\" \/>\n      <\/svg>\n    <\/span>\n    <span class=\"ngfb-text\"><\/span>\n  <\/a>\n<\/div><\/div><!-- .ngfb-buttons.en_US -->\n<\/div><!-- .ngfb-content-buttons -->\n<!-- ngfb content-buttons end -->\n\n","protected":false},"excerpt":{"rendered":"<p>Bucure\u0219ti, V\u0103c\u0103re\u0219ti &#8211; Apartament decomandat cu 2 camere situat la etajul 9 din complexul Asmita Gardens, l\u00e2ng\u0103 Parcul Tineretului. Are o suprafat\u0103 util\u0103 de 54 mp, cu teras\u0103 de 15 mp, totaliz\u00e2nd 69 mp. Include loc de parcare, living spa\u021bios, buc\u0103t\u0103rie \u00eenchis\u0103, dormitor cu dressing \u0219i baie proprie. Complexul dispune de sal\u0103 de fitness, piscin\u0103, supermarket \u0219i spa\u021bii verzi, fiind aproape de sta\u021bia de metrou Mihai Bravu \u0219i diverse facilit\u0103\u021bi.<\/p>\n","protected":false},"author":8,"featured_media":4764,"comment_status":"open","ping_status":"open","sticky":false,"template":"","format":"standard","meta":{"footnotes":""},"categories":[52,49,47],"tags":[382,62,228,89,68,398,70,85,364],"class_list":["post-4765","post","type-post","status-publish","format-standard","has-post-thumbnail","hentry","category-apartamente-de-vanzare-bucuresti","category-oferte-imobiliare-bucuresti","category-oferte","tag-0-bai","tag-2-camere","tag-an-const-2009","tag-bucuresti","tag-decomandat","tag-etaj-9-24","tag-parchet","tag-termopane","tag-vacaresti"],"_links":{"self":[{"href":"https:\/\/propertybook.ro\/blog\/wp-json\/wp\/v2\/posts\/4765","targetHints":{"allow":["GET"]}}],"collection":[{"href":"https:\/\/propertybook.ro\/blog\/wp-json\/wp\/v2\/posts"}],"about":[{"href":"https:\/\/propertybook.ro\/blog\/wp-json\/wp\/v2\/types\/post"}],"author":[{"embeddable":true,"href":"https:\/\/propertybook.ro\/blog\/wp-json\/wp\/v2\/users\/8"}],"replies":[{"embeddable":true,"href":"https:\/\/propertybook.ro\/blog\/wp-json\/wp\/v2\/comments?post=4765"}],"version-history":[{"count":0,"href":"https:\/\/propertybook.ro\/blog\/wp-json\/wp\/v2\/posts\/4765\/revisions"}],"wp:featuredmedia":[{"embeddable":true,"href":"https:\/\/propertybook.ro\/blog\/wp-json\/wp\/v2\/media\/4764"}],"wp:attachment":[{"href":"https:\/\/propertybook.ro\/blog\/wp-json\/wp\/v2\/media?parent=4765"}],"wp:term":[{"taxonomy":"category","embeddable":true,"href":"https:\/\/propertybook.ro\/blog\/wp-json\/wp\/v2\/categories?post=4765"},{"taxonomy":"post_tag","embeddable":true,"href":"https:\/\/propertybook.ro\/blog\/wp-json\/wp\/v2\/tags?post=4765"}],"curies":[{"name":"wp","href":"https:\/\/api.w.org\/{rel}","templated":true}]}}