{"id":4785,"date":"2025-03-31T13:43:49","date_gmt":"2025-03-31T10:43:49","guid":{"rendered":"https:\/\/propertybook.ro\/blog\/apartament-modern-cu-3-camere-in-ansamblul-rezidential-scala-frunzisului-cluj-napoca-mobilat-si-utilat-cu-loc-de-parcare\/"},"modified":"2025-03-31T13:43:49","modified_gmt":"2025-03-31T10:43:49","slug":"apartament-modern-cu-3-camere-in-ansamblul-rezidential-scala-frunzisului-cluj-napoca-mobilat-si-utilat-cu-loc-de-parcare","status":"publish","type":"post","link":"https:\/\/propertybook.ro\/blog\/apartament-modern-cu-3-camere-in-ansamblul-rezidential-scala-frunzisului-cluj-napoca-mobilat-si-utilat-cu-loc-de-parcare\/","title":{"rendered":"Apartament modern cu 3 camere \u00een ansamblul reziden\u021bial SCALA FRUNZISULUI, Cluj-Napoca &#8211; mobilat \u0219i utilat, cu loc de parcare!"},"content":{"rendered":"\n<!-- ngfb content-buttons begin -->\n<!-- generated on 2026-04-27T20:33:41+00:00 -->\n<div class=\"ngfb-content-buttons\">\n<div class=\"ngfb-buttons en_US\">\n<!-- Email Button --><div class=\"css-button email-button\">\n  <a href=\"mailto:?subject=Share:%20Apartament%20modern%20cu%203%20camere%20%C3%AEn%20ansamblul%20reziden%C8%9Bial%20SCALA%20FRUNZISULUI%2C%20Cluj-Napoca%20%26%238211%3B%20mobilat%20%C8%99i%20utilat%2C%20cu%20loc%20de%20parcare%21&body=Cluj-Napoca%2C%20Gr%C4%83dini%20M%C4%83n%C4%83%C8%99tur%20-%20Apartament%20cu%203%20camere%20%C3%AEn%20ansamblul%20reziden%C8%9Bial%20SCALA%20FRUNZISULUI%20din%20Cluj-Napoca%2C%20cu%20o%20suprafa%C8%9B%C4%83%20util%C4%83%20de%2063%20mp.%20Complet%20mobilat%20%C8%99i%20utilat%2C%20include%20un%20living%20cu%20buc%C4%83t%C4%83rie%20deschis%C4%83%2C%202%20dormitoare%2C%20baie%20%C8%99i%20balcon%20de%2011%20mp.%20Situat%20la%20etajul%204%2C%20imobilul%20dispune%20de%20central%C4%83%20termic%C4%83%2C%20%C3%AEnc%C4%83lzire%20%C3%AEn%20pardoseal%C4%83%20%C8%99i%20geamuri%20termopan.%20Loc%20de%20parcare%20subteran%20disponibil.%20Cl%C4%83dire%20recent%20finalizat%C4%83%2C%20cu%20supraveghere%20video.%20Accept%C4%83%20credit%20bancar.%0D%0A%0D%0AShared%20from%20https:\/\/propertybook.ro\/blog\/apartament-modern-cu-3-camere-in-ansamblul-rezidential-scala-frunzisului-cluj-napoca-mobilat-si-utilat-cu-loc-de-parcare\/%0D%0A\">\n    <span class=\"ngfb-icon\">\n      <svg xmlns=\"http:\/\/www.w3.org\/2000\/svg\" width=\"9\" height=\"9\" viewBox=\"0 0 28 28\">\n        <path d=\"M20.11 26.147c-2.335 1.05-4.36 1.4-7.124 1.4C6.524 27.548.84 22.916.84 15.284.84 7.343 6.602.45 15.4.45c6.854 0 11.8 4.7 11.8 11.252 0 5.684-3.193 9.265-7.398 9.3-1.83 0-3.153-.934-3.347-2.997h-.077c-1.208 1.986-2.96 2.997-5.023 2.997-2.532 0-4.36-1.868-4.36-5.062 0-4.75 3.503-9.07 9.11-9.07 1.713 0 3.7.4 4.6.972l-1.17 7.203c-.387 2.298-.115 3.3 1 3.4 1.674 0 3.774-2.102 3.774-6.58 0-5.06-3.27-8.994-9.304-8.994C9.05 2.87 3.83 7.545 3.83 14.97c0 6.5 4.2 10.2 10 10.202 1.987 0 4.09-.43 5.647-1.245l.634 2.22zM16.647 10.1c-.31-.078-.7-.155-1.207-.155-2.572 0-4.596 2.53-4.596 5.53 0 1.5.7 2.4 1.9 2.4 1.44 0 2.96-1.83 3.31-4.088l.592-3.72z\" \/>\n      <\/svg>\n    <\/span>\n    <span class=\"ngfb-text\"><\/span>\n  <\/a>\n<\/div><\/div><!-- .ngfb-buttons.en_US -->\n<\/div><!-- .ngfb-content-buttons -->\n<!-- ngfb content-buttons end -->\n\n\n<!-- ngfb schema image for pinterest pin it button -->\n<div class=\"ngfb-schema-image-for-pinterest\" style=\"display:none;\">\n<img loading=\"lazy\" decoding=\"async\" src=\"https:\/\/propertybook.ro\/blog\/wp-content\/uploads\/2025\/03\/2464340.webp\" width=\"0\" height=\"0\" style=\"width:0;height:0;\" data-pin-description=\"Cluj-Napoca, Gr\u0103dini M\u0103n\u0103\u0219tur - Apartament cu 3 camere &icirc;n ansamblul reziden\u021bial SCALA FRUNZISULUI din Cluj-Napoca, cu o suprafa\u021b\u0103 util\u0103 de 63 mp. Complet mobilat \u0219i utilat, include un living cu buc\u0103t\u0103rie deschis\u0103, 2 dormitoare, baie \u0219i balcon de 11 mp. Situat la etajul 4, imobilul dispune de...\" alt=\"\"\/>\n<\/div><!-- .ngfb-schema-image-for-pinterest -->\n\n<figure class=\"wp-block-image size-large\"><img decoding=\"async\" src=\"https:\/\/cdn.propertybook.ro\/habitas\/2464340.webp\" alt=\"\" \/><\/figure>\n<ul>\n<li><a href=\"\/cluj-napoca\/\">Imobiliare Cluj-Napoca<\/a><\/li>\n<li><a href=\"\/cluj-napoca\/apartamente-vanzare\/\">Apartamente de vanzare Cluj-Napoca<\/a><\/li>\n<li><a href=\"\/cluj-napoca\/apartamente-vanzare\/3-camere\/\">Apartamente cu 3 camere de vanzare Cluj-Napoca<\/a><\/li>\n<li><a href=\"\/cluj-napoca\/apartamente-vanzare\/gradini_manastur\/3-camere\/\">Apartamente cu 3 camere de vanzare Gr\u0103dini M\u0103n\u0103\u0219tur, Cluj-Napoca<\/a><\/li>\n<\/ul>\n<p><a href=\"\/cluj-napoca\/imobiliare-31-2464340-apartament-3-camere-mobilat-utilat-parcare-scala-frunzisului\/\" class=\"pb-listing-action\">Detaliile proprietatii<\/a><\/p>\n<p><h2 class=\"wp-block-heading\">Descoperi\u021bi Comfortul \u0219i Elegan\u021ba \u00een Inima Clujului: Apartament cu 3 Camere \u00een Ansamblul SCALA FRUNZISULUI<\/h2>\n<p>Dac\u0103 sunte\u021bi \u00een c\u0103utarea unui nou c\u0103min \u00een clujean, nu c\u0103uta\u021bi mai departe! V\u0103 prezent\u0103m un apartament modern cu 3 camere, situat \u00eentr-un ansamblu reziden\u021bial deosebit, SCALA FRUNZISULUI, care \u00eembin\u0103 confortul \u0219i elegan\u021ba \u00eentr-un mod unic.<\/p>\n<p><h2 class=\"wp-block-heading\">Detalii Generale<\/h2>\n<p>Acest apartament are o suprafa\u021b\u0103 util\u0103 de 63 mp, fiind ideal pentru familii sau pentru cei care apreciaz\u0103 spa\u021biul generos. Arhitectura sa modern\u0103 \u0219i designul inteligent transform\u0103 fiecare col\u021bi\u0219or al locuin\u021bei \u00eentr-un spa\u021biu pl\u0103cut \u0219i func\u021bional. Situat la etajul 4 al unui imobil cu 15 etaje, apartamentul beneficiaz\u0103 de o orientare nord-vestic\u0103, oferind o lumin\u0103 natural\u0103 abundent\u0103 pe parcursul zilei.<\/p>\n<p><h2 class=\"wp-block-heading\">Compartimentare \u0219i Dot\u0103ri<\/h2>\n<p>Apartamentul este compus dintr-un living spa\u021bios, care se comunic\u0103 cu o buc\u0103t\u0103rie deschis\u0103, ceea ce \u00eel face perfect pentru petrecerea timpului al\u0103turi de cei dragi sau pentru g\u0103zduirea prietenilor. Cele dou\u0103 dormitoare asigur\u0103 intimitate \u0219i confort, iar holul, baia \u0219i balconul de 11 mp completeaz\u0103 acest spa\u021biu generos. <\/p>\n<p>Printre dot\u0103rile apartamentului se num\u0103r\u0103:<\/p>\n<p>&#8211; Mobilier modern \u0219i utilat complet<\/p>\n<p>&#8211; Central\u0103 termic\u0103 proprie<\/p>\n<p>&#8211; \u00cenc\u0103lzire \u00een pardoseal\u0103<\/p>\n<p>&#8211; Geamuri termopan din aluminiu<\/p>\n<p>Instala\u021bia este deja preg\u0103tit\u0103 pentru montarea unui sistem de aer condi\u021bionat, oferind confort pe tot parcursul anului.<\/p>\n<p><h2 class=\"wp-block-heading\">Facilit\u0103\u021bi \u0219i Siguran\u021b\u0103<\/h2>\n<p>Imobilul recent finalizat este construit din materiale de \u00eenalt\u0103 calitate, oferind o experien\u021b\u0103 de locuit pl\u0103cut\u0103 \u0219i sigur\u0103. Ansamblul beneficiaz\u0103 de o curte generoas\u0103, perfect\u0103 pentru relaxare, iar supravegherea video asigur\u0103 siguran\u021ba tuturor locatarilor. <\/p>\n<p><h2 class=\"wp-block-heading\">Loc de Parcare<\/h2>\n<p>Pentru un plus de confort, apartamentul include un loc de parcare subteran, disponibil la un cost suplimentar de 15.000 Euro, ceea ce \u00eembun\u0103t\u0103\u021be\u0219te considerabil accesibilitatea la locuin\u021b\u0103.<\/p>\n<p><h2 class=\"wp-block-heading\">Oportunitate de Investi\u021bie<\/h2>\n<p>Aceast\u0103 proprietate are o situa\u021bie juridic\u0103 clar\u0103, iar op\u021biunea de a ob\u021bine un credit bancar o face o oportunitate de investi\u021bie excelent\u0103. Fie c\u0103 sunte\u021bi \u00een c\u0103utarea unei locuin\u021be permanente sau dori\u021bi s\u0103 achizi\u021biona\u021bi o proprietate pentru \u00eenchiriere, acest apartament se dovede\u0219te a fi o alegere inspirat\u0103.<\/p>\n<h2 class=\"wp-block-heading\">Concluzie<\/h2>\n<p>Dac\u0103 sunte\u021bi preg\u0103ti\u021bi s\u0103 descoperi\u021bi noul vostru c\u0103min \u00een Cluj-Napoca, nu rata\u021bi ocazia de a vizita acest apartament minunat din ansamblul SCALA FRUNZISULUI. Oferind un mix perfect \u00eentre confort, stil \u0219i siguran\u021b\u0103, acesta v\u0103 va cuceri cu siguran\u021b\u0103! Nu ezita\u021bi s\u0103 v\u0103 bucura\u021bi de tot ceea ce aceast\u0103 proprietate are de oferit.<\/p>\n<p><a href=\"\/cluj-napoca\/imobiliare-31-2464340-apartament-3-camere-mobilat-utilat-parcare-scala-frunzisului\/\" class=\"pb-listing-action\">Stabileste o vizionare<\/a><\/p>\n<ul>\n<li><a href=\"\/cluj-napoca\/\">Imobiliare Cluj-Napoca<\/a><\/li>\n<li><a href=\"\/cluj-napoca\/apartamente-vanzare\/\">Apartamente de vanzare Cluj-Napoca<\/a><\/li>\n<li><a href=\"\/cluj-napoca\/apartamente-vanzare\/3-camere\/\">Apartamente cu 3 camere de vanzare Cluj-Napoca<\/a><\/li>\n<li><a href=\"\/cluj-napoca\/apartamente-vanzare\/gradini_manastur\/3-camere\/\">Apartamente cu 3 camere de vanzare Gr\u0103dini M\u0103n\u0103\u0219tur, Cluj-Napoca<\/a><\/li>\n<\/ul>\n\n<!-- ngfb content-buttons begin -->\n<!-- generated on 2026-04-27T20:33:41+00:00 -->\n<div class=\"ngfb-content-buttons\">\n<div class=\"ngfb-buttons en_US\">\n<!-- Email Button --><div class=\"css-button email-button\">\n  <a href=\"mailto:?subject=Share:%20Apartament%20modern%20cu%203%20camere%20%C3%AEn%20ansamblul%20reziden%C8%9Bial%20SCALA%20FRUNZISULUI%2C%20Cluj-Napoca%20%26%238211%3B%20mobilat%20%C8%99i%20utilat%2C%20cu%20loc%20de%20parcare%21&body=Cluj-Napoca%2C%20Gr%C4%83dini%20M%C4%83n%C4%83%C8%99tur%20-%20Apartament%20cu%203%20camere%20%C3%AEn%20ansamblul%20reziden%C8%9Bial%20SCALA%20FRUNZISULUI%20din%20Cluj-Napoca%2C%20cu%20o%20suprafa%C8%9B%C4%83%20util%C4%83%20de%2063%20mp.%20Complet%20mobilat%20%C8%99i%20utilat%2C%20include%20un%20living%20cu%20buc%C4%83t%C4%83rie%20deschis%C4%83%2C%202%20dormitoare%2C%20baie%20%C8%99i%20balcon%20de%2011%20mp.%20Situat%20la%20etajul%204%2C%20imobilul%20dispune%20de%20central%C4%83%20termic%C4%83%2C%20%C3%AEnc%C4%83lzire%20%C3%AEn%20pardoseal%C4%83%20%C8%99i%20geamuri%20termopan.%20Loc%20de%20parcare%20subteran%20disponibil.%20Cl%C4%83dire%20recent%20finalizat%C4%83%2C%20cu%20supraveghere%20video.%20Accept%C4%83%20credit%20bancar.%0D%0A%0D%0AShared%20from%20https:\/\/propertybook.ro\/blog\/apartament-modern-cu-3-camere-in-ansamblul-rezidential-scala-frunzisului-cluj-napoca-mobilat-si-utilat-cu-loc-de-parcare\/%0D%0A\">\n    <span class=\"ngfb-icon\">\n      <svg xmlns=\"http:\/\/www.w3.org\/2000\/svg\" width=\"9\" height=\"9\" viewBox=\"0 0 28 28\">\n        <path d=\"M20.11 26.147c-2.335 1.05-4.36 1.4-7.124 1.4C6.524 27.548.84 22.916.84 15.284.84 7.343 6.602.45 15.4.45c6.854 0 11.8 4.7 11.8 11.252 0 5.684-3.193 9.265-7.398 9.3-1.83 0-3.153-.934-3.347-2.997h-.077c-1.208 1.986-2.96 2.997-5.023 2.997-2.532 0-4.36-1.868-4.36-5.062 0-4.75 3.503-9.07 9.11-9.07 1.713 0 3.7.4 4.6.972l-1.17 7.203c-.387 2.298-.115 3.3 1 3.4 1.674 0 3.774-2.102 3.774-6.58 0-5.06-3.27-8.994-9.304-8.994C9.05 2.87 3.83 7.545 3.83 14.97c0 6.5 4.2 10.2 10 10.202 1.987 0 4.09-.43 5.647-1.245l.634 2.22zM16.647 10.1c-.31-.078-.7-.155-1.207-.155-2.572 0-4.596 2.53-4.596 5.53 0 1.5.7 2.4 1.9 2.4 1.44 0 2.96-1.83 3.31-4.088l.592-3.72z\" \/>\n      <\/svg>\n    <\/span>\n    <span class=\"ngfb-text\"><\/span>\n  <\/a>\n<\/div><\/div><!-- .ngfb-buttons.en_US -->\n<\/div><!-- .ngfb-content-buttons -->\n<!-- ngfb content-buttons end -->\n\n","protected":false},"excerpt":{"rendered":"<p>Cluj-Napoca, Gr\u0103dini M\u0103n\u0103\u0219tur &#8211; Apartament cu 3 camere \u00een ansamblul reziden\u021bial SCALA FRUNZISULUI din Cluj-Napoca, cu o suprafa\u021b\u0103 util\u0103 de 63 mp. Complet mobilat \u0219i utilat, include un living cu buc\u0103t\u0103rie deschis\u0103, 2 dormitoare, baie \u0219i balcon de 11 mp. Situat la etajul 4, imobilul dispune de central\u0103 termic\u0103, \u00eenc\u0103lzire \u00een pardoseal\u0103 \u0219i geamuri termopan. Loc de parcare subteran disponibil. Cl\u0103dire recent finalizat\u0103, cu supraveghere video. Accept\u0103 credit bancar.<\/p>\n","protected":false},"author":8,"featured_media":4784,"comment_status":"open","ping_status":"open","sticky":false,"template":"","format":"standard","meta":{"footnotes":""},"categories":[50,48,47],"tags":[55,131,74,91,399,188,376,60,63,85],"class_list":["post-4785","post","type-post","status-publish","format-standard","has-post-thumbnail","hentry","category-apartamente-de-vanzare-in-cluj-napoca","category-oferte-imobiliare-in-cluj-napoca","category-oferte","tag-3-camere","tag-an-const-2022","tag-balcon","tag-cluj-napoca","tag-etaj-4-15","tag-gradini-manastur","tag-o-baie","tag-parcare","tag-semidecomandat","tag-termopane"],"_links":{"self":[{"href":"https:\/\/propertybook.ro\/blog\/wp-json\/wp\/v2\/posts\/4785","targetHints":{"allow":["GET"]}}],"collection":[{"href":"https:\/\/propertybook.ro\/blog\/wp-json\/wp\/v2\/posts"}],"about":[{"href":"https:\/\/propertybook.ro\/blog\/wp-json\/wp\/v2\/types\/post"}],"author":[{"embeddable":true,"href":"https:\/\/propertybook.ro\/blog\/wp-json\/wp\/v2\/users\/8"}],"replies":[{"embeddable":true,"href":"https:\/\/propertybook.ro\/blog\/wp-json\/wp\/v2\/comments?post=4785"}],"version-history":[{"count":0,"href":"https:\/\/propertybook.ro\/blog\/wp-json\/wp\/v2\/posts\/4785\/revisions"}],"wp:featuredmedia":[{"embeddable":true,"href":"https:\/\/propertybook.ro\/blog\/wp-json\/wp\/v2\/media\/4784"}],"wp:attachment":[{"href":"https:\/\/propertybook.ro\/blog\/wp-json\/wp\/v2\/media?parent=4785"}],"wp:term":[{"taxonomy":"category","embeddable":true,"href":"https:\/\/propertybook.ro\/blog\/wp-json\/wp\/v2\/categories?post=4785"},{"taxonomy":"post_tag","embeddable":true,"href":"https:\/\/propertybook.ro\/blog\/wp-json\/wp\/v2\/tags?post=4785"}],"curies":[{"name":"wp","href":"https:\/\/api.w.org\/{rel}","templated":true}]}}