{"id":4887,"date":"2025-04-08T15:44:03","date_gmt":"2025-04-08T12:44:03","guid":{"rendered":"https:\/\/propertybook.ro\/blog\/apartament-modern-cu-3-camere-in-bloc-nou-marasti-zona-podului-ira\/"},"modified":"2025-04-08T15:44:03","modified_gmt":"2025-04-08T12:44:03","slug":"apartament-modern-cu-3-camere-in-bloc-nou-marasti-zona-podului-ira","status":"publish","type":"post","link":"https:\/\/propertybook.ro\/blog\/apartament-modern-cu-3-camere-in-bloc-nou-marasti-zona-podului-ira\/","title":{"rendered":"**Apartament Modern cu 3 Camere \u00een Bloc Nou &#8211; Marasti, Zona Podului IRA**"},"content":{"rendered":"\n<!-- ngfb content-buttons begin -->\n<!-- generated on 2026-04-27T14:29:35+00:00 -->\n<div class=\"ngfb-content-buttons\">\n<div class=\"ngfb-buttons en_US\">\n<!-- Email Button --><div class=\"css-button email-button\">\n  <a href=\"mailto:?subject=Share:%20%2A%2AApartament%20Modern%20cu%203%20Camere%20%C3%AEn%20Bloc%20Nou%20%26%238211%3B%20Marasti%2C%20Zona%20Podului%20IRA%2A%2A&body=Cluj-Napoca%2C%20Some%C8%99eni%20-%20Apartament%20cu%203%20camere%20situat%20%C3%AEn%20bloc%20nou%20din%20Marasti%2C%20zona%20podului%20IRA.%20Suprafa%C8%9B%C4%83%20util%C4%83%20de%2085.62%20mp%20%2B%202%20balcoane.%20Compartimentare%3A%20living%20open%20space%20cu%20buc%C4%83t%C4%83rie%2C%202%20dormitoare%2C%202%20b%C4%83i.%20Se%20pred%C4%83%20semifinisat%20cu%20dot%C4%83ri%20moderne%2C%20inclusiv%20%C3%AEnc%C4%83lzire%20%C3%AEn%20pardoseal%C4%83.%20Finalizare%20%C3%AEn%20decembrie%202023%2C%20CF%20disponibile%20din%20aprilie%202024.%20Facilit%C4%83%C8%9Bi%20precum%20locuri%20de%20parcare%20subterane%2C%20bunc%C4%83r%20%C8%99i%20spa%C8%9Bii%20comerciale%20la%20parter.%20TVA%2019%25%20se%20adaug%C4%83%20la%20pre%C8%9B.%0D%0A%0D%0AShared%20from%20https:\/\/propertybook.ro\/blog\/apartament-modern-cu-3-camere-in-bloc-nou-marasti-zona-podului-ira\/%0D%0A\">\n    <span class=\"ngfb-icon\">\n      <svg xmlns=\"http:\/\/www.w3.org\/2000\/svg\" width=\"9\" height=\"9\" viewBox=\"0 0 28 28\">\n        <path d=\"M20.11 26.147c-2.335 1.05-4.36 1.4-7.124 1.4C6.524 27.548.84 22.916.84 15.284.84 7.343 6.602.45 15.4.45c6.854 0 11.8 4.7 11.8 11.252 0 5.684-3.193 9.265-7.398 9.3-1.83 0-3.153-.934-3.347-2.997h-.077c-1.208 1.986-2.96 2.997-5.023 2.997-2.532 0-4.36-1.868-4.36-5.062 0-4.75 3.503-9.07 9.11-9.07 1.713 0 3.7.4 4.6.972l-1.17 7.203c-.387 2.298-.115 3.3 1 3.4 1.674 0 3.774-2.102 3.774-6.58 0-5.06-3.27-8.994-9.304-8.994C9.05 2.87 3.83 7.545 3.83 14.97c0 6.5 4.2 10.2 10 10.202 1.987 0 4.09-.43 5.647-1.245l.634 2.22zM16.647 10.1c-.31-.078-.7-.155-1.207-.155-2.572 0-4.596 2.53-4.596 5.53 0 1.5.7 2.4 1.9 2.4 1.44 0 2.96-1.83 3.31-4.088l.592-3.72z\" \/>\n      <\/svg>\n    <\/span>\n    <span class=\"ngfb-text\"><\/span>\n  <\/a>\n<\/div><\/div><!-- .ngfb-buttons.en_US -->\n<\/div><!-- .ngfb-content-buttons -->\n<!-- ngfb content-buttons end -->\n\n\n<!-- ngfb schema image for pinterest pin it button -->\n<div class=\"ngfb-schema-image-for-pinterest\" style=\"display:none;\">\n<img loading=\"lazy\" decoding=\"async\" src=\"https:\/\/propertybook.ro\/blog\/wp-content\/uploads\/2025\/04\/139374.webp\" width=\"0\" height=\"0\" style=\"width:0;height:0;\" data-pin-description=\"Cluj-Napoca, Some\u0219eni - Apartament cu 3 camere situat &icirc;n bloc nou din Marasti, zona podului IRA. Suprafa\u021b\u0103 util\u0103 de 85.62 mp + 2 balcoane. Compartimentare: living open space cu buc\u0103t\u0103rie, 2 dormitoare, 2 b\u0103i. Se pred\u0103 semifinisat cu dot\u0103ri moderne, inclusiv &icirc;nc\u0103lzire &icirc;n pardoseal\u0103. Finalizare &icirc;n...\" alt=\"\"\/>\n<\/div><!-- .ngfb-schema-image-for-pinterest -->\n\n<figure class=\"wp-block-image size-large\"><img decoding=\"async\" src=\"https:\/\/cdn.propertybook.ro\/napoca_imobiliare\/139374.webp\" alt=\"\" \/><\/figure>\n<ul>\n<li><a href=\"\/cluj-napoca\/\">Imobiliare Cluj-Napoca<\/a><\/li>\n<li><a href=\"\/cluj-napoca\/apartamente-vanzare\/\">Apartamente de vanzare Cluj-Napoca<\/a><\/li>\n<li><a href=\"\/cluj-napoca\/apartamente-vanzare\/3-camere\/\">Apartamente cu 3 camere de vanzare Cluj-Napoca<\/a><\/li>\n<li><a href=\"\/cluj-napoca\/apartamente-vanzare\/someseni\/3-camere\/\">Apartamente cu 3 camere de vanzare Some\u0219eni, Cluj-Napoca<\/a><\/li>\n<\/ul>\n<p><a href=\"\/cluj-napoca\/imobiliare-25-139374-de-vanzare-apartament-3-camere-in-someseni\/\" class=\"pb-listing-action\">Detaliile proprietatii<\/a><\/p>\n<p><h2 class=\"wp-block-heading\">Apartament cu 3 camere \u00een Marasti: Un c\u0103min modern \u0219i confortabil<\/h2>\n<p>Dac\u0103 sunte\u021bi \u00een c\u0103utarea unui apartament modern, spa\u021bios \u0219i bine situat, proprietatea din Marasti ar putea fi alegerea perfect\u0103 pentru dumneavoastr\u0103. Acest apartament cu 3 camere promite nu doar confort, ci \u0219i un stil de via\u021b\u0103 deosebit, av\u00e2nd \u00een vedere toate facilit\u0103\u021bile oferite \u0219i loca\u021bia sa excelent\u0103.<\/p>\n<p>#<\/p>\n<h2 class=\"wp-block-heading\">Descrierea Apartamentului<\/h2>\n<p>Apartamentul se extinde pe o suprafa\u021b\u0103 util\u0103 de 85.62 mp, fiind compartimentat inteligent pentru a maximiza fiecare spa\u021biu. Ofer\u0103 un living generos open space cu buc\u0103t\u0103rie, dou\u0103 dormitoare luminoase, dou\u0103 b\u0103i elegante \u0219i un antreu primitor. De asemenea, cele dou\u0103 balcoane de 9.3 mp reprezint\u0103 un loc ideal pentru a savura cafeaua de diminea\u021b\u0103 sau pentru a v\u0103 relaxa dup\u0103 o zi lung\u0103.<\/p>\n<p>#<\/p>\n<h2 class=\"wp-block-heading\">Finisaje \u0219i Dot\u0103ri<\/h2>\n<p>Un aspect remarcabil al acestui apartament este starea sa de semifinisat, permi\u021b\u00e2ndu-v\u0103 s\u0103 personaliza\u021bi interiorul conform preferin\u021belor personale. Printre dot\u0103rile includ:<\/p>\n<p>&#8211; **Izola\u021bie fonic\u0103**: Peretii sunt construi\u021bi din c\u0103r\u0103mid\u0103 cu vat\u0103 bazaltic\u0103, asigur\u00e2nd o izolare fonic\u0103 excelent\u0103 \u00eentre apartamente.<\/p>\n<p>&#8211; **Sistem de \u00eenc\u0103lzire modern**: Apartamentul dispune de un sistem de \u00eenc\u0103lzire \u00een pardoseal\u0103 Purmo, cu central\u0103 termic\u0103 individual\u0103 de tip Saunier Duval, care va asigura un ambient pl\u0103cut pe timpul iernii.<\/p>\n<p>&#8211; **Feronerie \u0219i feronerie de calitate**: Feroneria profilului Rehau Synego 80 \u0219i geamul tripan de care dispune apartamentul vor contribui la eficien\u021ba energetic\u0103 \u0219i confortul termic.<\/p>\n<p>&#8211; **Securitate \u0219i confort**: Dotat cu videointerfon \u0219i o u\u0219\u0103 de intrare din metal cu izola\u021bie fonic\u0103, apartamentul ofer\u0103 un nivel ridicat de siguran\u021b\u0103 \u0219i protec\u021bie.<\/p>\n<p>#<\/p>\n<h2 class=\"wp-block-heading\">Facilit\u0103\u021bi \u0219i \u00centruniri<\/h2>\n<p>Cl\u0103direa beneficiaz\u0103 de facilit\u0103\u021bi moderne care sporesc confortul reziden\u021bilor. Printre acestea se num\u0103r\u0103 locuri de parcare subterane, \u00een care fiecare apartament beneficiaz\u0103 de un loc la un pre\u021b accesibil, precum \u0219i un bunc\u0103r subteran pentru protec\u021bie civil\u0103. La parterul cl\u0103dirii sunt planificate spa\u021bii comerciale, astfel \u00eenc\u00e2t toate nevoile zilnice s\u0103 fie la \u00eendem\u00e2n\u0103.<\/p>\n<p>#<\/p>\n<h2 class=\"wp-block-heading\">Loca\u021bia<\/h2>\n<p>Situat \u00een inima Marasti, apartamentul se afl\u0103 \u00eentr-o zon\u0103 cu acces facil la transportul public \u0219i la diverse facilit\u0103\u021bi, cum ar fi magazine, restaurante \u0219i parcuri. Fiind aproape de podul IRA, ave\u021bi acces rapid spre centrul ora\u0219ului \u0219i spre alte zone de interes.<\/p>\n<p>#<\/p>\n<h2 class=\"wp-block-heading\">Termen de Finalizare<\/h2>\n<p>Construc\u021bia este programat\u0103 s\u0103 fie finalizat\u0103 \u00een decembrie 2023, iar actele de proprietate vor fi disponibile din aprilie 2024. A\u0219adar, acest apartament reprezint\u0103 o oportunitate excelent\u0103 de a deveni proprietar \u00eentr-un complex modern, construit cu materiale de cea mai \u00eenalt\u0103 calitate.<\/p>\n<h2 class=\"wp-block-heading\">Concluzie<\/h2>\n<p>Acest apartament cu 3 camere din Marasti \u00eembin\u0103 confortul cu modernitatea \u00eentr-o loca\u021bie excelent\u0103. Dac\u0103 sunte\u021bi \u00een c\u0103utarea unui nou c\u0103min, aceasta este o proprietate pe care merit\u0103 s\u0103 o lua\u021bi \u00een considerare. Nu pierde\u021bi ocazia de a v\u0103 al\u0103tura comunit\u0103\u021bii din Marasti \u0219i de a v\u0103 bucura de toate avantajele pe care acest apartament le ofer\u0103!<\/p>\n<p><a href=\"\/cluj-napoca\/imobiliare-25-139374-de-vanzare-apartament-3-camere-in-someseni\/\" class=\"pb-listing-action\">Stabileste o vizionare<\/a><\/p>\n<ul>\n<li><a href=\"\/cluj-napoca\/\">Imobiliare Cluj-Napoca<\/a><\/li>\n<li><a href=\"\/cluj-napoca\/apartamente-vanzare\/\">Apartamente de vanzare Cluj-Napoca<\/a><\/li>\n<li><a href=\"\/cluj-napoca\/apartamente-vanzare\/3-camere\/\">Apartamente cu 3 camere de vanzare Cluj-Napoca<\/a><\/li>\n<li><a href=\"\/cluj-napoca\/apartamente-vanzare\/someseni\/3-camere\/\">Apartamente cu 3 camere de vanzare Some\u0219eni, Cluj-Napoca<\/a><\/li>\n<\/ul>\n\n<!-- ngfb content-buttons begin -->\n<!-- generated on 2026-04-27T14:29:35+00:00 -->\n<div class=\"ngfb-content-buttons\">\n<div class=\"ngfb-buttons en_US\">\n<!-- Email Button --><div class=\"css-button email-button\">\n  <a href=\"mailto:?subject=Share:%20%2A%2AApartament%20Modern%20cu%203%20Camere%20%C3%AEn%20Bloc%20Nou%20%26%238211%3B%20Marasti%2C%20Zona%20Podului%20IRA%2A%2A&body=Cluj-Napoca%2C%20Some%C8%99eni%20-%20Apartament%20cu%203%20camere%20situat%20%C3%AEn%20bloc%20nou%20din%20Marasti%2C%20zona%20podului%20IRA.%20Suprafa%C8%9B%C4%83%20util%C4%83%20de%2085.62%20mp%20%2B%202%20balcoane.%20Compartimentare%3A%20living%20open%20space%20cu%20buc%C4%83t%C4%83rie%2C%202%20dormitoare%2C%202%20b%C4%83i.%20Se%20pred%C4%83%20semifinisat%20cu%20dot%C4%83ri%20moderne%2C%20inclusiv%20%C3%AEnc%C4%83lzire%20%C3%AEn%20pardoseal%C4%83.%20Finalizare%20%C3%AEn%20decembrie%202023%2C%20CF%20disponibile%20din%20aprilie%202024.%20Facilit%C4%83%C8%9Bi%20precum%20locuri%20de%20parcare%20subterane%2C%20bunc%C4%83r%20%C8%99i%20spa%C8%9Bii%20comerciale%20la%20parter.%20TVA%2019%25%20se%20adaug%C4%83%20la%20pre%C8%9B.%0D%0A%0D%0AShared%20from%20https:\/\/propertybook.ro\/blog\/apartament-modern-cu-3-camere-in-bloc-nou-marasti-zona-podului-ira\/%0D%0A\">\n    <span class=\"ngfb-icon\">\n      <svg xmlns=\"http:\/\/www.w3.org\/2000\/svg\" width=\"9\" height=\"9\" viewBox=\"0 0 28 28\">\n        <path d=\"M20.11 26.147c-2.335 1.05-4.36 1.4-7.124 1.4C6.524 27.548.84 22.916.84 15.284.84 7.343 6.602.45 15.4.45c6.854 0 11.8 4.7 11.8 11.252 0 5.684-3.193 9.265-7.398 9.3-1.83 0-3.153-.934-3.347-2.997h-.077c-1.208 1.986-2.96 2.997-5.023 2.997-2.532 0-4.36-1.868-4.36-5.062 0-4.75 3.503-9.07 9.11-9.07 1.713 0 3.7.4 4.6.972l-1.17 7.203c-.387 2.298-.115 3.3 1 3.4 1.674 0 3.774-2.102 3.774-6.58 0-5.06-3.27-8.994-9.304-8.994C9.05 2.87 3.83 7.545 3.83 14.97c0 6.5 4.2 10.2 10 10.202 1.987 0 4.09-.43 5.647-1.245l.634 2.22zM16.647 10.1c-.31-.078-.7-.155-1.207-.155-2.572 0-4.596 2.53-4.596 5.53 0 1.5.7 2.4 1.9 2.4 1.44 0 2.96-1.83 3.31-4.088l.592-3.72z\" \/>\n      <\/svg>\n    <\/span>\n    <span class=\"ngfb-text\"><\/span>\n  <\/a>\n<\/div><\/div><!-- .ngfb-buttons.en_US -->\n<\/div><!-- .ngfb-content-buttons -->\n<!-- ngfb content-buttons end -->\n\n","protected":false},"excerpt":{"rendered":"<p>Cluj-Napoca, Some\u0219eni &#8211; Apartament cu 3 camere situat \u00een bloc nou din Marasti, zona podului IRA. Suprafa\u021b\u0103 util\u0103 de 85.62 mp + 2 balcoane. Compartimentare: living open space cu buc\u0103t\u0103rie, 2 dormitoare, 2 b\u0103i. Se pred\u0103 semifinisat cu dot\u0103ri moderne, inclusiv \u00eenc\u0103lzire \u00een pardoseal\u0103. Finalizare \u00een decembrie 2023, CF disponibile din aprilie 2024. Facilit\u0103\u021bi precum locuri de parcare subterane, bunc\u0103r \u0219i spa\u021bii comerciale la parter. TVA 19% se adaug\u0103 la pre\u021b.<\/p>\n","protected":false},"author":8,"featured_media":4886,"comment_status":"open","ping_status":"open","sticky":false,"template":"","format":"standard","meta":{"footnotes":""},"categories":[50,48,47],"tags":[377,59,55,65,91,136,60,63,118],"class_list":["post-4887","post","type-post","status-publish","format-standard","has-post-thumbnail","hentry","category-apartamente-de-vanzare-in-cluj-napoca","category-oferte-imobiliare-in-cluj-napoca","category-oferte","tag-2-bai","tag-2-balcoane","tag-3-camere","tag-centrala-termica","tag-cluj-napoca","tag-etaj-3-3","tag-parcare","tag-semidecomandat","tag-someseni"],"_links":{"self":[{"href":"https:\/\/propertybook.ro\/blog\/wp-json\/wp\/v2\/posts\/4887","targetHints":{"allow":["GET"]}}],"collection":[{"href":"https:\/\/propertybook.ro\/blog\/wp-json\/wp\/v2\/posts"}],"about":[{"href":"https:\/\/propertybook.ro\/blog\/wp-json\/wp\/v2\/types\/post"}],"author":[{"embeddable":true,"href":"https:\/\/propertybook.ro\/blog\/wp-json\/wp\/v2\/users\/8"}],"replies":[{"embeddable":true,"href":"https:\/\/propertybook.ro\/blog\/wp-json\/wp\/v2\/comments?post=4887"}],"version-history":[{"count":0,"href":"https:\/\/propertybook.ro\/blog\/wp-json\/wp\/v2\/posts\/4887\/revisions"}],"wp:featuredmedia":[{"embeddable":true,"href":"https:\/\/propertybook.ro\/blog\/wp-json\/wp\/v2\/media\/4886"}],"wp:attachment":[{"href":"https:\/\/propertybook.ro\/blog\/wp-json\/wp\/v2\/media?parent=4887"}],"wp:term":[{"taxonomy":"category","embeddable":true,"href":"https:\/\/propertybook.ro\/blog\/wp-json\/wp\/v2\/categories?post=4887"},{"taxonomy":"post_tag","embeddable":true,"href":"https:\/\/propertybook.ro\/blog\/wp-json\/wp\/v2\/tags?post=4887"}],"curies":[{"name":"wp","href":"https:\/\/api.w.org\/{rel}","templated":true}]}}