{"id":4889,"date":"2025-04-08T17:43:44","date_gmt":"2025-04-08T14:43:44","guid":{"rendered":"https:\/\/propertybook.ro\/blog\/apartament-modern-cu-3-camere-in-bloc-nou-in-marasti-terminare-decembrie-2023\/"},"modified":"2025-04-08T17:43:44","modified_gmt":"2025-04-08T14:43:44","slug":"apartament-modern-cu-3-camere-in-bloc-nou-in-marasti-terminare-decembrie-2023","status":"publish","type":"post","link":"https:\/\/propertybook.ro\/blog\/apartament-modern-cu-3-camere-in-bloc-nou-in-marasti-terminare-decembrie-2023\/","title":{"rendered":"Apartament Modern cu 3 Camere \u00een Bloc Nou \u00een Marasti &#8211; Terminare Decembrie 2023!"},"content":{"rendered":"\n<!-- ngfb content-buttons begin -->\n<!-- generated on 2026-04-24T00:19:59+00:00 -->\n<div class=\"ngfb-content-buttons\">\n<div class=\"ngfb-buttons en_US\">\n<!-- Email Button --><div class=\"css-button email-button\">\n  <a href=\"mailto:?subject=Share:%20Apartament%20Modern%20cu%203%20Camere%20%C3%AEn%20Bloc%20Nou%20%C3%AEn%20Marasti%20%26%238211%3B%20Terminare%20Decembrie%202023%21&body=Cluj-Napoca%2C%20Some%C8%99eni%20-%20Apartament%20cu%203%20camere%20de%20v%C3%A2nzare%20%C3%AEn%20Marasti%2C%20%C3%AEntr-un%20bloc%20nou%2C%20cu%20o%20suprafa%C8%9B%C4%83%20util%C4%83%20de%2090.23%20mp%20%C8%99i%20dou%C4%83%20balcoane.%20Compartimentarea%20include%20un%20living%20open%20space%2C%20dou%C4%83%20dormitoare%20%C8%99i%20dou%C4%83%20b%C4%83i.%20Finisajele%20sunt%20semifinisate%2C%20cu%20sistem%20de%20%C3%AEnc%C4%83lzire%20%C3%AEn%20pardoseal%C4%83%20%C8%99i%20feronerie%20de%20calitate.%20Finalizarea%20construc%C8%9Biei%20este%20%C3%AEn%20decembrie%202023%2C%20iar%20locurile%20de%20parcare%20subterane%20sunt%20disponibile%20la%20pre%C8%9B%20suplimentar.%20CF-urile%20vor%20fi%20disponibile%20din%20aprilie%202024.%0D%0A%0D%0AShared%20from%20https:\/\/propertybook.ro\/blog\/apartament-modern-cu-3-camere-in-bloc-nou-in-marasti-terminare-decembrie-2023\/%0D%0A\">\n    <span class=\"ngfb-icon\">\n      <svg xmlns=\"http:\/\/www.w3.org\/2000\/svg\" width=\"9\" height=\"9\" viewBox=\"0 0 28 28\">\n        <path d=\"M20.11 26.147c-2.335 1.05-4.36 1.4-7.124 1.4C6.524 27.548.84 22.916.84 15.284.84 7.343 6.602.45 15.4.45c6.854 0 11.8 4.7 11.8 11.252 0 5.684-3.193 9.265-7.398 9.3-1.83 0-3.153-.934-3.347-2.997h-.077c-1.208 1.986-2.96 2.997-5.023 2.997-2.532 0-4.36-1.868-4.36-5.062 0-4.75 3.503-9.07 9.11-9.07 1.713 0 3.7.4 4.6.972l-1.17 7.203c-.387 2.298-.115 3.3 1 3.4 1.674 0 3.774-2.102 3.774-6.58 0-5.06-3.27-8.994-9.304-8.994C9.05 2.87 3.83 7.545 3.83 14.97c0 6.5 4.2 10.2 10 10.202 1.987 0 4.09-.43 5.647-1.245l.634 2.22zM16.647 10.1c-.31-.078-.7-.155-1.207-.155-2.572 0-4.596 2.53-4.596 5.53 0 1.5.7 2.4 1.9 2.4 1.44 0 2.96-1.83 3.31-4.088l.592-3.72z\" \/>\n      <\/svg>\n    <\/span>\n    <span class=\"ngfb-text\"><\/span>\n  <\/a>\n<\/div><\/div><!-- .ngfb-buttons.en_US -->\n<\/div><!-- .ngfb-content-buttons -->\n<!-- ngfb content-buttons end -->\n\n\n<!-- ngfb schema image for pinterest pin it button -->\n<div class=\"ngfb-schema-image-for-pinterest\" style=\"display:none;\">\n<img loading=\"lazy\" decoding=\"async\" src=\"https:\/\/propertybook.ro\/blog\/wp-content\/uploads\/2025\/04\/139336.webp\" width=\"0\" height=\"0\" style=\"width:0;height:0;\" data-pin-description=\"Cluj-Napoca, Some\u0219eni - Apartament cu 3 camere de v&acirc;nzare &icirc;n Marasti, &icirc;ntr-un bloc nou, cu o suprafa\u021b\u0103 util\u0103 de 90.23 mp \u0219i dou\u0103 balcoane. Compartimentarea include un living open space, dou\u0103 dormitoare \u0219i dou\u0103 b\u0103i. Finisajele sunt semifinisate, cu sistem de &icirc;nc\u0103lzire &icirc;n pardoseal\u0103 \u0219i feronerie...\" alt=\"\"\/>\n<\/div><!-- .ngfb-schema-image-for-pinterest -->\n\n<figure class=\"wp-block-image size-large\"><img decoding=\"async\" src=\"https:\/\/cdn.propertybook.ro\/napoca_imobiliare\/139336.webp\" alt=\"\" \/><\/figure>\n<ul>\n<li><a href=\"\/cluj-napoca\/\">Imobiliare Cluj-Napoca<\/a><\/li>\n<li><a href=\"\/cluj-napoca\/apartamente-vanzare\/\">Apartamente de vanzare Cluj-Napoca<\/a><\/li>\n<li><a href=\"\/cluj-napoca\/apartamente-vanzare\/3-camere\/\">Apartamente cu 3 camere de vanzare Cluj-Napoca<\/a><\/li>\n<li><a href=\"\/cluj-napoca\/apartamente-vanzare\/someseni\/3-camere\/\">Apartamente cu 3 camere de vanzare Some\u0219eni, Cluj-Napoca<\/a><\/li>\n<\/ul>\n<p><a href=\"\/cluj-napoca\/imobiliare-25-139336-se-vinde-apartament-3-camere-in-someseni\/\" class=\"pb-listing-action\">Detaliile proprietatii<\/a><\/p>\n<p><h2 class=\"wp-block-heading\">Apartament modern cu 3 camere \u00een Marasti \u2013 O oportunitate excelent\u0103 pentru viitorii proprietari<\/h2>\n<p>Dac\u0103 e\u0219ti \u00een c\u0103utarea unui apartament modern \u0219i spa\u021bios \u00een zona Marasti, avem ve\u0219ti excelente! \u00ce\u021bi prezent\u0103m o oportunitate unic\u0103 de a deveni proprietar al unui apartament cu 3 camere, situat \u00eentr-un nou bloc construit recent, \u00een apropierea podului IRA. <\/p>\n<p>#<\/p>\n<h2 class=\"wp-block-heading\">Detalii despre apartament<\/h2>\n<p>Acest apartament \u00ee\u021bi ofer\u0103 o suprafa\u021b\u0103 util\u0103 de 90.23 mp \u0219i dou\u0103 balcoane generoase, cu o suprafa\u021b\u0103 total\u0103 de 9.34 mp. Compartimentarea este g\u00e2ndit\u0103 pentru a maximiza confortul \u0219i spa\u021biul, incluz\u00e2nd:<\/p>\n<p>&#8211; Un living open space ce integreaz\u0103 buc\u0103t\u0103ria, ideal pentru petrecerea timpului cu familia sau prietenii.<\/p>\n<p>&#8211; Dou\u0103 dormitoare spa\u021bioase, perfecte pentru odihn\u0103 \u0219i relaxare.<\/p>\n<p>&#8211; Dou\u0103 b\u0103i, asigur\u00e2nd astfel confortul necesar pentru toate persoanele din apartament.<\/p>\n<p>&#8211; Un antreu \u0219i un hol care aduc o not\u0103 de elegan\u021b\u0103 \u0219i func\u021bionalitate.<\/p>\n<p>#<\/p>\n<h2 class=\"wp-block-heading\">Finisaje \u0219i dot\u0103ri<\/h2>\n<p>Apartamentul se pred\u0103 semifinisat, ce \u00ee\u021bi va permite s\u0103 \u00ee\u021bi personalizezi locuin\u021ba a\u0219a cum \u00ee\u021bi dore\u0219ti. Printre dot\u0103rile incluse se num\u0103r\u0103:<\/p>\n<p>&#8211; **Izola\u021bie fonic\u0103:** Zidurile sunt construite din c\u0103r\u0103mid\u0103 cu vat\u0103 bazaltic\u0103, asigur\u00e2nd confortul acustic \u00eentre apartamente.<\/p>\n<p>&#8211; **Instala\u021bii moderne:** Toate instala\u021biile termice, electrice \u0219i sanitare sunt executate \u0219i trase la pozi\u021bie.<\/p>\n<p>&#8211; **\u00cenc\u0103lzire \u00een pardoseal\u0103:** Sistemul Purmo cu central\u0103 termic\u0103 individual\u0103 Saunier Duval ofer\u0103 o temperatur\u0103 optim\u0103 \u00een sezonul rece.<\/p>\n<p>&#8211; **Feronerie de calitate:** Feroneriile includ feronerie de tip Rehau Synego 80 cu geam tripan de grosime de 50 mm, asigur\u00e2nd o izolare termic\u0103 excelent\u0103.<\/p>\n<p>&#8211; **Securitate:** Apartamentul dispune de u\u0219i din o\u021bel Steel Line cu izola\u021bie fonic\u0103 de 38 db \u0219i videointerfon pentru un plus de siguran\u021b\u0103.<\/p>\n<p>#<\/p>\n<h2 class=\"wp-block-heading\">Facilit\u0103\u021bi adi\u021bionale<\/h2>\n<p>Blocul \u00een care se afl\u0103 apartamentul ofer\u0103 numeroase facilit\u0103\u021bi care adaug\u0103 valoare vie\u021bii cotidiene:<\/p>\n<p>&#8211; Locuri de parcare pentru biciclete \u00een parcarea subteran\u0103.<\/p>\n<p>&#8211; Locuri de parcare subterane pentru fiecare apartament la un pre\u021b foarte competitiv.<\/p>\n<p>&#8211; Ad\u0103post de protec\u021bie civil\u0103 (bunc\u0103r subteran) pentru siguran\u021ba locatarilor.<\/p>\n<p>&#8211; Spa\u021bii comerciale amenajate la parter pentru a avea tot ce \u00ee\u021bi trebuie la \u00eendem\u00e2n\u0103.<\/p>\n<p>&#8211; Lift auto care faciliteaz\u0103 accesul la locurile de parcare subterane.<\/p>\n<p>#<\/p>\n<h2 class=\"wp-block-heading\">Termen de finalizare<\/h2>\n<p>Cl\u0103direa va fi finalizat\u0103 \u00een luna decembrie 2023, iar CF-urile vor fi disponibile \u00eencep\u00e2nd cu luna aprilie 2024. Acest lucru \u00eenseamn\u0103 c\u0103 ai oportunitatea de a intra \u00eentr-un apartament nou, g\u00e2ndit pentru stilul de via\u021b\u0103 modern.<\/p>\n<p>#<\/p>\n<h2 class=\"wp-block-heading\">Concluzie<\/h2>\n<p>Acest apartament din Marasti reprezint\u0103 o alegere excelent\u0103 pentru cei care caut\u0103 un loc primitor, modern \u0219i bine amplasat. Cu facilit\u0103\u021bi de calitate \u0219i un design care \u00eembin\u0103 func\u021bionalitatea cu confortul, acest apartament poate deveni cu u\u0219urin\u021b\u0103 \u201eacasa\u201d visurilor tale.<\/p>\n<p>Dac\u0103 e\u0219ti interesat de mai multe detalii, nu ezita s\u0103 \u00ee\u021bi exprimi interesul. Oportunit\u0103\u021bile ca aceasta nu apar prea des!<\/p>\n<p><a href=\"\/cluj-napoca\/imobiliare-25-139336-se-vinde-apartament-3-camere-in-someseni\/\" class=\"pb-listing-action\">Stabileste o vizionare<\/a><\/p>\n<ul>\n<li><a href=\"\/cluj-napoca\/\">Imobiliare Cluj-Napoca<\/a><\/li>\n<li><a href=\"\/cluj-napoca\/apartamente-vanzare\/\">Apartamente de vanzare Cluj-Napoca<\/a><\/li>\n<li><a href=\"\/cluj-napoca\/apartamente-vanzare\/3-camere\/\">Apartamente cu 3 camere de vanzare Cluj-Napoca<\/a><\/li>\n<li><a href=\"\/cluj-napoca\/apartamente-vanzare\/someseni\/3-camere\/\">Apartamente cu 3 camere de vanzare Some\u0219eni, Cluj-Napoca<\/a><\/li>\n<\/ul>\n\n<!-- ngfb content-buttons begin -->\n<!-- generated on 2026-04-24T00:19:59+00:00 -->\n<div class=\"ngfb-content-buttons\">\n<div class=\"ngfb-buttons en_US\">\n<!-- Email Button --><div class=\"css-button email-button\">\n  <a href=\"mailto:?subject=Share:%20Apartament%20Modern%20cu%203%20Camere%20%C3%AEn%20Bloc%20Nou%20%C3%AEn%20Marasti%20%26%238211%3B%20Terminare%20Decembrie%202023%21&body=Cluj-Napoca%2C%20Some%C8%99eni%20-%20Apartament%20cu%203%20camere%20de%20v%C3%A2nzare%20%C3%AEn%20Marasti%2C%20%C3%AEntr-un%20bloc%20nou%2C%20cu%20o%20suprafa%C8%9B%C4%83%20util%C4%83%20de%2090.23%20mp%20%C8%99i%20dou%C4%83%20balcoane.%20Compartimentarea%20include%20un%20living%20open%20space%2C%20dou%C4%83%20dormitoare%20%C8%99i%20dou%C4%83%20b%C4%83i.%20Finisajele%20sunt%20semifinisate%2C%20cu%20sistem%20de%20%C3%AEnc%C4%83lzire%20%C3%AEn%20pardoseal%C4%83%20%C8%99i%20feronerie%20de%20calitate.%20Finalizarea%20construc%C8%9Biei%20este%20%C3%AEn%20decembrie%202023%2C%20iar%20locurile%20de%20parcare%20subterane%20sunt%20disponibile%20la%20pre%C8%9B%20suplimentar.%20CF-urile%20vor%20fi%20disponibile%20din%20aprilie%202024.%0D%0A%0D%0AShared%20from%20https:\/\/propertybook.ro\/blog\/apartament-modern-cu-3-camere-in-bloc-nou-in-marasti-terminare-decembrie-2023\/%0D%0A\">\n    <span class=\"ngfb-icon\">\n      <svg xmlns=\"http:\/\/www.w3.org\/2000\/svg\" width=\"9\" height=\"9\" viewBox=\"0 0 28 28\">\n        <path d=\"M20.11 26.147c-2.335 1.05-4.36 1.4-7.124 1.4C6.524 27.548.84 22.916.84 15.284.84 7.343 6.602.45 15.4.45c6.854 0 11.8 4.7 11.8 11.252 0 5.684-3.193 9.265-7.398 9.3-1.83 0-3.153-.934-3.347-2.997h-.077c-1.208 1.986-2.96 2.997-5.023 2.997-2.532 0-4.36-1.868-4.36-5.062 0-4.75 3.503-9.07 9.11-9.07 1.713 0 3.7.4 4.6.972l-1.17 7.203c-.387 2.298-.115 3.3 1 3.4 1.674 0 3.774-2.102 3.774-6.58 0-5.06-3.27-8.994-9.304-8.994C9.05 2.87 3.83 7.545 3.83 14.97c0 6.5 4.2 10.2 10 10.202 1.987 0 4.09-.43 5.647-1.245l.634 2.22zM16.647 10.1c-.31-.078-.7-.155-1.207-.155-2.572 0-4.596 2.53-4.596 5.53 0 1.5.7 2.4 1.9 2.4 1.44 0 2.96-1.83 3.31-4.088l.592-3.72z\" \/>\n      <\/svg>\n    <\/span>\n    <span class=\"ngfb-text\"><\/span>\n  <\/a>\n<\/div><\/div><!-- .ngfb-buttons.en_US -->\n<\/div><!-- .ngfb-content-buttons -->\n<!-- ngfb content-buttons end -->\n\n","protected":false},"excerpt":{"rendered":"<p>Cluj-Napoca, Some\u0219eni &#8211; Apartament cu 3 camere de v\u00e2nzare \u00een Marasti, \u00eentr-un bloc nou, cu o suprafa\u021b\u0103 util\u0103 de 90.23 mp \u0219i dou\u0103 balcoane. Compartimentarea include un living open space, dou\u0103 dormitoare \u0219i dou\u0103 b\u0103i. Finisajele sunt semifinisate, cu sistem de \u00eenc\u0103lzire \u00een pardoseal\u0103 \u0219i feronerie de calitate. Finalizarea construc\u021biei este \u00een decembrie 2023, iar locurile de parcare subterane sunt disponibile la pre\u021b suplimentar. CF-urile vor fi disponibile din aprilie 2024.<\/p>\n","protected":false},"author":8,"featured_media":4888,"comment_status":"open","ping_status":"open","sticky":false,"template":"","format":"standard","meta":{"footnotes":""},"categories":[50,48,47],"tags":[377,59,55,65,91,103,60,63,118],"class_list":["post-4889","post","type-post","status-publish","format-standard","has-post-thumbnail","hentry","category-apartamente-de-vanzare-in-cluj-napoca","category-oferte-imobiliare-in-cluj-napoca","category-oferte","tag-2-bai","tag-2-balcoane","tag-3-camere","tag-centrala-termica","tag-cluj-napoca","tag-etaj-1-3","tag-parcare","tag-semidecomandat","tag-someseni"],"_links":{"self":[{"href":"https:\/\/propertybook.ro\/blog\/wp-json\/wp\/v2\/posts\/4889","targetHints":{"allow":["GET"]}}],"collection":[{"href":"https:\/\/propertybook.ro\/blog\/wp-json\/wp\/v2\/posts"}],"about":[{"href":"https:\/\/propertybook.ro\/blog\/wp-json\/wp\/v2\/types\/post"}],"author":[{"embeddable":true,"href":"https:\/\/propertybook.ro\/blog\/wp-json\/wp\/v2\/users\/8"}],"replies":[{"embeddable":true,"href":"https:\/\/propertybook.ro\/blog\/wp-json\/wp\/v2\/comments?post=4889"}],"version-history":[{"count":0,"href":"https:\/\/propertybook.ro\/blog\/wp-json\/wp\/v2\/posts\/4889\/revisions"}],"wp:featuredmedia":[{"embeddable":true,"href":"https:\/\/propertybook.ro\/blog\/wp-json\/wp\/v2\/media\/4888"}],"wp:attachment":[{"href":"https:\/\/propertybook.ro\/blog\/wp-json\/wp\/v2\/media?parent=4889"}],"wp:term":[{"taxonomy":"category","embeddable":true,"href":"https:\/\/propertybook.ro\/blog\/wp-json\/wp\/v2\/categories?post=4889"},{"taxonomy":"post_tag","embeddable":true,"href":"https:\/\/propertybook.ro\/blog\/wp-json\/wp\/v2\/tags?post=4889"}],"curies":[{"name":"wp","href":"https:\/\/api.w.org\/{rel}","templated":true}]}}