{"id":4911,"date":"2025-04-09T17:43:51","date_gmt":"2025-04-09T14:43:51","guid":{"rendered":"https:\/\/propertybook.ro\/blog\/apartament-2-camere-decomandate-in-zona-bucium-oportunitate-de-renovare\/"},"modified":"2025-04-09T17:43:51","modified_gmt":"2025-04-09T14:43:51","slug":"apartament-2-camere-decomandate-in-zona-bucium-oportunitate-de-renovare","status":"publish","type":"post","link":"https:\/\/propertybook.ro\/blog\/apartament-2-camere-decomandate-in-zona-bucium-oportunitate-de-renovare\/","title":{"rendered":"Apartament 2 camere decomandate \u00een zona Bucium &#8211; oportunitate de renovare!"},"content":{"rendered":"\n<!-- ngfb content-buttons begin -->\n<!-- generated on 2026-04-29T16:19:16+00:00 -->\n<div class=\"ngfb-content-buttons\">\n<div class=\"ngfb-buttons en_US\">\n<!-- Email Button --><div class=\"css-button email-button\">\n  <a href=\"mailto:?subject=Share:%20Apartament%202%20camere%20decomandate%20%C3%AEn%20zona%20Bucium%20%26%238211%3B%20oportunitate%20de%20renovare%21&body=Cluj-Napoca%2C%20M%C4%83n%C4%83%C8%99tur%20-%20Apartament%20de%202%20camere%20decomandate%2C%20situat%20%C3%AEn%20zona%20Bucium%2C%20la%202%20minute%20de%20transportul%20public.%20Necesit%C4%83%20renovare%2C%20este%20la%20etajul%204%20dintr-un%20bloc%20cu%2010%20etaje%20%C8%99i%20dispune%20de%20lift.%20Orientarea%20sudic%C4%83%20asigur%C4%83%20lumin%C4%83%20natural%C4%83%20pe%20parcursul%20zilei.%20Suprafa%C8%9Ba%20util%C4%83%20este%20de%2042%20mp%2C%20cu%20un%20balcon%20de%203%20mp.%20Apartamentul%20poate%20fi%20predat%20mobilat%20sau%20gol.%20Disponibil%20imediat%20pentru%20mutare.%0D%0A%0D%0AShared%20from%20https:\/\/propertybook.ro\/blog\/apartament-2-camere-decomandate-in-zona-bucium-oportunitate-de-renovare\/%0D%0A\">\n    <span class=\"ngfb-icon\">\n      <svg xmlns=\"http:\/\/www.w3.org\/2000\/svg\" width=\"9\" height=\"9\" viewBox=\"0 0 28 28\">\n        <path d=\"M20.11 26.147c-2.335 1.05-4.36 1.4-7.124 1.4C6.524 27.548.84 22.916.84 15.284.84 7.343 6.602.45 15.4.45c6.854 0 11.8 4.7 11.8 11.252 0 5.684-3.193 9.265-7.398 9.3-1.83 0-3.153-.934-3.347-2.997h-.077c-1.208 1.986-2.96 2.997-5.023 2.997-2.532 0-4.36-1.868-4.36-5.062 0-4.75 3.503-9.07 9.11-9.07 1.713 0 3.7.4 4.6.972l-1.17 7.203c-.387 2.298-.115 3.3 1 3.4 1.674 0 3.774-2.102 3.774-6.58 0-5.06-3.27-8.994-9.304-8.994C9.05 2.87 3.83 7.545 3.83 14.97c0 6.5 4.2 10.2 10 10.202 1.987 0 4.09-.43 5.647-1.245l.634 2.22zM16.647 10.1c-.31-.078-.7-.155-1.207-.155-2.572 0-4.596 2.53-4.596 5.53 0 1.5.7 2.4 1.9 2.4 1.44 0 2.96-1.83 3.31-4.088l.592-3.72z\" \/>\n      <\/svg>\n    <\/span>\n    <span class=\"ngfb-text\"><\/span>\n  <\/a>\n<\/div><\/div><!-- .ngfb-buttons.en_US -->\n<\/div><!-- .ngfb-content-buttons -->\n<!-- ngfb content-buttons end -->\n\n\n<!-- ngfb schema image for pinterest pin it button -->\n<div class=\"ngfb-schema-image-for-pinterest\" style=\"display:none;\">\n<img loading=\"lazy\" decoding=\"async\" src=\"https:\/\/propertybook.ro\/blog\/wp-content\/uploads\/2025\/04\/152162.webp\" width=\"0\" height=\"0\" style=\"width:0;height:0;\" data-pin-description=\"Cluj-Napoca, M\u0103n\u0103\u0219tur - Apartament de 2 camere decomandate, situat &icirc;n zona Bucium, la 2 minute de transportul public. Necesit\u0103 renovare, este la etajul 4 dintr-un bloc cu 10 etaje \u0219i dispune de lift. Orientarea sudic\u0103 asigur\u0103 lumin\u0103 natural\u0103 pe parcursul zilei. Suprafa\u021ba util\u0103 este de 42 mp, cu...\" alt=\"\"\/>\n<\/div><!-- .ngfb-schema-image-for-pinterest -->\n\n<figure class=\"wp-block-image size-large\"><img decoding=\"async\" src=\"https:\/\/cdn.propertybook.ro\/napoca_imobiliare\/152162.webp\" alt=\"\" \/><\/figure>\n<ul>\n<li><a href=\"\/cluj-napoca\/\">Imobiliare Cluj-Napoca<\/a><\/li>\n<li><a href=\"\/cluj-napoca\/apartamente-vanzare\/\">Apartamente de vanzare Cluj-Napoca<\/a><\/li>\n<li><a href=\"\/cluj-napoca\/apartamente-vanzare\/2-camere\/\">Apartamente cu 2 camere de vanzare Cluj-Napoca<\/a><\/li>\n<li><a href=\"\/cluj-napoca\/apartamente-vanzare\/manastur\/2-camere\/\">Apartamente cu 2 camere de vanzare M\u0103n\u0103\u0219tur, Cluj-Napoca<\/a><\/li>\n<\/ul>\n<p><a href=\"\/cluj-napoca\/imobiliare-25-152162-vanzare-apartament-2-camere-in-manastur\/\" class=\"pb-listing-action\">Detaliile proprietatii<\/a><\/p>\n<p><h2 class=\"wp-block-heading\">Descoper\u0103 Apartamentul Ideal \u00een Zona Bucium, Cluj-Napoca<\/h2>\n<p>Cauti un apartament confortabil \u00een Cluj-Napoca, \u00eentr-o zon\u0103 lini\u0219tit\u0103 \u0219i bine conectat\u0103? Te invit\u0103m s\u0103 descoperi un apartament cu 2 camere decomandate \u00een zona Bucium, perfect pentru cei care apreciaz\u0103 at\u00e2t intimitatea, c\u00e2t \u0219i accesibilitatea urban\u0103.<\/p>\n<p>#<\/p>\n<h2 class=\"wp-block-heading\">Loca\u021bia: Un Avantaj Incontestabil<\/h2>\n<p>Situat la doar 2 minute distan\u021b\u0103 de sta\u021bia de mijloace de transport \u00een comun, acest apartament ofer\u0103 o leg\u0103tur\u0103 rapid\u0103 cu toate punctele de interes ale ora\u0219ului. Indiferent dac\u0103 lucrezi \u00een centrul ora\u0219ului sau vrei s\u0103 te bucuri de facilit\u0103\u021bile Clujului, accesibilitatea este un punct forte al acestei propriet\u0103\u021bi.<\/p>\n<p>#<\/p>\n<h2 class=\"wp-block-heading\">Oportunitate de Renovare<\/h2>\n<p>Apartamentul necesit\u0103 renovare, oferindu-\u021bi astfel ocazia de a-l personaliza exact a\u0219a cum \u00ee\u021bi dore\u0219ti. Cu o suprafa\u021b\u0103 util\u0103 de 42 mp \u0219i un balcon de 3 mp, acest spa\u021biu poate deveni c\u0103minul visat prin mici modific\u0103ri care s\u0103 reflecte stilul t\u0103u personal. <\/p>\n<p>#<\/p>\n<h2 class=\"wp-block-heading\">Structura Apartamentului<\/h2>\n<p>Apartamentul este situat la etajul 4 al unui bloc cu 10 etaje, dotat cu lift. Orientarea sudic\u0103 a acestuia asigur\u0103 o luminozitate natural\u0103 pe tot parcursul zilei, cre\u00e2nd o atmosfer\u0103 cald\u0103 \u0219i primitoare. Compartimentarea este inteligent\u0103 \u0219i func\u021bional\u0103:<\/p>\n<p>&#8211; 1 hol<\/p>\n<p>&#8211; 1 buc\u0103t\u0103rie<\/p>\n<p>&#8211; 1 baie<\/p>\n<p>&#8211; 1 spa\u021biu de depozitare<\/p>\n<p>&#8211; 1 living\/camer\u0103<\/p>\n<p>&#8211; 1 camer\u0103<\/p>\n<p>Fiecare dintre aceste spa\u021bii poate fi adaptat nevoilor tale, oferindu-\u021bi libertatea de a te exprima.<\/p>\n<p>#<\/p>\n<h2 class=\"wp-block-heading\">Spa\u021biu Disponibil Imediat<\/h2>\n<p>Un alt avantaj important este disponibilitatea imediat\u0103 a apartamentului. Acesta poate fi predat conform fotografiilor, gata s\u0103 devin\u0103 c\u0103minul t\u0103u, sau, dac\u0103 preferi un spa\u021biu gol, poate fi debarasat complet de mobilier.<\/p>\n<p>#<\/p>\n<h2 class=\"wp-block-heading\">De Ce S\u0103 Alegi Aceast\u0103 Proprietate?<\/h2>\n<p>Acest apartament din zona Bucium reprezint\u0103 o oportunitate fantastic\u0103 pentru oricine caut\u0103 un proiect de renovare \u00een Cluj-Napoca. Cu o loca\u021bie excelent\u0103, spa\u021bii generoase \u0219i o orientare favorabil\u0103, acest apartament \u00ee\u021bi ofer\u0103 toate ingredientele necesare pentru a-\u021bi crea un c\u0103min confortabil.<\/p>\n<p>Dac\u0103 e\u0219ti interesat s\u0103 afli mai multe detalii sau s\u0103 programezi o vizionare, nu ezita s\u0103 te informezi! Aceast\u0103 proprietate s-ar putea transforma \u00een alegerea perfect\u0103 pentru tine!<\/p>\n<p><a href=\"\/cluj-napoca\/imobiliare-25-152162-vanzare-apartament-2-camere-in-manastur\/\" class=\"pb-listing-action\">Stabileste o vizionare<\/a><\/p>\n<ul>\n<li><a href=\"\/cluj-napoca\/\">Imobiliare Cluj-Napoca<\/a><\/li>\n<li><a href=\"\/cluj-napoca\/apartamente-vanzare\/\">Apartamente de vanzare Cluj-Napoca<\/a><\/li>\n<li><a href=\"\/cluj-napoca\/apartamente-vanzare\/2-camere\/\">Apartamente cu 2 camere de vanzare Cluj-Napoca<\/a><\/li>\n<li><a href=\"\/cluj-napoca\/apartamente-vanzare\/manastur\/2-camere\/\">Apartamente cu 2 camere de vanzare M\u0103n\u0103\u0219tur, Cluj-Napoca<\/a><\/li>\n<\/ul>\n\n<!-- ngfb content-buttons begin -->\n<!-- generated on 2026-04-29T16:19:16+00:00 -->\n<div class=\"ngfb-content-buttons\">\n<div class=\"ngfb-buttons en_US\">\n<!-- Email Button --><div class=\"css-button email-button\">\n  <a href=\"mailto:?subject=Share:%20Apartament%202%20camere%20decomandate%20%C3%AEn%20zona%20Bucium%20%26%238211%3B%20oportunitate%20de%20renovare%21&body=Cluj-Napoca%2C%20M%C4%83n%C4%83%C8%99tur%20-%20Apartament%20de%202%20camere%20decomandate%2C%20situat%20%C3%AEn%20zona%20Bucium%2C%20la%202%20minute%20de%20transportul%20public.%20Necesit%C4%83%20renovare%2C%20este%20la%20etajul%204%20dintr-un%20bloc%20cu%2010%20etaje%20%C8%99i%20dispune%20de%20lift.%20Orientarea%20sudic%C4%83%20asigur%C4%83%20lumin%C4%83%20natural%C4%83%20pe%20parcursul%20zilei.%20Suprafa%C8%9Ba%20util%C4%83%20este%20de%2042%20mp%2C%20cu%20un%20balcon%20de%203%20mp.%20Apartamentul%20poate%20fi%20predat%20mobilat%20sau%20gol.%20Disponibil%20imediat%20pentru%20mutare.%0D%0A%0D%0AShared%20from%20https:\/\/propertybook.ro\/blog\/apartament-2-camere-decomandate-in-zona-bucium-oportunitate-de-renovare\/%0D%0A\">\n    <span class=\"ngfb-icon\">\n      <svg xmlns=\"http:\/\/www.w3.org\/2000\/svg\" width=\"9\" height=\"9\" viewBox=\"0 0 28 28\">\n        <path d=\"M20.11 26.147c-2.335 1.05-4.36 1.4-7.124 1.4C6.524 27.548.84 22.916.84 15.284.84 7.343 6.602.45 15.4.45c6.854 0 11.8 4.7 11.8 11.252 0 5.684-3.193 9.265-7.398 9.3-1.83 0-3.153-.934-3.347-2.997h-.077c-1.208 1.986-2.96 2.997-5.023 2.997-2.532 0-4.36-1.868-4.36-5.062 0-4.75 3.503-9.07 9.11-9.07 1.713 0 3.7.4 4.6.972l-1.17 7.203c-.387 2.298-.115 3.3 1 3.4 1.674 0 3.774-2.102 3.774-6.58 0-5.06-3.27-8.994-9.304-8.994C9.05 2.87 3.83 7.545 3.83 14.97c0 6.5 4.2 10.2 10 10.202 1.987 0 4.09-.43 5.647-1.245l.634 2.22zM16.647 10.1c-.31-.078-.7-.155-1.207-.155-2.572 0-4.596 2.53-4.596 5.53 0 1.5.7 2.4 1.9 2.4 1.44 0 2.96-1.83 3.31-4.088l.592-3.72z\" \/>\n      <\/svg>\n    <\/span>\n    <span class=\"ngfb-text\"><\/span>\n  <\/a>\n<\/div><\/div><!-- .ngfb-buttons.en_US -->\n<\/div><!-- .ngfb-content-buttons -->\n<!-- ngfb content-buttons end -->\n\n","protected":false},"excerpt":{"rendered":"<p>Cluj-Napoca, M\u0103n\u0103\u0219tur &#8211; Apartament de 2 camere decomandate, situat \u00een zona Bucium, la 2 minute de transportul public. Necesit\u0103 renovare, este la etajul 4 dintr-un bloc cu 10 etaje \u0219i dispune de lift. Orientarea sudic\u0103 asigur\u0103 lumin\u0103 natural\u0103 pe parcursul zilei. Suprafa\u021ba util\u0103 este de 42 mp, cu un balcon de 3 mp. Apartamentul poate fi predat mobilat sau gol. Disponibil imediat pentru mutare.<\/p>\n","protected":false},"author":8,"featured_media":4910,"comment_status":"open","ping_status":"open","sticky":false,"template":"","format":"standard","meta":{"footnotes":""},"categories":[50,48,47],"tags":[62,74,91,68,141,123,376],"class_list":["post-4911","post","type-post","status-publish","format-standard","has-post-thumbnail","hentry","category-apartamente-de-vanzare-in-cluj-napoca","category-oferte-imobiliare-in-cluj-napoca","category-oferte","tag-2-camere","tag-balcon","tag-cluj-napoca","tag-decomandat","tag-etaj-4-10","tag-manastur","tag-o-baie"],"_links":{"self":[{"href":"https:\/\/propertybook.ro\/blog\/wp-json\/wp\/v2\/posts\/4911","targetHints":{"allow":["GET"]}}],"collection":[{"href":"https:\/\/propertybook.ro\/blog\/wp-json\/wp\/v2\/posts"}],"about":[{"href":"https:\/\/propertybook.ro\/blog\/wp-json\/wp\/v2\/types\/post"}],"author":[{"embeddable":true,"href":"https:\/\/propertybook.ro\/blog\/wp-json\/wp\/v2\/users\/8"}],"replies":[{"embeddable":true,"href":"https:\/\/propertybook.ro\/blog\/wp-json\/wp\/v2\/comments?post=4911"}],"version-history":[{"count":0,"href":"https:\/\/propertybook.ro\/blog\/wp-json\/wp\/v2\/posts\/4911\/revisions"}],"wp:featuredmedia":[{"embeddable":true,"href":"https:\/\/propertybook.ro\/blog\/wp-json\/wp\/v2\/media\/4910"}],"wp:attachment":[{"href":"https:\/\/propertybook.ro\/blog\/wp-json\/wp\/v2\/media?parent=4911"}],"wp:term":[{"taxonomy":"category","embeddable":true,"href":"https:\/\/propertybook.ro\/blog\/wp-json\/wp\/v2\/categories?post=4911"},{"taxonomy":"post_tag","embeddable":true,"href":"https:\/\/propertybook.ro\/blog\/wp-json\/wp\/v2\/tags?post=4911"}],"curies":[{"name":"wp","href":"https:\/\/api.w.org\/{rel}","templated":true}]}}