{"id":5103,"date":"2025-05-05T15:44:13","date_gmt":"2025-05-05T12:44:13","guid":{"rendered":"https:\/\/propertybook.ro\/blog\/apartament-elegant-cu-3-camere-in-inima-bucurestiului-calea-victoriei\/"},"modified":"2025-05-05T15:44:13","modified_gmt":"2025-05-05T12:44:13","slug":"apartament-elegant-cu-3-camere-in-inima-bucurestiului-calea-victoriei","status":"publish","type":"post","link":"https:\/\/propertybook.ro\/blog\/apartament-elegant-cu-3-camere-in-inima-bucurestiului-calea-victoriei\/","title":{"rendered":"Apartament Elegant cu 3 Camere \u00een Inima Bucure\u0219tiului \u2013 Calea Victoriei!"},"content":{"rendered":"\n<!-- ngfb content-buttons begin -->\n<!-- generated on 2026-05-01T00:13:56+00:00 -->\n<div class=\"ngfb-content-buttons\">\n<div class=\"ngfb-buttons en_US\">\n<!-- Email Button --><div class=\"css-button email-button\">\n  <a href=\"mailto:?subject=Share:%20Apartament%20Elegant%20cu%203%20Camere%20%C3%AEn%20Inima%20Bucure%C8%99tiului%20%E2%80%93%20Calea%20Victoriei%21&body=Bucure%C8%99ti%20-%20Apartament%20deosebit%20cu%203%20camere%2C%20situat%20pe%20Calea%20Victoriei%2C%20%C3%AEntr-o%20zon%C4%83%20elegant%C4%83%20a%20Bucure%C8%99tiului.%20Construit%20%C3%AEn%201958%2C%20p%C4%83streaz%C4%83%20arhitectura%20clasic%C4%83.%20Beneficiaz%C4%83%20de%20lumin%C4%83%20natural%C4%83%20pe%20tot%20parcursul%20zilei%2C%20av%C3%A2nd%20orientare%20sud-est%20%C8%99i%20nord-vest.%20Ideal%20pentru%20familii%20sau%20ca%20birou%2C%20cu%20acces%20rapid%20la%20restaurante%2C%20teatre%20%C8%99i%20metrou.%20O%20oportunitate%20excelent%C4%83%20pentru%20locuin%C8%9B%C4%83%20sau%20investi%C8%9Bie%20%C3%AEn%20centrul%20capitalei.%20Vizionare%20recomandat%C4%83.%0D%0A%0D%0AShared%20from%20https:\/\/propertybook.ro\/blog\/apartament-elegant-cu-3-camere-in-inima-bucurestiului-calea-victoriei\/%0D%0A\">\n    <span class=\"ngfb-icon\">\n      <svg xmlns=\"http:\/\/www.w3.org\/2000\/svg\" width=\"9\" height=\"9\" viewBox=\"0 0 28 28\">\n        <path d=\"M20.11 26.147c-2.335 1.05-4.36 1.4-7.124 1.4C6.524 27.548.84 22.916.84 15.284.84 7.343 6.602.45 15.4.45c6.854 0 11.8 4.7 11.8 11.252 0 5.684-3.193 9.265-7.398 9.3-1.83 0-3.153-.934-3.347-2.997h-.077c-1.208 1.986-2.96 2.997-5.023 2.997-2.532 0-4.36-1.868-4.36-5.062 0-4.75 3.503-9.07 9.11-9.07 1.713 0 3.7.4 4.6.972l-1.17 7.203c-.387 2.298-.115 3.3 1 3.4 1.674 0 3.774-2.102 3.774-6.58 0-5.06-3.27-8.994-9.304-8.994C9.05 2.87 3.83 7.545 3.83 14.97c0 6.5 4.2 10.2 10 10.202 1.987 0 4.09-.43 5.647-1.245l.634 2.22zM16.647 10.1c-.31-.078-.7-.155-1.207-.155-2.572 0-4.596 2.53-4.596 5.53 0 1.5.7 2.4 1.9 2.4 1.44 0 2.96-1.83 3.31-4.088l.592-3.72z\" \/>\n      <\/svg>\n    <\/span>\n    <span class=\"ngfb-text\"><\/span>\n  <\/a>\n<\/div><\/div><!-- .ngfb-buttons.en_US -->\n<\/div><!-- .ngfb-content-buttons -->\n<!-- ngfb content-buttons end -->\n\n\n<!-- ngfb schema image for pinterest pin it button -->\n<div class=\"ngfb-schema-image-for-pinterest\" style=\"display:none;\">\n<img loading=\"lazy\" decoding=\"async\" src=\"https:\/\/propertybook.ro\/blog\/wp-content\/uploads\/2025\/05\/11023434.webp\" width=\"0\" height=\"0\" style=\"width:0;height:0;\" data-pin-description=\"Bucure\u0219ti - Apartament deosebit cu 3 camere, situat pe Calea Victoriei, &icirc;ntr-o zon\u0103 elegant\u0103 a Bucure\u0219tiului. Construit &icirc;n 1958, p\u0103streaz\u0103 arhitectura clasic\u0103. Beneficiaz\u0103 de lumin\u0103 natural\u0103 pe tot parcursul zilei, av&acirc;nd orientare sud-est \u0219i nord-vest. Ideal pentru familii sau ca birou, cu acces...\" alt=\"\"\/>\n<\/div><!-- .ngfb-schema-image-for-pinterest -->\n\n<figure class=\"wp-block-image size-large\"><img decoding=\"async\" src=\"https:\/\/cdn.propertybook.ro\/svn_residentialist\/11023434.webp\" alt=\"\" \/><\/figure>\n<ul>\n<li><a href=\"\/bucuresti\/\">Imobiliare Bucure\u0219ti<\/a><\/li>\n<li><a href=\"\/bucuresti\/apartamente-vanzare\/3-camere\/\">Apartamente cu 3 camere de vanzare Bucure\u0219ti<\/a><\/li>\n<\/ul>\n<p><a href=\"\/bucuresti\/imobiliare-163-11023434-de-vanzare-apartament-3-camere-in-sector-1-zona-calea-victoriei\/\" class=\"pb-listing-action\">Detaliile proprietatii<\/a><\/p>\n<p><h2 class=\"wp-block-heading\">Descoper\u0103 un Apartament Deosebit \u00een Inima Bucure\u0219tiului<\/h2>\n<p>Dac\u0103 e\u0219ti \u00een c\u0103utarea unui apartament cu caracter \u0219i personalitate \u00een capitala Rom\u00e2niei, aceast\u0103 proprietate situat\u0103 \u00een zona Calea Victoriei &#8211; Pia\u021ba Amzei poate fi exact ce \u00ee\u021bi dore\u0219ti. Aceast\u0103 zon\u0103, cunoscut\u0103 pentru atmosfera sa vibrant\u0103 \u0219i pentru accesibilitatea la cele mai importante atrac\u021bii ale ora\u0219ului, ofer\u0103 un cadru perfect pentru o locuin\u021b\u0103.<\/p>\n<p>Apartamentul se remarc\u0103 prin cele 3 camere decomandate, care sunt spa\u021bioase \u0219i eficient distribuite, at\u00e2t de necesare unei familii sau chiar pentru o amenajare \u00een stil boutique. \u00cenc\u0103perea sa respir\u0103 elegan\u021b\u0103 \u0219i stil, reflect\u00e2nd arhitectura clasic\u0103 a cl\u0103dirii construite \u00een 1958. Multe dintre detaliile originale ale imobilului sunt p\u0103strate, ad\u0103ug\u00e2nd un farmec aparte.<\/p>\n<p>Un alt aspect important este orientarea dual\u0103 \u2013 sud-est \u0219i nord-vest \u2013 care asigur\u0103 lumin\u0103 natural\u0103 pe tot parcursul zilei. Acest lucru nu doar c\u0103 \u00eembun\u0103t\u0103\u021be\u0219te starea de spirit, dar \u0219i reduce costurile cu energia, deoarece apartamentul beneficiaz\u0103 de o ventilare excelent\u0103.<\/p>\n<p>Loca\u021bia este, f\u0103r\u0103 \u00eendoial\u0103, una dintre cele mai atr\u0103g\u0103toare caracteristici ale acestui apartament. Situat \u00een centrul capitalei, ai acces u\u0219or la o multitudine de restaurante, magazine, teatre \u0219i la sta\u021bia de metrou. Po\u021bi s\u0103 te bucuri de via\u021ba de noapte vibrant\u0103 a ora\u0219ului, s\u0103 explorezi cultura bogat\u0103 sau pur \u0219i simplu s\u0103 savurezi o cafea pe Calea Victoriei.<\/p>\n<p>A\u0219adar, dac\u0103 e\u0219ti \u00een c\u0103utarea unui apartament care s\u0103 \u00eembine pozi\u021bia privilegiat\u0103, structura clasic\u0103 \u0219i versatilitatea spa\u021biului, acest apartament din Calea Victoriei ar putea fi alegerea perfect\u0103 pentru tine. Indiferent dac\u0103 \u00ee\u021bi dore\u0219ti s\u0103 devi proprietar sau s\u0103 investe\u0219ti \u00eentr-o proprietate cu poten\u021bial crescut, te invit\u0103m s\u0103 descoperi acest loc special. O vizionare \u00ee\u021bi va ar\u0103ta toate avantajele acestui apartament \u0219i oportunit\u0103\u021bile pe care le ofer\u0103. <\/p>\n<p>Vino s\u0103 experimentezi confortul \u0219i elegan\u021ba \u00eentr-unul dintre cele mai frumoase col\u021buri ale Bucure\u0219tiului!<\/p>\n<p><a href=\"\/bucuresti\/imobiliare-163-11023434-de-vanzare-apartament-3-camere-in-sector-1-zona-calea-victoriei\/\" class=\"pb-listing-action\">Stabileste o vizionare<\/a><\/p>\n<ul>\n<li><a href=\"\/bucuresti\/\">Imobiliare Bucure\u0219ti<\/a><\/li>\n<li><a href=\"\/bucuresti\/apartamente-vanzare\/3-camere\/\">Apartamente cu 3 camere de vanzare Bucure\u0219ti<\/a><\/li>\n<\/ul>\n\n<!-- ngfb content-buttons begin -->\n<!-- generated on 2026-05-01T00:13:56+00:00 -->\n<div class=\"ngfb-content-buttons\">\n<div class=\"ngfb-buttons en_US\">\n<!-- Email Button --><div class=\"css-button email-button\">\n  <a href=\"mailto:?subject=Share:%20Apartament%20Elegant%20cu%203%20Camere%20%C3%AEn%20Inima%20Bucure%C8%99tiului%20%E2%80%93%20Calea%20Victoriei%21&body=Bucure%C8%99ti%20-%20Apartament%20deosebit%20cu%203%20camere%2C%20situat%20pe%20Calea%20Victoriei%2C%20%C3%AEntr-o%20zon%C4%83%20elegant%C4%83%20a%20Bucure%C8%99tiului.%20Construit%20%C3%AEn%201958%2C%20p%C4%83streaz%C4%83%20arhitectura%20clasic%C4%83.%20Beneficiaz%C4%83%20de%20lumin%C4%83%20natural%C4%83%20pe%20tot%20parcursul%20zilei%2C%20av%C3%A2nd%20orientare%20sud-est%20%C8%99i%20nord-vest.%20Ideal%20pentru%20familii%20sau%20ca%20birou%2C%20cu%20acces%20rapid%20la%20restaurante%2C%20teatre%20%C8%99i%20metrou.%20O%20oportunitate%20excelent%C4%83%20pentru%20locuin%C8%9B%C4%83%20sau%20investi%C8%9Bie%20%C3%AEn%20centrul%20capitalei.%20Vizionare%20recomandat%C4%83.%0D%0A%0D%0AShared%20from%20https:\/\/propertybook.ro\/blog\/apartament-elegant-cu-3-camere-in-inima-bucurestiului-calea-victoriei\/%0D%0A\">\n    <span class=\"ngfb-icon\">\n      <svg xmlns=\"http:\/\/www.w3.org\/2000\/svg\" width=\"9\" height=\"9\" viewBox=\"0 0 28 28\">\n        <path d=\"M20.11 26.147c-2.335 1.05-4.36 1.4-7.124 1.4C6.524 27.548.84 22.916.84 15.284.84 7.343 6.602.45 15.4.45c6.854 0 11.8 4.7 11.8 11.252 0 5.684-3.193 9.265-7.398 9.3-1.83 0-3.153-.934-3.347-2.997h-.077c-1.208 1.986-2.96 2.997-5.023 2.997-2.532 0-4.36-1.868-4.36-5.062 0-4.75 3.503-9.07 9.11-9.07 1.713 0 3.7.4 4.6.972l-1.17 7.203c-.387 2.298-.115 3.3 1 3.4 1.674 0 3.774-2.102 3.774-6.58 0-5.06-3.27-8.994-9.304-8.994C9.05 2.87 3.83 7.545 3.83 14.97c0 6.5 4.2 10.2 10 10.202 1.987 0 4.09-.43 5.647-1.245l.634 2.22zM16.647 10.1c-.31-.078-.7-.155-1.207-.155-2.572 0-4.596 2.53-4.596 5.53 0 1.5.7 2.4 1.9 2.4 1.44 0 2.96-1.83 3.31-4.088l.592-3.72z\" \/>\n      <\/svg>\n    <\/span>\n    <span class=\"ngfb-text\"><\/span>\n  <\/a>\n<\/div><\/div><!-- .ngfb-buttons.en_US -->\n<\/div><!-- .ngfb-content-buttons -->\n<!-- ngfb content-buttons end -->\n\n","protected":false},"excerpt":{"rendered":"<p>Bucure\u0219ti &#8211; Apartament deosebit cu 3 camere, situat pe Calea Victoriei, \u00eentr-o zon\u0103 elegant\u0103 a Bucure\u0219tiului. Construit \u00een 1958, p\u0103streaz\u0103 arhitectura clasic\u0103. Beneficiaz\u0103 de lumin\u0103 natural\u0103 pe tot parcursul zilei, av\u00e2nd orientare sud-est \u0219i nord-vest. Ideal pentru familii sau ca birou, cu acces rapid la restaurante, teatre \u0219i metrou. O oportunitate excelent\u0103 pentru locuin\u021b\u0103 sau investi\u021bie \u00een centrul capitalei. Vizionare recomandat\u0103.<\/p>\n","protected":false},"author":8,"featured_media":5102,"comment_status":"open","ping_status":"open","sticky":false,"template":"","format":"standard","meta":{"footnotes":""},"categories":[52,49,47],"tags":[59,55,275,89,68,128,376,70,85],"class_list":["post-5103","post","type-post","status-publish","format-standard","has-post-thumbnail","hentry","category-apartamente-de-vanzare-bucuresti","category-oferte-imobiliare-bucuresti","category-oferte","tag-2-balcoane","tag-3-camere","tag-an-const-1956","tag-bucuresti","tag-decomandat","tag-etaj-6-7","tag-o-baie","tag-parchet","tag-termopane"],"_links":{"self":[{"href":"https:\/\/propertybook.ro\/blog\/wp-json\/wp\/v2\/posts\/5103","targetHints":{"allow":["GET"]}}],"collection":[{"href":"https:\/\/propertybook.ro\/blog\/wp-json\/wp\/v2\/posts"}],"about":[{"href":"https:\/\/propertybook.ro\/blog\/wp-json\/wp\/v2\/types\/post"}],"author":[{"embeddable":true,"href":"https:\/\/propertybook.ro\/blog\/wp-json\/wp\/v2\/users\/8"}],"replies":[{"embeddable":true,"href":"https:\/\/propertybook.ro\/blog\/wp-json\/wp\/v2\/comments?post=5103"}],"version-history":[{"count":0,"href":"https:\/\/propertybook.ro\/blog\/wp-json\/wp\/v2\/posts\/5103\/revisions"}],"wp:featuredmedia":[{"embeddable":true,"href":"https:\/\/propertybook.ro\/blog\/wp-json\/wp\/v2\/media\/5102"}],"wp:attachment":[{"href":"https:\/\/propertybook.ro\/blog\/wp-json\/wp\/v2\/media?parent=5103"}],"wp:term":[{"taxonomy":"category","embeddable":true,"href":"https:\/\/propertybook.ro\/blog\/wp-json\/wp\/v2\/categories?post=5103"},{"taxonomy":"post_tag","embeddable":true,"href":"https:\/\/propertybook.ro\/blog\/wp-json\/wp\/v2\/tags?post=5103"}],"curies":[{"name":"wp","href":"https:\/\/api.w.org\/{rel}","templated":true}]}}