{"id":5175,"date":"2025-05-09T13:44:08","date_gmt":"2025-05-09T10:44:08","guid":{"rendered":"https:\/\/propertybook.ro\/blog\/apartament-cu-2-camere-in-manastur-ideal-pentru-confortul-tau\/"},"modified":"2025-05-09T13:44:08","modified_gmt":"2025-05-09T10:44:08","slug":"apartament-cu-2-camere-in-manastur-ideal-pentru-confortul-tau","status":"publish","type":"post","link":"https:\/\/propertybook.ro\/blog\/apartament-cu-2-camere-in-manastur-ideal-pentru-confortul-tau\/","title":{"rendered":"Apartament cu 2 camere \u00een Manastur, ideal pentru confortul t\u0103u!"},"content":{"rendered":"\n<!-- ngfb content-buttons begin -->\n<!-- generated on 2026-04-29T07:46:23+00:00 -->\n<div class=\"ngfb-content-buttons\">\n<div class=\"ngfb-buttons en_US\">\n<!-- Email Button --><div class=\"css-button email-button\">\n  <a href=\"mailto:?subject=Share:%20Apartament%20cu%202%20camere%20%C3%AEn%20Manastur%2C%20ideal%20pentru%20confortul%20t%C4%83u%21&body=Cluj-Napoca%2C%20M%C4%83n%C4%83%C8%99tur%20-%20Apartament%20cu%20dou%C4%83%20camere%20situat%20%C3%AEn%20cartierul%20M%C4%83n%C4%83%C8%99tur%2C%20la%20etajul%202%20%C3%AEntr-un%20bloc%20reabilitat%20termic.%20Suprafa%C8%9Ba%20util%C4%83%20este%20de%2051.65%20mp%2C%20compartimentat%20%C3%AEn%20living%20cu%20buc%C4%83t%C4%83rie%2C%20dormitor%2C%20baie%2C%20hol%20%C8%99i%202%20balcoane.%20Finisajele%20includ%20parchet%20laminat%2C%20geamuri%20termoizolante%20%C8%99i%20u%C8%99i%20din%20lemn.%20Are%20central%C4%83%20termic%C4%83%20proprie%20%C8%99i%20se%20vinde%20mobilat%20%C8%99i%20utilat.%20Include%20o%20box%C4%83%20%C8%99i%20un%20loc%20de%20parcare%20%C3%AEn%20curtea%20blocului.%0D%0A%0D%0AShared%20from%20https:\/\/propertybook.ro\/blog\/apartament-cu-2-camere-in-manastur-ideal-pentru-confortul-tau\/%0D%0A\">\n    <span class=\"ngfb-icon\">\n      <svg xmlns=\"http:\/\/www.w3.org\/2000\/svg\" width=\"9\" height=\"9\" viewBox=\"0 0 28 28\">\n        <path d=\"M20.11 26.147c-2.335 1.05-4.36 1.4-7.124 1.4C6.524 27.548.84 22.916.84 15.284.84 7.343 6.602.45 15.4.45c6.854 0 11.8 4.7 11.8 11.252 0 5.684-3.193 9.265-7.398 9.3-1.83 0-3.153-.934-3.347-2.997h-.077c-1.208 1.986-2.96 2.997-5.023 2.997-2.532 0-4.36-1.868-4.36-5.062 0-4.75 3.503-9.07 9.11-9.07 1.713 0 3.7.4 4.6.972l-1.17 7.203c-.387 2.298-.115 3.3 1 3.4 1.674 0 3.774-2.102 3.774-6.58 0-5.06-3.27-8.994-9.304-8.994C9.05 2.87 3.83 7.545 3.83 14.97c0 6.5 4.2 10.2 10 10.202 1.987 0 4.09-.43 5.647-1.245l.634 2.22zM16.647 10.1c-.31-.078-.7-.155-1.207-.155-2.572 0-4.596 2.53-4.596 5.53 0 1.5.7 2.4 1.9 2.4 1.44 0 2.96-1.83 3.31-4.088l.592-3.72z\" \/>\n      <\/svg>\n    <\/span>\n    <span class=\"ngfb-text\"><\/span>\n  <\/a>\n<\/div><\/div><!-- .ngfb-buttons.en_US -->\n<\/div><!-- .ngfb-content-buttons -->\n<!-- ngfb content-buttons end -->\n\n\n<!-- ngfb schema image for pinterest pin it button -->\n<div class=\"ngfb-schema-image-for-pinterest\" style=\"display:none;\">\n<img loading=\"lazy\" decoding=\"async\" src=\"https:\/\/propertybook.ro\/blog\/wp-content\/uploads\/2025\/05\/152703.webp\" width=\"0\" height=\"0\" style=\"width:0;height:0;\" data-pin-description=\"Cluj-Napoca, M\u0103n\u0103\u0219tur - Apartament cu dou\u0103 camere situat &icirc;n cartierul M\u0103n\u0103\u0219tur, la etajul 2 &icirc;ntr-un bloc reabilitat termic. Suprafa\u021ba util\u0103 este de 51.65 mp, compartimentat &icirc;n living cu buc\u0103t\u0103rie, dormitor, baie, hol \u0219i 2 balcoane. Finisajele includ parchet laminat, geamuri termoizolante \u0219i u\u0219i...\" alt=\"\"\/>\n<\/div><!-- .ngfb-schema-image-for-pinterest -->\n\n<figure class=\"wp-block-image size-large\"><img decoding=\"async\" src=\"https:\/\/cdn.propertybook.ro\/napoca_imobiliare\/152703.webp\" alt=\"\" \/><\/figure>\n<ul>\n<li><a href=\"\/cluj-napoca\/\">Imobiliare Cluj-Napoca<\/a><\/li>\n<li><a href=\"\/cluj-napoca\/apartamente-vanzare\/\">Apartamente de vanzare Cluj-Napoca<\/a><\/li>\n<li><a href=\"\/cluj-napoca\/apartamente-vanzare\/2-camere\/\">Apartamente cu 2 camere de vanzare Cluj-Napoca<\/a><\/li>\n<li><a href=\"\/cluj-napoca\/apartamente-vanzare\/manastur\/2-camere\/\">Apartamente cu 2 camere de vanzare M\u0103n\u0103\u0219tur, Cluj-Napoca<\/a><\/li>\n<\/ul>\n<p><a href=\"\/cluj-napoca\/imobiliare-25-152703-de-vanzare-apartament-2-camere-in-manastur\/\" class=\"pb-listing-action\">Detaliile proprietatii<\/a><\/p>\n<p><h2 class=\"wp-block-heading\">Descoper\u0103 Apartamentul Ideal \u00een Cartierul M\u0103n\u0103\u015ftur!<\/h2>\n<p>Dac\u0103 e\u0219ti \u00een c\u0103utarea unei noi locuin\u021be confortabile \u0219i moderne, avem o propunere care cu siguran\u021b\u0103 \u00ee\u021bi va atrage aten\u021bia: un apartament cu dou\u0103 camere, situat \u00eentr-o zon\u0103 lini\u0219tit\u0103 \u0219i accesibil\u0103 din cartierul M\u0103n\u0103\u015ftur, \u00een apropierea zonei La Terenuri.<\/p>\n<p>#<\/p>\n<h2 class=\"wp-block-heading\">Detalii Generale<\/h2>\n<p>Acest apartament cu o suprafa\u021b\u0103 util\u0103 de 51.65 mp se afl\u0103 la etajul 2 al unui bloc reabilitat termic, ce dispune de 4 etaje. Compartimentarea sa eficient\u0103 include:<\/p>\n<p>&#8211; **Living cu buc\u0103t\u0103rie**: Un spa\u021biu deschis care promoveaz\u0103 interac\u021biunea \u0219i confortul, perfect pentru momentele de relaxare sau pentru petrecerea timpului cu prietenii \u0219i familia.<\/p>\n<p>&#8211; **Dormitor**: Un loc intim, ideal pentru odihn\u0103 \u0219i relaxare.<\/p>\n<p>&#8211; **Baie**: Dotat\u0103 cu accesorii esen\u021biale pentru un confort maxim.<\/p>\n<p>&#8211; **Hol**: Care ofer\u0103 acces la toate celelalte \u00eenc\u0103peri.<\/p>\n<p>&#8211; **Dou\u0103 balcoane deschise**: Cu suprafe\u021be de 5.3 mp \u0219i respectiv 3.7 mp, perfecte pentru a savura cafeaua de diminea\u021b\u0103 sau pentru a te bucura de aerul proasp\u0103t.<\/p>\n<p>#<\/p>\n<h2 class=\"wp-block-heading\">Finisaje \u0219i Confort<\/h2>\n<p>Apartamentul beneficiaz\u0103 de finisaje de calitate, oferind un aspect modern \u0219i primitor. Printre acestea se num\u0103r\u0103:<\/p>\n<p>&#8211; **Pardoseala cu parchet laminat** care confer\u0103 un aspect elegant \u0219i cald.<\/p>\n<p>&#8211; **Per\u021bi cu vopsea lavabil\u0103** ce permit personalizarea decorului \u00een func\u021bie de preferin\u021be.<\/p>\n<p>&#8211; **Geamuri termoizolante din PVC** care asigur\u0103 eficien\u021b\u0103 energetic\u0103 \u0219i confort termic.<\/p>\n<p>&#8211; **Gresie \u0219i faian\u021b\u0103 clasice** \u00een buc\u0103t\u0103rie \u0219i baie, u\u0219or de \u00eentre\u021binut.<\/p>\n<p>&#8211; **U\u0219i interioare din lemn** \u0219i o **u\u0219\u0103 metalic\u0103** la intrare, ce asigur\u0103 un plus de siguran\u021b\u0103.<\/p>\n<p>Pentru un plus de confort termic, apartamentul dispune de o central\u0103 termic\u0103 proprie, ceea ce garanteaz\u0103 o temperatur\u0103 optim\u0103 pe tot parcursul anului.<\/p>\n<p>#<\/p>\n<h2 class=\"wp-block-heading\">Include Mobilier \u0219i Utilit\u0103\u021bi<\/h2>\n<p>Un alt aspect deosebit este faptul c\u0103 apartamentul se vinde complet mobilat \u0219i utilat, ceea ce reprezint\u0103 un avantaj semnificativ pentru cei care doresc s\u0103 se mute rapid f\u0103r\u0103 a necesita investi\u021bii suplimentare. <\/p>\n<p>#<\/p>\n<h2 class=\"wp-block-heading\">Spa\u021biu de Depozitare \u0219i Loc de Parcare<\/h2>\n<p>\u00cen pre\u021bul apartamentului sunt incluse o box\u0103 la subsol, ideal\u0103 pentru depozitarea diverselor lucruri, precum \u0219i un loc de parcare \u00een curtea blocului, un element esen\u021bial pentru confortul zilnic.<\/p>\n<p>#<\/p>\n<h2 class=\"wp-block-heading\">Concluzie<\/h2>\n<p>Acest apartament din cartierul M\u0103n\u0103\u015ftur reprezint\u0103 o alegere excelent\u0103 pentru cei care \u00ee\u0219i doresc un c\u0103min modern, confortabil \u0219i bine amplasat. Cu o compartimentare inteligent\u0103, finisaje de calitate \u0219i toate utilit\u0103\u021bile necesare, este locul perfect pentru a te bucura de via\u021ba de zi cu zi. Nu rata ocazia de a te muta \u00eentr-un spa\u021biu care \u00ee\u021bi va oferi at\u00e2t confort, c\u00e2t \u0219i un stil de via\u021b\u0103 pl\u0103cut!<\/p>\n<p>Dac\u0103 e\u0219ti interesat de mai multe informa\u021bii sau dore\u0219ti s\u0103 organizezi o vizionare, nu ezita s\u0103 te informezi! Aceasta ar putea fi locuin\u021ba pe care o cau\u021bi!<\/p>\n<p><a href=\"\/cluj-napoca\/imobiliare-25-152703-de-vanzare-apartament-2-camere-in-manastur\/\" class=\"pb-listing-action\">Stabileste o vizionare<\/a><\/p>\n<ul>\n<li><a href=\"\/cluj-napoca\/\">Imobiliare Cluj-Napoca<\/a><\/li>\n<li><a href=\"\/cluj-napoca\/apartamente-vanzare\/\">Apartamente de vanzare Cluj-Napoca<\/a><\/li>\n<li><a href=\"\/cluj-napoca\/apartamente-vanzare\/2-camere\/\">Apartamente cu 2 camere de vanzare Cluj-Napoca<\/a><\/li>\n<li><a href=\"\/cluj-napoca\/apartamente-vanzare\/manastur\/2-camere\/\">Apartamente cu 2 camere de vanzare M\u0103n\u0103\u0219tur, Cluj-Napoca<\/a><\/li>\n<\/ul>\n\n<!-- ngfb content-buttons begin -->\n<!-- generated on 2026-04-29T07:46:23+00:00 -->\n<div class=\"ngfb-content-buttons\">\n<div class=\"ngfb-buttons en_US\">\n<!-- Email Button --><div class=\"css-button email-button\">\n  <a href=\"mailto:?subject=Share:%20Apartament%20cu%202%20camere%20%C3%AEn%20Manastur%2C%20ideal%20pentru%20confortul%20t%C4%83u%21&body=Cluj-Napoca%2C%20M%C4%83n%C4%83%C8%99tur%20-%20Apartament%20cu%20dou%C4%83%20camere%20situat%20%C3%AEn%20cartierul%20M%C4%83n%C4%83%C8%99tur%2C%20la%20etajul%202%20%C3%AEntr-un%20bloc%20reabilitat%20termic.%20Suprafa%C8%9Ba%20util%C4%83%20este%20de%2051.65%20mp%2C%20compartimentat%20%C3%AEn%20living%20cu%20buc%C4%83t%C4%83rie%2C%20dormitor%2C%20baie%2C%20hol%20%C8%99i%202%20balcoane.%20Finisajele%20includ%20parchet%20laminat%2C%20geamuri%20termoizolante%20%C8%99i%20u%C8%99i%20din%20lemn.%20Are%20central%C4%83%20termic%C4%83%20proprie%20%C8%99i%20se%20vinde%20mobilat%20%C8%99i%20utilat.%20Include%20o%20box%C4%83%20%C8%99i%20un%20loc%20de%20parcare%20%C3%AEn%20curtea%20blocului.%0D%0A%0D%0AShared%20from%20https:\/\/propertybook.ro\/blog\/apartament-cu-2-camere-in-manastur-ideal-pentru-confortul-tau\/%0D%0A\">\n    <span class=\"ngfb-icon\">\n      <svg xmlns=\"http:\/\/www.w3.org\/2000\/svg\" width=\"9\" height=\"9\" viewBox=\"0 0 28 28\">\n        <path d=\"M20.11 26.147c-2.335 1.05-4.36 1.4-7.124 1.4C6.524 27.548.84 22.916.84 15.284.84 7.343 6.602.45 15.4.45c6.854 0 11.8 4.7 11.8 11.252 0 5.684-3.193 9.265-7.398 9.3-1.83 0-3.153-.934-3.347-2.997h-.077c-1.208 1.986-2.96 2.997-5.023 2.997-2.532 0-4.36-1.868-4.36-5.062 0-4.75 3.503-9.07 9.11-9.07 1.713 0 3.7.4 4.6.972l-1.17 7.203c-.387 2.298-.115 3.3 1 3.4 1.674 0 3.774-2.102 3.774-6.58 0-5.06-3.27-8.994-9.304-8.994C9.05 2.87 3.83 7.545 3.83 14.97c0 6.5 4.2 10.2 10 10.202 1.987 0 4.09-.43 5.647-1.245l.634 2.22zM16.647 10.1c-.31-.078-.7-.155-1.207-.155-2.572 0-4.596 2.53-4.596 5.53 0 1.5.7 2.4 1.9 2.4 1.44 0 2.96-1.83 3.31-4.088l.592-3.72z\" \/>\n      <\/svg>\n    <\/span>\n    <span class=\"ngfb-text\"><\/span>\n  <\/a>\n<\/div><\/div><!-- .ngfb-buttons.en_US -->\n<\/div><!-- .ngfb-content-buttons -->\n<!-- ngfb content-buttons end -->\n\n","protected":false},"excerpt":{"rendered":"<p>Cluj-Napoca, M\u0103n\u0103\u0219tur &#8211; Apartament cu dou\u0103 camere situat \u00een cartierul M\u0103n\u0103\u0219tur, la etajul 2 \u00eentr-un bloc reabilitat termic. Suprafa\u021ba util\u0103 este de 51.65 mp, compartimentat \u00een living cu buc\u0103t\u0103rie, dormitor, baie, hol \u0219i 2 balcoane. Finisajele includ parchet laminat, geamuri termoizolante \u0219i u\u0219i din lemn. Are central\u0103 termic\u0103 proprie \u0219i se vinde mobilat \u0219i utilat. Include o box\u0103 \u0219i un loc de parcare \u00een curtea blocului.<\/p>\n","protected":false},"author":8,"featured_media":5174,"comment_status":"open","ping_status":"open","sticky":false,"template":"","format":"standard","meta":{"footnotes":""},"categories":[50,48,47],"tags":[59,62,65,91,94,123,376,60,70,63],"class_list":["post-5175","post","type-post","status-publish","format-standard","has-post-thumbnail","hentry","category-apartamente-de-vanzare-in-cluj-napoca","category-oferte-imobiliare-in-cluj-napoca","category-oferte","tag-2-balcoane","tag-2-camere","tag-centrala-termica","tag-cluj-napoca","tag-etaj-2-4","tag-manastur","tag-o-baie","tag-parcare","tag-parchet","tag-semidecomandat"],"_links":{"self":[{"href":"https:\/\/propertybook.ro\/blog\/wp-json\/wp\/v2\/posts\/5175","targetHints":{"allow":["GET"]}}],"collection":[{"href":"https:\/\/propertybook.ro\/blog\/wp-json\/wp\/v2\/posts"}],"about":[{"href":"https:\/\/propertybook.ro\/blog\/wp-json\/wp\/v2\/types\/post"}],"author":[{"embeddable":true,"href":"https:\/\/propertybook.ro\/blog\/wp-json\/wp\/v2\/users\/8"}],"replies":[{"embeddable":true,"href":"https:\/\/propertybook.ro\/blog\/wp-json\/wp\/v2\/comments?post=5175"}],"version-history":[{"count":0,"href":"https:\/\/propertybook.ro\/blog\/wp-json\/wp\/v2\/posts\/5175\/revisions"}],"wp:featuredmedia":[{"embeddable":true,"href":"https:\/\/propertybook.ro\/blog\/wp-json\/wp\/v2\/media\/5174"}],"wp:attachment":[{"href":"https:\/\/propertybook.ro\/blog\/wp-json\/wp\/v2\/media?parent=5175"}],"wp:term":[{"taxonomy":"category","embeddable":true,"href":"https:\/\/propertybook.ro\/blog\/wp-json\/wp\/v2\/categories?post=5175"},{"taxonomy":"post_tag","embeddable":true,"href":"https:\/\/propertybook.ro\/blog\/wp-json\/wp\/v2\/tags?post=5175"}],"curies":[{"name":"wp","href":"https:\/\/api.w.org\/{rel}","templated":true}]}}